{"id":43944,"date":"2014-02-27T17:25:09","date_gmt":"2014-02-27T17:25:09","guid":{"rendered":"http:\/\/desarrollo.mcvicious.com\/aero2020\/2014\/02\/27\/tras-la-muerte-de-paul-walker-se-retoman-las-grabaciones-de-rapidos-y-furiosos-7\/"},"modified":"2014-02-27T17:25:09","modified_gmt":"2014-02-27T17:25:09","slug":"tras-la-muerte-de-paul-walker-se-retoman-las-grabaciones-de-rapidos-y-furiosos-7","status":"publish","type":"post","link":"https:\/\/aeronoticias.com.pe\/noticiero\/espectaculos\/tras-la-muerte-de-paul-walker-se-retoman-las-grabaciones-de-rapidos-y-furiosos-7\/","title":{"rendered":"Tras la muerte de Paul Walker, se retoman las grabaciones de \u2018R\u00e1pidos y Furiosos 7\u2019"},"content":{"rendered":"<p style=\"text-align: justify;\"><strong>(Aeronoticias)<\/strong><span style=\"text-align: justify; line-height: 1.3em;\">\u00abEst\u00e1n escribiendo de nuevo, est\u00e1n haciendo lo que tienen que hacer para lidiar con la situaci\u00f3n. Es catastr\u00f3fico. Es lo peor que le puede pasar a una pel\u00edcula, pero no es tan malo como lo que le sucedi\u00f3 a Paul\u00bb, manifest\u00f3 Kurt Russell, quien iba a ser el padre de Brian <\/span><span style=\"line-height: 1.3em;\">O&#8217;Conner, papel que interpretaba Walker, <\/span><span style=\"line-height: 1.3em;\">en la pel\u00edcula \u00abR\u00e1pidos y Furiosos 7\u00bb.<\/span><\/p>\n<p style=\"text-align: justify;\">Como se recuerda, el actor Paul Walker falleci\u00f3 el pasado 30 de noviembre en un accidente automovil\u00edstico.<\/p>\n<p style=\"text-align: justify;\">Debido a las d\u00edficiles circunstancias, el director James Wan y el guionista Chris Morgan han estado trabajando en el cambio de la historia para que Brian no muera en la pel\u00edcula, sino tome un camino distinto al de sus amigos. De hecho, se van a utilizar varias de las escenas que Walker rod\u00f3 antes de morir.<\/p>\n<p style=\"text-align: justify;\"><span style=\"line-height: 1.3em;\">Esta etapa de rodaje durar\u00eda entre seis y ocho semanas, de acuerdo a las fuentes del mencionado portal \u00abThe Hollywood Reporter\u00bb. Las grabaciones se realizar\u00e1n en la ciudad estadounidense de Atlanta el 1 de abril de abril de este a\u00f1o.<\/span><\/p>\n<p style=\"text-align: justify;\">Por otro lado, Vin Diesel inform\u00f3 a sus miles de seguidores que la pel\u00edcula \u2018R\u00e1pidos y Furiosos 7\u2019 se estrenar\u00e1 \u00a0el 10 de abril de 2015.<\/p>\n<p style=\"text-align: justify;\"><img decoding=\"async\" src=\"images\/stories\/14\/02\/270218\/rapidosfuriosos7.jpg\" border=\"0\" \/><\/p>\n<p style=\"text-align: justify;\">\u00a0<\/p>\n<p style=\"text-align: justify;\"><strong><br \/><\/strong><\/p>\n<p><strong><br \/><\/strong><\/p>\n<p><strong><br \/><\/strong><\/p>\n<p><strong><br \/><\/strong><\/p>\n<p><strong><br \/><\/strong><\/p>\n<p><strong><br \/><\/strong><\/p>\n<p><strong> <\/strong><\/p>\n<p>\u00a0<\/p>\n","protected":false},"excerpt":{"rendered":"<p>(Aeronoticias)\u00abEst\u00e1n escribiendo de nuevo, est\u00e1n haciendo lo que tienen que hacer para lidiar con la situaci\u00f3n. Es catastr\u00f3fico. Es lo peor que le puede pasar a una pel\u00edcula, pero no es tan malo como lo que le sucedi\u00f3 a Paul\u00bb, manifest\u00f3 Kurt Russell, quien iba a ser el padre de Brian O&#8217;Conner, papel que interpretaba [&hellip;]<\/p>\n","protected":false},"author":1,"featured_media":0,"comment_status":"open","ping_status":"open","sticky":false,"template":"","format":"standard","meta":{"tdm_status":"","tdm_grid_status":"","footnotes":""},"categories":[41],"tags":[],"class_list":{"0":"post-43944","1":"post","2":"type-post","3":"status-publish","4":"format-standard","6":"category-espectaculos"},"yoast_head":"<!-- This site is optimized with the Yoast SEO plugin v25.1 - https:\/\/yoast.com\/wordpress\/plugins\/seo\/ -->\n<title>Tras la muerte de Paul Walker, se retoman las grabaciones de \u2018R\u00e1pidos y Furiosos 7\u2019<\/title>\n<meta name=\"description\" content=\"Portal de noticias del Per\u00fa sobre el transporte a\u00e9reo, aviaci\u00f3n, turismo, hoteleria, actualidad.\" \/>\n<meta name=\"robots\" content=\"index, follow, max-snippet:-1, max-image-preview:large, max-video-preview:-1\" \/>\n<link rel=\"canonical\" href=\"https:\/\/aeronoticias.com.pe\/noticiero\/espectaculos\/tras-la-muerte-de-paul-walker-se-retoman-las-grabaciones-de-rapidos-y-furiosos-7\/\" \/>\n<meta property=\"og:locale\" content=\"es_ES\" \/>\n<meta property=\"og:type\" content=\"article\" \/>\n<meta property=\"og:title\" content=\"Tras la muerte de Paul Walker, se retoman las grabaciones de \u2018R\u00e1pidos y Furiosos 7\u2019\" \/>\n<meta property=\"og:description\" content=\"Portal de noticias del Per\u00fa sobre el transporte a\u00e9reo, aviaci\u00f3n, turismo, hoteleria, actualidad.\" \/>\n<meta property=\"og:url\" content=\"https:\/\/aeronoticias.com.pe\/noticiero\/espectaculos\/tras-la-muerte-de-paul-walker-se-retoman-las-grabaciones-de-rapidos-y-furiosos-7\/\" \/>\n<meta property=\"og:site_name\" content=\"Aeronoticias.com.pe\" \/>\n<meta property=\"article:publisher\" content=\"https:\/\/www.facebook.com\/Aeronoticias.com.pe\/\" \/>\n<meta property=\"article:published_time\" content=\"2014-02-27T17:25:09+00:00\" \/>\n<meta name=\"author\" content=\"Redacci\u00f3n Aeronoticias\" \/>\n<meta name=\"twitter:card\" content=\"summary_large_image\" \/>\n<meta name=\"twitter:creator\" content=\"@aeronoticias\" \/>\n<meta name=\"twitter:site\" content=\"@aeronoticias\" \/>\n<meta name=\"twitter:label1\" content=\"Escrito por\" \/>\n\t<meta name=\"twitter:data1\" content=\"Redacci\u00f3n Aeronoticias\" \/>\n\t<meta name=\"twitter:label2\" content=\"Tiempo de lectura\" \/>\n\t<meta name=\"twitter:data2\" content=\"1 minuto\" \/>\n<script type=\"application\/ld+json\" class=\"yoast-schema-graph\">{\"@context\":\"https:\/\/schema.org\",\"@graph\":[{\"@type\":\"WebPage\",\"@id\":\"https:\/\/aeronoticias.com.pe\/noticiero\/espectaculos\/tras-la-muerte-de-paul-walker-se-retoman-las-grabaciones-de-rapidos-y-furiosos-7\/\",\"url\":\"https:\/\/aeronoticias.com.pe\/noticiero\/espectaculos\/tras-la-muerte-de-paul-walker-se-retoman-las-grabaciones-de-rapidos-y-furiosos-7\/\",\"name\":\"Tras la muerte de Paul Walker, se retoman las grabaciones de \u2018R\u00e1pidos y Furiosos 7\u2019\",\"isPartOf\":{\"@id\":\"https:\/\/aeronoticias.com.pe\/noticiero\/#website\"},\"datePublished\":\"2014-02-27T17:25:09+00:00\",\"author\":{\"@id\":\"https:\/\/aeronoticias.com.pe\/noticiero\/#\/schema\/person\/fc1e5d578f4b62ba1cf7ac2bba1170a0\"},\"description\":\"Portal de noticias del Per\u00fa sobre el transporte a\u00e9reo, aviaci\u00f3n, turismo, hoteleria, actualidad.\",\"breadcrumb\":{\"@id\":\"https:\/\/aeronoticias.com.pe\/noticiero\/espectaculos\/tras-la-muerte-de-paul-walker-se-retoman-las-grabaciones-de-rapidos-y-furiosos-7\/#breadcrumb\"},\"inLanguage\":\"es\",\"potentialAction\":[{\"@type\":\"ReadAction\",\"target\":[\"https:\/\/aeronoticias.com.pe\/noticiero\/espectaculos\/tras-la-muerte-de-paul-walker-se-retoman-las-grabaciones-de-rapidos-y-furiosos-7\/\"]}]},{\"@type\":\"BreadcrumbList\",\"@id\":\"https:\/\/aeronoticias.com.pe\/noticiero\/espectaculos\/tras-la-muerte-de-paul-walker-se-retoman-las-grabaciones-de-rapidos-y-furiosos-7\/#breadcrumb\",\"itemListElement\":[{\"@type\":\"ListItem\",\"position\":1,\"name\":\"Portada\",\"item\":\"https:\/\/aeronoticias.com.pe\/noticiero\/\"},{\"@type\":\"ListItem\",\"position\":2,\"name\":\"Tras la muerte de Paul Walker, se retoman las grabaciones de \u2018R\u00e1pidos y Furiosos 7\u2019\"}]},{\"@type\":\"WebSite\",\"@id\":\"https:\/\/aeronoticias.com.pe\/noticiero\/#website\",\"url\":\"https:\/\/aeronoticias.com.pe\/noticiero\/\",\"name\":\"Aeronoticias.com.pe\",\"description\":\"Noticias de tranporte aereo, turismo, hoteles, gastronomia, actualidad, internacional\",\"potentialAction\":[{\"@type\":\"SearchAction\",\"target\":{\"@type\":\"EntryPoint\",\"urlTemplate\":\"https:\/\/aeronoticias.com.pe\/noticiero\/?s={search_term_string}\"},\"query-input\":{\"@type\":\"PropertyValueSpecification\",\"valueRequired\":true,\"valueName\":\"search_term_string\"}}],\"inLanguage\":\"es\"},{\"@type\":\"Person\",\"@id\":\"https:\/\/aeronoticias.com.pe\/noticiero\/#\/schema\/person\/fc1e5d578f4b62ba1cf7ac2bba1170a0\",\"name\":\"Redacci\u00f3n Aeronoticias\",\"url\":\"https:\/\/aeronoticias.com.pe\/noticiero\/author\/piloto\/\"}]}<\/script>\n<!-- \/ Yoast SEO plugin. -->","yoast_head_json":{"title":"Tras la muerte de Paul Walker, se retoman las grabaciones de \u2018R\u00e1pidos y Furiosos 7\u2019","description":"Portal de noticias del Per\u00fa sobre el transporte a\u00e9reo, aviaci\u00f3n, turismo, hoteleria, actualidad.","robots":{"index":"index","follow":"follow","max-snippet":"max-snippet:-1","max-image-preview":"max-image-preview:large","max-video-preview":"max-video-preview:-1"},"canonical":"https:\/\/aeronoticias.com.pe\/noticiero\/espectaculos\/tras-la-muerte-de-paul-walker-se-retoman-las-grabaciones-de-rapidos-y-furiosos-7\/","og_locale":"es_ES","og_type":"article","og_title":"Tras la muerte de Paul Walker, se retoman las grabaciones de \u2018R\u00e1pidos y Furiosos 7\u2019","og_description":"Portal de noticias del Per\u00fa sobre el transporte a\u00e9reo, aviaci\u00f3n, turismo, hoteleria, actualidad.","og_url":"https:\/\/aeronoticias.com.pe\/noticiero\/espectaculos\/tras-la-muerte-de-paul-walker-se-retoman-las-grabaciones-de-rapidos-y-furiosos-7\/","og_site_name":"Aeronoticias.com.pe","article_publisher":"https:\/\/www.facebook.com\/Aeronoticias.com.pe\/","article_published_time":"2014-02-27T17:25:09+00:00","author":"Redacci\u00f3n Aeronoticias","twitter_card":"summary_large_image","twitter_creator":"@aeronoticias","twitter_site":"@aeronoticias","twitter_misc":{"Escrito por":"Redacci\u00f3n Aeronoticias","Tiempo de lectura":"1 minuto"},"schema":{"@context":"https:\/\/schema.org","@graph":[{"@type":"WebPage","@id":"https:\/\/aeronoticias.com.pe\/noticiero\/espectaculos\/tras-la-muerte-de-paul-walker-se-retoman-las-grabaciones-de-rapidos-y-furiosos-7\/","url":"https:\/\/aeronoticias.com.pe\/noticiero\/espectaculos\/tras-la-muerte-de-paul-walker-se-retoman-las-grabaciones-de-rapidos-y-furiosos-7\/","name":"Tras la muerte de Paul Walker, se retoman las grabaciones de \u2018R\u00e1pidos y Furiosos 7\u2019","isPartOf":{"@id":"https:\/\/aeronoticias.com.pe\/noticiero\/#website"},"datePublished":"2014-02-27T17:25:09+00:00","author":{"@id":"https:\/\/aeronoticias.com.pe\/noticiero\/#\/schema\/person\/fc1e5d578f4b62ba1cf7ac2bba1170a0"},"description":"Portal de noticias del Per\u00fa sobre el transporte a\u00e9reo, aviaci\u00f3n, turismo, hoteleria, actualidad.","breadcrumb":{"@id":"https:\/\/aeronoticias.com.pe\/noticiero\/espectaculos\/tras-la-muerte-de-paul-walker-se-retoman-las-grabaciones-de-rapidos-y-furiosos-7\/#breadcrumb"},"inLanguage":"es","potentialAction":[{"@type":"ReadAction","target":["https:\/\/aeronoticias.com.pe\/noticiero\/espectaculos\/tras-la-muerte-de-paul-walker-se-retoman-las-grabaciones-de-rapidos-y-furiosos-7\/"]}]},{"@type":"BreadcrumbList","@id":"https:\/\/aeronoticias.com.pe\/noticiero\/espectaculos\/tras-la-muerte-de-paul-walker-se-retoman-las-grabaciones-de-rapidos-y-furiosos-7\/#breadcrumb","itemListElement":[{"@type":"ListItem","position":1,"name":"Portada","item":"https:\/\/aeronoticias.com.pe\/noticiero\/"},{"@type":"ListItem","position":2,"name":"Tras la muerte de Paul Walker, se retoman las grabaciones de \u2018R\u00e1pidos y Furiosos 7\u2019"}]},{"@type":"WebSite","@id":"https:\/\/aeronoticias.com.pe\/noticiero\/#website","url":"https:\/\/aeronoticias.com.pe\/noticiero\/","name":"Aeronoticias.com.pe","description":"Noticias de tranporte aereo, turismo, hoteles, gastronomia, actualidad, internacional","potentialAction":[{"@type":"SearchAction","target":{"@type":"EntryPoint","urlTemplate":"https:\/\/aeronoticias.com.pe\/noticiero\/?s={search_term_string}"},"query-input":{"@type":"PropertyValueSpecification","valueRequired":true,"valueName":"search_term_string"}}],"inLanguage":"es"},{"@type":"Person","@id":"https:\/\/aeronoticias.com.pe\/noticiero\/#\/schema\/person\/fc1e5d578f4b62ba1cf7ac2bba1170a0","name":"Redacci\u00f3n Aeronoticias","url":"https:\/\/aeronoticias.com.pe\/noticiero\/author\/piloto\/"}]}},"_links":{"self":[{"href":"https:\/\/aeronoticias.com.pe\/noticiero\/wp-json\/wp\/v2\/posts\/43944","targetHints":{"allow":["GET"]}}],"collection":[{"href":"https:\/\/aeronoticias.com.pe\/noticiero\/wp-json\/wp\/v2\/posts"}],"about":[{"href":"https:\/\/aeronoticias.com.pe\/noticiero\/wp-json\/wp\/v2\/types\/post"}],"author":[{"embeddable":true,"href":"https:\/\/aeronoticias.com.pe\/noticiero\/wp-json\/wp\/v2\/users\/1"}],"replies":[{"embeddable":true,"href":"https:\/\/aeronoticias.com.pe\/noticiero\/wp-json\/wp\/v2\/comments?post=43944"}],"version-history":[{"count":0,"href":"https:\/\/aeronoticias.com.pe\/noticiero\/wp-json\/wp\/v2\/posts\/43944\/revisions"}],"wp:attachment":[{"href":"https:\/\/aeronoticias.com.pe\/noticiero\/wp-json\/wp\/v2\/media?parent=43944"}],"wp:term":[{"taxonomy":"category","embeddable":true,"href":"https:\/\/aeronoticias.com.pe\/noticiero\/wp-json\/wp\/v2\/categories?post=43944"},{"taxonomy":"post_tag","embeddable":true,"href":"https:\/\/aeronoticias.com.pe\/noticiero\/wp-json\/wp\/v2\/tags?post=43944"}],"curies":[{"name":"wp","href":"https:\/\/api.w.org\/{rel}","templated":true}]}}