{"id":43947,"date":"2014-02-27T18:39:52","date_gmt":"2014-02-27T18:39:52","guid":{"rendered":"http:\/\/desarrollo.mcvicious.com\/aero2020\/2014\/02\/27\/honduras-estado-toma-control-de-los-4-aeropuertos\/"},"modified":"2014-02-27T18:39:52","modified_gmt":"2014-02-27T18:39:52","slug":"honduras-estado-toma-control-de-los-4-aeropuertos","status":"publish","type":"post","link":"https:\/\/aeronoticias.com.pe\/noticiero\/transporte-aereo\/internacional\/honduras-estado-toma-control-de-los-4-aeropuertos\/","title":{"rendered":"Honduras: Estado toma control de los 4 aeropuertos"},"content":{"rendered":"<p style=\"text-align: justify;\"><img decoding=\"async\" src=\"images\/stories\/14\/02\/270218\/a14.jpg\" border=\"0\" \/><\/p>\n<p style=\"text-align: justify;\"><strong>(Aeronoticias).-<\/strong><\/p>\n<p style=\"text-align: justify;\"><strong> <\/strong><span style=\"line-height: 1.3em;\"><em>El aeropuerto Toncont\u00edn amaneci\u00f3 blindado por miembros de la Fuerza Interagencial.<\/em><\/span><\/p>\n<p style=\"text-align: justify;\"><em>En el aeropuerto Ram\u00f3n Villeda, de San Pedro Sula, se despleg\u00f3 un gran equipo.<\/em><\/p>\n<p style=\"text-align: justify;\"><em>En el aeropuerto Golos\u00f3n, los controles ser\u00e1n m\u00e1s rigurosos.<\/em><\/p>\n<p style=\"text-align: justify;\"><em>El aeropuerto Toncont\u00edn amaneci\u00f3 blindado por miembros de la Fuerza Interagencial.<\/em><\/p>\n<p style=\"text-align: justify;\"><em>En el aeropuerto Ram\u00f3n Villeda, de San Pedro Sula, se despleg\u00f3 un gran equipo.<\/em><\/p>\n<p style=\"text-align: justify;\"><span style=\"line-height: 1.3em;\">Desde ayer la seguridad de los aeropuertos es responsabilidad del gobierno de Juan Orlando Hern\u00e1ndez.<\/span><\/p>\n<p style=\"text-align: justify;\">La Fuerza Interistitucional de Seguridad Aeroportuaria (Fisa) integrada por la Polic\u00eda Nacional, Direcci\u00f3n de Investigaci\u00f3n e Inteligencia, Fuerzas Armadas, Direcci\u00f3n de Aeronautica Civil y la Direcci\u00f3n General de Migraci\u00f3n y Extranjer\u00eda tom\u00f3 el control de los puntos de inspecci\u00f3n en los aeropuertos de Toncont\u00edn en la capital, Villeda Morales de San Pedro Sula, Golos\u00f3n de La Ceiba y Juan Manuel Galvez de Roat\u00e1n, Islas de la Bah\u00eda.<\/p>\n<p style=\"text-align: justify;\">La medida, seg\u00fan un comunicado de la Secretar\u00eda de Seguridad, es buscar resultados efectivos mediante la implementaci\u00f3n de 300 funcionarios capacitados para el control en puntos de inspecci\u00f3n como portones y el per\u00edmetro de los planteles de los aeropuertos.<\/p>\n<p style=\"text-align: justify;\">La misi\u00f3n de las instituciones involucradas en las actividades de seguridad es la realizaci\u00f3n de operaciones especiales de inteligencia, vigilancia, control, inspecci\u00f3n y registro para identificar y combatir delitos en las operaciones aeroportuarias.<\/p>\n<p style=\"text-align: justify;\">El martes 4 de febrero el Gobierno tom\u00f3 la determinaci\u00f3n de asumir el control de la seguridad en todos los aeropuertos que operan en el pa\u00eds como una medida orientada al combate frontal al contrabando y la corrupci\u00f3n. La disposici\u00f3n fue adoptada por el Consejo Nacional de Defensa y Seguridad despu\u00e9s de la captura de tres hondure\u00f1os en la rep\u00fablica de Panam\u00e1 que salieron del aeropuerto Toncont\u00edn con m\u00e1s de 140 millones de lempiras en ocho maletas. Asimismo, por otras actividades il\u00edcitas del crimen organizado en las terminales a\u00e9reas.<\/p>\n<p style=\"text-align: justify;\"><span style=\"text-decoration: underline;\">Por tiempo indefinido<\/span><\/p>\n<p style=\"text-align: justify;\">El portavoz de la Secretar\u00eda de Seguridad, Juli\u00e1n Hern\u00e1ndez, inform\u00f3 que la unidad especial estar\u00e1 a cargo de las inspecciones en las entradas y salidas de las maletas y \u201cde igual manera en cualquier situaci\u00f3n que se d\u00e9 en sentido de seguridad\u201d.<\/p>\n<p style=\"text-align: justify;\">Por su parte, el gerente de Interairport, Edgardo Maradiaga, manifest\u00f3 que la Fuerza Interagencial estar\u00e1 a cargo de la seguridad de las terminales a\u00e9reas con car\u00e1cter indefinido para garantizar la seguridad de la poblaci\u00f3n nacional y de extranjeros.<\/p>\n<p style=\"text-align: justify;\"><span style=\"text-decoration: underline;\">El Villeda blindado<\/span><\/p>\n<p style=\"text-align: justify;\">En San Pedro Sula el contingente de la Fuerza A\u00e9rea Hondure\u00f1a, militares y polic\u00edas se instalaron a primera hora en el aeropuerto Ram\u00f3n Villeda Morales de San Pedro Sula.<\/p>\n<p style=\"text-align: justify;\">Kelsin Arteaga, subcomisario de Polic\u00eda, inform\u00f3 que la instrucci\u00f3n es trabajar de forma coordinada con la Polic\u00eda de Fronteras para sumar esfuerzos encaminados al mismo objetivo para brindar seguridad a todos los ciudadanos que transitan por la terminal y evitar situaciones irregulares.<\/p>\n<p style=\"text-align: justify;\">\u00a0<\/p>\n<p style=\"text-align: justify;\">Fuente: <em><strong>www.laprensa.hn<\/strong><\/em><\/p>\n<p style=\"text-align: justify;\">Foto: <strong><em>aerolatinnews<\/em><\/strong><\/p>\n","protected":false},"excerpt":{"rendered":"<p>(Aeronoticias).- El aeropuerto Toncont\u00edn amaneci\u00f3 blindado por miembros de la Fuerza Interagencial. En el aeropuerto Ram\u00f3n Villeda, de San Pedro Sula, se despleg\u00f3 un gran equipo. En el aeropuerto Golos\u00f3n, los controles ser\u00e1n m\u00e1s rigurosos. El aeropuerto Toncont\u00edn amaneci\u00f3 blindado por miembros de la Fuerza Interagencial. En el aeropuerto Ram\u00f3n Villeda, de San Pedro Sula, [&hellip;]<\/p>\n","protected":false},"author":1,"featured_media":0,"comment_status":"open","ping_status":"open","sticky":false,"template":"","format":"standard","meta":{"tdm_status":"","tdm_grid_status":"","footnotes":""},"categories":[32],"tags":[],"class_list":{"0":"post-43947","1":"post","2":"type-post","3":"status-publish","4":"format-standard","6":"category-internacional"},"yoast_head":"<!-- This site is optimized with the Yoast SEO plugin v25.1 - https:\/\/yoast.com\/wordpress\/plugins\/seo\/ -->\n<title>Honduras: Estado toma control de los 4 aeropuertos<\/title>\n<meta name=\"description\" content=\"Portal de noticias del Per\u00fa sobre el transporte a\u00e9reo, aviaci\u00f3n, turismo, hoteleria, actualidad.\" \/>\n<meta name=\"robots\" content=\"index, follow, max-snippet:-1, max-image-preview:large, max-video-preview:-1\" \/>\n<link rel=\"canonical\" href=\"https:\/\/aeronoticias.com.pe\/noticiero\/transporte-aereo\/internacional\/honduras-estado-toma-control-de-los-4-aeropuertos\/\" \/>\n<meta property=\"og:locale\" content=\"es_ES\" \/>\n<meta property=\"og:type\" content=\"article\" \/>\n<meta property=\"og:title\" content=\"Honduras: Estado toma control de los 4 aeropuertos\" \/>\n<meta property=\"og:description\" content=\"Portal de noticias del Per\u00fa sobre el transporte a\u00e9reo, aviaci\u00f3n, turismo, hoteleria, actualidad.\" \/>\n<meta property=\"og:url\" content=\"https:\/\/aeronoticias.com.pe\/noticiero\/transporte-aereo\/internacional\/honduras-estado-toma-control-de-los-4-aeropuertos\/\" \/>\n<meta property=\"og:site_name\" content=\"Aeronoticias.com.pe\" \/>\n<meta property=\"article:publisher\" content=\"https:\/\/www.facebook.com\/Aeronoticias.com.pe\/\" \/>\n<meta property=\"article:published_time\" content=\"2014-02-27T18:39:52+00:00\" \/>\n<meta name=\"author\" content=\"Redacci\u00f3n Aeronoticias\" \/>\n<meta name=\"twitter:card\" content=\"summary_large_image\" \/>\n<meta name=\"twitter:creator\" content=\"@aeronoticias\" \/>\n<meta name=\"twitter:site\" content=\"@aeronoticias\" \/>\n<meta name=\"twitter:label1\" content=\"Escrito por\" \/>\n\t<meta name=\"twitter:data1\" content=\"Redacci\u00f3n Aeronoticias\" \/>\n\t<meta name=\"twitter:label2\" content=\"Tiempo de lectura\" \/>\n\t<meta name=\"twitter:data2\" content=\"3 minutos\" \/>\n<script type=\"application\/ld+json\" class=\"yoast-schema-graph\">{\"@context\":\"https:\/\/schema.org\",\"@graph\":[{\"@type\":\"WebPage\",\"@id\":\"https:\/\/aeronoticias.com.pe\/noticiero\/transporte-aereo\/internacional\/honduras-estado-toma-control-de-los-4-aeropuertos\/\",\"url\":\"https:\/\/aeronoticias.com.pe\/noticiero\/transporte-aereo\/internacional\/honduras-estado-toma-control-de-los-4-aeropuertos\/\",\"name\":\"Honduras: Estado toma control de los 4 aeropuertos\",\"isPartOf\":{\"@id\":\"https:\/\/aeronoticias.com.pe\/noticiero\/#website\"},\"datePublished\":\"2014-02-27T18:39:52+00:00\",\"author\":{\"@id\":\"https:\/\/aeronoticias.com.pe\/noticiero\/#\/schema\/person\/fc1e5d578f4b62ba1cf7ac2bba1170a0\"},\"description\":\"Portal de noticias del Per\u00fa sobre el transporte a\u00e9reo, aviaci\u00f3n, turismo, hoteleria, actualidad.\",\"breadcrumb\":{\"@id\":\"https:\/\/aeronoticias.com.pe\/noticiero\/transporte-aereo\/internacional\/honduras-estado-toma-control-de-los-4-aeropuertos\/#breadcrumb\"},\"inLanguage\":\"es\",\"potentialAction\":[{\"@type\":\"ReadAction\",\"target\":[\"https:\/\/aeronoticias.com.pe\/noticiero\/transporte-aereo\/internacional\/honduras-estado-toma-control-de-los-4-aeropuertos\/\"]}]},{\"@type\":\"BreadcrumbList\",\"@id\":\"https:\/\/aeronoticias.com.pe\/noticiero\/transporte-aereo\/internacional\/honduras-estado-toma-control-de-los-4-aeropuertos\/#breadcrumb\",\"itemListElement\":[{\"@type\":\"ListItem\",\"position\":1,\"name\":\"Portada\",\"item\":\"https:\/\/aeronoticias.com.pe\/noticiero\/\"},{\"@type\":\"ListItem\",\"position\":2,\"name\":\"Honduras: Estado toma control de los 4 aeropuertos\"}]},{\"@type\":\"WebSite\",\"@id\":\"https:\/\/aeronoticias.com.pe\/noticiero\/#website\",\"url\":\"https:\/\/aeronoticias.com.pe\/noticiero\/\",\"name\":\"Aeronoticias.com.pe\",\"description\":\"Noticias de tranporte aereo, turismo, hoteles, gastronomia, actualidad, internacional\",\"potentialAction\":[{\"@type\":\"SearchAction\",\"target\":{\"@type\":\"EntryPoint\",\"urlTemplate\":\"https:\/\/aeronoticias.com.pe\/noticiero\/?s={search_term_string}\"},\"query-input\":{\"@type\":\"PropertyValueSpecification\",\"valueRequired\":true,\"valueName\":\"search_term_string\"}}],\"inLanguage\":\"es\"},{\"@type\":\"Person\",\"@id\":\"https:\/\/aeronoticias.com.pe\/noticiero\/#\/schema\/person\/fc1e5d578f4b62ba1cf7ac2bba1170a0\",\"name\":\"Redacci\u00f3n Aeronoticias\",\"url\":\"https:\/\/aeronoticias.com.pe\/noticiero\/author\/piloto\/\"}]}<\/script>\n<!-- \/ Yoast SEO plugin. -->","yoast_head_json":{"title":"Honduras: Estado toma control de los 4 aeropuertos","description":"Portal de noticias del Per\u00fa sobre el transporte a\u00e9reo, aviaci\u00f3n, turismo, hoteleria, actualidad.","robots":{"index":"index","follow":"follow","max-snippet":"max-snippet:-1","max-image-preview":"max-image-preview:large","max-video-preview":"max-video-preview:-1"},"canonical":"https:\/\/aeronoticias.com.pe\/noticiero\/transporte-aereo\/internacional\/honduras-estado-toma-control-de-los-4-aeropuertos\/","og_locale":"es_ES","og_type":"article","og_title":"Honduras: Estado toma control de los 4 aeropuertos","og_description":"Portal de noticias del Per\u00fa sobre el transporte a\u00e9reo, aviaci\u00f3n, turismo, hoteleria, actualidad.","og_url":"https:\/\/aeronoticias.com.pe\/noticiero\/transporte-aereo\/internacional\/honduras-estado-toma-control-de-los-4-aeropuertos\/","og_site_name":"Aeronoticias.com.pe","article_publisher":"https:\/\/www.facebook.com\/Aeronoticias.com.pe\/","article_published_time":"2014-02-27T18:39:52+00:00","author":"Redacci\u00f3n Aeronoticias","twitter_card":"summary_large_image","twitter_creator":"@aeronoticias","twitter_site":"@aeronoticias","twitter_misc":{"Escrito por":"Redacci\u00f3n Aeronoticias","Tiempo de lectura":"3 minutos"},"schema":{"@context":"https:\/\/schema.org","@graph":[{"@type":"WebPage","@id":"https:\/\/aeronoticias.com.pe\/noticiero\/transporte-aereo\/internacional\/honduras-estado-toma-control-de-los-4-aeropuertos\/","url":"https:\/\/aeronoticias.com.pe\/noticiero\/transporte-aereo\/internacional\/honduras-estado-toma-control-de-los-4-aeropuertos\/","name":"Honduras: Estado toma control de los 4 aeropuertos","isPartOf":{"@id":"https:\/\/aeronoticias.com.pe\/noticiero\/#website"},"datePublished":"2014-02-27T18:39:52+00:00","author":{"@id":"https:\/\/aeronoticias.com.pe\/noticiero\/#\/schema\/person\/fc1e5d578f4b62ba1cf7ac2bba1170a0"},"description":"Portal de noticias del Per\u00fa sobre el transporte a\u00e9reo, aviaci\u00f3n, turismo, hoteleria, actualidad.","breadcrumb":{"@id":"https:\/\/aeronoticias.com.pe\/noticiero\/transporte-aereo\/internacional\/honduras-estado-toma-control-de-los-4-aeropuertos\/#breadcrumb"},"inLanguage":"es","potentialAction":[{"@type":"ReadAction","target":["https:\/\/aeronoticias.com.pe\/noticiero\/transporte-aereo\/internacional\/honduras-estado-toma-control-de-los-4-aeropuertos\/"]}]},{"@type":"BreadcrumbList","@id":"https:\/\/aeronoticias.com.pe\/noticiero\/transporte-aereo\/internacional\/honduras-estado-toma-control-de-los-4-aeropuertos\/#breadcrumb","itemListElement":[{"@type":"ListItem","position":1,"name":"Portada","item":"https:\/\/aeronoticias.com.pe\/noticiero\/"},{"@type":"ListItem","position":2,"name":"Honduras: Estado toma control de los 4 aeropuertos"}]},{"@type":"WebSite","@id":"https:\/\/aeronoticias.com.pe\/noticiero\/#website","url":"https:\/\/aeronoticias.com.pe\/noticiero\/","name":"Aeronoticias.com.pe","description":"Noticias de tranporte aereo, turismo, hoteles, gastronomia, actualidad, internacional","potentialAction":[{"@type":"SearchAction","target":{"@type":"EntryPoint","urlTemplate":"https:\/\/aeronoticias.com.pe\/noticiero\/?s={search_term_string}"},"query-input":{"@type":"PropertyValueSpecification","valueRequired":true,"valueName":"search_term_string"}}],"inLanguage":"es"},{"@type":"Person","@id":"https:\/\/aeronoticias.com.pe\/noticiero\/#\/schema\/person\/fc1e5d578f4b62ba1cf7ac2bba1170a0","name":"Redacci\u00f3n Aeronoticias","url":"https:\/\/aeronoticias.com.pe\/noticiero\/author\/piloto\/"}]}},"_links":{"self":[{"href":"https:\/\/aeronoticias.com.pe\/noticiero\/wp-json\/wp\/v2\/posts\/43947","targetHints":{"allow":["GET"]}}],"collection":[{"href":"https:\/\/aeronoticias.com.pe\/noticiero\/wp-json\/wp\/v2\/posts"}],"about":[{"href":"https:\/\/aeronoticias.com.pe\/noticiero\/wp-json\/wp\/v2\/types\/post"}],"author":[{"embeddable":true,"href":"https:\/\/aeronoticias.com.pe\/noticiero\/wp-json\/wp\/v2\/users\/1"}],"replies":[{"embeddable":true,"href":"https:\/\/aeronoticias.com.pe\/noticiero\/wp-json\/wp\/v2\/comments?post=43947"}],"version-history":[{"count":0,"href":"https:\/\/aeronoticias.com.pe\/noticiero\/wp-json\/wp\/v2\/posts\/43947\/revisions"}],"wp:attachment":[{"href":"https:\/\/aeronoticias.com.pe\/noticiero\/wp-json\/wp\/v2\/media?parent=43947"}],"wp:term":[{"taxonomy":"category","embeddable":true,"href":"https:\/\/aeronoticias.com.pe\/noticiero\/wp-json\/wp\/v2\/categories?post=43947"},{"taxonomy":"post_tag","embeddable":true,"href":"https:\/\/aeronoticias.com.pe\/noticiero\/wp-json\/wp\/v2\/tags?post=43947"}],"curies":[{"name":"wp","href":"https:\/\/api.w.org\/{rel}","templated":true}]}}