{"id":43950,"date":"2014-02-27T19:50:00","date_gmt":"2014-02-27T19:50:00","guid":{"rendered":"http:\/\/desarrollo.mcvicious.com\/aero2020\/2014\/02\/27\/brasilia-repudia-a-adidas-por-alusion-a-turismo-sexual-en-mundial-2014\/"},"modified":"2014-02-27T19:50:00","modified_gmt":"2014-02-27T19:50:00","slug":"brasilia-repudia-a-adidas-por-alusion-a-turismo-sexual-en-mundial-2014","status":"publish","type":"post","link":"https:\/\/aeronoticias.com.pe\/noticiero\/turismo\/13\/brasilia-repudia-a-adidas-por-alusion-a-turismo-sexual-en-mundial-2014\/","title":{"rendered":"Brasilia \u201crepudia\u201d a Adidas por alusi\u00f3n a turismo sexual en Mundial 2014"},"content":{"rendered":"<p style=\"text-align: justify;\"><img decoding=\"async\" src=\"images\/stories\/14\/02\/270218\/a16.jpg\" border=\"0\" \/><\/p>\n<p style=\"text-align: justify;\"><strong>(Aeronoticias).-<\/strong> La Secretar\u00eda de Pol\u00edticas para las Mujeres (SPM) de la Presidencia brasile\u00f1a \u201crepudi\u00f3\u201d hoy, en nota oficial, la venta de camisetas deportivas de la transnacional Adidas con im\u00e1genes y frases que ligan a Brasil con el turismo sexual.<\/p>\n<p style=\"text-align: justify;\">La protesta, difundida en el portal de la SPM y firmada por la ministra Eleonora Menicucci, se\u00f1ala que es \u201cinadmisible que una multinacional de productos deportivos como Adidas \u201chaya tenido esa actitud, y pidi\u00f3 una retractaci\u00f3n a la multinacional, cuya sede central se ubica en la ciudad de Herzogenaurach, en Alemania.<\/p>\n<p style=\"text-align: justify;\">\u201cConstituye no s\u00f3lo una ofensa al pa\u00eds (la venta de las camisetas con alusi\u00f3n al turismo sexual), a las brasile\u00f1as y los brasile\u00f1os espec\u00edficamente, sino tambi\u00e9n un crimen contra la humanidad. Coloca a \u00e9sta y en especial a las mujeres en un estado de barbarie, por medio de la predaci\u00f3n sexual que estimula y propaga\u201d, afirma la SPM.<\/p>\n<p style=\"text-align: justify;\">\u201c(Adidas) falta al respeto y agrede a nuestro pa\u00eds al reponer un imaginario (el turismo sexual en Brasil) que tanto luchamos para sepultar definitivamente\u201d, agrega la nota.<\/p>\n<p style=\"text-align: justify;\">Los productos, puestos a la venta en sitios de comercio online en los Estados Unidos, alud\u00edan a mujeres en bikini con los colores brasile\u00f1os sugiriendo una oferta sexual.<\/p>\n<p style=\"text-align: justify;\">En un modelo de playera amarilla, aparece el dibujo de una mujer morena en bikini, con el Pan de Az\u00facar y el sol de R\u00edo de Janeiro de fondo, y con el lema \u201cLooking to Score. Brazil (Buscando meter gol. Brasil)\u201d, un juego de palabras ligado con el sexo.<\/p>\n<p style=\"text-align: justify;\">En el otro modelo, verde, aparece el ic\u00f3nico eslogan de \u201cI love Brazil\u201d, pero en lugar del coraz\u00f3n -que representa a su vez la palabra \u201clove\u201d- aparece el trasero de una mujer en bikini. Verde y amarillo son los colores oficiales de Brasil y de su selecci\u00f3n de f\u00fatbol.<\/p>\n<p style=\"text-align: justify;\">Seg\u00fan el comunicado de la SPM, el episodio ofende a\u00fan m\u00e1s por dirigirse a un pa\u00eds como Brasil que tiene justamente a una mujer desde 2011 como su autoridad m\u00e1xima.<\/p>\n<p style=\"text-align: justify;\">La nota de la dependencia gubernamental sugiere que la elecci\u00f3n de la presidenta Dilma Rousseff, la primera mujer presidenta del pa\u00eds, represent\u00f3 \u201cun avance en el grado de respeto a las mujeres y tolerancia cero con cualquier violencia contra las mujeres\u201d.<\/p>\n<p style=\"text-align: justify;\">Rousseff hab\u00eda manifestado tambi\u00e9n en su cuenta de microblog su disgusto por la venta de las camisetas, alusivas a la llegada de extranjeros para el Mundial 2014.<\/p>\n<p style=\"text-align: justify;\">La presidenta afirm\u00f3 que Brasil no acepta y est\u00e1 preparado para combatir el turismo sexual en el contexto del Mundial de f\u00fatbol, que se llevar\u00e1 a cabo en 12 ciudades brasile\u00f1as del 12 de junio al 13 de julio pr\u00f3ximos.<\/p>\n<p style=\"text-align: justify;\">\u201cEs imperativo que la empresa se retracte p\u00fablicamente de su actitud irresponsable y cese inmediatamente la distribuci\u00f3n de tales productos y, en una \u00e9poca en que se valoriza crecientemente la responsabilidad social de las corporaciones, proponga alguna medida concreta de reparaci\u00f3n por la ofensa cometida\u201d, a\u00f1ade la nota de la SPM.<\/p>\n<p style=\"text-align: justify;\">\u00a0<\/p>\n<p style=\"text-align: justify;\">Fuente: <strong><em>spanish.people.com.cn<\/em><\/strong><\/p>\n<p style=\"text-align: justify;\">Foto: <strong><em>mexico.cnn.com<\/em><\/strong><\/p>\n","protected":false},"excerpt":{"rendered":"<p>(Aeronoticias).- La Secretar\u00eda de Pol\u00edticas para las Mujeres (SPM) de la Presidencia brasile\u00f1a \u201crepudi\u00f3\u201d hoy, en nota oficial, la venta de camisetas deportivas de la transnacional Adidas con im\u00e1genes y frases que ligan a Brasil con el turismo sexual. La protesta, difundida en el portal de la SPM y firmada por la ministra Eleonora Menicucci, [&hellip;]<\/p>\n","protected":false},"author":1,"featured_media":0,"comment_status":"open","ping_status":"open","sticky":false,"template":"","format":"standard","meta":{"tdm_status":"","tdm_grid_status":"","footnotes":""},"categories":[31],"tags":[],"class_list":{"0":"post-43950","1":"post","2":"type-post","3":"status-publish","4":"format-standard","6":"category-31"},"yoast_head":"<!-- This site is optimized with the Yoast SEO plugin v25.1 - https:\/\/yoast.com\/wordpress\/plugins\/seo\/ -->\n<title>Brasilia \u201crepudia\u201d a Adidas por alusi\u00f3n a turismo sexual en Mundial 2014<\/title>\n<meta name=\"description\" content=\"Portal de noticias del Per\u00fa sobre el transporte a\u00e9reo, aviaci\u00f3n, turismo, hoteleria, actualidad.\" \/>\n<meta name=\"robots\" content=\"index, follow, max-snippet:-1, max-image-preview:large, max-video-preview:-1\" \/>\n<link rel=\"canonical\" href=\"https:\/\/aeronoticias.com.pe\/noticiero\/turismo\/13\/brasilia-repudia-a-adidas-por-alusion-a-turismo-sexual-en-mundial-2014\/\" \/>\n<meta property=\"og:locale\" content=\"es_ES\" \/>\n<meta property=\"og:type\" content=\"article\" \/>\n<meta property=\"og:title\" content=\"Brasilia \u201crepudia\u201d a Adidas por alusi\u00f3n a turismo sexual en Mundial 2014\" \/>\n<meta property=\"og:description\" content=\"Portal de noticias del Per\u00fa sobre el transporte a\u00e9reo, aviaci\u00f3n, turismo, hoteleria, actualidad.\" \/>\n<meta property=\"og:url\" content=\"https:\/\/aeronoticias.com.pe\/noticiero\/turismo\/13\/brasilia-repudia-a-adidas-por-alusion-a-turismo-sexual-en-mundial-2014\/\" \/>\n<meta property=\"og:site_name\" content=\"Aeronoticias.com.pe\" \/>\n<meta property=\"article:publisher\" content=\"https:\/\/www.facebook.com\/Aeronoticias.com.pe\/\" \/>\n<meta property=\"article:published_time\" content=\"2014-02-27T19:50:00+00:00\" \/>\n<meta name=\"author\" content=\"Redacci\u00f3n Aeronoticias\" \/>\n<meta name=\"twitter:card\" content=\"summary_large_image\" \/>\n<meta name=\"twitter:creator\" content=\"@aeronoticias\" \/>\n<meta name=\"twitter:site\" content=\"@aeronoticias\" \/>\n<meta name=\"twitter:label1\" content=\"Escrito por\" \/>\n\t<meta name=\"twitter:data1\" content=\"Redacci\u00f3n Aeronoticias\" \/>\n\t<meta name=\"twitter:label2\" content=\"Tiempo de lectura\" \/>\n\t<meta name=\"twitter:data2\" content=\"3 minutos\" \/>\n<script type=\"application\/ld+json\" class=\"yoast-schema-graph\">{\"@context\":\"https:\/\/schema.org\",\"@graph\":[{\"@type\":\"WebPage\",\"@id\":\"https:\/\/aeronoticias.com.pe\/noticiero\/turismo\/13\/brasilia-repudia-a-adidas-por-alusion-a-turismo-sexual-en-mundial-2014\/\",\"url\":\"https:\/\/aeronoticias.com.pe\/noticiero\/turismo\/13\/brasilia-repudia-a-adidas-por-alusion-a-turismo-sexual-en-mundial-2014\/\",\"name\":\"Brasilia \u201crepudia\u201d a Adidas por alusi\u00f3n a turismo sexual en Mundial 2014\",\"isPartOf\":{\"@id\":\"https:\/\/aeronoticias.com.pe\/noticiero\/#website\"},\"datePublished\":\"2014-02-27T19:50:00+00:00\",\"author\":{\"@id\":\"https:\/\/aeronoticias.com.pe\/noticiero\/#\/schema\/person\/fc1e5d578f4b62ba1cf7ac2bba1170a0\"},\"description\":\"Portal de noticias del Per\u00fa sobre el transporte a\u00e9reo, aviaci\u00f3n, turismo, hoteleria, actualidad.\",\"breadcrumb\":{\"@id\":\"https:\/\/aeronoticias.com.pe\/noticiero\/turismo\/13\/brasilia-repudia-a-adidas-por-alusion-a-turismo-sexual-en-mundial-2014\/#breadcrumb\"},\"inLanguage\":\"es\",\"potentialAction\":[{\"@type\":\"ReadAction\",\"target\":[\"https:\/\/aeronoticias.com.pe\/noticiero\/turismo\/13\/brasilia-repudia-a-adidas-por-alusion-a-turismo-sexual-en-mundial-2014\/\"]}]},{\"@type\":\"BreadcrumbList\",\"@id\":\"https:\/\/aeronoticias.com.pe\/noticiero\/turismo\/13\/brasilia-repudia-a-adidas-por-alusion-a-turismo-sexual-en-mundial-2014\/#breadcrumb\",\"itemListElement\":[{\"@type\":\"ListItem\",\"position\":1,\"name\":\"Portada\",\"item\":\"https:\/\/aeronoticias.com.pe\/noticiero\/\"},{\"@type\":\"ListItem\",\"position\":2,\"name\":\"Brasilia \u201crepudia\u201d a Adidas por alusi\u00f3n a turismo sexual en Mundial 2014\"}]},{\"@type\":\"WebSite\",\"@id\":\"https:\/\/aeronoticias.com.pe\/noticiero\/#website\",\"url\":\"https:\/\/aeronoticias.com.pe\/noticiero\/\",\"name\":\"Aeronoticias.com.pe\",\"description\":\"Noticias de tranporte aereo, turismo, hoteles, gastronomia, actualidad, internacional\",\"potentialAction\":[{\"@type\":\"SearchAction\",\"target\":{\"@type\":\"EntryPoint\",\"urlTemplate\":\"https:\/\/aeronoticias.com.pe\/noticiero\/?s={search_term_string}\"},\"query-input\":{\"@type\":\"PropertyValueSpecification\",\"valueRequired\":true,\"valueName\":\"search_term_string\"}}],\"inLanguage\":\"es\"},{\"@type\":\"Person\",\"@id\":\"https:\/\/aeronoticias.com.pe\/noticiero\/#\/schema\/person\/fc1e5d578f4b62ba1cf7ac2bba1170a0\",\"name\":\"Redacci\u00f3n Aeronoticias\",\"url\":\"https:\/\/aeronoticias.com.pe\/noticiero\/author\/piloto\/\"}]}<\/script>\n<!-- \/ Yoast SEO plugin. -->","yoast_head_json":{"title":"Brasilia \u201crepudia\u201d a Adidas por alusi\u00f3n a turismo sexual en Mundial 2014","description":"Portal de noticias del Per\u00fa sobre el transporte a\u00e9reo, aviaci\u00f3n, turismo, hoteleria, actualidad.","robots":{"index":"index","follow":"follow","max-snippet":"max-snippet:-1","max-image-preview":"max-image-preview:large","max-video-preview":"max-video-preview:-1"},"canonical":"https:\/\/aeronoticias.com.pe\/noticiero\/turismo\/13\/brasilia-repudia-a-adidas-por-alusion-a-turismo-sexual-en-mundial-2014\/","og_locale":"es_ES","og_type":"article","og_title":"Brasilia \u201crepudia\u201d a Adidas por alusi\u00f3n a turismo sexual en Mundial 2014","og_description":"Portal de noticias del Per\u00fa sobre el transporte a\u00e9reo, aviaci\u00f3n, turismo, hoteleria, actualidad.","og_url":"https:\/\/aeronoticias.com.pe\/noticiero\/turismo\/13\/brasilia-repudia-a-adidas-por-alusion-a-turismo-sexual-en-mundial-2014\/","og_site_name":"Aeronoticias.com.pe","article_publisher":"https:\/\/www.facebook.com\/Aeronoticias.com.pe\/","article_published_time":"2014-02-27T19:50:00+00:00","author":"Redacci\u00f3n Aeronoticias","twitter_card":"summary_large_image","twitter_creator":"@aeronoticias","twitter_site":"@aeronoticias","twitter_misc":{"Escrito por":"Redacci\u00f3n Aeronoticias","Tiempo de lectura":"3 minutos"},"schema":{"@context":"https:\/\/schema.org","@graph":[{"@type":"WebPage","@id":"https:\/\/aeronoticias.com.pe\/noticiero\/turismo\/13\/brasilia-repudia-a-adidas-por-alusion-a-turismo-sexual-en-mundial-2014\/","url":"https:\/\/aeronoticias.com.pe\/noticiero\/turismo\/13\/brasilia-repudia-a-adidas-por-alusion-a-turismo-sexual-en-mundial-2014\/","name":"Brasilia \u201crepudia\u201d a Adidas por alusi\u00f3n a turismo sexual en Mundial 2014","isPartOf":{"@id":"https:\/\/aeronoticias.com.pe\/noticiero\/#website"},"datePublished":"2014-02-27T19:50:00+00:00","author":{"@id":"https:\/\/aeronoticias.com.pe\/noticiero\/#\/schema\/person\/fc1e5d578f4b62ba1cf7ac2bba1170a0"},"description":"Portal de noticias del Per\u00fa sobre el transporte a\u00e9reo, aviaci\u00f3n, turismo, hoteleria, actualidad.","breadcrumb":{"@id":"https:\/\/aeronoticias.com.pe\/noticiero\/turismo\/13\/brasilia-repudia-a-adidas-por-alusion-a-turismo-sexual-en-mundial-2014\/#breadcrumb"},"inLanguage":"es","potentialAction":[{"@type":"ReadAction","target":["https:\/\/aeronoticias.com.pe\/noticiero\/turismo\/13\/brasilia-repudia-a-adidas-por-alusion-a-turismo-sexual-en-mundial-2014\/"]}]},{"@type":"BreadcrumbList","@id":"https:\/\/aeronoticias.com.pe\/noticiero\/turismo\/13\/brasilia-repudia-a-adidas-por-alusion-a-turismo-sexual-en-mundial-2014\/#breadcrumb","itemListElement":[{"@type":"ListItem","position":1,"name":"Portada","item":"https:\/\/aeronoticias.com.pe\/noticiero\/"},{"@type":"ListItem","position":2,"name":"Brasilia \u201crepudia\u201d a Adidas por alusi\u00f3n a turismo sexual en Mundial 2014"}]},{"@type":"WebSite","@id":"https:\/\/aeronoticias.com.pe\/noticiero\/#website","url":"https:\/\/aeronoticias.com.pe\/noticiero\/","name":"Aeronoticias.com.pe","description":"Noticias de tranporte aereo, turismo, hoteles, gastronomia, actualidad, internacional","potentialAction":[{"@type":"SearchAction","target":{"@type":"EntryPoint","urlTemplate":"https:\/\/aeronoticias.com.pe\/noticiero\/?s={search_term_string}"},"query-input":{"@type":"PropertyValueSpecification","valueRequired":true,"valueName":"search_term_string"}}],"inLanguage":"es"},{"@type":"Person","@id":"https:\/\/aeronoticias.com.pe\/noticiero\/#\/schema\/person\/fc1e5d578f4b62ba1cf7ac2bba1170a0","name":"Redacci\u00f3n Aeronoticias","url":"https:\/\/aeronoticias.com.pe\/noticiero\/author\/piloto\/"}]}},"_links":{"self":[{"href":"https:\/\/aeronoticias.com.pe\/noticiero\/wp-json\/wp\/v2\/posts\/43950","targetHints":{"allow":["GET"]}}],"collection":[{"href":"https:\/\/aeronoticias.com.pe\/noticiero\/wp-json\/wp\/v2\/posts"}],"about":[{"href":"https:\/\/aeronoticias.com.pe\/noticiero\/wp-json\/wp\/v2\/types\/post"}],"author":[{"embeddable":true,"href":"https:\/\/aeronoticias.com.pe\/noticiero\/wp-json\/wp\/v2\/users\/1"}],"replies":[{"embeddable":true,"href":"https:\/\/aeronoticias.com.pe\/noticiero\/wp-json\/wp\/v2\/comments?post=43950"}],"version-history":[{"count":0,"href":"https:\/\/aeronoticias.com.pe\/noticiero\/wp-json\/wp\/v2\/posts\/43950\/revisions"}],"wp:attachment":[{"href":"https:\/\/aeronoticias.com.pe\/noticiero\/wp-json\/wp\/v2\/media?parent=43950"}],"wp:term":[{"taxonomy":"category","embeddable":true,"href":"https:\/\/aeronoticias.com.pe\/noticiero\/wp-json\/wp\/v2\/categories?post=43950"},{"taxonomy":"post_tag","embeddable":true,"href":"https:\/\/aeronoticias.com.pe\/noticiero\/wp-json\/wp\/v2\/tags?post=43950"}],"curies":[{"name":"wp","href":"https:\/\/api.w.org\/{rel}","templated":true}]}}