{"id":43951,"date":"2014-02-27T19:20:00","date_gmt":"2014-02-27T19:20:00","guid":{"rendered":"http:\/\/desarrollo.mcvicious.com\/aero2020\/2014\/02\/27\/el-vicepresidente-del-parlamento-europeo-grita-qihail-hitlerq-en-un-aeropuerto-aleman\/"},"modified":"2014-02-27T19:20:00","modified_gmt":"2014-02-27T19:20:00","slug":"el-vicepresidente-del-parlamento-europeo-grita-qihail-hitlerq-en-un-aeropuerto-aleman","status":"publish","type":"post","link":"https:\/\/aeronoticias.com.pe\/noticiero\/internacionales\/el-vicepresidente-del-parlamento-europeo-grita-qihail-hitlerq-en-un-aeropuerto-aleman\/","title":{"rendered":"El vicepresidente del Parlamento Europeo grita \u00ab\u00a1Hail Hitler!\u00bb en un aeropuerto alem\u00e1n"},"content":{"rendered":"<p style=\"text-align: justify;\"><img decoding=\"async\" src=\"images\/stories\/14\/02\/270218\/a17.jpg\" border=\"0\" \/><\/p>\n<p style=\"text-align: justify;\"><strong>(Aeronoticias).<\/strong>&#8211; <em>El vicepresidente del Parlamento Europeo, Jacek Protasiewicz, fue detenido ebrio la tarde del 26 de febrero en el aeropuerto de Fr\u00e1ncfort, informa &#8216;The Jerusalem Post&#8217;.<\/em><\/p>\n<p style=\"text-align: justify;\">Seg\u00fan la Polic\u00eda alemana, el grado de intoxicaci\u00f3n et\u00edlica del pol\u00edtico polaco era tan alto que le resultaba dif\u00edcil mantenerse en pie. Protasiewicz insult\u00f3 a los empleados del aeropuerto, a agentes de aduana y a guardias de seguridad llam\u00e1ndolos nazis, gritando \u00ab\u00a1Hail Hitler!\u00bb y dici\u00e9ndoles que deber\u00edan trabajar en Auschwitz.<\/p>\n<p style=\"text-align: justify;\">Protasiewicz ha informado ya de los hechos al presidente del Parlamento Europeo, el alem\u00e1n Martin Schulz. El vicepresidente de la c\u00e1mara europea afirm\u00f3 que las autoridades alemanas exageran su estado y que fueron ellos los que lo insultaron, aunque no protest\u00f3 por la publicaci\u00f3n de las grabaciones de las c\u00e1maras de seguridad del aeropuerto y admiti\u00f3 que es posible que estuviera muy alterado.<\/p>\n<p style=\"text-align: justify;\">\u00a0<\/p>\n<p style=\"text-align: justify;\">Fuente: <strong><em>actualidad.rt<\/em><\/strong><\/p>\n<p style=\"text-align: justify;\">Foto: <strong><em>actualidad.rt<\/em><\/strong><\/p>\n","protected":false},"excerpt":{"rendered":"<p>(Aeronoticias).&#8211; El vicepresidente del Parlamento Europeo, Jacek Protasiewicz, fue detenido ebrio la tarde del 26 de febrero en el aeropuerto de Fr\u00e1ncfort, informa &#8216;The Jerusalem Post&#8217;. Seg\u00fan la Polic\u00eda alemana, el grado de intoxicaci\u00f3n et\u00edlica del pol\u00edtico polaco era tan alto que le resultaba dif\u00edcil mantenerse en pie. Protasiewicz insult\u00f3 a los empleados del aeropuerto, [&hellip;]<\/p>\n","protected":false},"author":1,"featured_media":0,"comment_status":"open","ping_status":"open","sticky":false,"template":"","format":"standard","meta":{"tdm_status":"","tdm_grid_status":"","footnotes":""},"categories":[34],"tags":[],"class_list":{"0":"post-43951","1":"post","2":"type-post","3":"status-publish","4":"format-standard","6":"category-internacionales"},"yoast_head":"<!-- This site is optimized with the Yoast SEO plugin v25.1 - https:\/\/yoast.com\/wordpress\/plugins\/seo\/ -->\n<title>El vicepresidente del Parlamento Europeo grita &quot;\u00a1Hail Hitler!&quot; en un aeropuerto alem\u00e1n<\/title>\n<meta name=\"description\" content=\"Portal de noticias del Per\u00fa sobre el transporte a\u00e9reo, aviaci\u00f3n, turismo, hoteleria, actualidad.\" \/>\n<meta name=\"robots\" content=\"index, follow, max-snippet:-1, max-image-preview:large, max-video-preview:-1\" \/>\n<link rel=\"canonical\" href=\"https:\/\/aeronoticias.com.pe\/noticiero\/internacionales\/el-vicepresidente-del-parlamento-europeo-grita-qihail-hitlerq-en-un-aeropuerto-aleman\/\" \/>\n<meta property=\"og:locale\" content=\"es_ES\" \/>\n<meta property=\"og:type\" content=\"article\" \/>\n<meta property=\"og:title\" content=\"El vicepresidente del Parlamento Europeo grita &quot;\u00a1Hail Hitler!&quot; en un aeropuerto alem\u00e1n\" \/>\n<meta property=\"og:description\" content=\"Portal de noticias del Per\u00fa sobre el transporte a\u00e9reo, aviaci\u00f3n, turismo, hoteleria, actualidad.\" \/>\n<meta property=\"og:url\" content=\"https:\/\/aeronoticias.com.pe\/noticiero\/internacionales\/el-vicepresidente-del-parlamento-europeo-grita-qihail-hitlerq-en-un-aeropuerto-aleman\/\" \/>\n<meta property=\"og:site_name\" content=\"Aeronoticias.com.pe\" \/>\n<meta property=\"article:publisher\" content=\"https:\/\/www.facebook.com\/Aeronoticias.com.pe\/\" \/>\n<meta property=\"article:published_time\" content=\"2014-02-27T19:20:00+00:00\" \/>\n<meta name=\"author\" content=\"Redacci\u00f3n Aeronoticias\" \/>\n<meta name=\"twitter:card\" content=\"summary_large_image\" \/>\n<meta name=\"twitter:creator\" content=\"@aeronoticias\" \/>\n<meta name=\"twitter:site\" content=\"@aeronoticias\" \/>\n<meta name=\"twitter:label1\" content=\"Escrito por\" \/>\n\t<meta name=\"twitter:data1\" content=\"Redacci\u00f3n Aeronoticias\" \/>\n\t<meta name=\"twitter:label2\" content=\"Tiempo de lectura\" \/>\n\t<meta name=\"twitter:data2\" content=\"1 minuto\" \/>\n<script type=\"application\/ld+json\" class=\"yoast-schema-graph\">{\"@context\":\"https:\/\/schema.org\",\"@graph\":[{\"@type\":\"WebPage\",\"@id\":\"https:\/\/aeronoticias.com.pe\/noticiero\/internacionales\/el-vicepresidente-del-parlamento-europeo-grita-qihail-hitlerq-en-un-aeropuerto-aleman\/\",\"url\":\"https:\/\/aeronoticias.com.pe\/noticiero\/internacionales\/el-vicepresidente-del-parlamento-europeo-grita-qihail-hitlerq-en-un-aeropuerto-aleman\/\",\"name\":\"El vicepresidente del Parlamento Europeo grita \\\"\u00a1Hail Hitler!\\\" en un aeropuerto alem\u00e1n\",\"isPartOf\":{\"@id\":\"https:\/\/aeronoticias.com.pe\/noticiero\/#website\"},\"datePublished\":\"2014-02-27T19:20:00+00:00\",\"author\":{\"@id\":\"https:\/\/aeronoticias.com.pe\/noticiero\/#\/schema\/person\/fc1e5d578f4b62ba1cf7ac2bba1170a0\"},\"description\":\"Portal de noticias del Per\u00fa sobre el transporte a\u00e9reo, aviaci\u00f3n, turismo, hoteleria, actualidad.\",\"breadcrumb\":{\"@id\":\"https:\/\/aeronoticias.com.pe\/noticiero\/internacionales\/el-vicepresidente-del-parlamento-europeo-grita-qihail-hitlerq-en-un-aeropuerto-aleman\/#breadcrumb\"},\"inLanguage\":\"es\",\"potentialAction\":[{\"@type\":\"ReadAction\",\"target\":[\"https:\/\/aeronoticias.com.pe\/noticiero\/internacionales\/el-vicepresidente-del-parlamento-europeo-grita-qihail-hitlerq-en-un-aeropuerto-aleman\/\"]}]},{\"@type\":\"BreadcrumbList\",\"@id\":\"https:\/\/aeronoticias.com.pe\/noticiero\/internacionales\/el-vicepresidente-del-parlamento-europeo-grita-qihail-hitlerq-en-un-aeropuerto-aleman\/#breadcrumb\",\"itemListElement\":[{\"@type\":\"ListItem\",\"position\":1,\"name\":\"Portada\",\"item\":\"https:\/\/aeronoticias.com.pe\/noticiero\/\"},{\"@type\":\"ListItem\",\"position\":2,\"name\":\"El vicepresidente del Parlamento Europeo grita \u00ab\u00a1Hail Hitler!\u00bb en un aeropuerto alem\u00e1n\"}]},{\"@type\":\"WebSite\",\"@id\":\"https:\/\/aeronoticias.com.pe\/noticiero\/#website\",\"url\":\"https:\/\/aeronoticias.com.pe\/noticiero\/\",\"name\":\"Aeronoticias.com.pe\",\"description\":\"Noticias de tranporte aereo, turismo, hoteles, gastronomia, actualidad, internacional\",\"potentialAction\":[{\"@type\":\"SearchAction\",\"target\":{\"@type\":\"EntryPoint\",\"urlTemplate\":\"https:\/\/aeronoticias.com.pe\/noticiero\/?s={search_term_string}\"},\"query-input\":{\"@type\":\"PropertyValueSpecification\",\"valueRequired\":true,\"valueName\":\"search_term_string\"}}],\"inLanguage\":\"es\"},{\"@type\":\"Person\",\"@id\":\"https:\/\/aeronoticias.com.pe\/noticiero\/#\/schema\/person\/fc1e5d578f4b62ba1cf7ac2bba1170a0\",\"name\":\"Redacci\u00f3n Aeronoticias\",\"url\":\"https:\/\/aeronoticias.com.pe\/noticiero\/author\/piloto\/\"}]}<\/script>\n<!-- \/ Yoast SEO plugin. -->","yoast_head_json":{"title":"El vicepresidente del Parlamento Europeo grita \"\u00a1Hail Hitler!\" en un aeropuerto alem\u00e1n","description":"Portal de noticias del Per\u00fa sobre el transporte a\u00e9reo, aviaci\u00f3n, turismo, hoteleria, actualidad.","robots":{"index":"index","follow":"follow","max-snippet":"max-snippet:-1","max-image-preview":"max-image-preview:large","max-video-preview":"max-video-preview:-1"},"canonical":"https:\/\/aeronoticias.com.pe\/noticiero\/internacionales\/el-vicepresidente-del-parlamento-europeo-grita-qihail-hitlerq-en-un-aeropuerto-aleman\/","og_locale":"es_ES","og_type":"article","og_title":"El vicepresidente del Parlamento Europeo grita \"\u00a1Hail Hitler!\" en un aeropuerto alem\u00e1n","og_description":"Portal de noticias del Per\u00fa sobre el transporte a\u00e9reo, aviaci\u00f3n, turismo, hoteleria, actualidad.","og_url":"https:\/\/aeronoticias.com.pe\/noticiero\/internacionales\/el-vicepresidente-del-parlamento-europeo-grita-qihail-hitlerq-en-un-aeropuerto-aleman\/","og_site_name":"Aeronoticias.com.pe","article_publisher":"https:\/\/www.facebook.com\/Aeronoticias.com.pe\/","article_published_time":"2014-02-27T19:20:00+00:00","author":"Redacci\u00f3n Aeronoticias","twitter_card":"summary_large_image","twitter_creator":"@aeronoticias","twitter_site":"@aeronoticias","twitter_misc":{"Escrito por":"Redacci\u00f3n Aeronoticias","Tiempo de lectura":"1 minuto"},"schema":{"@context":"https:\/\/schema.org","@graph":[{"@type":"WebPage","@id":"https:\/\/aeronoticias.com.pe\/noticiero\/internacionales\/el-vicepresidente-del-parlamento-europeo-grita-qihail-hitlerq-en-un-aeropuerto-aleman\/","url":"https:\/\/aeronoticias.com.pe\/noticiero\/internacionales\/el-vicepresidente-del-parlamento-europeo-grita-qihail-hitlerq-en-un-aeropuerto-aleman\/","name":"El vicepresidente del Parlamento Europeo grita \"\u00a1Hail Hitler!\" en un aeropuerto alem\u00e1n","isPartOf":{"@id":"https:\/\/aeronoticias.com.pe\/noticiero\/#website"},"datePublished":"2014-02-27T19:20:00+00:00","author":{"@id":"https:\/\/aeronoticias.com.pe\/noticiero\/#\/schema\/person\/fc1e5d578f4b62ba1cf7ac2bba1170a0"},"description":"Portal de noticias del Per\u00fa sobre el transporte a\u00e9reo, aviaci\u00f3n, turismo, hoteleria, actualidad.","breadcrumb":{"@id":"https:\/\/aeronoticias.com.pe\/noticiero\/internacionales\/el-vicepresidente-del-parlamento-europeo-grita-qihail-hitlerq-en-un-aeropuerto-aleman\/#breadcrumb"},"inLanguage":"es","potentialAction":[{"@type":"ReadAction","target":["https:\/\/aeronoticias.com.pe\/noticiero\/internacionales\/el-vicepresidente-del-parlamento-europeo-grita-qihail-hitlerq-en-un-aeropuerto-aleman\/"]}]},{"@type":"BreadcrumbList","@id":"https:\/\/aeronoticias.com.pe\/noticiero\/internacionales\/el-vicepresidente-del-parlamento-europeo-grita-qihail-hitlerq-en-un-aeropuerto-aleman\/#breadcrumb","itemListElement":[{"@type":"ListItem","position":1,"name":"Portada","item":"https:\/\/aeronoticias.com.pe\/noticiero\/"},{"@type":"ListItem","position":2,"name":"El vicepresidente del Parlamento Europeo grita \u00ab\u00a1Hail Hitler!\u00bb en un aeropuerto alem\u00e1n"}]},{"@type":"WebSite","@id":"https:\/\/aeronoticias.com.pe\/noticiero\/#website","url":"https:\/\/aeronoticias.com.pe\/noticiero\/","name":"Aeronoticias.com.pe","description":"Noticias de tranporte aereo, turismo, hoteles, gastronomia, actualidad, internacional","potentialAction":[{"@type":"SearchAction","target":{"@type":"EntryPoint","urlTemplate":"https:\/\/aeronoticias.com.pe\/noticiero\/?s={search_term_string}"},"query-input":{"@type":"PropertyValueSpecification","valueRequired":true,"valueName":"search_term_string"}}],"inLanguage":"es"},{"@type":"Person","@id":"https:\/\/aeronoticias.com.pe\/noticiero\/#\/schema\/person\/fc1e5d578f4b62ba1cf7ac2bba1170a0","name":"Redacci\u00f3n Aeronoticias","url":"https:\/\/aeronoticias.com.pe\/noticiero\/author\/piloto\/"}]}},"_links":{"self":[{"href":"https:\/\/aeronoticias.com.pe\/noticiero\/wp-json\/wp\/v2\/posts\/43951","targetHints":{"allow":["GET"]}}],"collection":[{"href":"https:\/\/aeronoticias.com.pe\/noticiero\/wp-json\/wp\/v2\/posts"}],"about":[{"href":"https:\/\/aeronoticias.com.pe\/noticiero\/wp-json\/wp\/v2\/types\/post"}],"author":[{"embeddable":true,"href":"https:\/\/aeronoticias.com.pe\/noticiero\/wp-json\/wp\/v2\/users\/1"}],"replies":[{"embeddable":true,"href":"https:\/\/aeronoticias.com.pe\/noticiero\/wp-json\/wp\/v2\/comments?post=43951"}],"version-history":[{"count":0,"href":"https:\/\/aeronoticias.com.pe\/noticiero\/wp-json\/wp\/v2\/posts\/43951\/revisions"}],"wp:attachment":[{"href":"https:\/\/aeronoticias.com.pe\/noticiero\/wp-json\/wp\/v2\/media?parent=43951"}],"wp:term":[{"taxonomy":"category","embeddable":true,"href":"https:\/\/aeronoticias.com.pe\/noticiero\/wp-json\/wp\/v2\/categories?post=43951"},{"taxonomy":"post_tag","embeddable":true,"href":"https:\/\/aeronoticias.com.pe\/noticiero\/wp-json\/wp\/v2\/tags?post=43951"}],"curies":[{"name":"wp","href":"https:\/\/api.w.org\/{rel}","templated":true}]}}