{"id":43958,"date":"2014-02-28T13:49:53","date_gmt":"2014-02-28T13:49:53","guid":{"rendered":"http:\/\/desarrollo.mcvicious.com\/aero2020\/2014\/02\/28\/ucrania-los-hombres-sin-identificar-que-tomaron-el-aeropuerto-de-simferopol-comienzan-a-retirarse\/"},"modified":"2014-02-28T13:49:53","modified_gmt":"2014-02-28T13:49:53","slug":"ucrania-los-hombres-sin-identificar-que-tomaron-el-aeropuerto-de-simferopol-comienzan-a-retirarse","status":"publish","type":"post","link":"https:\/\/aeronoticias.com.pe\/noticiero\/internacionales\/ucrania-los-hombres-sin-identificar-que-tomaron-el-aeropuerto-de-simferopol-comienzan-a-retirarse\/","title":{"rendered":"Ucrania: Los hombres sin identificar que tomaron el aeropuerto de Simfer\u00f3pol comienzan a retirarse"},"content":{"rendered":"<p><img decoding=\"async\" src=\"images\/stories\/14\/02\/280214\/a1.jpg\" border=\"0\" \/><\/p>\n<p><strong>(Aeronoticias).-<\/strong><em> Los hombres no identificados que irrumpieron la noche del jueves en las instalaciones del aeropuerto de Simfer\u00f3pol, Crimea, y durante las \u00faltimas horas han estado rodeando sus terminales empiezan a retirarse del lugar, seg\u00fan testigos.<\/em><\/p>\n<p>Un grupo de unas 50 personas sin identificar lleg\u00f3 al aeropuerto en tres camiones sin matr\u00edcula. Se cree que se trataba de miembros de las autodefensas de la poblaci\u00f3n rus\u00f3fona local. Seg\u00fan la direcci\u00f3n del aeropuerto, entraron por la terminal de vuelos nacionales para \u00abrecoger a las tropas ucranianas\u00bb. Al ver que no estaban, salieron del edificio del aeropuerto y lo rodearon. Durante todo este tiempo el aeropuerto sigui\u00f3 funcionando con normalidad. Seg\u00fan fuentes de RT, los hombres no se mostraron hostiles ni realizaron ninguna amenaza. Seg\u00fan el periodista de RT Alex\u00e9i Yaroshevski, testigo directo, el uniforme que llevaban no era ruso y su calzado tampoco era militar.<\/p>\n<p>\u00abLa noticia sobre que el aeropuerto fue asaltado es una locura\u00bb, dijo uno de los hombres que rodearon el aeropuerto. \u00abNo somos unos desconocidos, somos ciudadanos de Crimea. Somos militares jubilados, hemos formado una milicia popular. Nuestro objetivo es prevenir la llegada a Crimea de pol\u00edticos e individuos radicales y extremistas que puedan venir con provocaciones\u00bb.<\/p>\n<p>Los hombres se van en camiones sin matr\u00edcula, iguales a los que los llevaron al aeropuerto.<\/p>\n<p>\u00a0<\/p>\n<p>Fuente: <strong><em>actualidad.rt<\/em><\/strong><\/p>\n<p>Foto: <strong><em>actualidad.rt<\/em><\/strong><\/p>\n<div><\/div>\n","protected":false},"excerpt":{"rendered":"<p>(Aeronoticias).- Los hombres no identificados que irrumpieron la noche del jueves en las instalaciones del aeropuerto de Simfer\u00f3pol, Crimea, y durante las \u00faltimas horas han estado rodeando sus terminales empiezan a retirarse del lugar, seg\u00fan testigos. Un grupo de unas 50 personas sin identificar lleg\u00f3 al aeropuerto en tres camiones sin matr\u00edcula. Se cree que [&hellip;]<\/p>\n","protected":false},"author":1,"featured_media":0,"comment_status":"open","ping_status":"open","sticky":false,"template":"","format":"standard","meta":{"tdm_status":"","tdm_grid_status":"","footnotes":""},"categories":[34],"tags":[],"class_list":{"0":"post-43958","1":"post","2":"type-post","3":"status-publish","4":"format-standard","6":"category-internacionales"},"yoast_head":"<!-- This site is optimized with the Yoast SEO plugin v25.1 - https:\/\/yoast.com\/wordpress\/plugins\/seo\/ -->\n<title>Ucrania: Los hombres sin identificar que tomaron el aeropuerto de Simfer\u00f3pol comienzan a retirarse<\/title>\n<meta name=\"description\" content=\"Portal de noticias del Per\u00fa sobre el transporte a\u00e9reo, aviaci\u00f3n, turismo, hoteleria, actualidad.\" \/>\n<meta name=\"robots\" content=\"index, follow, max-snippet:-1, max-image-preview:large, max-video-preview:-1\" \/>\n<link rel=\"canonical\" href=\"https:\/\/aeronoticias.com.pe\/noticiero\/internacionales\/ucrania-los-hombres-sin-identificar-que-tomaron-el-aeropuerto-de-simferopol-comienzan-a-retirarse\/\" \/>\n<meta property=\"og:locale\" content=\"es_ES\" \/>\n<meta property=\"og:type\" content=\"article\" \/>\n<meta property=\"og:title\" content=\"Ucrania: Los hombres sin identificar que tomaron el aeropuerto de Simfer\u00f3pol comienzan a retirarse\" \/>\n<meta property=\"og:description\" content=\"Portal de noticias del Per\u00fa sobre el transporte a\u00e9reo, aviaci\u00f3n, turismo, hoteleria, actualidad.\" \/>\n<meta property=\"og:url\" content=\"https:\/\/aeronoticias.com.pe\/noticiero\/internacionales\/ucrania-los-hombres-sin-identificar-que-tomaron-el-aeropuerto-de-simferopol-comienzan-a-retirarse\/\" \/>\n<meta property=\"og:site_name\" content=\"Aeronoticias.com.pe\" \/>\n<meta property=\"article:publisher\" content=\"https:\/\/www.facebook.com\/Aeronoticias.com.pe\/\" \/>\n<meta property=\"article:published_time\" content=\"2014-02-28T13:49:53+00:00\" \/>\n<meta name=\"author\" content=\"Redacci\u00f3n Aeronoticias\" \/>\n<meta name=\"twitter:card\" content=\"summary_large_image\" \/>\n<meta name=\"twitter:creator\" content=\"@aeronoticias\" \/>\n<meta name=\"twitter:site\" content=\"@aeronoticias\" \/>\n<meta name=\"twitter:label1\" content=\"Escrito por\" \/>\n\t<meta name=\"twitter:data1\" content=\"Redacci\u00f3n Aeronoticias\" \/>\n\t<meta name=\"twitter:label2\" content=\"Tiempo de lectura\" \/>\n\t<meta name=\"twitter:data2\" content=\"1 minuto\" \/>\n<script type=\"application\/ld+json\" class=\"yoast-schema-graph\">{\"@context\":\"https:\/\/schema.org\",\"@graph\":[{\"@type\":\"WebPage\",\"@id\":\"https:\/\/aeronoticias.com.pe\/noticiero\/internacionales\/ucrania-los-hombres-sin-identificar-que-tomaron-el-aeropuerto-de-simferopol-comienzan-a-retirarse\/\",\"url\":\"https:\/\/aeronoticias.com.pe\/noticiero\/internacionales\/ucrania-los-hombres-sin-identificar-que-tomaron-el-aeropuerto-de-simferopol-comienzan-a-retirarse\/\",\"name\":\"Ucrania: Los hombres sin identificar que tomaron el aeropuerto de Simfer\u00f3pol comienzan a retirarse\",\"isPartOf\":{\"@id\":\"https:\/\/aeronoticias.com.pe\/noticiero\/#website\"},\"datePublished\":\"2014-02-28T13:49:53+00:00\",\"author\":{\"@id\":\"https:\/\/aeronoticias.com.pe\/noticiero\/#\/schema\/person\/fc1e5d578f4b62ba1cf7ac2bba1170a0\"},\"description\":\"Portal de noticias del Per\u00fa sobre el transporte a\u00e9reo, aviaci\u00f3n, turismo, hoteleria, actualidad.\",\"breadcrumb\":{\"@id\":\"https:\/\/aeronoticias.com.pe\/noticiero\/internacionales\/ucrania-los-hombres-sin-identificar-que-tomaron-el-aeropuerto-de-simferopol-comienzan-a-retirarse\/#breadcrumb\"},\"inLanguage\":\"es\",\"potentialAction\":[{\"@type\":\"ReadAction\",\"target\":[\"https:\/\/aeronoticias.com.pe\/noticiero\/internacionales\/ucrania-los-hombres-sin-identificar-que-tomaron-el-aeropuerto-de-simferopol-comienzan-a-retirarse\/\"]}]},{\"@type\":\"BreadcrumbList\",\"@id\":\"https:\/\/aeronoticias.com.pe\/noticiero\/internacionales\/ucrania-los-hombres-sin-identificar-que-tomaron-el-aeropuerto-de-simferopol-comienzan-a-retirarse\/#breadcrumb\",\"itemListElement\":[{\"@type\":\"ListItem\",\"position\":1,\"name\":\"Portada\",\"item\":\"https:\/\/aeronoticias.com.pe\/noticiero\/\"},{\"@type\":\"ListItem\",\"position\":2,\"name\":\"Ucrania: Los hombres sin identificar que tomaron el aeropuerto de Simfer\u00f3pol comienzan a retirarse\"}]},{\"@type\":\"WebSite\",\"@id\":\"https:\/\/aeronoticias.com.pe\/noticiero\/#website\",\"url\":\"https:\/\/aeronoticias.com.pe\/noticiero\/\",\"name\":\"Aeronoticias.com.pe\",\"description\":\"Noticias de tranporte aereo, turismo, hoteles, gastronomia, actualidad, internacional\",\"potentialAction\":[{\"@type\":\"SearchAction\",\"target\":{\"@type\":\"EntryPoint\",\"urlTemplate\":\"https:\/\/aeronoticias.com.pe\/noticiero\/?s={search_term_string}\"},\"query-input\":{\"@type\":\"PropertyValueSpecification\",\"valueRequired\":true,\"valueName\":\"search_term_string\"}}],\"inLanguage\":\"es\"},{\"@type\":\"Person\",\"@id\":\"https:\/\/aeronoticias.com.pe\/noticiero\/#\/schema\/person\/fc1e5d578f4b62ba1cf7ac2bba1170a0\",\"name\":\"Redacci\u00f3n Aeronoticias\",\"url\":\"https:\/\/aeronoticias.com.pe\/noticiero\/author\/piloto\/\"}]}<\/script>\n<!-- \/ Yoast SEO plugin. -->","yoast_head_json":{"title":"Ucrania: Los hombres sin identificar que tomaron el aeropuerto de Simfer\u00f3pol comienzan a retirarse","description":"Portal de noticias del Per\u00fa sobre el transporte a\u00e9reo, aviaci\u00f3n, turismo, hoteleria, actualidad.","robots":{"index":"index","follow":"follow","max-snippet":"max-snippet:-1","max-image-preview":"max-image-preview:large","max-video-preview":"max-video-preview:-1"},"canonical":"https:\/\/aeronoticias.com.pe\/noticiero\/internacionales\/ucrania-los-hombres-sin-identificar-que-tomaron-el-aeropuerto-de-simferopol-comienzan-a-retirarse\/","og_locale":"es_ES","og_type":"article","og_title":"Ucrania: Los hombres sin identificar que tomaron el aeropuerto de Simfer\u00f3pol comienzan a retirarse","og_description":"Portal de noticias del Per\u00fa sobre el transporte a\u00e9reo, aviaci\u00f3n, turismo, hoteleria, actualidad.","og_url":"https:\/\/aeronoticias.com.pe\/noticiero\/internacionales\/ucrania-los-hombres-sin-identificar-que-tomaron-el-aeropuerto-de-simferopol-comienzan-a-retirarse\/","og_site_name":"Aeronoticias.com.pe","article_publisher":"https:\/\/www.facebook.com\/Aeronoticias.com.pe\/","article_published_time":"2014-02-28T13:49:53+00:00","author":"Redacci\u00f3n Aeronoticias","twitter_card":"summary_large_image","twitter_creator":"@aeronoticias","twitter_site":"@aeronoticias","twitter_misc":{"Escrito por":"Redacci\u00f3n Aeronoticias","Tiempo de lectura":"1 minuto"},"schema":{"@context":"https:\/\/schema.org","@graph":[{"@type":"WebPage","@id":"https:\/\/aeronoticias.com.pe\/noticiero\/internacionales\/ucrania-los-hombres-sin-identificar-que-tomaron-el-aeropuerto-de-simferopol-comienzan-a-retirarse\/","url":"https:\/\/aeronoticias.com.pe\/noticiero\/internacionales\/ucrania-los-hombres-sin-identificar-que-tomaron-el-aeropuerto-de-simferopol-comienzan-a-retirarse\/","name":"Ucrania: Los hombres sin identificar que tomaron el aeropuerto de Simfer\u00f3pol comienzan a retirarse","isPartOf":{"@id":"https:\/\/aeronoticias.com.pe\/noticiero\/#website"},"datePublished":"2014-02-28T13:49:53+00:00","author":{"@id":"https:\/\/aeronoticias.com.pe\/noticiero\/#\/schema\/person\/fc1e5d578f4b62ba1cf7ac2bba1170a0"},"description":"Portal de noticias del Per\u00fa sobre el transporte a\u00e9reo, aviaci\u00f3n, turismo, hoteleria, actualidad.","breadcrumb":{"@id":"https:\/\/aeronoticias.com.pe\/noticiero\/internacionales\/ucrania-los-hombres-sin-identificar-que-tomaron-el-aeropuerto-de-simferopol-comienzan-a-retirarse\/#breadcrumb"},"inLanguage":"es","potentialAction":[{"@type":"ReadAction","target":["https:\/\/aeronoticias.com.pe\/noticiero\/internacionales\/ucrania-los-hombres-sin-identificar-que-tomaron-el-aeropuerto-de-simferopol-comienzan-a-retirarse\/"]}]},{"@type":"BreadcrumbList","@id":"https:\/\/aeronoticias.com.pe\/noticiero\/internacionales\/ucrania-los-hombres-sin-identificar-que-tomaron-el-aeropuerto-de-simferopol-comienzan-a-retirarse\/#breadcrumb","itemListElement":[{"@type":"ListItem","position":1,"name":"Portada","item":"https:\/\/aeronoticias.com.pe\/noticiero\/"},{"@type":"ListItem","position":2,"name":"Ucrania: Los hombres sin identificar que tomaron el aeropuerto de Simfer\u00f3pol comienzan a retirarse"}]},{"@type":"WebSite","@id":"https:\/\/aeronoticias.com.pe\/noticiero\/#website","url":"https:\/\/aeronoticias.com.pe\/noticiero\/","name":"Aeronoticias.com.pe","description":"Noticias de tranporte aereo, turismo, hoteles, gastronomia, actualidad, internacional","potentialAction":[{"@type":"SearchAction","target":{"@type":"EntryPoint","urlTemplate":"https:\/\/aeronoticias.com.pe\/noticiero\/?s={search_term_string}"},"query-input":{"@type":"PropertyValueSpecification","valueRequired":true,"valueName":"search_term_string"}}],"inLanguage":"es"},{"@type":"Person","@id":"https:\/\/aeronoticias.com.pe\/noticiero\/#\/schema\/person\/fc1e5d578f4b62ba1cf7ac2bba1170a0","name":"Redacci\u00f3n Aeronoticias","url":"https:\/\/aeronoticias.com.pe\/noticiero\/author\/piloto\/"}]}},"_links":{"self":[{"href":"https:\/\/aeronoticias.com.pe\/noticiero\/wp-json\/wp\/v2\/posts\/43958","targetHints":{"allow":["GET"]}}],"collection":[{"href":"https:\/\/aeronoticias.com.pe\/noticiero\/wp-json\/wp\/v2\/posts"}],"about":[{"href":"https:\/\/aeronoticias.com.pe\/noticiero\/wp-json\/wp\/v2\/types\/post"}],"author":[{"embeddable":true,"href":"https:\/\/aeronoticias.com.pe\/noticiero\/wp-json\/wp\/v2\/users\/1"}],"replies":[{"embeddable":true,"href":"https:\/\/aeronoticias.com.pe\/noticiero\/wp-json\/wp\/v2\/comments?post=43958"}],"version-history":[{"count":0,"href":"https:\/\/aeronoticias.com.pe\/noticiero\/wp-json\/wp\/v2\/posts\/43958\/revisions"}],"wp:attachment":[{"href":"https:\/\/aeronoticias.com.pe\/noticiero\/wp-json\/wp\/v2\/media?parent=43958"}],"wp:term":[{"taxonomy":"category","embeddable":true,"href":"https:\/\/aeronoticias.com.pe\/noticiero\/wp-json\/wp\/v2\/categories?post=43958"},{"taxonomy":"post_tag","embeddable":true,"href":"https:\/\/aeronoticias.com.pe\/noticiero\/wp-json\/wp\/v2\/tags?post=43958"}],"curies":[{"name":"wp","href":"https:\/\/api.w.org\/{rel}","templated":true}]}}