{"id":43962,"date":"2014-02-28T14:54:03","date_gmt":"2014-02-28T14:54:03","guid":{"rendered":"http:\/\/desarrollo.mcvicious.com\/aero2020\/2014\/02\/28\/contraloria-desmiente-al-presidente-regional-sobre-retrasos-que-ocasionarian-fiscalizacion-del-aerodromo-wanka\/"},"modified":"2014-02-28T14:54:03","modified_gmt":"2014-02-28T14:54:03","slug":"contraloria-desmiente-al-presidente-regional-sobre-retrasos-que-ocasionarian-fiscalizacion-del-aerodromo-wanka","status":"publish","type":"post","link":"https:\/\/aeronoticias.com.pe\/noticiero\/transporte-aereo\/nacional\/contraloria-desmiente-al-presidente-regional-sobre-retrasos-que-ocasionarian-fiscalizacion-del-aerodromo-wanka\/","title":{"rendered":"Contralor\u00eda desmiente al Presidente Regional sobre retrasos que ocasionar\u00edan fiscalizaci\u00f3n del Aer\u00f3dromo Wanka"},"content":{"rendered":"<p style=\"text-align: justify;\"><strong>(Aeronoticias) <\/strong><span style=\"line-height: 1.3em;\">A pedido del congresista por Jun\u00edn, Jes\u00fas Hurtado Zamudio (FP), y mediante Oficio N\u00ba 00318-2014-CG\/DC, de fecha 26 de febrero del 2014, el Contralor General de la Rep\u00fablica, Fuad Khoury Zarzar, se\u00f1al\u00f3 que las acciones de control que se realizar\u00edan sobre el proyecto Aer\u00f3dromo Regional Wanka \u201cno afectar\u00edan la continuidad de las actividades de la entidad a la cual se va auditar\u201d, desmintiendo as\u00ed las afirmaciones del Presidente Regional de Jun\u00edn, quien indic\u00f3 lo contrario en un oficio que remiti\u00f3 al parlamentario.<\/span><\/p>\n<p style=\"text-align: justify;\">En efecto, el 5 de diciembre del 2013, el Presidente Regional de Jun\u00edn remiti\u00f3 el Oficio N\u00ba 837-2013-GRJ\/PR al despacho del congresista Hurtado Zamudio; en dicho documento afirm\u00f3 que las intervenciones de fiscalizaci\u00f3n que podr\u00eda realizar la Contralor\u00eda sobre el proyecto Aer\u00f3dromo Wanka \u201cdilatar\u00eda el procedimiento normal para la ejecuci\u00f3n de tal infraestructura\u201d; lo cual no es cierto.<\/p>\n<p style=\"text-align: justify;\">El parlamentario se\u00f1al\u00f3 que con las afirmaciones del Contralor qued\u00f3 despejado el camino para realizar una profunda investigaci\u00f3n al proyecto Aer\u00f3dromo Regional Wanka, la cual no s\u00f3lo incluir\u00eda a funcionarios que aprobaron la iniciativa privada, sino tambi\u00e9n a los propios inversionistas, pues deben sustentar que cuentan con el financiamiento necesario para dicha obra, adem\u00e1s de que debe ser de origen l\u00edcito.<\/p>\n<p style=\"text-align: justify;\"><span style=\"line-height: 1.3em;\">\u201cEn nuestra funci\u00f3n de congresistas realizamos tres tipos de fiscalizaci\u00f3n: la preventiva, como en el presente caso, para constatar que se cumplan las normas en el origen mismo del proyecto y que los expedientes no sean mal elaborados; la continua, para supervisar la ejecuci\u00f3n misma de la obra dando importancia a la correcta utilizaci\u00f3n de recursos p\u00fablicos \u00a0y la de resultados, cuando recibimos denuncias de la poblaci\u00f3n o de medios de prensa por malversaci\u00f3n de fondos u obras mal culminadas\u201d; explico el parlamentario.<\/span><\/p>\n<p style=\"text-align: justify;\"><span style=\"line-height: 1.3em;\"><img decoding=\"async\" src=\"images\/stories\/14\/02\/280214\/aerodromowanka.jpg\" border=\"0\" \/><br \/><\/span><\/p>\n","protected":false},"excerpt":{"rendered":"<p>(Aeronoticias) A pedido del congresista por Jun\u00edn, Jes\u00fas Hurtado Zamudio (FP), y mediante Oficio N\u00ba 00318-2014-CG\/DC, de fecha 26 de febrero del 2014, el Contralor General de la Rep\u00fablica, Fuad Khoury Zarzar, se\u00f1al\u00f3 que las acciones de control que se realizar\u00edan sobre el proyecto Aer\u00f3dromo Regional Wanka \u201cno afectar\u00edan la continuidad de las actividades de [&hellip;]<\/p>\n","protected":false},"author":1,"featured_media":0,"comment_status":"open","ping_status":"open","sticky":false,"template":"","format":"standard","meta":{"tdm_status":"","tdm_grid_status":"","footnotes":""},"categories":[51],"tags":[],"class_list":{"0":"post-43962","1":"post","2":"type-post","3":"status-publish","4":"format-standard","6":"category-nacional"},"yoast_head":"<!-- This site is optimized with the Yoast SEO plugin v25.1 - https:\/\/yoast.com\/wordpress\/plugins\/seo\/ -->\n<title>Contralor\u00eda desmiente al Presidente Regional sobre retrasos que ocasionar\u00edan fiscalizaci\u00f3n del Aer\u00f3dromo Wanka<\/title>\n<meta name=\"description\" content=\"Portal de noticias del Per\u00fa sobre el transporte a\u00e9reo, aviaci\u00f3n, turismo, hoteleria, actualidad.\" \/>\n<meta name=\"robots\" content=\"index, follow, max-snippet:-1, max-image-preview:large, max-video-preview:-1\" \/>\n<link rel=\"canonical\" href=\"https:\/\/aeronoticias.com.pe\/noticiero\/transporte-aereo\/nacional\/contraloria-desmiente-al-presidente-regional-sobre-retrasos-que-ocasionarian-fiscalizacion-del-aerodromo-wanka\/\" \/>\n<meta property=\"og:locale\" content=\"es_ES\" \/>\n<meta property=\"og:type\" content=\"article\" \/>\n<meta property=\"og:title\" content=\"Contralor\u00eda desmiente al Presidente Regional sobre retrasos que ocasionar\u00edan fiscalizaci\u00f3n del Aer\u00f3dromo Wanka\" \/>\n<meta property=\"og:description\" content=\"Portal de noticias del Per\u00fa sobre el transporte a\u00e9reo, aviaci\u00f3n, turismo, hoteleria, actualidad.\" \/>\n<meta property=\"og:url\" content=\"https:\/\/aeronoticias.com.pe\/noticiero\/transporte-aereo\/nacional\/contraloria-desmiente-al-presidente-regional-sobre-retrasos-que-ocasionarian-fiscalizacion-del-aerodromo-wanka\/\" \/>\n<meta property=\"og:site_name\" content=\"Aeronoticias.com.pe\" \/>\n<meta property=\"article:publisher\" content=\"https:\/\/www.facebook.com\/Aeronoticias.com.pe\/\" \/>\n<meta property=\"article:published_time\" content=\"2014-02-28T14:54:03+00:00\" \/>\n<meta name=\"author\" content=\"Redacci\u00f3n Aeronoticias\" \/>\n<meta name=\"twitter:card\" content=\"summary_large_image\" \/>\n<meta name=\"twitter:creator\" content=\"@aeronoticias\" \/>\n<meta name=\"twitter:site\" content=\"@aeronoticias\" \/>\n<meta name=\"twitter:label1\" content=\"Escrito por\" \/>\n\t<meta name=\"twitter:data1\" content=\"Redacci\u00f3n Aeronoticias\" \/>\n\t<meta name=\"twitter:label2\" content=\"Tiempo de lectura\" \/>\n\t<meta name=\"twitter:data2\" content=\"2 minutos\" \/>\n<script type=\"application\/ld+json\" class=\"yoast-schema-graph\">{\"@context\":\"https:\/\/schema.org\",\"@graph\":[{\"@type\":\"WebPage\",\"@id\":\"https:\/\/aeronoticias.com.pe\/noticiero\/transporte-aereo\/nacional\/contraloria-desmiente-al-presidente-regional-sobre-retrasos-que-ocasionarian-fiscalizacion-del-aerodromo-wanka\/\",\"url\":\"https:\/\/aeronoticias.com.pe\/noticiero\/transporte-aereo\/nacional\/contraloria-desmiente-al-presidente-regional-sobre-retrasos-que-ocasionarian-fiscalizacion-del-aerodromo-wanka\/\",\"name\":\"Contralor\u00eda desmiente al Presidente Regional sobre retrasos que ocasionar\u00edan fiscalizaci\u00f3n del Aer\u00f3dromo Wanka\",\"isPartOf\":{\"@id\":\"https:\/\/aeronoticias.com.pe\/noticiero\/#website\"},\"datePublished\":\"2014-02-28T14:54:03+00:00\",\"author\":{\"@id\":\"https:\/\/aeronoticias.com.pe\/noticiero\/#\/schema\/person\/fc1e5d578f4b62ba1cf7ac2bba1170a0\"},\"description\":\"Portal de noticias del Per\u00fa sobre el transporte a\u00e9reo, aviaci\u00f3n, turismo, hoteleria, actualidad.\",\"breadcrumb\":{\"@id\":\"https:\/\/aeronoticias.com.pe\/noticiero\/transporte-aereo\/nacional\/contraloria-desmiente-al-presidente-regional-sobre-retrasos-que-ocasionarian-fiscalizacion-del-aerodromo-wanka\/#breadcrumb\"},\"inLanguage\":\"es\",\"potentialAction\":[{\"@type\":\"ReadAction\",\"target\":[\"https:\/\/aeronoticias.com.pe\/noticiero\/transporte-aereo\/nacional\/contraloria-desmiente-al-presidente-regional-sobre-retrasos-que-ocasionarian-fiscalizacion-del-aerodromo-wanka\/\"]}]},{\"@type\":\"BreadcrumbList\",\"@id\":\"https:\/\/aeronoticias.com.pe\/noticiero\/transporte-aereo\/nacional\/contraloria-desmiente-al-presidente-regional-sobre-retrasos-que-ocasionarian-fiscalizacion-del-aerodromo-wanka\/#breadcrumb\",\"itemListElement\":[{\"@type\":\"ListItem\",\"position\":1,\"name\":\"Portada\",\"item\":\"https:\/\/aeronoticias.com.pe\/noticiero\/\"},{\"@type\":\"ListItem\",\"position\":2,\"name\":\"Contralor\u00eda desmiente al Presidente Regional sobre retrasos que ocasionar\u00edan fiscalizaci\u00f3n del Aer\u00f3dromo Wanka\"}]},{\"@type\":\"WebSite\",\"@id\":\"https:\/\/aeronoticias.com.pe\/noticiero\/#website\",\"url\":\"https:\/\/aeronoticias.com.pe\/noticiero\/\",\"name\":\"Aeronoticias.com.pe\",\"description\":\"Noticias de tranporte aereo, turismo, hoteles, gastronomia, actualidad, internacional\",\"potentialAction\":[{\"@type\":\"SearchAction\",\"target\":{\"@type\":\"EntryPoint\",\"urlTemplate\":\"https:\/\/aeronoticias.com.pe\/noticiero\/?s={search_term_string}\"},\"query-input\":{\"@type\":\"PropertyValueSpecification\",\"valueRequired\":true,\"valueName\":\"search_term_string\"}}],\"inLanguage\":\"es\"},{\"@type\":\"Person\",\"@id\":\"https:\/\/aeronoticias.com.pe\/noticiero\/#\/schema\/person\/fc1e5d578f4b62ba1cf7ac2bba1170a0\",\"name\":\"Redacci\u00f3n Aeronoticias\",\"url\":\"https:\/\/aeronoticias.com.pe\/noticiero\/author\/piloto\/\"}]}<\/script>\n<!-- \/ Yoast SEO plugin. -->","yoast_head_json":{"title":"Contralor\u00eda desmiente al Presidente Regional sobre retrasos que ocasionar\u00edan fiscalizaci\u00f3n del Aer\u00f3dromo Wanka","description":"Portal de noticias del Per\u00fa sobre el transporte a\u00e9reo, aviaci\u00f3n, turismo, hoteleria, actualidad.","robots":{"index":"index","follow":"follow","max-snippet":"max-snippet:-1","max-image-preview":"max-image-preview:large","max-video-preview":"max-video-preview:-1"},"canonical":"https:\/\/aeronoticias.com.pe\/noticiero\/transporte-aereo\/nacional\/contraloria-desmiente-al-presidente-regional-sobre-retrasos-que-ocasionarian-fiscalizacion-del-aerodromo-wanka\/","og_locale":"es_ES","og_type":"article","og_title":"Contralor\u00eda desmiente al Presidente Regional sobre retrasos que ocasionar\u00edan fiscalizaci\u00f3n del Aer\u00f3dromo Wanka","og_description":"Portal de noticias del Per\u00fa sobre el transporte a\u00e9reo, aviaci\u00f3n, turismo, hoteleria, actualidad.","og_url":"https:\/\/aeronoticias.com.pe\/noticiero\/transporte-aereo\/nacional\/contraloria-desmiente-al-presidente-regional-sobre-retrasos-que-ocasionarian-fiscalizacion-del-aerodromo-wanka\/","og_site_name":"Aeronoticias.com.pe","article_publisher":"https:\/\/www.facebook.com\/Aeronoticias.com.pe\/","article_published_time":"2014-02-28T14:54:03+00:00","author":"Redacci\u00f3n Aeronoticias","twitter_card":"summary_large_image","twitter_creator":"@aeronoticias","twitter_site":"@aeronoticias","twitter_misc":{"Escrito por":"Redacci\u00f3n Aeronoticias","Tiempo de lectura":"2 minutos"},"schema":{"@context":"https:\/\/schema.org","@graph":[{"@type":"WebPage","@id":"https:\/\/aeronoticias.com.pe\/noticiero\/transporte-aereo\/nacional\/contraloria-desmiente-al-presidente-regional-sobre-retrasos-que-ocasionarian-fiscalizacion-del-aerodromo-wanka\/","url":"https:\/\/aeronoticias.com.pe\/noticiero\/transporte-aereo\/nacional\/contraloria-desmiente-al-presidente-regional-sobre-retrasos-que-ocasionarian-fiscalizacion-del-aerodromo-wanka\/","name":"Contralor\u00eda desmiente al Presidente Regional sobre retrasos que ocasionar\u00edan fiscalizaci\u00f3n del Aer\u00f3dromo Wanka","isPartOf":{"@id":"https:\/\/aeronoticias.com.pe\/noticiero\/#website"},"datePublished":"2014-02-28T14:54:03+00:00","author":{"@id":"https:\/\/aeronoticias.com.pe\/noticiero\/#\/schema\/person\/fc1e5d578f4b62ba1cf7ac2bba1170a0"},"description":"Portal de noticias del Per\u00fa sobre el transporte a\u00e9reo, aviaci\u00f3n, turismo, hoteleria, actualidad.","breadcrumb":{"@id":"https:\/\/aeronoticias.com.pe\/noticiero\/transporte-aereo\/nacional\/contraloria-desmiente-al-presidente-regional-sobre-retrasos-que-ocasionarian-fiscalizacion-del-aerodromo-wanka\/#breadcrumb"},"inLanguage":"es","potentialAction":[{"@type":"ReadAction","target":["https:\/\/aeronoticias.com.pe\/noticiero\/transporte-aereo\/nacional\/contraloria-desmiente-al-presidente-regional-sobre-retrasos-que-ocasionarian-fiscalizacion-del-aerodromo-wanka\/"]}]},{"@type":"BreadcrumbList","@id":"https:\/\/aeronoticias.com.pe\/noticiero\/transporte-aereo\/nacional\/contraloria-desmiente-al-presidente-regional-sobre-retrasos-que-ocasionarian-fiscalizacion-del-aerodromo-wanka\/#breadcrumb","itemListElement":[{"@type":"ListItem","position":1,"name":"Portada","item":"https:\/\/aeronoticias.com.pe\/noticiero\/"},{"@type":"ListItem","position":2,"name":"Contralor\u00eda desmiente al Presidente Regional sobre retrasos que ocasionar\u00edan fiscalizaci\u00f3n del Aer\u00f3dromo Wanka"}]},{"@type":"WebSite","@id":"https:\/\/aeronoticias.com.pe\/noticiero\/#website","url":"https:\/\/aeronoticias.com.pe\/noticiero\/","name":"Aeronoticias.com.pe","description":"Noticias de tranporte aereo, turismo, hoteles, gastronomia, actualidad, internacional","potentialAction":[{"@type":"SearchAction","target":{"@type":"EntryPoint","urlTemplate":"https:\/\/aeronoticias.com.pe\/noticiero\/?s={search_term_string}"},"query-input":{"@type":"PropertyValueSpecification","valueRequired":true,"valueName":"search_term_string"}}],"inLanguage":"es"},{"@type":"Person","@id":"https:\/\/aeronoticias.com.pe\/noticiero\/#\/schema\/person\/fc1e5d578f4b62ba1cf7ac2bba1170a0","name":"Redacci\u00f3n Aeronoticias","url":"https:\/\/aeronoticias.com.pe\/noticiero\/author\/piloto\/"}]}},"_links":{"self":[{"href":"https:\/\/aeronoticias.com.pe\/noticiero\/wp-json\/wp\/v2\/posts\/43962","targetHints":{"allow":["GET"]}}],"collection":[{"href":"https:\/\/aeronoticias.com.pe\/noticiero\/wp-json\/wp\/v2\/posts"}],"about":[{"href":"https:\/\/aeronoticias.com.pe\/noticiero\/wp-json\/wp\/v2\/types\/post"}],"author":[{"embeddable":true,"href":"https:\/\/aeronoticias.com.pe\/noticiero\/wp-json\/wp\/v2\/users\/1"}],"replies":[{"embeddable":true,"href":"https:\/\/aeronoticias.com.pe\/noticiero\/wp-json\/wp\/v2\/comments?post=43962"}],"version-history":[{"count":0,"href":"https:\/\/aeronoticias.com.pe\/noticiero\/wp-json\/wp\/v2\/posts\/43962\/revisions"}],"wp:attachment":[{"href":"https:\/\/aeronoticias.com.pe\/noticiero\/wp-json\/wp\/v2\/media?parent=43962"}],"wp:term":[{"taxonomy":"category","embeddable":true,"href":"https:\/\/aeronoticias.com.pe\/noticiero\/wp-json\/wp\/v2\/categories?post=43962"},{"taxonomy":"post_tag","embeddable":true,"href":"https:\/\/aeronoticias.com.pe\/noticiero\/wp-json\/wp\/v2\/tags?post=43962"}],"curies":[{"name":"wp","href":"https:\/\/api.w.org\/{rel}","templated":true}]}}