{"id":43963,"date":"2014-02-28T14:57:07","date_gmt":"2014-02-28T14:57:07","guid":{"rendered":"http:\/\/desarrollo.mcvicious.com\/aero2020\/2014\/02\/28\/tren-electrico-director-evadio-normas-y-contrato-amigos\/"},"modified":"2014-02-28T14:57:07","modified_gmt":"2014-02-28T14:57:07","slug":"tren-electrico-director-evadio-normas-y-contrato-amigos","status":"publish","type":"post","link":"https:\/\/aeronoticias.com.pe\/noticiero\/nacionales\/tren-electrico-director-evadio-normas-y-contrato-amigos\/","title":{"rendered":"Tren el\u00e9ctrico: director evadi\u00f3 normas y contrat\u00f3 amigos"},"content":{"rendered":"<p style=\"text-align: justify;\"><img decoding=\"async\" src=\"images\/stories\/14\/02\/280214\/a5.jpg\" border=\"0\" \/><\/p>\n<p style=\"text-align: justify;\"><strong>(Aeronoticias).<\/strong>&#8211; <em>Waldo Carre\u00f1o autoriz\u00f3 fraccionamiento de servicios por S\/.400 mil para su despacho y Log\u00edstica para evitar concursos p\u00fablicos.<\/em><\/p>\n<p style=\"text-align: justify;\">El director ejecutivo de la Autoridad Aut\u00f3noma del Tren El\u00e9ctrico (AATE), Waldo Carre\u00f1o Meza, evadi\u00f3 las normas de contrataci\u00f3n del Estado para emplear a seis de sus amigos y beneficiar a dos consultoras en esa entidad entre agosto y diciembre del 2013, seg\u00fan documentos oficiales de su propio portal de transparencia revisados por El Comercio.<\/p>\n<p style=\"text-align: justify;\">Carre\u00f1o autoriz\u00f3 el fraccionamiento de servicios para su despacho y el \u00e1rea de Log\u00edstica en 51 contratos directos por S\/.400 mil, a fin de evadir los concursos p\u00fablicos y beneficiar a un grupo de personas y consultoras.<\/p>\n<p style=\"text-align: justify;\">En el papel, los servicios profesionales fueron prestados por distintos proveedores, pero en realidad se trat\u00f3 de contratos fraccionados en montos menores a S\/.11.500 \u2013la cifra permitida para contratar directamente\u2013 y direccionados para personas de su entorno.<\/p>\n<p style=\"text-align: justify;\">Waldo Carre\u00f1o, ingeniero civil de profesi\u00f3n, fue designado por el ministro de Transportes y Comunicaciones, Carlos Paredes, el 1 de agosto del 2013, en reemplazo de Oswaldo Plasencia, quien sali\u00f3 tras irregularidades detectadas por la prensa.<\/p>\n<p style=\"text-align: justify;\">Ahora Carre\u00f1o tambi\u00e9n est\u00e1 en el ojo de la tormenta. El Comercio document\u00f3 ocho casos de contratos dirigidos. El primero fue el de su asesor legal, \u00c1ngel Zavaleta R\u00edos, abogado de 28 a\u00f1os, sin experiencia en el cargo, quien labor\u00f3 antes en Euroestudios S.L., consultora privada de ingenier\u00eda y arquitectura que dirigi\u00f3 Waldo Carre\u00f1o.<\/p>\n<p style=\"text-align: justify;\">\u00a0<\/p>\n<p style=\"text-align: justify;\">Fuente: <strong><em>elcomercio.pe<\/em><\/strong><\/p>\n<p style=\"text-align: justify;\">Foto: <strong><em>cde.peru21.pe<\/em><\/strong><\/p>\n","protected":false},"excerpt":{"rendered":"<p>(Aeronoticias).&#8211; Waldo Carre\u00f1o autoriz\u00f3 fraccionamiento de servicios por S\/.400 mil para su despacho y Log\u00edstica para evitar concursos p\u00fablicos. El director ejecutivo de la Autoridad Aut\u00f3noma del Tren El\u00e9ctrico (AATE), Waldo Carre\u00f1o Meza, evadi\u00f3 las normas de contrataci\u00f3n del Estado para emplear a seis de sus amigos y beneficiar a dos consultoras en esa entidad [&hellip;]<\/p>\n","protected":false},"author":1,"featured_media":0,"comment_status":"open","ping_status":"open","sticky":false,"template":"","format":"standard","meta":{"tdm_status":"","tdm_grid_status":"","footnotes":""},"categories":[38],"tags":[],"class_list":{"0":"post-43963","1":"post","2":"type-post","3":"status-publish","4":"format-standard","6":"category-nacionales"},"yoast_head":"<!-- This site is optimized with the Yoast SEO plugin v25.1 - https:\/\/yoast.com\/wordpress\/plugins\/seo\/ -->\n<title>Tren el\u00e9ctrico: director evadi\u00f3 normas y contrat\u00f3 amigos<\/title>\n<meta name=\"description\" content=\"Portal de noticias del Per\u00fa sobre el transporte a\u00e9reo, aviaci\u00f3n, turismo, hoteleria, actualidad.\" \/>\n<meta name=\"robots\" content=\"index, follow, max-snippet:-1, max-image-preview:large, max-video-preview:-1\" \/>\n<link rel=\"canonical\" href=\"https:\/\/aeronoticias.com.pe\/noticiero\/nacionales\/tren-electrico-director-evadio-normas-y-contrato-amigos\/\" \/>\n<meta property=\"og:locale\" content=\"es_ES\" \/>\n<meta property=\"og:type\" content=\"article\" \/>\n<meta property=\"og:title\" content=\"Tren el\u00e9ctrico: director evadi\u00f3 normas y contrat\u00f3 amigos\" \/>\n<meta property=\"og:description\" content=\"Portal de noticias del Per\u00fa sobre el transporte a\u00e9reo, aviaci\u00f3n, turismo, hoteleria, actualidad.\" \/>\n<meta property=\"og:url\" content=\"https:\/\/aeronoticias.com.pe\/noticiero\/nacionales\/tren-electrico-director-evadio-normas-y-contrato-amigos\/\" \/>\n<meta property=\"og:site_name\" content=\"Aeronoticias.com.pe\" \/>\n<meta property=\"article:publisher\" content=\"https:\/\/www.facebook.com\/Aeronoticias.com.pe\/\" \/>\n<meta property=\"article:published_time\" content=\"2014-02-28T14:57:07+00:00\" \/>\n<meta name=\"author\" content=\"Redacci\u00f3n Aeronoticias\" \/>\n<meta name=\"twitter:card\" content=\"summary_large_image\" \/>\n<meta name=\"twitter:creator\" content=\"@aeronoticias\" \/>\n<meta name=\"twitter:site\" content=\"@aeronoticias\" \/>\n<meta name=\"twitter:label1\" content=\"Escrito por\" \/>\n\t<meta name=\"twitter:data1\" content=\"Redacci\u00f3n Aeronoticias\" \/>\n\t<meta name=\"twitter:label2\" content=\"Tiempo de lectura\" \/>\n\t<meta name=\"twitter:data2\" content=\"1 minuto\" \/>\n<script type=\"application\/ld+json\" class=\"yoast-schema-graph\">{\"@context\":\"https:\/\/schema.org\",\"@graph\":[{\"@type\":\"WebPage\",\"@id\":\"https:\/\/aeronoticias.com.pe\/noticiero\/nacionales\/tren-electrico-director-evadio-normas-y-contrato-amigos\/\",\"url\":\"https:\/\/aeronoticias.com.pe\/noticiero\/nacionales\/tren-electrico-director-evadio-normas-y-contrato-amigos\/\",\"name\":\"Tren el\u00e9ctrico: director evadi\u00f3 normas y contrat\u00f3 amigos\",\"isPartOf\":{\"@id\":\"https:\/\/aeronoticias.com.pe\/noticiero\/#website\"},\"datePublished\":\"2014-02-28T14:57:07+00:00\",\"author\":{\"@id\":\"https:\/\/aeronoticias.com.pe\/noticiero\/#\/schema\/person\/fc1e5d578f4b62ba1cf7ac2bba1170a0\"},\"description\":\"Portal de noticias del Per\u00fa sobre el transporte a\u00e9reo, aviaci\u00f3n, turismo, hoteleria, actualidad.\",\"breadcrumb\":{\"@id\":\"https:\/\/aeronoticias.com.pe\/noticiero\/nacionales\/tren-electrico-director-evadio-normas-y-contrato-amigos\/#breadcrumb\"},\"inLanguage\":\"es\",\"potentialAction\":[{\"@type\":\"ReadAction\",\"target\":[\"https:\/\/aeronoticias.com.pe\/noticiero\/nacionales\/tren-electrico-director-evadio-normas-y-contrato-amigos\/\"]}]},{\"@type\":\"BreadcrumbList\",\"@id\":\"https:\/\/aeronoticias.com.pe\/noticiero\/nacionales\/tren-electrico-director-evadio-normas-y-contrato-amigos\/#breadcrumb\",\"itemListElement\":[{\"@type\":\"ListItem\",\"position\":1,\"name\":\"Portada\",\"item\":\"https:\/\/aeronoticias.com.pe\/noticiero\/\"},{\"@type\":\"ListItem\",\"position\":2,\"name\":\"Tren el\u00e9ctrico: director evadi\u00f3 normas y contrat\u00f3 amigos\"}]},{\"@type\":\"WebSite\",\"@id\":\"https:\/\/aeronoticias.com.pe\/noticiero\/#website\",\"url\":\"https:\/\/aeronoticias.com.pe\/noticiero\/\",\"name\":\"Aeronoticias.com.pe\",\"description\":\"Noticias de tranporte aereo, turismo, hoteles, gastronomia, actualidad, internacional\",\"potentialAction\":[{\"@type\":\"SearchAction\",\"target\":{\"@type\":\"EntryPoint\",\"urlTemplate\":\"https:\/\/aeronoticias.com.pe\/noticiero\/?s={search_term_string}\"},\"query-input\":{\"@type\":\"PropertyValueSpecification\",\"valueRequired\":true,\"valueName\":\"search_term_string\"}}],\"inLanguage\":\"es\"},{\"@type\":\"Person\",\"@id\":\"https:\/\/aeronoticias.com.pe\/noticiero\/#\/schema\/person\/fc1e5d578f4b62ba1cf7ac2bba1170a0\",\"name\":\"Redacci\u00f3n Aeronoticias\",\"url\":\"https:\/\/aeronoticias.com.pe\/noticiero\/author\/piloto\/\"}]}<\/script>\n<!-- \/ Yoast SEO plugin. -->","yoast_head_json":{"title":"Tren el\u00e9ctrico: director evadi\u00f3 normas y contrat\u00f3 amigos","description":"Portal de noticias del Per\u00fa sobre el transporte a\u00e9reo, aviaci\u00f3n, turismo, hoteleria, actualidad.","robots":{"index":"index","follow":"follow","max-snippet":"max-snippet:-1","max-image-preview":"max-image-preview:large","max-video-preview":"max-video-preview:-1"},"canonical":"https:\/\/aeronoticias.com.pe\/noticiero\/nacionales\/tren-electrico-director-evadio-normas-y-contrato-amigos\/","og_locale":"es_ES","og_type":"article","og_title":"Tren el\u00e9ctrico: director evadi\u00f3 normas y contrat\u00f3 amigos","og_description":"Portal de noticias del Per\u00fa sobre el transporte a\u00e9reo, aviaci\u00f3n, turismo, hoteleria, actualidad.","og_url":"https:\/\/aeronoticias.com.pe\/noticiero\/nacionales\/tren-electrico-director-evadio-normas-y-contrato-amigos\/","og_site_name":"Aeronoticias.com.pe","article_publisher":"https:\/\/www.facebook.com\/Aeronoticias.com.pe\/","article_published_time":"2014-02-28T14:57:07+00:00","author":"Redacci\u00f3n Aeronoticias","twitter_card":"summary_large_image","twitter_creator":"@aeronoticias","twitter_site":"@aeronoticias","twitter_misc":{"Escrito por":"Redacci\u00f3n Aeronoticias","Tiempo de lectura":"1 minuto"},"schema":{"@context":"https:\/\/schema.org","@graph":[{"@type":"WebPage","@id":"https:\/\/aeronoticias.com.pe\/noticiero\/nacionales\/tren-electrico-director-evadio-normas-y-contrato-amigos\/","url":"https:\/\/aeronoticias.com.pe\/noticiero\/nacionales\/tren-electrico-director-evadio-normas-y-contrato-amigos\/","name":"Tren el\u00e9ctrico: director evadi\u00f3 normas y contrat\u00f3 amigos","isPartOf":{"@id":"https:\/\/aeronoticias.com.pe\/noticiero\/#website"},"datePublished":"2014-02-28T14:57:07+00:00","author":{"@id":"https:\/\/aeronoticias.com.pe\/noticiero\/#\/schema\/person\/fc1e5d578f4b62ba1cf7ac2bba1170a0"},"description":"Portal de noticias del Per\u00fa sobre el transporte a\u00e9reo, aviaci\u00f3n, turismo, hoteleria, actualidad.","breadcrumb":{"@id":"https:\/\/aeronoticias.com.pe\/noticiero\/nacionales\/tren-electrico-director-evadio-normas-y-contrato-amigos\/#breadcrumb"},"inLanguage":"es","potentialAction":[{"@type":"ReadAction","target":["https:\/\/aeronoticias.com.pe\/noticiero\/nacionales\/tren-electrico-director-evadio-normas-y-contrato-amigos\/"]}]},{"@type":"BreadcrumbList","@id":"https:\/\/aeronoticias.com.pe\/noticiero\/nacionales\/tren-electrico-director-evadio-normas-y-contrato-amigos\/#breadcrumb","itemListElement":[{"@type":"ListItem","position":1,"name":"Portada","item":"https:\/\/aeronoticias.com.pe\/noticiero\/"},{"@type":"ListItem","position":2,"name":"Tren el\u00e9ctrico: director evadi\u00f3 normas y contrat\u00f3 amigos"}]},{"@type":"WebSite","@id":"https:\/\/aeronoticias.com.pe\/noticiero\/#website","url":"https:\/\/aeronoticias.com.pe\/noticiero\/","name":"Aeronoticias.com.pe","description":"Noticias de tranporte aereo, turismo, hoteles, gastronomia, actualidad, internacional","potentialAction":[{"@type":"SearchAction","target":{"@type":"EntryPoint","urlTemplate":"https:\/\/aeronoticias.com.pe\/noticiero\/?s={search_term_string}"},"query-input":{"@type":"PropertyValueSpecification","valueRequired":true,"valueName":"search_term_string"}}],"inLanguage":"es"},{"@type":"Person","@id":"https:\/\/aeronoticias.com.pe\/noticiero\/#\/schema\/person\/fc1e5d578f4b62ba1cf7ac2bba1170a0","name":"Redacci\u00f3n Aeronoticias","url":"https:\/\/aeronoticias.com.pe\/noticiero\/author\/piloto\/"}]}},"_links":{"self":[{"href":"https:\/\/aeronoticias.com.pe\/noticiero\/wp-json\/wp\/v2\/posts\/43963","targetHints":{"allow":["GET"]}}],"collection":[{"href":"https:\/\/aeronoticias.com.pe\/noticiero\/wp-json\/wp\/v2\/posts"}],"about":[{"href":"https:\/\/aeronoticias.com.pe\/noticiero\/wp-json\/wp\/v2\/types\/post"}],"author":[{"embeddable":true,"href":"https:\/\/aeronoticias.com.pe\/noticiero\/wp-json\/wp\/v2\/users\/1"}],"replies":[{"embeddable":true,"href":"https:\/\/aeronoticias.com.pe\/noticiero\/wp-json\/wp\/v2\/comments?post=43963"}],"version-history":[{"count":0,"href":"https:\/\/aeronoticias.com.pe\/noticiero\/wp-json\/wp\/v2\/posts\/43963\/revisions"}],"wp:attachment":[{"href":"https:\/\/aeronoticias.com.pe\/noticiero\/wp-json\/wp\/v2\/media?parent=43963"}],"wp:term":[{"taxonomy":"category","embeddable":true,"href":"https:\/\/aeronoticias.com.pe\/noticiero\/wp-json\/wp\/v2\/categories?post=43963"},{"taxonomy":"post_tag","embeddable":true,"href":"https:\/\/aeronoticias.com.pe\/noticiero\/wp-json\/wp\/v2\/tags?post=43963"}],"curies":[{"name":"wp","href":"https:\/\/api.w.org\/{rel}","templated":true}]}}