{"id":44071,"date":"2014-03-05T15:15:50","date_gmt":"2014-03-05T15:15:50","guid":{"rendered":"http:\/\/desarrollo.mcvicious.com\/aero2020\/2014\/03\/05\/avion-de-lan-rozo-a-otro-de-la-compania-brasilena-gol-quedando-ambas-danadas\/"},"modified":"2014-03-05T15:15:50","modified_gmt":"2014-03-05T15:15:50","slug":"avion-de-lan-rozo-a-otro-de-la-compania-brasilena-gol-quedando-ambas-danadas","status":"publish","type":"post","link":"https:\/\/aeronoticias.com.pe\/noticiero\/transporte-aereo\/internacional\/avion-de-lan-rozo-a-otro-de-la-compania-brasilena-gol-quedando-ambas-danadas\/","title":{"rendered":"Avi\u00f3n de LAN roz\u00f3 a otro de la compa\u00f1\u00eda brasile\u00f1a GOL quedando ambas da\u00f1adas"},"content":{"rendered":"<p style=\"text-align: justify;\"><img decoding=\"async\" src=\"images\/stories\/14\/03\/050314\/a7.jpg\" border=\"0\" \/><\/p>\n<p style=\"text-align: justify;\"><strong>(Aeronoticias).<\/strong>&#8211; <em>Un avi\u00f3n de LAN que parti\u00f3 de Tucum\u00e1n y arrib\u00f3 a Aeroparque anoche roz\u00f3 a otro de la compa\u00f1\u00eda brasile\u00f1a GOL que hab\u00eda ingresado procedente de San Pablo.<\/em><\/p>\n<p style=\"text-align: justify;\">Un Airbus A320 de LAN Argentina matr\u00edcula LV-BET, y un Boeing 737-800 matr\u00edcula PR-GGD de Gol Linhas A\u00e9reas protagonizaron anoche a las 23 y ambos resultaron da\u00f1ados.<\/p>\n<p style=\"text-align: justify;\">Seg\u00fan Aeropuertos Argentinos.com, el Boeing 737 de Gol se encontraba circulando por el rodaje principal mientras que el A320 de LAN estaba ingresando en la posici\u00f3n 19, cuando el primero colision\u00f3 el winglet ((dispositivo aerodin\u00e1mico ubicado en el extremo del ala) ) de su ala izquierda contra el tim\u00f3n de profundidad derecho del segundo.<\/p>\n<p style=\"text-align: justify;\">Los pasajeros descendieron por sus propios medios, seg\u00fan public\u00f3 Aeropuertos Argentina 2000.<\/p>\n<p style=\"text-align: justify;\">A principios de noviembre ocurri\u00f3 un incidente similar en Aeroparque.<\/p>\n<p style=\"text-align: justify;\">Un avi\u00f3n de Aerol\u00edneas Argentinas que part\u00eda hacia Tucum\u00e1n y otro de Austral, que ingresaba procedente de San Pablo, chocaron en la aeroestaci\u00f3n. El incidente, como anoche, no produjo demoras en los otros vuelos.<\/p>\n<p style=\"text-align: justify;\">\u00a0<\/p>\n<p style=\"text-align: justify;\">Fuente: \u00a0<strong><em>www.losandes.com.ar<\/em><\/strong><\/p>\n<p style=\"text-align: justify;\">Foto: \u00a0<strong><em>www.losandes.com.ar<\/em><\/strong><\/p>\n","protected":false},"excerpt":{"rendered":"<p>(Aeronoticias).&#8211; Un avi\u00f3n de LAN que parti\u00f3 de Tucum\u00e1n y arrib\u00f3 a Aeroparque anoche roz\u00f3 a otro de la compa\u00f1\u00eda brasile\u00f1a GOL que hab\u00eda ingresado procedente de San Pablo. Un Airbus A320 de LAN Argentina matr\u00edcula LV-BET, y un Boeing 737-800 matr\u00edcula PR-GGD de Gol Linhas A\u00e9reas protagonizaron anoche a las 23 y ambos resultaron [&hellip;]<\/p>\n","protected":false},"author":1,"featured_media":0,"comment_status":"open","ping_status":"open","sticky":false,"template":"","format":"standard","meta":{"tdm_status":"","tdm_grid_status":"","footnotes":""},"categories":[32],"tags":[],"class_list":{"0":"post-44071","1":"post","2":"type-post","3":"status-publish","4":"format-standard","6":"category-internacional"},"yoast_head":"<!-- This site is optimized with the Yoast SEO plugin v25.1 - https:\/\/yoast.com\/wordpress\/plugins\/seo\/ -->\n<title>Avi\u00f3n de LAN roz\u00f3 a otro de la compa\u00f1\u00eda brasile\u00f1a GOL quedando ambas da\u00f1adas<\/title>\n<meta name=\"description\" content=\"Portal de noticias del Per\u00fa sobre el transporte a\u00e9reo, aviaci\u00f3n, turismo, hoteleria, actualidad.\" \/>\n<meta name=\"robots\" content=\"index, follow, max-snippet:-1, max-image-preview:large, max-video-preview:-1\" \/>\n<link rel=\"canonical\" href=\"https:\/\/aeronoticias.com.pe\/noticiero\/transporte-aereo\/internacional\/avion-de-lan-rozo-a-otro-de-la-compania-brasilena-gol-quedando-ambas-danadas\/\" \/>\n<meta property=\"og:locale\" content=\"es_ES\" \/>\n<meta property=\"og:type\" content=\"article\" \/>\n<meta property=\"og:title\" content=\"Avi\u00f3n de LAN roz\u00f3 a otro de la compa\u00f1\u00eda brasile\u00f1a GOL quedando ambas da\u00f1adas\" \/>\n<meta property=\"og:description\" content=\"Portal de noticias del Per\u00fa sobre el transporte a\u00e9reo, aviaci\u00f3n, turismo, hoteleria, actualidad.\" \/>\n<meta property=\"og:url\" content=\"https:\/\/aeronoticias.com.pe\/noticiero\/transporte-aereo\/internacional\/avion-de-lan-rozo-a-otro-de-la-compania-brasilena-gol-quedando-ambas-danadas\/\" \/>\n<meta property=\"og:site_name\" content=\"Aeronoticias.com.pe\" \/>\n<meta property=\"article:publisher\" content=\"https:\/\/www.facebook.com\/Aeronoticias.com.pe\/\" \/>\n<meta property=\"article:published_time\" content=\"2014-03-05T15:15:50+00:00\" \/>\n<meta name=\"author\" content=\"Redacci\u00f3n Aeronoticias\" \/>\n<meta name=\"twitter:card\" content=\"summary_large_image\" \/>\n<meta name=\"twitter:creator\" content=\"@aeronoticias\" \/>\n<meta name=\"twitter:site\" content=\"@aeronoticias\" \/>\n<meta name=\"twitter:label1\" content=\"Escrito por\" \/>\n\t<meta name=\"twitter:data1\" content=\"Redacci\u00f3n Aeronoticias\" \/>\n\t<meta name=\"twitter:label2\" content=\"Tiempo de lectura\" \/>\n\t<meta name=\"twitter:data2\" content=\"1 minuto\" \/>\n<script type=\"application\/ld+json\" class=\"yoast-schema-graph\">{\"@context\":\"https:\/\/schema.org\",\"@graph\":[{\"@type\":\"WebPage\",\"@id\":\"https:\/\/aeronoticias.com.pe\/noticiero\/transporte-aereo\/internacional\/avion-de-lan-rozo-a-otro-de-la-compania-brasilena-gol-quedando-ambas-danadas\/\",\"url\":\"https:\/\/aeronoticias.com.pe\/noticiero\/transporte-aereo\/internacional\/avion-de-lan-rozo-a-otro-de-la-compania-brasilena-gol-quedando-ambas-danadas\/\",\"name\":\"Avi\u00f3n de LAN roz\u00f3 a otro de la compa\u00f1\u00eda brasile\u00f1a GOL quedando ambas da\u00f1adas\",\"isPartOf\":{\"@id\":\"https:\/\/aeronoticias.com.pe\/noticiero\/#website\"},\"datePublished\":\"2014-03-05T15:15:50+00:00\",\"author\":{\"@id\":\"https:\/\/aeronoticias.com.pe\/noticiero\/#\/schema\/person\/fc1e5d578f4b62ba1cf7ac2bba1170a0\"},\"description\":\"Portal de noticias del Per\u00fa sobre el transporte a\u00e9reo, aviaci\u00f3n, turismo, hoteleria, actualidad.\",\"breadcrumb\":{\"@id\":\"https:\/\/aeronoticias.com.pe\/noticiero\/transporte-aereo\/internacional\/avion-de-lan-rozo-a-otro-de-la-compania-brasilena-gol-quedando-ambas-danadas\/#breadcrumb\"},\"inLanguage\":\"es\",\"potentialAction\":[{\"@type\":\"ReadAction\",\"target\":[\"https:\/\/aeronoticias.com.pe\/noticiero\/transporte-aereo\/internacional\/avion-de-lan-rozo-a-otro-de-la-compania-brasilena-gol-quedando-ambas-danadas\/\"]}]},{\"@type\":\"BreadcrumbList\",\"@id\":\"https:\/\/aeronoticias.com.pe\/noticiero\/transporte-aereo\/internacional\/avion-de-lan-rozo-a-otro-de-la-compania-brasilena-gol-quedando-ambas-danadas\/#breadcrumb\",\"itemListElement\":[{\"@type\":\"ListItem\",\"position\":1,\"name\":\"Portada\",\"item\":\"https:\/\/aeronoticias.com.pe\/noticiero\/\"},{\"@type\":\"ListItem\",\"position\":2,\"name\":\"Avi\u00f3n de LAN roz\u00f3 a otro de la compa\u00f1\u00eda brasile\u00f1a GOL quedando ambas da\u00f1adas\"}]},{\"@type\":\"WebSite\",\"@id\":\"https:\/\/aeronoticias.com.pe\/noticiero\/#website\",\"url\":\"https:\/\/aeronoticias.com.pe\/noticiero\/\",\"name\":\"Aeronoticias.com.pe\",\"description\":\"Noticias de tranporte aereo, turismo, hoteles, gastronomia, actualidad, internacional\",\"potentialAction\":[{\"@type\":\"SearchAction\",\"target\":{\"@type\":\"EntryPoint\",\"urlTemplate\":\"https:\/\/aeronoticias.com.pe\/noticiero\/?s={search_term_string}\"},\"query-input\":{\"@type\":\"PropertyValueSpecification\",\"valueRequired\":true,\"valueName\":\"search_term_string\"}}],\"inLanguage\":\"es\"},{\"@type\":\"Person\",\"@id\":\"https:\/\/aeronoticias.com.pe\/noticiero\/#\/schema\/person\/fc1e5d578f4b62ba1cf7ac2bba1170a0\",\"name\":\"Redacci\u00f3n Aeronoticias\",\"url\":\"https:\/\/aeronoticias.com.pe\/noticiero\/author\/piloto\/\"}]}<\/script>\n<!-- \/ Yoast SEO plugin. -->","yoast_head_json":{"title":"Avi\u00f3n de LAN roz\u00f3 a otro de la compa\u00f1\u00eda brasile\u00f1a GOL quedando ambas da\u00f1adas","description":"Portal de noticias del Per\u00fa sobre el transporte a\u00e9reo, aviaci\u00f3n, turismo, hoteleria, actualidad.","robots":{"index":"index","follow":"follow","max-snippet":"max-snippet:-1","max-image-preview":"max-image-preview:large","max-video-preview":"max-video-preview:-1"},"canonical":"https:\/\/aeronoticias.com.pe\/noticiero\/transporte-aereo\/internacional\/avion-de-lan-rozo-a-otro-de-la-compania-brasilena-gol-quedando-ambas-danadas\/","og_locale":"es_ES","og_type":"article","og_title":"Avi\u00f3n de LAN roz\u00f3 a otro de la compa\u00f1\u00eda brasile\u00f1a GOL quedando ambas da\u00f1adas","og_description":"Portal de noticias del Per\u00fa sobre el transporte a\u00e9reo, aviaci\u00f3n, turismo, hoteleria, actualidad.","og_url":"https:\/\/aeronoticias.com.pe\/noticiero\/transporte-aereo\/internacional\/avion-de-lan-rozo-a-otro-de-la-compania-brasilena-gol-quedando-ambas-danadas\/","og_site_name":"Aeronoticias.com.pe","article_publisher":"https:\/\/www.facebook.com\/Aeronoticias.com.pe\/","article_published_time":"2014-03-05T15:15:50+00:00","author":"Redacci\u00f3n Aeronoticias","twitter_card":"summary_large_image","twitter_creator":"@aeronoticias","twitter_site":"@aeronoticias","twitter_misc":{"Escrito por":"Redacci\u00f3n Aeronoticias","Tiempo de lectura":"1 minuto"},"schema":{"@context":"https:\/\/schema.org","@graph":[{"@type":"WebPage","@id":"https:\/\/aeronoticias.com.pe\/noticiero\/transporte-aereo\/internacional\/avion-de-lan-rozo-a-otro-de-la-compania-brasilena-gol-quedando-ambas-danadas\/","url":"https:\/\/aeronoticias.com.pe\/noticiero\/transporte-aereo\/internacional\/avion-de-lan-rozo-a-otro-de-la-compania-brasilena-gol-quedando-ambas-danadas\/","name":"Avi\u00f3n de LAN roz\u00f3 a otro de la compa\u00f1\u00eda brasile\u00f1a GOL quedando ambas da\u00f1adas","isPartOf":{"@id":"https:\/\/aeronoticias.com.pe\/noticiero\/#website"},"datePublished":"2014-03-05T15:15:50+00:00","author":{"@id":"https:\/\/aeronoticias.com.pe\/noticiero\/#\/schema\/person\/fc1e5d578f4b62ba1cf7ac2bba1170a0"},"description":"Portal de noticias del Per\u00fa sobre el transporte a\u00e9reo, aviaci\u00f3n, turismo, hoteleria, actualidad.","breadcrumb":{"@id":"https:\/\/aeronoticias.com.pe\/noticiero\/transporte-aereo\/internacional\/avion-de-lan-rozo-a-otro-de-la-compania-brasilena-gol-quedando-ambas-danadas\/#breadcrumb"},"inLanguage":"es","potentialAction":[{"@type":"ReadAction","target":["https:\/\/aeronoticias.com.pe\/noticiero\/transporte-aereo\/internacional\/avion-de-lan-rozo-a-otro-de-la-compania-brasilena-gol-quedando-ambas-danadas\/"]}]},{"@type":"BreadcrumbList","@id":"https:\/\/aeronoticias.com.pe\/noticiero\/transporte-aereo\/internacional\/avion-de-lan-rozo-a-otro-de-la-compania-brasilena-gol-quedando-ambas-danadas\/#breadcrumb","itemListElement":[{"@type":"ListItem","position":1,"name":"Portada","item":"https:\/\/aeronoticias.com.pe\/noticiero\/"},{"@type":"ListItem","position":2,"name":"Avi\u00f3n de LAN roz\u00f3 a otro de la compa\u00f1\u00eda brasile\u00f1a GOL quedando ambas da\u00f1adas"}]},{"@type":"WebSite","@id":"https:\/\/aeronoticias.com.pe\/noticiero\/#website","url":"https:\/\/aeronoticias.com.pe\/noticiero\/","name":"Aeronoticias.com.pe","description":"Noticias de tranporte aereo, turismo, hoteles, gastronomia, actualidad, internacional","potentialAction":[{"@type":"SearchAction","target":{"@type":"EntryPoint","urlTemplate":"https:\/\/aeronoticias.com.pe\/noticiero\/?s={search_term_string}"},"query-input":{"@type":"PropertyValueSpecification","valueRequired":true,"valueName":"search_term_string"}}],"inLanguage":"es"},{"@type":"Person","@id":"https:\/\/aeronoticias.com.pe\/noticiero\/#\/schema\/person\/fc1e5d578f4b62ba1cf7ac2bba1170a0","name":"Redacci\u00f3n Aeronoticias","url":"https:\/\/aeronoticias.com.pe\/noticiero\/author\/piloto\/"}]}},"_links":{"self":[{"href":"https:\/\/aeronoticias.com.pe\/noticiero\/wp-json\/wp\/v2\/posts\/44071","targetHints":{"allow":["GET"]}}],"collection":[{"href":"https:\/\/aeronoticias.com.pe\/noticiero\/wp-json\/wp\/v2\/posts"}],"about":[{"href":"https:\/\/aeronoticias.com.pe\/noticiero\/wp-json\/wp\/v2\/types\/post"}],"author":[{"embeddable":true,"href":"https:\/\/aeronoticias.com.pe\/noticiero\/wp-json\/wp\/v2\/users\/1"}],"replies":[{"embeddable":true,"href":"https:\/\/aeronoticias.com.pe\/noticiero\/wp-json\/wp\/v2\/comments?post=44071"}],"version-history":[{"count":0,"href":"https:\/\/aeronoticias.com.pe\/noticiero\/wp-json\/wp\/v2\/posts\/44071\/revisions"}],"wp:attachment":[{"href":"https:\/\/aeronoticias.com.pe\/noticiero\/wp-json\/wp\/v2\/media?parent=44071"}],"wp:term":[{"taxonomy":"category","embeddable":true,"href":"https:\/\/aeronoticias.com.pe\/noticiero\/wp-json\/wp\/v2\/categories?post=44071"},{"taxonomy":"post_tag","embeddable":true,"href":"https:\/\/aeronoticias.com.pe\/noticiero\/wp-json\/wp\/v2\/tags?post=44071"}],"curies":[{"name":"wp","href":"https:\/\/api.w.org\/{rel}","templated":true}]}}