{"id":44073,"date":"2014-03-05T15:36:01","date_gmt":"2014-03-05T15:36:01","guid":{"rendered":"http:\/\/desarrollo.mcvicious.com\/aero2020\/2014\/03\/05\/indignante-qla-cabina-de-un-avion-de-pasajeros-no-es-lugar-para-una-mujerq\/"},"modified":"2014-03-05T15:36:01","modified_gmt":"2014-03-05T15:36:01","slug":"indignante-qla-cabina-de-un-avion-de-pasajeros-no-es-lugar-para-una-mujerq","status":"publish","type":"post","link":"https:\/\/aeronoticias.com.pe\/noticiero\/transporte-aereo\/internacional\/indignante-qla-cabina-de-un-avion-de-pasajeros-no-es-lugar-para-una-mujerq\/","title":{"rendered":"Indignante: \u00abLa cabina de un avi\u00f3n de pasajeros no es lugar para una mujer\u00bb"},"content":{"rendered":"<p style=\"text-align: justify;\"><img decoding=\"async\" src=\"images\/stories\/14\/03\/050314\/a8.jpg\" border=\"0\" \/><\/p>\n<p style=\"text-align: justify;\"><strong>(Aeronoticias).-<\/strong><em> Indignante nota de un pasajero a bordo.<\/em><\/p>\n<p style=\"text-align: justify;\">\n<ul>\n<li><em style=\"line-height: 1.3em;\">Un pasajero dej\u00f3 una nota machista al saber que el avi\u00f3n lo pilotaba una mujer.<\/em><\/li>\n<li><em style=\"line-height: 1.3em;\">En la nota dec\u00eda que \u00abpara una mujer ser madre es el mayor honor\u00bb.<\/em><\/li>\n<li><em style=\"line-height: 1.3em;\">Carey Steacy, la piloto, ha denunciado la discriminaci\u00f3n de la que ha sido v\u00edctima.<\/em><\/li>\n<\/ul>\n<p style=\"text-align: justify;\">Carey Steacy es piloto de avi\u00f3n en la aerol\u00ednea WestJet Airlines y ha sido v\u00edctima de una indignante muestra de machismo por parte de uno de sus pasajeros. Tras uno de sus vuelos descubri\u00f3 una nota que hab\u00eda dejado uno de los pasajeros en la que se pod\u00eda leer, \u201cla cabina de un avi\u00f3n no es lugar para una mujer\u201d. Indignada, Carey, ha decidido hacer p\u00fablicas las im\u00e1genes de la nota.<\/p>\n<p style=\"text-align: justify;\">Seg\u00fan informa el diario Daily Mail, despu\u00e9s de un vuelo entre Calgary y Victoria la piloto de la aerol\u00ednea canadiense WestJet recibi\u00f3 una nota, en una servilleta, que uno de los pasajeros hab\u00eda dejado en su asiento.<\/p>\n<p style=\"text-align: justify;\">\u201cLa cabina de un avi\u00f3n de pasajeros no es lugar para una mujer\u201d, dice la nota, \u201cpara una mujer ser madre es el mayor honor, no ser capit\u00e1n\u201d. El pasajero se queja de que la compa\u00f1\u00eda deber\u00eda avisar que el vuelo va a ser pilotado por una mujer, \u201cpara que yo pudiera reservar otro vuelo\u201d.<\/p>\n<p style=\"text-align: justify;\">\u201cAl final todo esto es mera vanidad\u201d, termina la nota firmada con un \u201crespetuosamente, con cari\u00f1o, David\u201d.<\/p>\n<p style=\"text-align: justify;\">Carey asegura que en sus 17 a\u00f1os de carrera ha recibido muchos comentarios de los pasajeros al enterarse de que una mejor pilota el avi\u00f3n, \u201cpero casi siempre son positivos\u201d. Finalmente ha decidido publicar la nota para denunciar la discriminaci\u00f3n de la que ha sido v\u00edctima.<\/p>\n<p style=\"text-align: justify;\">Desde la compa\u00f1\u00eda han defendido \u201cla profesionalidad, conocimientos y experiencia de todos nuestros pilotos\u201d y no han querido hacer m\u00e1s comentarios para no dar m\u00e1s publicidad a alguien \u201cque no la merece\u201d.<\/p>\n<p style=\"text-align: justify;\">\u00a0<\/p>\n<p style=\"text-align: justify;\">Fuente: \u00a0<strong><em>www.telecinco.es<\/em><\/strong><\/p>\n<p style=\"text-align: justify;\">Foto: \u00a0<strong><em>www.telecinco.es<\/em><\/strong><\/p>\n<div><\/div>\n","protected":false},"excerpt":{"rendered":"<p>(Aeronoticias).- Indignante nota de un pasajero a bordo. Un pasajero dej\u00f3 una nota machista al saber que el avi\u00f3n lo pilotaba una mujer. En la nota dec\u00eda que \u00abpara una mujer ser madre es el mayor honor\u00bb. Carey Steacy, la piloto, ha denunciado la discriminaci\u00f3n de la que ha sido v\u00edctima. Carey Steacy es piloto [&hellip;]<\/p>\n","protected":false},"author":1,"featured_media":0,"comment_status":"open","ping_status":"open","sticky":false,"template":"","format":"standard","meta":{"tdm_status":"","tdm_grid_status":"","footnotes":""},"categories":[32],"tags":[],"class_list":{"0":"post-44073","1":"post","2":"type-post","3":"status-publish","4":"format-standard","6":"category-internacional"},"yoast_head":"<!-- This site is optimized with the Yoast SEO plugin v25.1 - https:\/\/yoast.com\/wordpress\/plugins\/seo\/ -->\n<title>Indignante: &quot;La cabina de un avi\u00f3n de pasajeros no es lugar para una mujer&quot;<\/title>\n<meta name=\"description\" content=\"Portal de noticias del Per\u00fa sobre el transporte a\u00e9reo, aviaci\u00f3n, turismo, hoteleria, actualidad.\" \/>\n<meta name=\"robots\" content=\"index, follow, max-snippet:-1, max-image-preview:large, max-video-preview:-1\" \/>\n<link rel=\"canonical\" href=\"https:\/\/aeronoticias.com.pe\/noticiero\/transporte-aereo\/internacional\/indignante-qla-cabina-de-un-avion-de-pasajeros-no-es-lugar-para-una-mujerq\/\" \/>\n<meta property=\"og:locale\" content=\"es_ES\" \/>\n<meta property=\"og:type\" content=\"article\" \/>\n<meta property=\"og:title\" content=\"Indignante: &quot;La cabina de un avi\u00f3n de pasajeros no es lugar para una mujer&quot;\" \/>\n<meta property=\"og:description\" content=\"Portal de noticias del Per\u00fa sobre el transporte a\u00e9reo, aviaci\u00f3n, turismo, hoteleria, actualidad.\" \/>\n<meta property=\"og:url\" content=\"https:\/\/aeronoticias.com.pe\/noticiero\/transporte-aereo\/internacional\/indignante-qla-cabina-de-un-avion-de-pasajeros-no-es-lugar-para-una-mujerq\/\" \/>\n<meta property=\"og:site_name\" content=\"Aeronoticias.com.pe\" \/>\n<meta property=\"article:publisher\" content=\"https:\/\/www.facebook.com\/Aeronoticias.com.pe\/\" \/>\n<meta property=\"article:published_time\" content=\"2014-03-05T15:36:01+00:00\" \/>\n<meta name=\"author\" content=\"Redacci\u00f3n Aeronoticias\" \/>\n<meta name=\"twitter:card\" content=\"summary_large_image\" \/>\n<meta name=\"twitter:creator\" content=\"@aeronoticias\" \/>\n<meta name=\"twitter:site\" content=\"@aeronoticias\" \/>\n<meta name=\"twitter:label1\" content=\"Escrito por\" \/>\n\t<meta name=\"twitter:data1\" content=\"Redacci\u00f3n Aeronoticias\" \/>\n\t<meta name=\"twitter:label2\" content=\"Tiempo de lectura\" \/>\n\t<meta name=\"twitter:data2\" content=\"2 minutos\" \/>\n<script type=\"application\/ld+json\" class=\"yoast-schema-graph\">{\"@context\":\"https:\/\/schema.org\",\"@graph\":[{\"@type\":\"WebPage\",\"@id\":\"https:\/\/aeronoticias.com.pe\/noticiero\/transporte-aereo\/internacional\/indignante-qla-cabina-de-un-avion-de-pasajeros-no-es-lugar-para-una-mujerq\/\",\"url\":\"https:\/\/aeronoticias.com.pe\/noticiero\/transporte-aereo\/internacional\/indignante-qla-cabina-de-un-avion-de-pasajeros-no-es-lugar-para-una-mujerq\/\",\"name\":\"Indignante: \\\"La cabina de un avi\u00f3n de pasajeros no es lugar para una mujer\\\"\",\"isPartOf\":{\"@id\":\"https:\/\/aeronoticias.com.pe\/noticiero\/#website\"},\"datePublished\":\"2014-03-05T15:36:01+00:00\",\"author\":{\"@id\":\"https:\/\/aeronoticias.com.pe\/noticiero\/#\/schema\/person\/fc1e5d578f4b62ba1cf7ac2bba1170a0\"},\"description\":\"Portal de noticias del Per\u00fa sobre el transporte a\u00e9reo, aviaci\u00f3n, turismo, hoteleria, actualidad.\",\"breadcrumb\":{\"@id\":\"https:\/\/aeronoticias.com.pe\/noticiero\/transporte-aereo\/internacional\/indignante-qla-cabina-de-un-avion-de-pasajeros-no-es-lugar-para-una-mujerq\/#breadcrumb\"},\"inLanguage\":\"es\",\"potentialAction\":[{\"@type\":\"ReadAction\",\"target\":[\"https:\/\/aeronoticias.com.pe\/noticiero\/transporte-aereo\/internacional\/indignante-qla-cabina-de-un-avion-de-pasajeros-no-es-lugar-para-una-mujerq\/\"]}]},{\"@type\":\"BreadcrumbList\",\"@id\":\"https:\/\/aeronoticias.com.pe\/noticiero\/transporte-aereo\/internacional\/indignante-qla-cabina-de-un-avion-de-pasajeros-no-es-lugar-para-una-mujerq\/#breadcrumb\",\"itemListElement\":[{\"@type\":\"ListItem\",\"position\":1,\"name\":\"Portada\",\"item\":\"https:\/\/aeronoticias.com.pe\/noticiero\/\"},{\"@type\":\"ListItem\",\"position\":2,\"name\":\"Indignante: \u00abLa cabina de un avi\u00f3n de pasajeros no es lugar para una mujer\u00bb\"}]},{\"@type\":\"WebSite\",\"@id\":\"https:\/\/aeronoticias.com.pe\/noticiero\/#website\",\"url\":\"https:\/\/aeronoticias.com.pe\/noticiero\/\",\"name\":\"Aeronoticias.com.pe\",\"description\":\"Noticias de tranporte aereo, turismo, hoteles, gastronomia, actualidad, internacional\",\"potentialAction\":[{\"@type\":\"SearchAction\",\"target\":{\"@type\":\"EntryPoint\",\"urlTemplate\":\"https:\/\/aeronoticias.com.pe\/noticiero\/?s={search_term_string}\"},\"query-input\":{\"@type\":\"PropertyValueSpecification\",\"valueRequired\":true,\"valueName\":\"search_term_string\"}}],\"inLanguage\":\"es\"},{\"@type\":\"Person\",\"@id\":\"https:\/\/aeronoticias.com.pe\/noticiero\/#\/schema\/person\/fc1e5d578f4b62ba1cf7ac2bba1170a0\",\"name\":\"Redacci\u00f3n Aeronoticias\",\"url\":\"https:\/\/aeronoticias.com.pe\/noticiero\/author\/piloto\/\"}]}<\/script>\n<!-- \/ Yoast SEO plugin. -->","yoast_head_json":{"title":"Indignante: \"La cabina de un avi\u00f3n de pasajeros no es lugar para una mujer\"","description":"Portal de noticias del Per\u00fa sobre el transporte a\u00e9reo, aviaci\u00f3n, turismo, hoteleria, actualidad.","robots":{"index":"index","follow":"follow","max-snippet":"max-snippet:-1","max-image-preview":"max-image-preview:large","max-video-preview":"max-video-preview:-1"},"canonical":"https:\/\/aeronoticias.com.pe\/noticiero\/transporte-aereo\/internacional\/indignante-qla-cabina-de-un-avion-de-pasajeros-no-es-lugar-para-una-mujerq\/","og_locale":"es_ES","og_type":"article","og_title":"Indignante: \"La cabina de un avi\u00f3n de pasajeros no es lugar para una mujer\"","og_description":"Portal de noticias del Per\u00fa sobre el transporte a\u00e9reo, aviaci\u00f3n, turismo, hoteleria, actualidad.","og_url":"https:\/\/aeronoticias.com.pe\/noticiero\/transporte-aereo\/internacional\/indignante-qla-cabina-de-un-avion-de-pasajeros-no-es-lugar-para-una-mujerq\/","og_site_name":"Aeronoticias.com.pe","article_publisher":"https:\/\/www.facebook.com\/Aeronoticias.com.pe\/","article_published_time":"2014-03-05T15:36:01+00:00","author":"Redacci\u00f3n Aeronoticias","twitter_card":"summary_large_image","twitter_creator":"@aeronoticias","twitter_site":"@aeronoticias","twitter_misc":{"Escrito por":"Redacci\u00f3n Aeronoticias","Tiempo de lectura":"2 minutos"},"schema":{"@context":"https:\/\/schema.org","@graph":[{"@type":"WebPage","@id":"https:\/\/aeronoticias.com.pe\/noticiero\/transporte-aereo\/internacional\/indignante-qla-cabina-de-un-avion-de-pasajeros-no-es-lugar-para-una-mujerq\/","url":"https:\/\/aeronoticias.com.pe\/noticiero\/transporte-aereo\/internacional\/indignante-qla-cabina-de-un-avion-de-pasajeros-no-es-lugar-para-una-mujerq\/","name":"Indignante: \"La cabina de un avi\u00f3n de pasajeros no es lugar para una mujer\"","isPartOf":{"@id":"https:\/\/aeronoticias.com.pe\/noticiero\/#website"},"datePublished":"2014-03-05T15:36:01+00:00","author":{"@id":"https:\/\/aeronoticias.com.pe\/noticiero\/#\/schema\/person\/fc1e5d578f4b62ba1cf7ac2bba1170a0"},"description":"Portal de noticias del Per\u00fa sobre el transporte a\u00e9reo, aviaci\u00f3n, turismo, hoteleria, actualidad.","breadcrumb":{"@id":"https:\/\/aeronoticias.com.pe\/noticiero\/transporte-aereo\/internacional\/indignante-qla-cabina-de-un-avion-de-pasajeros-no-es-lugar-para-una-mujerq\/#breadcrumb"},"inLanguage":"es","potentialAction":[{"@type":"ReadAction","target":["https:\/\/aeronoticias.com.pe\/noticiero\/transporte-aereo\/internacional\/indignante-qla-cabina-de-un-avion-de-pasajeros-no-es-lugar-para-una-mujerq\/"]}]},{"@type":"BreadcrumbList","@id":"https:\/\/aeronoticias.com.pe\/noticiero\/transporte-aereo\/internacional\/indignante-qla-cabina-de-un-avion-de-pasajeros-no-es-lugar-para-una-mujerq\/#breadcrumb","itemListElement":[{"@type":"ListItem","position":1,"name":"Portada","item":"https:\/\/aeronoticias.com.pe\/noticiero\/"},{"@type":"ListItem","position":2,"name":"Indignante: \u00abLa cabina de un avi\u00f3n de pasajeros no es lugar para una mujer\u00bb"}]},{"@type":"WebSite","@id":"https:\/\/aeronoticias.com.pe\/noticiero\/#website","url":"https:\/\/aeronoticias.com.pe\/noticiero\/","name":"Aeronoticias.com.pe","description":"Noticias de tranporte aereo, turismo, hoteles, gastronomia, actualidad, internacional","potentialAction":[{"@type":"SearchAction","target":{"@type":"EntryPoint","urlTemplate":"https:\/\/aeronoticias.com.pe\/noticiero\/?s={search_term_string}"},"query-input":{"@type":"PropertyValueSpecification","valueRequired":true,"valueName":"search_term_string"}}],"inLanguage":"es"},{"@type":"Person","@id":"https:\/\/aeronoticias.com.pe\/noticiero\/#\/schema\/person\/fc1e5d578f4b62ba1cf7ac2bba1170a0","name":"Redacci\u00f3n Aeronoticias","url":"https:\/\/aeronoticias.com.pe\/noticiero\/author\/piloto\/"}]}},"_links":{"self":[{"href":"https:\/\/aeronoticias.com.pe\/noticiero\/wp-json\/wp\/v2\/posts\/44073","targetHints":{"allow":["GET"]}}],"collection":[{"href":"https:\/\/aeronoticias.com.pe\/noticiero\/wp-json\/wp\/v2\/posts"}],"about":[{"href":"https:\/\/aeronoticias.com.pe\/noticiero\/wp-json\/wp\/v2\/types\/post"}],"author":[{"embeddable":true,"href":"https:\/\/aeronoticias.com.pe\/noticiero\/wp-json\/wp\/v2\/users\/1"}],"replies":[{"embeddable":true,"href":"https:\/\/aeronoticias.com.pe\/noticiero\/wp-json\/wp\/v2\/comments?post=44073"}],"version-history":[{"count":0,"href":"https:\/\/aeronoticias.com.pe\/noticiero\/wp-json\/wp\/v2\/posts\/44073\/revisions"}],"wp:attachment":[{"href":"https:\/\/aeronoticias.com.pe\/noticiero\/wp-json\/wp\/v2\/media?parent=44073"}],"wp:term":[{"taxonomy":"category","embeddable":true,"href":"https:\/\/aeronoticias.com.pe\/noticiero\/wp-json\/wp\/v2\/categories?post=44073"},{"taxonomy":"post_tag","embeddable":true,"href":"https:\/\/aeronoticias.com.pe\/noticiero\/wp-json\/wp\/v2\/tags?post=44073"}],"curies":[{"name":"wp","href":"https:\/\/api.w.org\/{rel}","templated":true}]}}