{"id":44074,"date":"2014-03-05T15:45:57","date_gmt":"2014-03-05T15:45:57","guid":{"rendered":"http:\/\/desarrollo.mcvicious.com\/aero2020\/2014\/03\/05\/ipor-que-los-aviones-no-han-aumentado-su-velocidad-desde-la-decada-de-los-60\/"},"modified":"2014-03-05T15:45:57","modified_gmt":"2014-03-05T15:45:57","slug":"ipor-que-los-aviones-no-han-aumentado-su-velocidad-desde-la-decada-de-los-60","status":"publish","type":"post","link":"https:\/\/aeronoticias.com.pe\/noticiero\/transporte-aereo\/internacional\/ipor-que-los-aviones-no-han-aumentado-su-velocidad-desde-la-decada-de-los-60\/","title":{"rendered":"\u00bfPor qu\u00e9 los aviones no han aumentado su velocidad desde la d\u00e9cada de los 60?"},"content":{"rendered":"<p><strong><img decoding=\"async\" src=\"images\/stories\/14\/03\/050314\/a9.jpg\" border=\"0\" \/><br \/><\/strong><\/p>\n<p><strong>(Aeronoticias).-<\/strong><em> Avi\u00f3n supers\u00f3nico de negocios.<\/em><\/p>\n<p>La producci\u00f3n del avi\u00f3n supers\u00f3nico comercial es a\u00fan un reto olvidado, al menos en los pr\u00f3ximos 15 a\u00f1os. El principal problema es el costo que supondr\u00eda y por eso el estancamiento en la velocidad de los vuelos en las \u00faltimas d\u00e9cadas.<\/p>\n<p>Los aviones no han cambiado su velocidad desde los a\u00f1os 60. No es tanto un motivo de tecnolog\u00eda, sino m\u00e1s bien de econom\u00eda, ya que la mayor\u00eda de los pasajeros no podr\u00edan pagar un billete tan caro.<\/p>\n<p>Por eso, habr\u00eda que crear un avi\u00f3n dirigido a un p\u00fablico capaz de asumir estos costes y de desembolsarse tanto dinero. He aqu\u00ed el sentido de los aviones de negocios con pantallas, seg\u00fan apunta Jeff Miller, director de Comunicaci\u00f3n de Aerion Corporation, en una entrevista en la CNN.<\/p>\n<p><span style=\"text-decoration: underline;\">Menos consumo, misma velocidad<\/span><\/p>\n<p>As\u00ed pues, la industria aeron\u00e1utica est\u00e1 tratando de resolver \u00e9ste problema con un \u00fanico objetivo: mantener la velocidad de estos vuelos, pero reducir notablemente los costes de producci\u00f3n y consumo de estos servicios. Una de las v\u00edas abiertas para conseguirlo es la que apunta a la reducci\u00f3n de la aerodin\u00e1mica.<\/p>\n<p>\u00bfC\u00f3mo? Es &#8216;sencillo&#8217;: con alas que permitan reducir al m\u00e1ximo el roce del aparato con el aire.<\/p>\n<p>Aerion ha estado investigando formas de compensar esto con el desarrollo de las alas de flujo supers\u00f3nico laminar natural (FSLN), que se han estado probando en colaboraci\u00f3n con la NASA. Este tipo de alas, m\u00e1s delgadas y cortas que las t\u00edpicas de avi\u00f3n, se usan para reducir la resistencia de fricci\u00f3n en un 80%.<\/p>\n<p>El problema es que, por ahora, es imposible conseguir un avi\u00f3n supers\u00f3nico de alas m\u00e1s &#8216;delgadas&#8217;. El &#8216;Concorde&#8217; (el primer y \u00fanico avi\u00f3n comercial supers\u00f3nico de la historia) era un buen ejemplo de ello. Cuando desaceleraba su velocidad por debajo de Mach 1 (340,29 m\/s) quemaba m\u00e1s combustible que cualquier avi\u00f3n convencional.<\/p>\n<p><span style=\"text-decoration: underline;\">Una traba legal<\/span><\/p>\n<p>Tambi\u00e9n existe un problema legal para desarrollar los vuelos supers\u00f3nicos. Es el tema del estallido sonoro que provocan estos aviones cuando superan la velocidad del sonido. El estruendo es tal, que no se podr\u00eda desarrollar sobre zonas pobladas.<\/p>\n<p>Es decir, que por ahora s\u00f3lo ser\u00eda v\u00e1lido para hacer un vuelo entre Los \u00c1ngeles y Tokio, por ejemplo, pero no entre Los \u00c1ngeles y Nueva York.<\/p>\n<p>As\u00ed pues, los investigadores est\u00e1n tratando de encontrar alguna forma de evitar que ese &#8216;estruendo&#8217; se expanda o de reducirlo al m\u00e1ximo posible, un reto de la ingenier\u00eda m\u00e1s complicado quiz\u00e1 que los planteados anteriormente.<\/p>\n<p>\u00a0<\/p>\n<p>Fuente: \u00a0<strong><em>ecodiario.eleconomista.es<\/em><\/strong><\/p>\n<p>Foto: \u00a0<span style=\"line-height: 1.3em;\"><strong><em>Aerion Corp.<\/em><\/strong><\/span><\/p>\n","protected":false},"excerpt":{"rendered":"<p>(Aeronoticias).- Avi\u00f3n supers\u00f3nico de negocios. La producci\u00f3n del avi\u00f3n supers\u00f3nico comercial es a\u00fan un reto olvidado, al menos en los pr\u00f3ximos 15 a\u00f1os. El principal problema es el costo que supondr\u00eda y por eso el estancamiento en la velocidad de los vuelos en las \u00faltimas d\u00e9cadas. Los aviones no han cambiado su velocidad desde los [&hellip;]<\/p>\n","protected":false},"author":1,"featured_media":0,"comment_status":"open","ping_status":"open","sticky":false,"template":"","format":"standard","meta":{"tdm_status":"","tdm_grid_status":"","footnotes":""},"categories":[32],"tags":[],"class_list":{"0":"post-44074","1":"post","2":"type-post","3":"status-publish","4":"format-standard","6":"category-internacional"},"yoast_head":"<!-- This site is optimized with the Yoast SEO plugin v25.1 - https:\/\/yoast.com\/wordpress\/plugins\/seo\/ -->\n<title>\u00bfPor qu\u00e9 los aviones no han aumentado su velocidad desde la d\u00e9cada de los 60?<\/title>\n<meta name=\"description\" content=\"Portal de noticias del Per\u00fa sobre el transporte a\u00e9reo, aviaci\u00f3n, turismo, hoteleria, actualidad.\" \/>\n<meta name=\"robots\" content=\"index, follow, max-snippet:-1, max-image-preview:large, max-video-preview:-1\" \/>\n<link rel=\"canonical\" href=\"https:\/\/aeronoticias.com.pe\/noticiero\/transporte-aereo\/internacional\/ipor-que-los-aviones-no-han-aumentado-su-velocidad-desde-la-decada-de-los-60\/\" \/>\n<meta property=\"og:locale\" content=\"es_ES\" \/>\n<meta property=\"og:type\" content=\"article\" \/>\n<meta property=\"og:title\" content=\"\u00bfPor qu\u00e9 los aviones no han aumentado su velocidad desde la d\u00e9cada de los 60?\" \/>\n<meta property=\"og:description\" content=\"Portal de noticias del Per\u00fa sobre el transporte a\u00e9reo, aviaci\u00f3n, turismo, hoteleria, actualidad.\" \/>\n<meta property=\"og:url\" content=\"https:\/\/aeronoticias.com.pe\/noticiero\/transporte-aereo\/internacional\/ipor-que-los-aviones-no-han-aumentado-su-velocidad-desde-la-decada-de-los-60\/\" \/>\n<meta property=\"og:site_name\" content=\"Aeronoticias.com.pe\" \/>\n<meta property=\"article:publisher\" content=\"https:\/\/www.facebook.com\/Aeronoticias.com.pe\/\" \/>\n<meta property=\"article:published_time\" content=\"2014-03-05T15:45:57+00:00\" \/>\n<meta name=\"author\" content=\"Redacci\u00f3n Aeronoticias\" \/>\n<meta name=\"twitter:card\" content=\"summary_large_image\" \/>\n<meta name=\"twitter:creator\" content=\"@aeronoticias\" \/>\n<meta name=\"twitter:site\" content=\"@aeronoticias\" \/>\n<meta name=\"twitter:label1\" content=\"Escrito por\" \/>\n\t<meta name=\"twitter:data1\" content=\"Redacci\u00f3n Aeronoticias\" \/>\n\t<meta name=\"twitter:label2\" content=\"Tiempo de lectura\" \/>\n\t<meta name=\"twitter:data2\" content=\"2 minutos\" \/>\n<script type=\"application\/ld+json\" class=\"yoast-schema-graph\">{\"@context\":\"https:\/\/schema.org\",\"@graph\":[{\"@type\":\"WebPage\",\"@id\":\"https:\/\/aeronoticias.com.pe\/noticiero\/transporte-aereo\/internacional\/ipor-que-los-aviones-no-han-aumentado-su-velocidad-desde-la-decada-de-los-60\/\",\"url\":\"https:\/\/aeronoticias.com.pe\/noticiero\/transporte-aereo\/internacional\/ipor-que-los-aviones-no-han-aumentado-su-velocidad-desde-la-decada-de-los-60\/\",\"name\":\"\u00bfPor qu\u00e9 los aviones no han aumentado su velocidad desde la d\u00e9cada de los 60?\",\"isPartOf\":{\"@id\":\"https:\/\/aeronoticias.com.pe\/noticiero\/#website\"},\"datePublished\":\"2014-03-05T15:45:57+00:00\",\"author\":{\"@id\":\"https:\/\/aeronoticias.com.pe\/noticiero\/#\/schema\/person\/fc1e5d578f4b62ba1cf7ac2bba1170a0\"},\"description\":\"Portal de noticias del Per\u00fa sobre el transporte a\u00e9reo, aviaci\u00f3n, turismo, hoteleria, actualidad.\",\"breadcrumb\":{\"@id\":\"https:\/\/aeronoticias.com.pe\/noticiero\/transporte-aereo\/internacional\/ipor-que-los-aviones-no-han-aumentado-su-velocidad-desde-la-decada-de-los-60\/#breadcrumb\"},\"inLanguage\":\"es\",\"potentialAction\":[{\"@type\":\"ReadAction\",\"target\":[\"https:\/\/aeronoticias.com.pe\/noticiero\/transporte-aereo\/internacional\/ipor-que-los-aviones-no-han-aumentado-su-velocidad-desde-la-decada-de-los-60\/\"]}]},{\"@type\":\"BreadcrumbList\",\"@id\":\"https:\/\/aeronoticias.com.pe\/noticiero\/transporte-aereo\/internacional\/ipor-que-los-aviones-no-han-aumentado-su-velocidad-desde-la-decada-de-los-60\/#breadcrumb\",\"itemListElement\":[{\"@type\":\"ListItem\",\"position\":1,\"name\":\"Portada\",\"item\":\"https:\/\/aeronoticias.com.pe\/noticiero\/\"},{\"@type\":\"ListItem\",\"position\":2,\"name\":\"\u00bfPor qu\u00e9 los aviones no han aumentado su velocidad desde la d\u00e9cada de los 60?\"}]},{\"@type\":\"WebSite\",\"@id\":\"https:\/\/aeronoticias.com.pe\/noticiero\/#website\",\"url\":\"https:\/\/aeronoticias.com.pe\/noticiero\/\",\"name\":\"Aeronoticias.com.pe\",\"description\":\"Noticias de tranporte aereo, turismo, hoteles, gastronomia, actualidad, internacional\",\"potentialAction\":[{\"@type\":\"SearchAction\",\"target\":{\"@type\":\"EntryPoint\",\"urlTemplate\":\"https:\/\/aeronoticias.com.pe\/noticiero\/?s={search_term_string}\"},\"query-input\":{\"@type\":\"PropertyValueSpecification\",\"valueRequired\":true,\"valueName\":\"search_term_string\"}}],\"inLanguage\":\"es\"},{\"@type\":\"Person\",\"@id\":\"https:\/\/aeronoticias.com.pe\/noticiero\/#\/schema\/person\/fc1e5d578f4b62ba1cf7ac2bba1170a0\",\"name\":\"Redacci\u00f3n Aeronoticias\",\"url\":\"https:\/\/aeronoticias.com.pe\/noticiero\/author\/piloto\/\"}]}<\/script>\n<!-- \/ Yoast SEO plugin. -->","yoast_head_json":{"title":"\u00bfPor qu\u00e9 los aviones no han aumentado su velocidad desde la d\u00e9cada de los 60?","description":"Portal de noticias del Per\u00fa sobre el transporte a\u00e9reo, aviaci\u00f3n, turismo, hoteleria, actualidad.","robots":{"index":"index","follow":"follow","max-snippet":"max-snippet:-1","max-image-preview":"max-image-preview:large","max-video-preview":"max-video-preview:-1"},"canonical":"https:\/\/aeronoticias.com.pe\/noticiero\/transporte-aereo\/internacional\/ipor-que-los-aviones-no-han-aumentado-su-velocidad-desde-la-decada-de-los-60\/","og_locale":"es_ES","og_type":"article","og_title":"\u00bfPor qu\u00e9 los aviones no han aumentado su velocidad desde la d\u00e9cada de los 60?","og_description":"Portal de noticias del Per\u00fa sobre el transporte a\u00e9reo, aviaci\u00f3n, turismo, hoteleria, actualidad.","og_url":"https:\/\/aeronoticias.com.pe\/noticiero\/transporte-aereo\/internacional\/ipor-que-los-aviones-no-han-aumentado-su-velocidad-desde-la-decada-de-los-60\/","og_site_name":"Aeronoticias.com.pe","article_publisher":"https:\/\/www.facebook.com\/Aeronoticias.com.pe\/","article_published_time":"2014-03-05T15:45:57+00:00","author":"Redacci\u00f3n Aeronoticias","twitter_card":"summary_large_image","twitter_creator":"@aeronoticias","twitter_site":"@aeronoticias","twitter_misc":{"Escrito por":"Redacci\u00f3n Aeronoticias","Tiempo de lectura":"2 minutos"},"schema":{"@context":"https:\/\/schema.org","@graph":[{"@type":"WebPage","@id":"https:\/\/aeronoticias.com.pe\/noticiero\/transporte-aereo\/internacional\/ipor-que-los-aviones-no-han-aumentado-su-velocidad-desde-la-decada-de-los-60\/","url":"https:\/\/aeronoticias.com.pe\/noticiero\/transporte-aereo\/internacional\/ipor-que-los-aviones-no-han-aumentado-su-velocidad-desde-la-decada-de-los-60\/","name":"\u00bfPor qu\u00e9 los aviones no han aumentado su velocidad desde la d\u00e9cada de los 60?","isPartOf":{"@id":"https:\/\/aeronoticias.com.pe\/noticiero\/#website"},"datePublished":"2014-03-05T15:45:57+00:00","author":{"@id":"https:\/\/aeronoticias.com.pe\/noticiero\/#\/schema\/person\/fc1e5d578f4b62ba1cf7ac2bba1170a0"},"description":"Portal de noticias del Per\u00fa sobre el transporte a\u00e9reo, aviaci\u00f3n, turismo, hoteleria, actualidad.","breadcrumb":{"@id":"https:\/\/aeronoticias.com.pe\/noticiero\/transporte-aereo\/internacional\/ipor-que-los-aviones-no-han-aumentado-su-velocidad-desde-la-decada-de-los-60\/#breadcrumb"},"inLanguage":"es","potentialAction":[{"@type":"ReadAction","target":["https:\/\/aeronoticias.com.pe\/noticiero\/transporte-aereo\/internacional\/ipor-que-los-aviones-no-han-aumentado-su-velocidad-desde-la-decada-de-los-60\/"]}]},{"@type":"BreadcrumbList","@id":"https:\/\/aeronoticias.com.pe\/noticiero\/transporte-aereo\/internacional\/ipor-que-los-aviones-no-han-aumentado-su-velocidad-desde-la-decada-de-los-60\/#breadcrumb","itemListElement":[{"@type":"ListItem","position":1,"name":"Portada","item":"https:\/\/aeronoticias.com.pe\/noticiero\/"},{"@type":"ListItem","position":2,"name":"\u00bfPor qu\u00e9 los aviones no han aumentado su velocidad desde la d\u00e9cada de los 60?"}]},{"@type":"WebSite","@id":"https:\/\/aeronoticias.com.pe\/noticiero\/#website","url":"https:\/\/aeronoticias.com.pe\/noticiero\/","name":"Aeronoticias.com.pe","description":"Noticias de tranporte aereo, turismo, hoteles, gastronomia, actualidad, internacional","potentialAction":[{"@type":"SearchAction","target":{"@type":"EntryPoint","urlTemplate":"https:\/\/aeronoticias.com.pe\/noticiero\/?s={search_term_string}"},"query-input":{"@type":"PropertyValueSpecification","valueRequired":true,"valueName":"search_term_string"}}],"inLanguage":"es"},{"@type":"Person","@id":"https:\/\/aeronoticias.com.pe\/noticiero\/#\/schema\/person\/fc1e5d578f4b62ba1cf7ac2bba1170a0","name":"Redacci\u00f3n Aeronoticias","url":"https:\/\/aeronoticias.com.pe\/noticiero\/author\/piloto\/"}]}},"_links":{"self":[{"href":"https:\/\/aeronoticias.com.pe\/noticiero\/wp-json\/wp\/v2\/posts\/44074","targetHints":{"allow":["GET"]}}],"collection":[{"href":"https:\/\/aeronoticias.com.pe\/noticiero\/wp-json\/wp\/v2\/posts"}],"about":[{"href":"https:\/\/aeronoticias.com.pe\/noticiero\/wp-json\/wp\/v2\/types\/post"}],"author":[{"embeddable":true,"href":"https:\/\/aeronoticias.com.pe\/noticiero\/wp-json\/wp\/v2\/users\/1"}],"replies":[{"embeddable":true,"href":"https:\/\/aeronoticias.com.pe\/noticiero\/wp-json\/wp\/v2\/comments?post=44074"}],"version-history":[{"count":0,"href":"https:\/\/aeronoticias.com.pe\/noticiero\/wp-json\/wp\/v2\/posts\/44074\/revisions"}],"wp:attachment":[{"href":"https:\/\/aeronoticias.com.pe\/noticiero\/wp-json\/wp\/v2\/media?parent=44074"}],"wp:term":[{"taxonomy":"category","embeddable":true,"href":"https:\/\/aeronoticias.com.pe\/noticiero\/wp-json\/wp\/v2\/categories?post=44074"},{"taxonomy":"post_tag","embeddable":true,"href":"https:\/\/aeronoticias.com.pe\/noticiero\/wp-json\/wp\/v2\/tags?post=44074"}],"curies":[{"name":"wp","href":"https:\/\/api.w.org\/{rel}","templated":true}]}}