{"id":44075,"date":"2014-03-05T16:11:00","date_gmt":"2014-03-05T16:11:00","guid":{"rendered":"http:\/\/desarrollo.mcvicious.com\/aero2020\/2014\/03\/05\/iran-construye-su-primer-tunel-de-viento-hipersonico\/"},"modified":"2014-03-05T16:11:00","modified_gmt":"2014-03-05T16:11:00","slug":"iran-construye-su-primer-tunel-de-viento-hipersonico","status":"publish","type":"post","link":"https:\/\/aeronoticias.com.pe\/noticiero\/internacionales\/iran-construye-su-primer-tunel-de-viento-hipersonico\/","title":{"rendered":"Ir\u00e1n construye su primer t\u00fanel de viento hipers\u00f3nico"},"content":{"rendered":"<p style=\"text-align: justify;\"><img decoding=\"async\" src=\"images\/stories\/14\/03\/050314\/a10.jpg\" border=\"0\" \/><\/p>\n<p style=\"text-align: justify;\"><strong>(Aeronoticias).-<\/strong><em> Ir\u00e1n ha fabricado su primer t\u00fanel aerodin\u00e1mico hipers\u00f3nico para probar misiles y aparatos espaciales, seg\u00fan inform\u00f3 este martes la agencia iran\u00ed Tasnim.<\/em><\/p>\n<p style=\"text-align: justify;\">El dispositivo fabricado por la Universidad Imam Hussein en Teher\u00e1n bajo la supervisi\u00f3n del Cuerpo de la Guardia Revolucionaria Isl\u00e1mica permite analizar las propiedades aerodin\u00e1micas de objetos s\u00f3lidos puestos en condiciones de una velocidad de hasta mach 8.<\/p>\n<p style=\"text-align: justify;\">Los t\u00faneles de viento de los que dispon\u00eda Ir\u00e1n simulaban velocidades de no m\u00e1s de mach 3, por lo que el pa\u00eds ten\u00eda que poner sus misiles a prueba en el extranjero.<\/p>\n<p style=\"text-align: justify;\">El nuevo t\u00fanel facilita la protecci\u00f3n de informaci\u00f3n delicada sobre los misiles y aparatos espaciales de dise\u00f1o nacional, y reduce los gastos en pruebas.<\/p>\n<p style=\"text-align: justify;\">En los \u00faltimos a\u00f1os, Ir\u00e1n ha alcanzado considerables avances en el campo de la defensa y ha conseguido la autosuficiencia en la fabricaci\u00f3n de veh\u00edculos y sistemas armament\u00edsticos.<\/p>\n<p style=\"text-align: justify;\">El pa\u00eds lanz\u00f3 su propio programa de dise\u00f1o de armas durante la guerra con Irak en los a\u00f1os 80 como respuesta al embargo sobre el suministro de armas a Ir\u00e1n impuesto por Occidente.<\/p>\n<p style=\"text-align: justify;\">Desde 1992, Ir\u00e1n ha mostrado al mundo veh\u00edculos blindados, misiles, radares, embarcaciones, submarinos y cazas de su fabricaci\u00f3n.<\/p>\n<p style=\"text-align: justify;\">En 2010 el pa\u00eds dise\u00f1\u00f3 su primer avi\u00f3n no tripulado de largo alcance. Ir\u00e1n ha sido sometido a una serie de sanciones por la negativa de frenar su programa nuclear, pac\u00edfico seg\u00fan Teher\u00e1n, que Occidente ve como una amenaza armament\u00edstica.<\/p>\n<p style=\"text-align: justify;\">\u00a0<\/p>\n<p style=\"text-align: justify;\">Fuente: <strong><em> actualidad.rt<\/em><\/strong><\/p>\n<p style=\"text-align: justify;\">Foto: \u00a0<strong><em>actualidad.rt<\/em><\/strong><\/p>\n<div style=\"text-align: justify;\"><\/div>\n","protected":false},"excerpt":{"rendered":"<p>(Aeronoticias).- Ir\u00e1n ha fabricado su primer t\u00fanel aerodin\u00e1mico hipers\u00f3nico para probar misiles y aparatos espaciales, seg\u00fan inform\u00f3 este martes la agencia iran\u00ed Tasnim. El dispositivo fabricado por la Universidad Imam Hussein en Teher\u00e1n bajo la supervisi\u00f3n del Cuerpo de la Guardia Revolucionaria Isl\u00e1mica permite analizar las propiedades aerodin\u00e1micas de objetos s\u00f3lidos puestos en condiciones de [&hellip;]<\/p>\n","protected":false},"author":1,"featured_media":0,"comment_status":"open","ping_status":"open","sticky":false,"template":"","format":"standard","meta":{"tdm_status":"","tdm_grid_status":"","footnotes":""},"categories":[34],"tags":[],"class_list":{"0":"post-44075","1":"post","2":"type-post","3":"status-publish","4":"format-standard","6":"category-internacionales"},"yoast_head":"<!-- This site is optimized with the Yoast SEO plugin v25.1 - https:\/\/yoast.com\/wordpress\/plugins\/seo\/ -->\n<title>Ir\u00e1n construye su primer t\u00fanel de viento hipers\u00f3nico<\/title>\n<meta name=\"description\" content=\"Portal de noticias del Per\u00fa sobre el transporte a\u00e9reo, aviaci\u00f3n, turismo, hoteleria, actualidad.\" \/>\n<meta name=\"robots\" content=\"index, follow, max-snippet:-1, max-image-preview:large, max-video-preview:-1\" \/>\n<link rel=\"canonical\" href=\"https:\/\/aeronoticias.com.pe\/noticiero\/internacionales\/iran-construye-su-primer-tunel-de-viento-hipersonico\/\" \/>\n<meta property=\"og:locale\" content=\"es_ES\" \/>\n<meta property=\"og:type\" content=\"article\" \/>\n<meta property=\"og:title\" content=\"Ir\u00e1n construye su primer t\u00fanel de viento hipers\u00f3nico\" \/>\n<meta property=\"og:description\" content=\"Portal de noticias del Per\u00fa sobre el transporte a\u00e9reo, aviaci\u00f3n, turismo, hoteleria, actualidad.\" \/>\n<meta property=\"og:url\" content=\"https:\/\/aeronoticias.com.pe\/noticiero\/internacionales\/iran-construye-su-primer-tunel-de-viento-hipersonico\/\" \/>\n<meta property=\"og:site_name\" content=\"Aeronoticias.com.pe\" \/>\n<meta property=\"article:publisher\" content=\"https:\/\/www.facebook.com\/Aeronoticias.com.pe\/\" \/>\n<meta property=\"article:published_time\" content=\"2014-03-05T16:11:00+00:00\" \/>\n<meta name=\"author\" content=\"Redacci\u00f3n Aeronoticias\" \/>\n<meta name=\"twitter:card\" content=\"summary_large_image\" \/>\n<meta name=\"twitter:creator\" content=\"@aeronoticias\" \/>\n<meta name=\"twitter:site\" content=\"@aeronoticias\" \/>\n<meta name=\"twitter:label1\" content=\"Escrito por\" \/>\n\t<meta name=\"twitter:data1\" content=\"Redacci\u00f3n Aeronoticias\" \/>\n\t<meta name=\"twitter:label2\" content=\"Tiempo de lectura\" \/>\n\t<meta name=\"twitter:data2\" content=\"1 minuto\" \/>\n<script type=\"application\/ld+json\" class=\"yoast-schema-graph\">{\"@context\":\"https:\/\/schema.org\",\"@graph\":[{\"@type\":\"WebPage\",\"@id\":\"https:\/\/aeronoticias.com.pe\/noticiero\/internacionales\/iran-construye-su-primer-tunel-de-viento-hipersonico\/\",\"url\":\"https:\/\/aeronoticias.com.pe\/noticiero\/internacionales\/iran-construye-su-primer-tunel-de-viento-hipersonico\/\",\"name\":\"Ir\u00e1n construye su primer t\u00fanel de viento hipers\u00f3nico\",\"isPartOf\":{\"@id\":\"https:\/\/aeronoticias.com.pe\/noticiero\/#website\"},\"datePublished\":\"2014-03-05T16:11:00+00:00\",\"author\":{\"@id\":\"https:\/\/aeronoticias.com.pe\/noticiero\/#\/schema\/person\/fc1e5d578f4b62ba1cf7ac2bba1170a0\"},\"description\":\"Portal de noticias del Per\u00fa sobre el transporte a\u00e9reo, aviaci\u00f3n, turismo, hoteleria, actualidad.\",\"breadcrumb\":{\"@id\":\"https:\/\/aeronoticias.com.pe\/noticiero\/internacionales\/iran-construye-su-primer-tunel-de-viento-hipersonico\/#breadcrumb\"},\"inLanguage\":\"es\",\"potentialAction\":[{\"@type\":\"ReadAction\",\"target\":[\"https:\/\/aeronoticias.com.pe\/noticiero\/internacionales\/iran-construye-su-primer-tunel-de-viento-hipersonico\/\"]}]},{\"@type\":\"BreadcrumbList\",\"@id\":\"https:\/\/aeronoticias.com.pe\/noticiero\/internacionales\/iran-construye-su-primer-tunel-de-viento-hipersonico\/#breadcrumb\",\"itemListElement\":[{\"@type\":\"ListItem\",\"position\":1,\"name\":\"Portada\",\"item\":\"https:\/\/aeronoticias.com.pe\/noticiero\/\"},{\"@type\":\"ListItem\",\"position\":2,\"name\":\"Ir\u00e1n construye su primer t\u00fanel de viento hipers\u00f3nico\"}]},{\"@type\":\"WebSite\",\"@id\":\"https:\/\/aeronoticias.com.pe\/noticiero\/#website\",\"url\":\"https:\/\/aeronoticias.com.pe\/noticiero\/\",\"name\":\"Aeronoticias.com.pe\",\"description\":\"Noticias de tranporte aereo, turismo, hoteles, gastronomia, actualidad, internacional\",\"potentialAction\":[{\"@type\":\"SearchAction\",\"target\":{\"@type\":\"EntryPoint\",\"urlTemplate\":\"https:\/\/aeronoticias.com.pe\/noticiero\/?s={search_term_string}\"},\"query-input\":{\"@type\":\"PropertyValueSpecification\",\"valueRequired\":true,\"valueName\":\"search_term_string\"}}],\"inLanguage\":\"es\"},{\"@type\":\"Person\",\"@id\":\"https:\/\/aeronoticias.com.pe\/noticiero\/#\/schema\/person\/fc1e5d578f4b62ba1cf7ac2bba1170a0\",\"name\":\"Redacci\u00f3n Aeronoticias\",\"url\":\"https:\/\/aeronoticias.com.pe\/noticiero\/author\/piloto\/\"}]}<\/script>\n<!-- \/ Yoast SEO plugin. -->","yoast_head_json":{"title":"Ir\u00e1n construye su primer t\u00fanel de viento hipers\u00f3nico","description":"Portal de noticias del Per\u00fa sobre el transporte a\u00e9reo, aviaci\u00f3n, turismo, hoteleria, actualidad.","robots":{"index":"index","follow":"follow","max-snippet":"max-snippet:-1","max-image-preview":"max-image-preview:large","max-video-preview":"max-video-preview:-1"},"canonical":"https:\/\/aeronoticias.com.pe\/noticiero\/internacionales\/iran-construye-su-primer-tunel-de-viento-hipersonico\/","og_locale":"es_ES","og_type":"article","og_title":"Ir\u00e1n construye su primer t\u00fanel de viento hipers\u00f3nico","og_description":"Portal de noticias del Per\u00fa sobre el transporte a\u00e9reo, aviaci\u00f3n, turismo, hoteleria, actualidad.","og_url":"https:\/\/aeronoticias.com.pe\/noticiero\/internacionales\/iran-construye-su-primer-tunel-de-viento-hipersonico\/","og_site_name":"Aeronoticias.com.pe","article_publisher":"https:\/\/www.facebook.com\/Aeronoticias.com.pe\/","article_published_time":"2014-03-05T16:11:00+00:00","author":"Redacci\u00f3n Aeronoticias","twitter_card":"summary_large_image","twitter_creator":"@aeronoticias","twitter_site":"@aeronoticias","twitter_misc":{"Escrito por":"Redacci\u00f3n Aeronoticias","Tiempo de lectura":"1 minuto"},"schema":{"@context":"https:\/\/schema.org","@graph":[{"@type":"WebPage","@id":"https:\/\/aeronoticias.com.pe\/noticiero\/internacionales\/iran-construye-su-primer-tunel-de-viento-hipersonico\/","url":"https:\/\/aeronoticias.com.pe\/noticiero\/internacionales\/iran-construye-su-primer-tunel-de-viento-hipersonico\/","name":"Ir\u00e1n construye su primer t\u00fanel de viento hipers\u00f3nico","isPartOf":{"@id":"https:\/\/aeronoticias.com.pe\/noticiero\/#website"},"datePublished":"2014-03-05T16:11:00+00:00","author":{"@id":"https:\/\/aeronoticias.com.pe\/noticiero\/#\/schema\/person\/fc1e5d578f4b62ba1cf7ac2bba1170a0"},"description":"Portal de noticias del Per\u00fa sobre el transporte a\u00e9reo, aviaci\u00f3n, turismo, hoteleria, actualidad.","breadcrumb":{"@id":"https:\/\/aeronoticias.com.pe\/noticiero\/internacionales\/iran-construye-su-primer-tunel-de-viento-hipersonico\/#breadcrumb"},"inLanguage":"es","potentialAction":[{"@type":"ReadAction","target":["https:\/\/aeronoticias.com.pe\/noticiero\/internacionales\/iran-construye-su-primer-tunel-de-viento-hipersonico\/"]}]},{"@type":"BreadcrumbList","@id":"https:\/\/aeronoticias.com.pe\/noticiero\/internacionales\/iran-construye-su-primer-tunel-de-viento-hipersonico\/#breadcrumb","itemListElement":[{"@type":"ListItem","position":1,"name":"Portada","item":"https:\/\/aeronoticias.com.pe\/noticiero\/"},{"@type":"ListItem","position":2,"name":"Ir\u00e1n construye su primer t\u00fanel de viento hipers\u00f3nico"}]},{"@type":"WebSite","@id":"https:\/\/aeronoticias.com.pe\/noticiero\/#website","url":"https:\/\/aeronoticias.com.pe\/noticiero\/","name":"Aeronoticias.com.pe","description":"Noticias de tranporte aereo, turismo, hoteles, gastronomia, actualidad, internacional","potentialAction":[{"@type":"SearchAction","target":{"@type":"EntryPoint","urlTemplate":"https:\/\/aeronoticias.com.pe\/noticiero\/?s={search_term_string}"},"query-input":{"@type":"PropertyValueSpecification","valueRequired":true,"valueName":"search_term_string"}}],"inLanguage":"es"},{"@type":"Person","@id":"https:\/\/aeronoticias.com.pe\/noticiero\/#\/schema\/person\/fc1e5d578f4b62ba1cf7ac2bba1170a0","name":"Redacci\u00f3n Aeronoticias","url":"https:\/\/aeronoticias.com.pe\/noticiero\/author\/piloto\/"}]}},"_links":{"self":[{"href":"https:\/\/aeronoticias.com.pe\/noticiero\/wp-json\/wp\/v2\/posts\/44075","targetHints":{"allow":["GET"]}}],"collection":[{"href":"https:\/\/aeronoticias.com.pe\/noticiero\/wp-json\/wp\/v2\/posts"}],"about":[{"href":"https:\/\/aeronoticias.com.pe\/noticiero\/wp-json\/wp\/v2\/types\/post"}],"author":[{"embeddable":true,"href":"https:\/\/aeronoticias.com.pe\/noticiero\/wp-json\/wp\/v2\/users\/1"}],"replies":[{"embeddable":true,"href":"https:\/\/aeronoticias.com.pe\/noticiero\/wp-json\/wp\/v2\/comments?post=44075"}],"version-history":[{"count":0,"href":"https:\/\/aeronoticias.com.pe\/noticiero\/wp-json\/wp\/v2\/posts\/44075\/revisions"}],"wp:attachment":[{"href":"https:\/\/aeronoticias.com.pe\/noticiero\/wp-json\/wp\/v2\/media?parent=44075"}],"wp:term":[{"taxonomy":"category","embeddable":true,"href":"https:\/\/aeronoticias.com.pe\/noticiero\/wp-json\/wp\/v2\/categories?post=44075"},{"taxonomy":"post_tag","embeddable":true,"href":"https:\/\/aeronoticias.com.pe\/noticiero\/wp-json\/wp\/v2\/tags?post=44075"}],"curies":[{"name":"wp","href":"https:\/\/api.w.org\/{rel}","templated":true}]}}