{"id":44077,"date":"2014-03-05T16:49:34","date_gmt":"2014-03-05T16:49:34","guid":{"rendered":"http:\/\/desarrollo.mcvicious.com\/aero2020\/2014\/03\/05\/estudio-una-cuarta-parte-de-los-soldados-de-eeuu-padece-enfermedades-mentales\/"},"modified":"2014-03-05T16:49:34","modified_gmt":"2014-03-05T16:49:34","slug":"estudio-una-cuarta-parte-de-los-soldados-de-eeuu-padece-enfermedades-mentales","status":"publish","type":"post","link":"https:\/\/aeronoticias.com.pe\/noticiero\/salud\/estudio-una-cuarta-parte-de-los-soldados-de-eeuu-padece-enfermedades-mentales\/","title":{"rendered":"Estudio: Una cuarta parte de los soldados de EE.UU. padece enfermedades mentales"},"content":{"rendered":"<p style=\"text-align: justify;\"><img decoding=\"async\" src=\"images\/stories\/14\/03\/050314\/a12.jpg\" border=\"0\" \/><\/p>\n<p style=\"text-align: justify;\"><strong>(Aeronoticias).-<\/strong><em> Los soldados del Ej\u00e9rcito de EE.UU. tienen tasas m\u00e1s altas de enfermedades mentales que la poblaci\u00f3n en general, seg\u00fan revela un estudio reciente. Adem\u00e1s, durante el servicio militar la situaci\u00f3n se agrava much\u00edsimo.<\/em><\/p>\n<p style=\"text-align: justify;\">Se trata de tres investigaciones separadas que fueron realizadas tras un brote de suicidios en el Ej\u00e9rcito de EE.UU. Los autores de los estudios usaron datos oficiales de la base STARRS, que cuenta con fichas de 5.500 soldados estadounidenses.<\/p>\n<p style=\"text-align: justify;\">Los investigadores encontraron que los militares entrevistados se hab\u00edan unido al Ej\u00e9rcito con mayores tasas de trastorno de estr\u00e9s postraum\u00e1tico, trastorno de p\u00e1nico, d\u00e9ficit de atenci\u00f3n e hiperactividad, informa &#8216;The Washington Times&#8217;.<\/p>\n<p style=\"text-align: justify;\">Aproximadamente uno de cada cinco soldados estadounidenses declar\u00f3 que padec\u00eda alguna enfermedad mental com\u00fan al entrar en el Ejercito. M\u00e1s del 8% de los encuestados hab\u00eda pensado sobre el suicidio y el 1,1% hab\u00eda intentado suicidarse.<\/p>\n<p style=\"text-align: justify;\">Durante el servicio militar, el 25% de los soldados sufri\u00f3 alguna enfermedad mental: alrededor del 5% fueron diagnosticados con depresi\u00f3n, otro 6% con trastorno de ansiedad, y casi el 9% con trastorno de estr\u00e9s postraum\u00e1tico.<\/p>\n<p style=\"text-align: justify;\">La cantidad de soldados que hab\u00edan intentado suicidarse subi\u00f3 del 1,1% al 2,4%, aunque el estudio no explic\u00f3 cu\u00e1l fue la causa.<\/p>\n<p style=\"text-align: justify;\">\u00a0<\/p>\n<p style=\"text-align: justify;\">Fuente: \u00a0<strong><em>actualidad.rt<\/em><\/strong><\/p>\n<p style=\"text-align: justify;\">Foto: \u00a0<strong><em>actualidad.rt<\/em><\/strong><\/p>\n<p style=\"text-align: justify;\">\u00a0<\/p>\n","protected":false},"excerpt":{"rendered":"<p>(Aeronoticias).- Los soldados del Ej\u00e9rcito de EE.UU. tienen tasas m\u00e1s altas de enfermedades mentales que la poblaci\u00f3n en general, seg\u00fan revela un estudio reciente. Adem\u00e1s, durante el servicio militar la situaci\u00f3n se agrava much\u00edsimo. Se trata de tres investigaciones separadas que fueron realizadas tras un brote de suicidios en el Ej\u00e9rcito de EE.UU. Los autores [&hellip;]<\/p>\n","protected":false},"author":1,"featured_media":0,"comment_status":"open","ping_status":"open","sticky":false,"template":"","format":"standard","meta":{"tdm_status":"","tdm_grid_status":"","footnotes":""},"categories":[37],"tags":[],"class_list":{"0":"post-44077","1":"post","2":"type-post","3":"status-publish","4":"format-standard","6":"category-salud"},"yoast_head":"<!-- This site is optimized with the Yoast SEO plugin v25.1 - https:\/\/yoast.com\/wordpress\/plugins\/seo\/ -->\n<title>Estudio: Una cuarta parte de los soldados de EE.UU. padece enfermedades mentales<\/title>\n<meta name=\"description\" content=\"Portal de noticias del Per\u00fa sobre el transporte a\u00e9reo, aviaci\u00f3n, turismo, hoteleria, actualidad.\" \/>\n<meta name=\"robots\" content=\"index, follow, max-snippet:-1, max-image-preview:large, max-video-preview:-1\" \/>\n<link rel=\"canonical\" href=\"https:\/\/aeronoticias.com.pe\/noticiero\/salud\/estudio-una-cuarta-parte-de-los-soldados-de-eeuu-padece-enfermedades-mentales\/\" \/>\n<meta property=\"og:locale\" content=\"es_ES\" \/>\n<meta property=\"og:type\" content=\"article\" \/>\n<meta property=\"og:title\" content=\"Estudio: Una cuarta parte de los soldados de EE.UU. padece enfermedades mentales\" \/>\n<meta property=\"og:description\" content=\"Portal de noticias del Per\u00fa sobre el transporte a\u00e9reo, aviaci\u00f3n, turismo, hoteleria, actualidad.\" \/>\n<meta property=\"og:url\" content=\"https:\/\/aeronoticias.com.pe\/noticiero\/salud\/estudio-una-cuarta-parte-de-los-soldados-de-eeuu-padece-enfermedades-mentales\/\" \/>\n<meta property=\"og:site_name\" content=\"Aeronoticias.com.pe\" \/>\n<meta property=\"article:publisher\" content=\"https:\/\/www.facebook.com\/Aeronoticias.com.pe\/\" \/>\n<meta property=\"article:published_time\" content=\"2014-03-05T16:49:34+00:00\" \/>\n<meta name=\"author\" content=\"Redacci\u00f3n Aeronoticias\" \/>\n<meta name=\"twitter:card\" content=\"summary_large_image\" \/>\n<meta name=\"twitter:creator\" content=\"@aeronoticias\" \/>\n<meta name=\"twitter:site\" content=\"@aeronoticias\" \/>\n<meta name=\"twitter:label1\" content=\"Escrito por\" \/>\n\t<meta name=\"twitter:data1\" content=\"Redacci\u00f3n Aeronoticias\" \/>\n\t<meta name=\"twitter:label2\" content=\"Tiempo de lectura\" \/>\n\t<meta name=\"twitter:data2\" content=\"1 minuto\" \/>\n<script type=\"application\/ld+json\" class=\"yoast-schema-graph\">{\"@context\":\"https:\/\/schema.org\",\"@graph\":[{\"@type\":\"WebPage\",\"@id\":\"https:\/\/aeronoticias.com.pe\/noticiero\/salud\/estudio-una-cuarta-parte-de-los-soldados-de-eeuu-padece-enfermedades-mentales\/\",\"url\":\"https:\/\/aeronoticias.com.pe\/noticiero\/salud\/estudio-una-cuarta-parte-de-los-soldados-de-eeuu-padece-enfermedades-mentales\/\",\"name\":\"Estudio: Una cuarta parte de los soldados de EE.UU. padece enfermedades mentales\",\"isPartOf\":{\"@id\":\"https:\/\/aeronoticias.com.pe\/noticiero\/#website\"},\"datePublished\":\"2014-03-05T16:49:34+00:00\",\"author\":{\"@id\":\"https:\/\/aeronoticias.com.pe\/noticiero\/#\/schema\/person\/fc1e5d578f4b62ba1cf7ac2bba1170a0\"},\"description\":\"Portal de noticias del Per\u00fa sobre el transporte a\u00e9reo, aviaci\u00f3n, turismo, hoteleria, actualidad.\",\"breadcrumb\":{\"@id\":\"https:\/\/aeronoticias.com.pe\/noticiero\/salud\/estudio-una-cuarta-parte-de-los-soldados-de-eeuu-padece-enfermedades-mentales\/#breadcrumb\"},\"inLanguage\":\"es\",\"potentialAction\":[{\"@type\":\"ReadAction\",\"target\":[\"https:\/\/aeronoticias.com.pe\/noticiero\/salud\/estudio-una-cuarta-parte-de-los-soldados-de-eeuu-padece-enfermedades-mentales\/\"]}]},{\"@type\":\"BreadcrumbList\",\"@id\":\"https:\/\/aeronoticias.com.pe\/noticiero\/salud\/estudio-una-cuarta-parte-de-los-soldados-de-eeuu-padece-enfermedades-mentales\/#breadcrumb\",\"itemListElement\":[{\"@type\":\"ListItem\",\"position\":1,\"name\":\"Portada\",\"item\":\"https:\/\/aeronoticias.com.pe\/noticiero\/\"},{\"@type\":\"ListItem\",\"position\":2,\"name\":\"Estudio: Una cuarta parte de los soldados de EE.UU. padece enfermedades mentales\"}]},{\"@type\":\"WebSite\",\"@id\":\"https:\/\/aeronoticias.com.pe\/noticiero\/#website\",\"url\":\"https:\/\/aeronoticias.com.pe\/noticiero\/\",\"name\":\"Aeronoticias.com.pe\",\"description\":\"Noticias de tranporte aereo, turismo, hoteles, gastronomia, actualidad, internacional\",\"potentialAction\":[{\"@type\":\"SearchAction\",\"target\":{\"@type\":\"EntryPoint\",\"urlTemplate\":\"https:\/\/aeronoticias.com.pe\/noticiero\/?s={search_term_string}\"},\"query-input\":{\"@type\":\"PropertyValueSpecification\",\"valueRequired\":true,\"valueName\":\"search_term_string\"}}],\"inLanguage\":\"es\"},{\"@type\":\"Person\",\"@id\":\"https:\/\/aeronoticias.com.pe\/noticiero\/#\/schema\/person\/fc1e5d578f4b62ba1cf7ac2bba1170a0\",\"name\":\"Redacci\u00f3n Aeronoticias\",\"url\":\"https:\/\/aeronoticias.com.pe\/noticiero\/author\/piloto\/\"}]}<\/script>\n<!-- \/ Yoast SEO plugin. -->","yoast_head_json":{"title":"Estudio: Una cuarta parte de los soldados de EE.UU. padece enfermedades mentales","description":"Portal de noticias del Per\u00fa sobre el transporte a\u00e9reo, aviaci\u00f3n, turismo, hoteleria, actualidad.","robots":{"index":"index","follow":"follow","max-snippet":"max-snippet:-1","max-image-preview":"max-image-preview:large","max-video-preview":"max-video-preview:-1"},"canonical":"https:\/\/aeronoticias.com.pe\/noticiero\/salud\/estudio-una-cuarta-parte-de-los-soldados-de-eeuu-padece-enfermedades-mentales\/","og_locale":"es_ES","og_type":"article","og_title":"Estudio: Una cuarta parte de los soldados de EE.UU. padece enfermedades mentales","og_description":"Portal de noticias del Per\u00fa sobre el transporte a\u00e9reo, aviaci\u00f3n, turismo, hoteleria, actualidad.","og_url":"https:\/\/aeronoticias.com.pe\/noticiero\/salud\/estudio-una-cuarta-parte-de-los-soldados-de-eeuu-padece-enfermedades-mentales\/","og_site_name":"Aeronoticias.com.pe","article_publisher":"https:\/\/www.facebook.com\/Aeronoticias.com.pe\/","article_published_time":"2014-03-05T16:49:34+00:00","author":"Redacci\u00f3n Aeronoticias","twitter_card":"summary_large_image","twitter_creator":"@aeronoticias","twitter_site":"@aeronoticias","twitter_misc":{"Escrito por":"Redacci\u00f3n Aeronoticias","Tiempo de lectura":"1 minuto"},"schema":{"@context":"https:\/\/schema.org","@graph":[{"@type":"WebPage","@id":"https:\/\/aeronoticias.com.pe\/noticiero\/salud\/estudio-una-cuarta-parte-de-los-soldados-de-eeuu-padece-enfermedades-mentales\/","url":"https:\/\/aeronoticias.com.pe\/noticiero\/salud\/estudio-una-cuarta-parte-de-los-soldados-de-eeuu-padece-enfermedades-mentales\/","name":"Estudio: Una cuarta parte de los soldados de EE.UU. padece enfermedades mentales","isPartOf":{"@id":"https:\/\/aeronoticias.com.pe\/noticiero\/#website"},"datePublished":"2014-03-05T16:49:34+00:00","author":{"@id":"https:\/\/aeronoticias.com.pe\/noticiero\/#\/schema\/person\/fc1e5d578f4b62ba1cf7ac2bba1170a0"},"description":"Portal de noticias del Per\u00fa sobre el transporte a\u00e9reo, aviaci\u00f3n, turismo, hoteleria, actualidad.","breadcrumb":{"@id":"https:\/\/aeronoticias.com.pe\/noticiero\/salud\/estudio-una-cuarta-parte-de-los-soldados-de-eeuu-padece-enfermedades-mentales\/#breadcrumb"},"inLanguage":"es","potentialAction":[{"@type":"ReadAction","target":["https:\/\/aeronoticias.com.pe\/noticiero\/salud\/estudio-una-cuarta-parte-de-los-soldados-de-eeuu-padece-enfermedades-mentales\/"]}]},{"@type":"BreadcrumbList","@id":"https:\/\/aeronoticias.com.pe\/noticiero\/salud\/estudio-una-cuarta-parte-de-los-soldados-de-eeuu-padece-enfermedades-mentales\/#breadcrumb","itemListElement":[{"@type":"ListItem","position":1,"name":"Portada","item":"https:\/\/aeronoticias.com.pe\/noticiero\/"},{"@type":"ListItem","position":2,"name":"Estudio: Una cuarta parte de los soldados de EE.UU. padece enfermedades mentales"}]},{"@type":"WebSite","@id":"https:\/\/aeronoticias.com.pe\/noticiero\/#website","url":"https:\/\/aeronoticias.com.pe\/noticiero\/","name":"Aeronoticias.com.pe","description":"Noticias de tranporte aereo, turismo, hoteles, gastronomia, actualidad, internacional","potentialAction":[{"@type":"SearchAction","target":{"@type":"EntryPoint","urlTemplate":"https:\/\/aeronoticias.com.pe\/noticiero\/?s={search_term_string}"},"query-input":{"@type":"PropertyValueSpecification","valueRequired":true,"valueName":"search_term_string"}}],"inLanguage":"es"},{"@type":"Person","@id":"https:\/\/aeronoticias.com.pe\/noticiero\/#\/schema\/person\/fc1e5d578f4b62ba1cf7ac2bba1170a0","name":"Redacci\u00f3n Aeronoticias","url":"https:\/\/aeronoticias.com.pe\/noticiero\/author\/piloto\/"}]}},"_links":{"self":[{"href":"https:\/\/aeronoticias.com.pe\/noticiero\/wp-json\/wp\/v2\/posts\/44077","targetHints":{"allow":["GET"]}}],"collection":[{"href":"https:\/\/aeronoticias.com.pe\/noticiero\/wp-json\/wp\/v2\/posts"}],"about":[{"href":"https:\/\/aeronoticias.com.pe\/noticiero\/wp-json\/wp\/v2\/types\/post"}],"author":[{"embeddable":true,"href":"https:\/\/aeronoticias.com.pe\/noticiero\/wp-json\/wp\/v2\/users\/1"}],"replies":[{"embeddable":true,"href":"https:\/\/aeronoticias.com.pe\/noticiero\/wp-json\/wp\/v2\/comments?post=44077"}],"version-history":[{"count":0,"href":"https:\/\/aeronoticias.com.pe\/noticiero\/wp-json\/wp\/v2\/posts\/44077\/revisions"}],"wp:attachment":[{"href":"https:\/\/aeronoticias.com.pe\/noticiero\/wp-json\/wp\/v2\/media?parent=44077"}],"wp:term":[{"taxonomy":"category","embeddable":true,"href":"https:\/\/aeronoticias.com.pe\/noticiero\/wp-json\/wp\/v2\/categories?post=44077"},{"taxonomy":"post_tag","embeddable":true,"href":"https:\/\/aeronoticias.com.pe\/noticiero\/wp-json\/wp\/v2\/tags?post=44077"}],"curies":[{"name":"wp","href":"https:\/\/api.w.org\/{rel}","templated":true}]}}