{"id":44081,"date":"2014-03-05T17:22:58","date_gmt":"2014-03-05T17:22:58","guid":{"rendered":"http:\/\/desarrollo.mcvicious.com\/aero2020\/2014\/03\/05\/se-debe-cambiar-el-nombre-a-aeromexico-afecta-a-la-reputacion-del-pais-benjamin-robles\/"},"modified":"2014-03-05T17:22:58","modified_gmt":"2014-03-05T17:22:58","slug":"se-debe-cambiar-el-nombre-a-aeromexico-afecta-a-la-reputacion-del-pais-benjamin-robles","status":"publish","type":"post","link":"https:\/\/aeronoticias.com.pe\/noticiero\/transporte-aereo\/internacional\/se-debe-cambiar-el-nombre-a-aeromexico-afecta-a-la-reputacion-del-pais-benjamin-robles\/","title":{"rendered":"\u201cSe debe cambiar el nombre a Aeromexico, afecta a la reputaci\u00f3n del pa\u00eds\u201d: Benjam\u00edn Robles"},"content":{"rendered":"<p style=\"text-align: justify;\"><img decoding=\"async\" src=\"images\/stories\/14\/03\/050314\/a15.jpg\" border=\"0\" \/><\/p>\n<p style=\"text-align: justify;\"><strong>(Aeronoticias).<\/strong>&#8211; <em>La aerol\u00ednea se ha convertido en la empresa dominante del sector, por ello debe promover medidas administrativas, normativas y legales que corrijan parcial o totalmente el impacto negativo hacia usuarios.<\/em><\/p>\n<p style=\"text-align: justify;\">El senador Benjam\u00edn Robles, miembro del Partido de la Revoluci\u00f3n Democr\u00e1tico indic\u00f3 por medio de un comunicado, que la aerol\u00ednea denominada Aerom\u00e9xico, debe cambiar \u00f3 eliminar el nombre de M\u00e9xico en la marca o marcas de la misma, ya que debido a su irregularidad e ineficiencia en su servicio ha afectado la reputaci\u00f3n del pa\u00eds.<\/p>\n<p style=\"text-align: justify;\">La imagen positiva del pa\u00eds, se ha visto afectada en servicio de transportaci\u00f3n a\u00e9rea de personas y bienes que ofrece esta aerol\u00ednea, por ello destac\u00f3 el senador se debe considerar delinear, impulsar y promover medidas administrativas, normativas y legales que corrijan parcial o totalmente el da\u00f1o e impacto negativo que ha tenido con sus usuarios.<\/p>\n<p style=\"text-align: justify;\">Con base en esto, se propone que Aerom\u00e9xico elimine o descarte el nombre de nuestro pa\u00eds dentro de su empresa; ya que produce confusi\u00f3n entre los usuarios y la poblaci\u00f3n en general, ya que puede interpretarse que la empresa represente identidad, cultura y valores de todo nuestro pa\u00eds.<\/p>\n<p style=\"text-align: justify;\"><span style=\"text-decoration: underline;\">Robles propone lo siguiente:<\/span><\/p>\n<p style=\"text-align: justify;\">1.- Solicitar un informe sobre la operaci\u00f3n de Aerom\u00e9xico, en cuento a su servicio, t\u00e9rminos de seguridad aeroportuaria, el cumplimiento de las normas, horarios de aterrizaje y despegue y la atenci\u00f3n de las quejas por parte de los usuarios de su aerol\u00ednea.<\/p>\n<p style=\"text-align: justify;\">2.-Determinar sanciones por pr\u00e1cticas discriminatorias de la aerol\u00ednea, ya que de acuerdo con datos dados por la Profeco, solamente en el mes de enero de este a\u00f1o se tiene contabilizadas 37 quejas debido a los servicios e Aerom\u00e9xico.<\/p>\n<p style=\"text-align: justify;\">Por otro lado, se realiza una solicitud a la CONAPRED, para que emprenda acciones en contra de actos discriminatorios, as\u00ed mismo se exhorta a la CNDH para conculcar derechos humanos de los usuarios.<\/p>\n<p style=\"text-align: justify;\">Es la aerol\u00ednea que se ha convertido en la empresa m\u00e1s dominante del sector, ya que cuenta con mayores recursos en relaci\u00f3n con infraestructura de transportaci\u00f3n y as\u00ed mismo de presencia en el territorio nacional, por ello lejos de cumplir con sus responsabilidades sociales ha desprestigiado el nombre de M\u00e9xico.<\/p>\n<p style=\"text-align: justify;\">\u00a0<\/p>\n<p style=\"text-align: justify;\">Fuente: \u00a0<strong><em>www.sdpnoticias.com<\/em><\/strong><\/p>\n<p style=\"text-align: justify;\">Foto: <strong><em>upload.wikimedia.org<\/em><\/strong><\/p>\n","protected":false},"excerpt":{"rendered":"<p>(Aeronoticias).&#8211; La aerol\u00ednea se ha convertido en la empresa dominante del sector, por ello debe promover medidas administrativas, normativas y legales que corrijan parcial o totalmente el impacto negativo hacia usuarios. El senador Benjam\u00edn Robles, miembro del Partido de la Revoluci\u00f3n Democr\u00e1tico indic\u00f3 por medio de un comunicado, que la aerol\u00ednea denominada Aerom\u00e9xico, debe cambiar [&hellip;]<\/p>\n","protected":false},"author":1,"featured_media":0,"comment_status":"open","ping_status":"open","sticky":false,"template":"","format":"standard","meta":{"tdm_status":"","tdm_grid_status":"","footnotes":""},"categories":[32],"tags":[],"class_list":{"0":"post-44081","1":"post","2":"type-post","3":"status-publish","4":"format-standard","6":"category-internacional"},"yoast_head":"<!-- This site is optimized with the Yoast SEO plugin v25.1 - https:\/\/yoast.com\/wordpress\/plugins\/seo\/ -->\n<title>\u201cSe debe cambiar el nombre a Aeromexico, afecta a la reputaci\u00f3n del pa\u00eds\u201d: Benjam\u00edn Robles<\/title>\n<meta name=\"description\" content=\"Portal de noticias del Per\u00fa sobre el transporte a\u00e9reo, aviaci\u00f3n, turismo, hoteleria, actualidad.\" \/>\n<meta name=\"robots\" content=\"index, follow, max-snippet:-1, max-image-preview:large, max-video-preview:-1\" \/>\n<link rel=\"canonical\" href=\"https:\/\/aeronoticias.com.pe\/noticiero\/transporte-aereo\/internacional\/se-debe-cambiar-el-nombre-a-aeromexico-afecta-a-la-reputacion-del-pais-benjamin-robles\/\" \/>\n<meta property=\"og:locale\" content=\"es_ES\" \/>\n<meta property=\"og:type\" content=\"article\" \/>\n<meta property=\"og:title\" content=\"\u201cSe debe cambiar el nombre a Aeromexico, afecta a la reputaci\u00f3n del pa\u00eds\u201d: Benjam\u00edn Robles\" \/>\n<meta property=\"og:description\" content=\"Portal de noticias del Per\u00fa sobre el transporte a\u00e9reo, aviaci\u00f3n, turismo, hoteleria, actualidad.\" \/>\n<meta property=\"og:url\" content=\"https:\/\/aeronoticias.com.pe\/noticiero\/transporte-aereo\/internacional\/se-debe-cambiar-el-nombre-a-aeromexico-afecta-a-la-reputacion-del-pais-benjamin-robles\/\" \/>\n<meta property=\"og:site_name\" content=\"Aeronoticias.com.pe\" \/>\n<meta property=\"article:publisher\" content=\"https:\/\/www.facebook.com\/Aeronoticias.com.pe\/\" \/>\n<meta property=\"article:published_time\" content=\"2014-03-05T17:22:58+00:00\" \/>\n<meta name=\"author\" content=\"Redacci\u00f3n Aeronoticias\" \/>\n<meta name=\"twitter:card\" content=\"summary_large_image\" \/>\n<meta name=\"twitter:creator\" content=\"@aeronoticias\" \/>\n<meta name=\"twitter:site\" content=\"@aeronoticias\" \/>\n<meta name=\"twitter:label1\" content=\"Escrito por\" \/>\n\t<meta name=\"twitter:data1\" content=\"Redacci\u00f3n Aeronoticias\" \/>\n\t<meta name=\"twitter:label2\" content=\"Tiempo de lectura\" \/>\n\t<meta name=\"twitter:data2\" content=\"2 minutos\" \/>\n<script type=\"application\/ld+json\" class=\"yoast-schema-graph\">{\"@context\":\"https:\/\/schema.org\",\"@graph\":[{\"@type\":\"WebPage\",\"@id\":\"https:\/\/aeronoticias.com.pe\/noticiero\/transporte-aereo\/internacional\/se-debe-cambiar-el-nombre-a-aeromexico-afecta-a-la-reputacion-del-pais-benjamin-robles\/\",\"url\":\"https:\/\/aeronoticias.com.pe\/noticiero\/transporte-aereo\/internacional\/se-debe-cambiar-el-nombre-a-aeromexico-afecta-a-la-reputacion-del-pais-benjamin-robles\/\",\"name\":\"\u201cSe debe cambiar el nombre a Aeromexico, afecta a la reputaci\u00f3n del pa\u00eds\u201d: Benjam\u00edn Robles\",\"isPartOf\":{\"@id\":\"https:\/\/aeronoticias.com.pe\/noticiero\/#website\"},\"datePublished\":\"2014-03-05T17:22:58+00:00\",\"author\":{\"@id\":\"https:\/\/aeronoticias.com.pe\/noticiero\/#\/schema\/person\/fc1e5d578f4b62ba1cf7ac2bba1170a0\"},\"description\":\"Portal de noticias del Per\u00fa sobre el transporte a\u00e9reo, aviaci\u00f3n, turismo, hoteleria, actualidad.\",\"breadcrumb\":{\"@id\":\"https:\/\/aeronoticias.com.pe\/noticiero\/transporte-aereo\/internacional\/se-debe-cambiar-el-nombre-a-aeromexico-afecta-a-la-reputacion-del-pais-benjamin-robles\/#breadcrumb\"},\"inLanguage\":\"es\",\"potentialAction\":[{\"@type\":\"ReadAction\",\"target\":[\"https:\/\/aeronoticias.com.pe\/noticiero\/transporte-aereo\/internacional\/se-debe-cambiar-el-nombre-a-aeromexico-afecta-a-la-reputacion-del-pais-benjamin-robles\/\"]}]},{\"@type\":\"BreadcrumbList\",\"@id\":\"https:\/\/aeronoticias.com.pe\/noticiero\/transporte-aereo\/internacional\/se-debe-cambiar-el-nombre-a-aeromexico-afecta-a-la-reputacion-del-pais-benjamin-robles\/#breadcrumb\",\"itemListElement\":[{\"@type\":\"ListItem\",\"position\":1,\"name\":\"Portada\",\"item\":\"https:\/\/aeronoticias.com.pe\/noticiero\/\"},{\"@type\":\"ListItem\",\"position\":2,\"name\":\"\u201cSe debe cambiar el nombre a Aeromexico, afecta a la reputaci\u00f3n del pa\u00eds\u201d: Benjam\u00edn Robles\"}]},{\"@type\":\"WebSite\",\"@id\":\"https:\/\/aeronoticias.com.pe\/noticiero\/#website\",\"url\":\"https:\/\/aeronoticias.com.pe\/noticiero\/\",\"name\":\"Aeronoticias.com.pe\",\"description\":\"Noticias de tranporte aereo, turismo, hoteles, gastronomia, actualidad, internacional\",\"potentialAction\":[{\"@type\":\"SearchAction\",\"target\":{\"@type\":\"EntryPoint\",\"urlTemplate\":\"https:\/\/aeronoticias.com.pe\/noticiero\/?s={search_term_string}\"},\"query-input\":{\"@type\":\"PropertyValueSpecification\",\"valueRequired\":true,\"valueName\":\"search_term_string\"}}],\"inLanguage\":\"es\"},{\"@type\":\"Person\",\"@id\":\"https:\/\/aeronoticias.com.pe\/noticiero\/#\/schema\/person\/fc1e5d578f4b62ba1cf7ac2bba1170a0\",\"name\":\"Redacci\u00f3n Aeronoticias\",\"url\":\"https:\/\/aeronoticias.com.pe\/noticiero\/author\/piloto\/\"}]}<\/script>\n<!-- \/ Yoast SEO plugin. -->","yoast_head_json":{"title":"\u201cSe debe cambiar el nombre a Aeromexico, afecta a la reputaci\u00f3n del pa\u00eds\u201d: Benjam\u00edn Robles","description":"Portal de noticias del Per\u00fa sobre el transporte a\u00e9reo, aviaci\u00f3n, turismo, hoteleria, actualidad.","robots":{"index":"index","follow":"follow","max-snippet":"max-snippet:-1","max-image-preview":"max-image-preview:large","max-video-preview":"max-video-preview:-1"},"canonical":"https:\/\/aeronoticias.com.pe\/noticiero\/transporte-aereo\/internacional\/se-debe-cambiar-el-nombre-a-aeromexico-afecta-a-la-reputacion-del-pais-benjamin-robles\/","og_locale":"es_ES","og_type":"article","og_title":"\u201cSe debe cambiar el nombre a Aeromexico, afecta a la reputaci\u00f3n del pa\u00eds\u201d: Benjam\u00edn Robles","og_description":"Portal de noticias del Per\u00fa sobre el transporte a\u00e9reo, aviaci\u00f3n, turismo, hoteleria, actualidad.","og_url":"https:\/\/aeronoticias.com.pe\/noticiero\/transporte-aereo\/internacional\/se-debe-cambiar-el-nombre-a-aeromexico-afecta-a-la-reputacion-del-pais-benjamin-robles\/","og_site_name":"Aeronoticias.com.pe","article_publisher":"https:\/\/www.facebook.com\/Aeronoticias.com.pe\/","article_published_time":"2014-03-05T17:22:58+00:00","author":"Redacci\u00f3n Aeronoticias","twitter_card":"summary_large_image","twitter_creator":"@aeronoticias","twitter_site":"@aeronoticias","twitter_misc":{"Escrito por":"Redacci\u00f3n Aeronoticias","Tiempo de lectura":"2 minutos"},"schema":{"@context":"https:\/\/schema.org","@graph":[{"@type":"WebPage","@id":"https:\/\/aeronoticias.com.pe\/noticiero\/transporte-aereo\/internacional\/se-debe-cambiar-el-nombre-a-aeromexico-afecta-a-la-reputacion-del-pais-benjamin-robles\/","url":"https:\/\/aeronoticias.com.pe\/noticiero\/transporte-aereo\/internacional\/se-debe-cambiar-el-nombre-a-aeromexico-afecta-a-la-reputacion-del-pais-benjamin-robles\/","name":"\u201cSe debe cambiar el nombre a Aeromexico, afecta a la reputaci\u00f3n del pa\u00eds\u201d: Benjam\u00edn Robles","isPartOf":{"@id":"https:\/\/aeronoticias.com.pe\/noticiero\/#website"},"datePublished":"2014-03-05T17:22:58+00:00","author":{"@id":"https:\/\/aeronoticias.com.pe\/noticiero\/#\/schema\/person\/fc1e5d578f4b62ba1cf7ac2bba1170a0"},"description":"Portal de noticias del Per\u00fa sobre el transporte a\u00e9reo, aviaci\u00f3n, turismo, hoteleria, actualidad.","breadcrumb":{"@id":"https:\/\/aeronoticias.com.pe\/noticiero\/transporte-aereo\/internacional\/se-debe-cambiar-el-nombre-a-aeromexico-afecta-a-la-reputacion-del-pais-benjamin-robles\/#breadcrumb"},"inLanguage":"es","potentialAction":[{"@type":"ReadAction","target":["https:\/\/aeronoticias.com.pe\/noticiero\/transporte-aereo\/internacional\/se-debe-cambiar-el-nombre-a-aeromexico-afecta-a-la-reputacion-del-pais-benjamin-robles\/"]}]},{"@type":"BreadcrumbList","@id":"https:\/\/aeronoticias.com.pe\/noticiero\/transporte-aereo\/internacional\/se-debe-cambiar-el-nombre-a-aeromexico-afecta-a-la-reputacion-del-pais-benjamin-robles\/#breadcrumb","itemListElement":[{"@type":"ListItem","position":1,"name":"Portada","item":"https:\/\/aeronoticias.com.pe\/noticiero\/"},{"@type":"ListItem","position":2,"name":"\u201cSe debe cambiar el nombre a Aeromexico, afecta a la reputaci\u00f3n del pa\u00eds\u201d: Benjam\u00edn Robles"}]},{"@type":"WebSite","@id":"https:\/\/aeronoticias.com.pe\/noticiero\/#website","url":"https:\/\/aeronoticias.com.pe\/noticiero\/","name":"Aeronoticias.com.pe","description":"Noticias de tranporte aereo, turismo, hoteles, gastronomia, actualidad, internacional","potentialAction":[{"@type":"SearchAction","target":{"@type":"EntryPoint","urlTemplate":"https:\/\/aeronoticias.com.pe\/noticiero\/?s={search_term_string}"},"query-input":{"@type":"PropertyValueSpecification","valueRequired":true,"valueName":"search_term_string"}}],"inLanguage":"es"},{"@type":"Person","@id":"https:\/\/aeronoticias.com.pe\/noticiero\/#\/schema\/person\/fc1e5d578f4b62ba1cf7ac2bba1170a0","name":"Redacci\u00f3n Aeronoticias","url":"https:\/\/aeronoticias.com.pe\/noticiero\/author\/piloto\/"}]}},"_links":{"self":[{"href":"https:\/\/aeronoticias.com.pe\/noticiero\/wp-json\/wp\/v2\/posts\/44081","targetHints":{"allow":["GET"]}}],"collection":[{"href":"https:\/\/aeronoticias.com.pe\/noticiero\/wp-json\/wp\/v2\/posts"}],"about":[{"href":"https:\/\/aeronoticias.com.pe\/noticiero\/wp-json\/wp\/v2\/types\/post"}],"author":[{"embeddable":true,"href":"https:\/\/aeronoticias.com.pe\/noticiero\/wp-json\/wp\/v2\/users\/1"}],"replies":[{"embeddable":true,"href":"https:\/\/aeronoticias.com.pe\/noticiero\/wp-json\/wp\/v2\/comments?post=44081"}],"version-history":[{"count":0,"href":"https:\/\/aeronoticias.com.pe\/noticiero\/wp-json\/wp\/v2\/posts\/44081\/revisions"}],"wp:attachment":[{"href":"https:\/\/aeronoticias.com.pe\/noticiero\/wp-json\/wp\/v2\/media?parent=44081"}],"wp:term":[{"taxonomy":"category","embeddable":true,"href":"https:\/\/aeronoticias.com.pe\/noticiero\/wp-json\/wp\/v2\/categories?post=44081"},{"taxonomy":"post_tag","embeddable":true,"href":"https:\/\/aeronoticias.com.pe\/noticiero\/wp-json\/wp\/v2\/tags?post=44081"}],"curies":[{"name":"wp","href":"https:\/\/api.w.org\/{rel}","templated":true}]}}