{"id":44357,"date":"2014-03-17T14:47:04","date_gmt":"2014-03-17T14:47:04","guid":{"rendered":"http:\/\/desarrollo.mcvicious.com\/aero2020\/2014\/03\/17\/la-persona-que-envio-el-mensaje-qde-acuerdo-buenas-nochesq-era-consciente-de-que-dicho-sistema-habia-sido-desconectado-manualmente\/"},"modified":"2014-03-17T14:47:04","modified_gmt":"2014-03-17T14:47:04","slug":"la-persona-que-envio-el-mensaje-qde-acuerdo-buenas-nochesq-era-consciente-de-que-dicho-sistema-habia-sido-desconectado-manualmente","status":"publish","type":"post","link":"https:\/\/aeronoticias.com.pe\/noticiero\/transporte-aereo\/internacional\/la-persona-que-envio-el-mensaje-qde-acuerdo-buenas-nochesq-era-consciente-de-que-dicho-sistema-habia-sido-desconectado-manualmente\/","title":{"rendered":"La persona que envi\u00f3 el mensaje \u00abDe acuerdo, buenas noches\u00bb era consciente de que dicho sistema hab\u00eda sido desconectado manualmente"},"content":{"rendered":"<p style=\"text-align: justify;\"><img decoding=\"async\" src=\"images\/stories\/14\/03\/170314\/a4.jpg\" border=\"0\" \/><\/p>\n<p style=\"text-align: justify;\"><strong>(Aeronoticias).-<\/strong> La persona al mando del vuelo MH370 de Malasia Airlines emiti\u00f3 un \u00faltimo mensaje al puesto de control del tr\u00e1fico a\u00e9reo despu\u00e9s de que parte del sistema de comunicaci\u00f3n conocido como ACARS (Aircraft Communications Addressing and Reporting System) fuese desactivado, seg\u00fan han confirmado las autoridades malasias. Una circunstancia que a\u00f1ade m\u00e1s certidumbre a la posibilidad de que la aeronave haya sido secuestrada.<\/p>\n<p style=\"text-align: justify;\">La m\u00e1s reciente l\u00ednea de investigaci\u00f3n sugiere que la persona que envi\u00f3 el mensaje \u00abDe acuerdo, buenas noches\u00bb a los controladores a\u00e9reos con base en Kuala Lumpur justo antes de que el aparato desapareciese de su radar y desviase su trayectoria tambi\u00e9n era consciente de que dicho sistema hab\u00eda sido desconectado manualmente, informa el diario brit\u00e1nico &#8216;The Guardian&#8217; en su edici\u00f3n digital.<\/p>\n<p style=\"text-align: justify;\">Los investigadores todav\u00eda no saben qui\u00e9n se encontraba al mando del Boeing -777 con 239 personas a bordo desaparecido el pasado 8 de marzo y cu\u00e1les eran sus intenciones.<\/p>\n<p style=\"text-align: justify;\">Expertos en mantenimiento de aeronaves han explicado que el sistema de comunicaciones del avi\u00f3n s\u00f3lo se puede desactivar manualmente, un proceso complejo en lo t\u00e9cnico que requiere unos conocimientos avanzados y que exige la conmutaci\u00f3n de una serie de controles en cadena de la cabina.<\/p>\n<p style=\"text-align: justify;\">Las autoridades todav\u00eda no han revelado si la persona que lanz\u00f3 el \u00faltimo mensaje a los controladores fue el capit\u00e1n Zaharie Ahmad Shah, de 53 a\u00f1os, el copiloto Fariq Abdul Hamid, de 27, o incluso una tercera persona desconocida. Tampoco est\u00e1 claro si este tipo de mensajes son grabados por el puesto de control del tr\u00e1fico a\u00e9reo ni si est\u00e1n disponibles para ser analizados por expertos que determinen la voz a la que pertenece.<\/p>\n<p style=\"text-align: justify;\">\u00abNo queremos saltar a conclusiones sobre la investigaci\u00f3n (&#8230;) Es muy dif\u00edcil para nosotros verificar si ha sido un secuestro o un acto terrorista\u00bb, ha explicado ministro malasio de Defensa y titular interino de Transportes, Hishamudin Husein.<\/p>\n<p style=\"text-align: justify;\">\u00a0<\/p>\n<p style=\"text-align: justify;\">Fuente:<em><strong>www.elmundo.es<\/strong><\/em><\/p>\n<p style=\"text-align: justify;\">Foto:<em><strong>www.elmundo.es<\/strong><\/em><\/p>\n","protected":false},"excerpt":{"rendered":"<p>(Aeronoticias).- La persona al mando del vuelo MH370 de Malasia Airlines emiti\u00f3 un \u00faltimo mensaje al puesto de control del tr\u00e1fico a\u00e9reo despu\u00e9s de que parte del sistema de comunicaci\u00f3n conocido como ACARS (Aircraft Communications Addressing and Reporting System) fuese desactivado, seg\u00fan han confirmado las autoridades malasias. Una circunstancia que a\u00f1ade m\u00e1s certidumbre a la [&hellip;]<\/p>\n","protected":false},"author":1,"featured_media":0,"comment_status":"open","ping_status":"open","sticky":false,"template":"","format":"standard","meta":{"tdm_status":"","tdm_grid_status":"","footnotes":""},"categories":[32],"tags":[],"class_list":{"0":"post-44357","1":"post","2":"type-post","3":"status-publish","4":"format-standard","6":"category-internacional"},"yoast_head":"<!-- This site is optimized with the Yoast SEO plugin v25.1 - https:\/\/yoast.com\/wordpress\/plugins\/seo\/ -->\n<title>La persona que envi\u00f3 el mensaje &quot;De acuerdo, buenas noches&quot; era consciente de que dicho sistema hab\u00eda sido desconectado manualmente<\/title>\n<meta name=\"description\" content=\"Portal de noticias del Per\u00fa sobre el transporte a\u00e9reo, aviaci\u00f3n, turismo, hoteleria, actualidad.\" \/>\n<meta name=\"robots\" content=\"index, follow, max-snippet:-1, max-image-preview:large, max-video-preview:-1\" \/>\n<link rel=\"canonical\" href=\"https:\/\/aeronoticias.com.pe\/noticiero\/transporte-aereo\/internacional\/la-persona-que-envio-el-mensaje-qde-acuerdo-buenas-nochesq-era-consciente-de-que-dicho-sistema-habia-sido-desconectado-manualmente\/\" \/>\n<meta property=\"og:locale\" content=\"es_ES\" \/>\n<meta property=\"og:type\" content=\"article\" \/>\n<meta property=\"og:title\" content=\"La persona que envi\u00f3 el mensaje &quot;De acuerdo, buenas noches&quot; era consciente de que dicho sistema hab\u00eda sido desconectado manualmente\" \/>\n<meta property=\"og:description\" content=\"Portal de noticias del Per\u00fa sobre el transporte a\u00e9reo, aviaci\u00f3n, turismo, hoteleria, actualidad.\" \/>\n<meta property=\"og:url\" content=\"https:\/\/aeronoticias.com.pe\/noticiero\/transporte-aereo\/internacional\/la-persona-que-envio-el-mensaje-qde-acuerdo-buenas-nochesq-era-consciente-de-que-dicho-sistema-habia-sido-desconectado-manualmente\/\" \/>\n<meta property=\"og:site_name\" content=\"Aeronoticias.com.pe\" \/>\n<meta property=\"article:publisher\" content=\"https:\/\/www.facebook.com\/Aeronoticias.com.pe\/\" \/>\n<meta property=\"article:published_time\" content=\"2014-03-17T14:47:04+00:00\" \/>\n<meta name=\"author\" content=\"Redacci\u00f3n Aeronoticias\" \/>\n<meta name=\"twitter:card\" content=\"summary_large_image\" \/>\n<meta name=\"twitter:creator\" content=\"@aeronoticias\" \/>\n<meta name=\"twitter:site\" content=\"@aeronoticias\" \/>\n<meta name=\"twitter:label1\" content=\"Escrito por\" \/>\n\t<meta name=\"twitter:data1\" content=\"Redacci\u00f3n Aeronoticias\" \/>\n\t<meta name=\"twitter:label2\" content=\"Tiempo de lectura\" \/>\n\t<meta name=\"twitter:data2\" content=\"2 minutos\" \/>\n<script type=\"application\/ld+json\" class=\"yoast-schema-graph\">{\"@context\":\"https:\/\/schema.org\",\"@graph\":[{\"@type\":\"WebPage\",\"@id\":\"https:\/\/aeronoticias.com.pe\/noticiero\/transporte-aereo\/internacional\/la-persona-que-envio-el-mensaje-qde-acuerdo-buenas-nochesq-era-consciente-de-que-dicho-sistema-habia-sido-desconectado-manualmente\/\",\"url\":\"https:\/\/aeronoticias.com.pe\/noticiero\/transporte-aereo\/internacional\/la-persona-que-envio-el-mensaje-qde-acuerdo-buenas-nochesq-era-consciente-de-que-dicho-sistema-habia-sido-desconectado-manualmente\/\",\"name\":\"La persona que envi\u00f3 el mensaje \\\"De acuerdo, buenas noches\\\" era consciente de que dicho sistema hab\u00eda sido desconectado manualmente\",\"isPartOf\":{\"@id\":\"https:\/\/aeronoticias.com.pe\/noticiero\/#website\"},\"datePublished\":\"2014-03-17T14:47:04+00:00\",\"author\":{\"@id\":\"https:\/\/aeronoticias.com.pe\/noticiero\/#\/schema\/person\/fc1e5d578f4b62ba1cf7ac2bba1170a0\"},\"description\":\"Portal de noticias del Per\u00fa sobre el transporte a\u00e9reo, aviaci\u00f3n, turismo, hoteleria, actualidad.\",\"breadcrumb\":{\"@id\":\"https:\/\/aeronoticias.com.pe\/noticiero\/transporte-aereo\/internacional\/la-persona-que-envio-el-mensaje-qde-acuerdo-buenas-nochesq-era-consciente-de-que-dicho-sistema-habia-sido-desconectado-manualmente\/#breadcrumb\"},\"inLanguage\":\"es\",\"potentialAction\":[{\"@type\":\"ReadAction\",\"target\":[\"https:\/\/aeronoticias.com.pe\/noticiero\/transporte-aereo\/internacional\/la-persona-que-envio-el-mensaje-qde-acuerdo-buenas-nochesq-era-consciente-de-que-dicho-sistema-habia-sido-desconectado-manualmente\/\"]}]},{\"@type\":\"BreadcrumbList\",\"@id\":\"https:\/\/aeronoticias.com.pe\/noticiero\/transporte-aereo\/internacional\/la-persona-que-envio-el-mensaje-qde-acuerdo-buenas-nochesq-era-consciente-de-que-dicho-sistema-habia-sido-desconectado-manualmente\/#breadcrumb\",\"itemListElement\":[{\"@type\":\"ListItem\",\"position\":1,\"name\":\"Portada\",\"item\":\"https:\/\/aeronoticias.com.pe\/noticiero\/\"},{\"@type\":\"ListItem\",\"position\":2,\"name\":\"La persona que envi\u00f3 el mensaje \u00abDe acuerdo, buenas noches\u00bb era consciente de que dicho sistema hab\u00eda sido desconectado manualmente\"}]},{\"@type\":\"WebSite\",\"@id\":\"https:\/\/aeronoticias.com.pe\/noticiero\/#website\",\"url\":\"https:\/\/aeronoticias.com.pe\/noticiero\/\",\"name\":\"Aeronoticias.com.pe\",\"description\":\"Noticias de tranporte aereo, turismo, hoteles, gastronomia, actualidad, internacional\",\"potentialAction\":[{\"@type\":\"SearchAction\",\"target\":{\"@type\":\"EntryPoint\",\"urlTemplate\":\"https:\/\/aeronoticias.com.pe\/noticiero\/?s={search_term_string}\"},\"query-input\":{\"@type\":\"PropertyValueSpecification\",\"valueRequired\":true,\"valueName\":\"search_term_string\"}}],\"inLanguage\":\"es\"},{\"@type\":\"Person\",\"@id\":\"https:\/\/aeronoticias.com.pe\/noticiero\/#\/schema\/person\/fc1e5d578f4b62ba1cf7ac2bba1170a0\",\"name\":\"Redacci\u00f3n Aeronoticias\",\"url\":\"https:\/\/aeronoticias.com.pe\/noticiero\/author\/piloto\/\"}]}<\/script>\n<!-- \/ Yoast SEO plugin. -->","yoast_head_json":{"title":"La persona que envi\u00f3 el mensaje \"De acuerdo, buenas noches\" era consciente de que dicho sistema hab\u00eda sido desconectado manualmente","description":"Portal de noticias del Per\u00fa sobre el transporte a\u00e9reo, aviaci\u00f3n, turismo, hoteleria, actualidad.","robots":{"index":"index","follow":"follow","max-snippet":"max-snippet:-1","max-image-preview":"max-image-preview:large","max-video-preview":"max-video-preview:-1"},"canonical":"https:\/\/aeronoticias.com.pe\/noticiero\/transporte-aereo\/internacional\/la-persona-que-envio-el-mensaje-qde-acuerdo-buenas-nochesq-era-consciente-de-que-dicho-sistema-habia-sido-desconectado-manualmente\/","og_locale":"es_ES","og_type":"article","og_title":"La persona que envi\u00f3 el mensaje \"De acuerdo, buenas noches\" era consciente de que dicho sistema hab\u00eda sido desconectado manualmente","og_description":"Portal de noticias del Per\u00fa sobre el transporte a\u00e9reo, aviaci\u00f3n, turismo, hoteleria, actualidad.","og_url":"https:\/\/aeronoticias.com.pe\/noticiero\/transporte-aereo\/internacional\/la-persona-que-envio-el-mensaje-qde-acuerdo-buenas-nochesq-era-consciente-de-que-dicho-sistema-habia-sido-desconectado-manualmente\/","og_site_name":"Aeronoticias.com.pe","article_publisher":"https:\/\/www.facebook.com\/Aeronoticias.com.pe\/","article_published_time":"2014-03-17T14:47:04+00:00","author":"Redacci\u00f3n Aeronoticias","twitter_card":"summary_large_image","twitter_creator":"@aeronoticias","twitter_site":"@aeronoticias","twitter_misc":{"Escrito por":"Redacci\u00f3n Aeronoticias","Tiempo de lectura":"2 minutos"},"schema":{"@context":"https:\/\/schema.org","@graph":[{"@type":"WebPage","@id":"https:\/\/aeronoticias.com.pe\/noticiero\/transporte-aereo\/internacional\/la-persona-que-envio-el-mensaje-qde-acuerdo-buenas-nochesq-era-consciente-de-que-dicho-sistema-habia-sido-desconectado-manualmente\/","url":"https:\/\/aeronoticias.com.pe\/noticiero\/transporte-aereo\/internacional\/la-persona-que-envio-el-mensaje-qde-acuerdo-buenas-nochesq-era-consciente-de-que-dicho-sistema-habia-sido-desconectado-manualmente\/","name":"La persona que envi\u00f3 el mensaje \"De acuerdo, buenas noches\" era consciente de que dicho sistema hab\u00eda sido desconectado manualmente","isPartOf":{"@id":"https:\/\/aeronoticias.com.pe\/noticiero\/#website"},"datePublished":"2014-03-17T14:47:04+00:00","author":{"@id":"https:\/\/aeronoticias.com.pe\/noticiero\/#\/schema\/person\/fc1e5d578f4b62ba1cf7ac2bba1170a0"},"description":"Portal de noticias del Per\u00fa sobre el transporte a\u00e9reo, aviaci\u00f3n, turismo, hoteleria, actualidad.","breadcrumb":{"@id":"https:\/\/aeronoticias.com.pe\/noticiero\/transporte-aereo\/internacional\/la-persona-que-envio-el-mensaje-qde-acuerdo-buenas-nochesq-era-consciente-de-que-dicho-sistema-habia-sido-desconectado-manualmente\/#breadcrumb"},"inLanguage":"es","potentialAction":[{"@type":"ReadAction","target":["https:\/\/aeronoticias.com.pe\/noticiero\/transporte-aereo\/internacional\/la-persona-que-envio-el-mensaje-qde-acuerdo-buenas-nochesq-era-consciente-de-que-dicho-sistema-habia-sido-desconectado-manualmente\/"]}]},{"@type":"BreadcrumbList","@id":"https:\/\/aeronoticias.com.pe\/noticiero\/transporte-aereo\/internacional\/la-persona-que-envio-el-mensaje-qde-acuerdo-buenas-nochesq-era-consciente-de-que-dicho-sistema-habia-sido-desconectado-manualmente\/#breadcrumb","itemListElement":[{"@type":"ListItem","position":1,"name":"Portada","item":"https:\/\/aeronoticias.com.pe\/noticiero\/"},{"@type":"ListItem","position":2,"name":"La persona que envi\u00f3 el mensaje \u00abDe acuerdo, buenas noches\u00bb era consciente de que dicho sistema hab\u00eda sido desconectado manualmente"}]},{"@type":"WebSite","@id":"https:\/\/aeronoticias.com.pe\/noticiero\/#website","url":"https:\/\/aeronoticias.com.pe\/noticiero\/","name":"Aeronoticias.com.pe","description":"Noticias de tranporte aereo, turismo, hoteles, gastronomia, actualidad, internacional","potentialAction":[{"@type":"SearchAction","target":{"@type":"EntryPoint","urlTemplate":"https:\/\/aeronoticias.com.pe\/noticiero\/?s={search_term_string}"},"query-input":{"@type":"PropertyValueSpecification","valueRequired":true,"valueName":"search_term_string"}}],"inLanguage":"es"},{"@type":"Person","@id":"https:\/\/aeronoticias.com.pe\/noticiero\/#\/schema\/person\/fc1e5d578f4b62ba1cf7ac2bba1170a0","name":"Redacci\u00f3n Aeronoticias","url":"https:\/\/aeronoticias.com.pe\/noticiero\/author\/piloto\/"}]}},"_links":{"self":[{"href":"https:\/\/aeronoticias.com.pe\/noticiero\/wp-json\/wp\/v2\/posts\/44357","targetHints":{"allow":["GET"]}}],"collection":[{"href":"https:\/\/aeronoticias.com.pe\/noticiero\/wp-json\/wp\/v2\/posts"}],"about":[{"href":"https:\/\/aeronoticias.com.pe\/noticiero\/wp-json\/wp\/v2\/types\/post"}],"author":[{"embeddable":true,"href":"https:\/\/aeronoticias.com.pe\/noticiero\/wp-json\/wp\/v2\/users\/1"}],"replies":[{"embeddable":true,"href":"https:\/\/aeronoticias.com.pe\/noticiero\/wp-json\/wp\/v2\/comments?post=44357"}],"version-history":[{"count":0,"href":"https:\/\/aeronoticias.com.pe\/noticiero\/wp-json\/wp\/v2\/posts\/44357\/revisions"}],"wp:attachment":[{"href":"https:\/\/aeronoticias.com.pe\/noticiero\/wp-json\/wp\/v2\/media?parent=44357"}],"wp:term":[{"taxonomy":"category","embeddable":true,"href":"https:\/\/aeronoticias.com.pe\/noticiero\/wp-json\/wp\/v2\/categories?post=44357"},{"taxonomy":"post_tag","embeddable":true,"href":"https:\/\/aeronoticias.com.pe\/noticiero\/wp-json\/wp\/v2\/tags?post=44357"}],"curies":[{"name":"wp","href":"https:\/\/api.w.org\/{rel}","templated":true}]}}