{"id":448,"date":"2008-09-08T19:01:05","date_gmt":"2008-09-08T19:01:05","guid":{"rendered":"http:\/\/desarrollo.mcvicious.com\/aero2020\/2008\/09\/08\/ositran-andean-railways-y-peru-rail-se-veran-frente-a-frente-este-miercoles\/"},"modified":"2008-09-08T19:01:05","modified_gmt":"2008-09-08T19:01:05","slug":"ositran-andean-railways-y-peru-rail-se-veran-frente-a-frente-este-miercoles","status":"publish","type":"post","link":"https:\/\/aeronoticias.com.pe\/noticiero\/nacionales\/ositran-andean-railways-y-peru-rail-se-veran-frente-a-frente-este-miercoles\/","title":{"rendered":"OSITRAN: ANDEAN RAILWAYS Y PERU RAIL SE VERAN FRENTE A FRENTE ESTE MIERCOLES"},"content":{"rendered":"<p>&nbsp;<\/p>\n<div align=\"justify\">Los directivos de Inca Rail, Andean Railways y Per\u00fa Rail fueron invitados por el Organismo Supervisor de la Inversi\u00f3n en Infraestructura de Transporte de Uso P\u00fablico (OSITRAN) para dar su informe oral en la sesi\u00f3n del Consejo Directivo que se realizar\u00e1 este mi\u00e9rcoles 10 de setiembre, dentro del proceso de interpretaci\u00f3n de la cl\u00e1usula 7.6 del Contrato de Concesi\u00f3n del Ferrocarril del Sur y Sur Oriente.<\/div>\n<p>&nbsp;<\/p>\n<div align=\"center\"><strong>Consejo Directivo de Ositran escuchar\u00e1 posiciones de ambas empresas<\/strong><\/div>\n<p>&nbsp;<\/p>\n<div align=\"justify\">Los miembros del Consejo Directivo tomar\u00e1n conocimiento en esa oportunidad de las posiciones de las dos empresas que est\u00e1n interesadas en ingresar a operar la ruta Cusco \u2013 Machu Picchu (Inca Rail y Andean Railways), as\u00ed como del actual operador (Per\u00fa Rail), sobre lo que se\u00f1ala el contrato de concesi\u00f3n en cuanto a la participaci\u00f3n del operador vinculado.<\/p>\n<p>Como se sabe, Inca Rail solicit\u00f3 al Consejo Directivo de OSITRAN una interpretaci\u00f3n del contrato, al considerar que Per\u00fa Rail no debe participar en la subasta de horarios por ser una empresa vinculada a la concesionaria Fetransa.<\/div>\n<p>&nbsp;<\/p>\n<div style=\"text-align: center\"><img loading=\"lazy\" decoding=\"async\" src=\"http:\/\/aeronoticias.com.pe\/fotonoticias\/setiembre\/ositran8sep.JPG\" border=\"0\" alt=\" \" title=\"OSITRAN: ANDEAN RAILWAYS Y PERU RAIL SE VERAN FRENTE A FRENTE ESTE MIERCOLES. \" hspace=\"5\" vspace=\"5\" width=\"397\" height=\"138\" \/><\/div>\n<p>&nbsp;<\/p>\n<p> <!--more--> <br \/><strong><br \/><\/strong><\/p>\n<div align=\"center\"><strong>Estar\u00e1n presentes tambi\u00e9n Fetransa, MTC, entre otros<\/strong><\/div>\n<p><\/p>\n<div align=\"justify\">Tambi\u00e9n han sido invitados al Consejo Directivo R\u00f3mulo Guidino, gerente general de la concesionaria Ferrocarril Transandino (Fetransa), el Director General de Concesiones del Ministerio de Transportes y Comunicaciones (MTC), Juan Suito, y representantes de otras empresas ferroviarias como Wyoming Railways y Ferrov\u00edas Central Andino, actual concesionaria del Ferrocarril del Centro.<\/p>\n<p>En esta sesi\u00f3n se incorporar\u00e1 el ingeniero C\u00e9sar S\u00e1nchez M\u00f3dena, como representante de la sociedad civil nombrado recientemente por el gobierno. Los otros miembros del Consejo Directivo son el economista Juan Carlos Cevallos, presidente; el doctor Sergio Salinas Rivas y el ingeniero Jes\u00fas Tamayo Pacheco.<\/p>\n<p>El Consejo Directivo del mi\u00e9rcoles tiene varios temas en agenda, siendo uno de ellos el informe oral que presentar\u00e1n durante 10 minutos cada uno de los convocados.<\/p>\n<p>OSITRAN consider\u00f3 necesario para dar un marco de transparencia y confiabilidad que todos los integrantes conocieran no s\u00f3lo los informes de las \u00e1reas t\u00e9cnicas de la instituci\u00f3n sobre este tema, sino las posiciones directas de los operadores, de la concesionaria y del MTC. Luego de la sesi\u00f3n del mi\u00e9rcoles, el Consejo Directivo continuar\u00e1 el an\u00e1lisis del tema a fin de tomar en el m\u00e1s breve plazo una decisi\u00f3n. <\/div>\n","protected":false},"excerpt":{"rendered":"<p>&nbsp; Los directivos de Inca Rail, Andean Railways y Per\u00fa Rail fueron invitados por el Organismo Supervisor de la Inversi\u00f3n en Infraestructura de Transporte de Uso P\u00fablico (OSITRAN) para dar su informe oral en la sesi\u00f3n del Consejo Directivo que se realizar\u00e1 este mi\u00e9rcoles 10 de setiembre, dentro del proceso de interpretaci\u00f3n de la cl\u00e1usula [&hellip;]<\/p>\n","protected":false},"author":1,"featured_media":0,"comment_status":"open","ping_status":"open","sticky":false,"template":"","format":"standard","meta":{"tdm_status":"","tdm_grid_status":"","footnotes":""},"categories":[38],"tags":[],"class_list":{"0":"post-448","1":"post","2":"type-post","3":"status-publish","4":"format-standard","6":"category-nacionales"},"yoast_head":"<!-- This site is optimized with the Yoast SEO plugin v25.1 - https:\/\/yoast.com\/wordpress\/plugins\/seo\/ -->\n<title>OSITRAN: ANDEAN RAILWAYS Y PERU RAIL SE VERAN FRENTE A FRENTE ESTE MIERCOLES<\/title>\n<meta name=\"description\" content=\"Portal de noticias del Per\u00fa sobre el transporte a\u00e9reo, aviaci\u00f3n, turismo, hoteleria, actualidad.\" \/>\n<meta name=\"robots\" content=\"index, follow, max-snippet:-1, max-image-preview:large, max-video-preview:-1\" \/>\n<link rel=\"canonical\" href=\"https:\/\/aeronoticias.com.pe\/noticiero\/nacionales\/ositran-andean-railways-y-peru-rail-se-veran-frente-a-frente-este-miercoles\/\" \/>\n<meta property=\"og:locale\" content=\"es_ES\" \/>\n<meta property=\"og:type\" content=\"article\" \/>\n<meta property=\"og:title\" content=\"OSITRAN: ANDEAN RAILWAYS Y PERU RAIL SE VERAN FRENTE A FRENTE ESTE MIERCOLES\" \/>\n<meta property=\"og:description\" content=\"Portal de noticias del Per\u00fa sobre el transporte a\u00e9reo, aviaci\u00f3n, turismo, hoteleria, actualidad.\" \/>\n<meta property=\"og:url\" content=\"https:\/\/aeronoticias.com.pe\/noticiero\/nacionales\/ositran-andean-railways-y-peru-rail-se-veran-frente-a-frente-este-miercoles\/\" \/>\n<meta property=\"og:site_name\" content=\"Aeronoticias.com.pe\" \/>\n<meta property=\"article:publisher\" content=\"https:\/\/www.facebook.com\/Aeronoticias.com.pe\/\" \/>\n<meta property=\"article:published_time\" content=\"2008-09-08T19:01:05+00:00\" \/>\n<meta property=\"og:image\" content=\"http:\/\/aeronoticias.com.pe\/fotonoticias\/setiembre\/ositran8sep.JPG\" \/>\n<meta name=\"author\" content=\"Redacci\u00f3n Aeronoticias\" \/>\n<meta name=\"twitter:card\" content=\"summary_large_image\" \/>\n<meta name=\"twitter:creator\" content=\"@aeronoticias\" \/>\n<meta name=\"twitter:site\" content=\"@aeronoticias\" \/>\n<meta name=\"twitter:label1\" content=\"Escrito por\" \/>\n\t<meta name=\"twitter:data1\" content=\"Redacci\u00f3n Aeronoticias\" \/>\n\t<meta name=\"twitter:label2\" content=\"Tiempo de lectura\" \/>\n\t<meta name=\"twitter:data2\" content=\"2 minutos\" \/>\n<script type=\"application\/ld+json\" class=\"yoast-schema-graph\">{\"@context\":\"https:\/\/schema.org\",\"@graph\":[{\"@type\":\"WebPage\",\"@id\":\"https:\/\/aeronoticias.com.pe\/noticiero\/nacionales\/ositran-andean-railways-y-peru-rail-se-veran-frente-a-frente-este-miercoles\/\",\"url\":\"https:\/\/aeronoticias.com.pe\/noticiero\/nacionales\/ositran-andean-railways-y-peru-rail-se-veran-frente-a-frente-este-miercoles\/\",\"name\":\"OSITRAN: ANDEAN RAILWAYS Y PERU RAIL SE VERAN FRENTE A FRENTE ESTE MIERCOLES\",\"isPartOf\":{\"@id\":\"https:\/\/aeronoticias.com.pe\/noticiero\/#website\"},\"primaryImageOfPage\":{\"@id\":\"https:\/\/aeronoticias.com.pe\/noticiero\/nacionales\/ositran-andean-railways-y-peru-rail-se-veran-frente-a-frente-este-miercoles\/#primaryimage\"},\"image\":{\"@id\":\"https:\/\/aeronoticias.com.pe\/noticiero\/nacionales\/ositran-andean-railways-y-peru-rail-se-veran-frente-a-frente-este-miercoles\/#primaryimage\"},\"thumbnailUrl\":\"http:\/\/aeronoticias.com.pe\/fotonoticias\/setiembre\/ositran8sep.JPG\",\"datePublished\":\"2008-09-08T19:01:05+00:00\",\"author\":{\"@id\":\"https:\/\/aeronoticias.com.pe\/noticiero\/#\/schema\/person\/fc1e5d578f4b62ba1cf7ac2bba1170a0\"},\"description\":\"Portal de noticias del Per\u00fa sobre el transporte a\u00e9reo, aviaci\u00f3n, turismo, hoteleria, actualidad.\",\"breadcrumb\":{\"@id\":\"https:\/\/aeronoticias.com.pe\/noticiero\/nacionales\/ositran-andean-railways-y-peru-rail-se-veran-frente-a-frente-este-miercoles\/#breadcrumb\"},\"inLanguage\":\"es\",\"potentialAction\":[{\"@type\":\"ReadAction\",\"target\":[\"https:\/\/aeronoticias.com.pe\/noticiero\/nacionales\/ositran-andean-railways-y-peru-rail-se-veran-frente-a-frente-este-miercoles\/\"]}]},{\"@type\":\"ImageObject\",\"inLanguage\":\"es\",\"@id\":\"https:\/\/aeronoticias.com.pe\/noticiero\/nacionales\/ositran-andean-railways-y-peru-rail-se-veran-frente-a-frente-este-miercoles\/#primaryimage\",\"url\":\"http:\/\/aeronoticias.com.pe\/fotonoticias\/setiembre\/ositran8sep.JPG\",\"contentUrl\":\"http:\/\/aeronoticias.com.pe\/fotonoticias\/setiembre\/ositran8sep.JPG\"},{\"@type\":\"BreadcrumbList\",\"@id\":\"https:\/\/aeronoticias.com.pe\/noticiero\/nacionales\/ositran-andean-railways-y-peru-rail-se-veran-frente-a-frente-este-miercoles\/#breadcrumb\",\"itemListElement\":[{\"@type\":\"ListItem\",\"position\":1,\"name\":\"Portada\",\"item\":\"https:\/\/aeronoticias.com.pe\/noticiero\/\"},{\"@type\":\"ListItem\",\"position\":2,\"name\":\"OSITRAN: ANDEAN RAILWAYS Y PERU RAIL SE VERAN FRENTE A FRENTE ESTE MIERCOLES\"}]},{\"@type\":\"WebSite\",\"@id\":\"https:\/\/aeronoticias.com.pe\/noticiero\/#website\",\"url\":\"https:\/\/aeronoticias.com.pe\/noticiero\/\",\"name\":\"Aeronoticias.com.pe\",\"description\":\"Noticias de tranporte aereo, turismo, hoteles, gastronomia, actualidad, internacional\",\"potentialAction\":[{\"@type\":\"SearchAction\",\"target\":{\"@type\":\"EntryPoint\",\"urlTemplate\":\"https:\/\/aeronoticias.com.pe\/noticiero\/?s={search_term_string}\"},\"query-input\":{\"@type\":\"PropertyValueSpecification\",\"valueRequired\":true,\"valueName\":\"search_term_string\"}}],\"inLanguage\":\"es\"},{\"@type\":\"Person\",\"@id\":\"https:\/\/aeronoticias.com.pe\/noticiero\/#\/schema\/person\/fc1e5d578f4b62ba1cf7ac2bba1170a0\",\"name\":\"Redacci\u00f3n Aeronoticias\",\"url\":\"https:\/\/aeronoticias.com.pe\/noticiero\/author\/piloto\/\"}]}<\/script>\n<!-- \/ Yoast SEO plugin. -->","yoast_head_json":{"title":"OSITRAN: ANDEAN RAILWAYS Y PERU RAIL SE VERAN FRENTE A FRENTE ESTE MIERCOLES","description":"Portal de noticias del Per\u00fa sobre el transporte a\u00e9reo, aviaci\u00f3n, turismo, hoteleria, actualidad.","robots":{"index":"index","follow":"follow","max-snippet":"max-snippet:-1","max-image-preview":"max-image-preview:large","max-video-preview":"max-video-preview:-1"},"canonical":"https:\/\/aeronoticias.com.pe\/noticiero\/nacionales\/ositran-andean-railways-y-peru-rail-se-veran-frente-a-frente-este-miercoles\/","og_locale":"es_ES","og_type":"article","og_title":"OSITRAN: ANDEAN RAILWAYS Y PERU RAIL SE VERAN FRENTE A FRENTE ESTE MIERCOLES","og_description":"Portal de noticias del Per\u00fa sobre el transporte a\u00e9reo, aviaci\u00f3n, turismo, hoteleria, actualidad.","og_url":"https:\/\/aeronoticias.com.pe\/noticiero\/nacionales\/ositran-andean-railways-y-peru-rail-se-veran-frente-a-frente-este-miercoles\/","og_site_name":"Aeronoticias.com.pe","article_publisher":"https:\/\/www.facebook.com\/Aeronoticias.com.pe\/","article_published_time":"2008-09-08T19:01:05+00:00","og_image":[{"url":"http:\/\/aeronoticias.com.pe\/fotonoticias\/setiembre\/ositran8sep.JPG","type":"","width":"","height":""}],"author":"Redacci\u00f3n Aeronoticias","twitter_card":"summary_large_image","twitter_creator":"@aeronoticias","twitter_site":"@aeronoticias","twitter_misc":{"Escrito por":"Redacci\u00f3n Aeronoticias","Tiempo de lectura":"2 minutos"},"schema":{"@context":"https:\/\/schema.org","@graph":[{"@type":"WebPage","@id":"https:\/\/aeronoticias.com.pe\/noticiero\/nacionales\/ositran-andean-railways-y-peru-rail-se-veran-frente-a-frente-este-miercoles\/","url":"https:\/\/aeronoticias.com.pe\/noticiero\/nacionales\/ositran-andean-railways-y-peru-rail-se-veran-frente-a-frente-este-miercoles\/","name":"OSITRAN: ANDEAN RAILWAYS Y PERU RAIL SE VERAN FRENTE A FRENTE ESTE MIERCOLES","isPartOf":{"@id":"https:\/\/aeronoticias.com.pe\/noticiero\/#website"},"primaryImageOfPage":{"@id":"https:\/\/aeronoticias.com.pe\/noticiero\/nacionales\/ositran-andean-railways-y-peru-rail-se-veran-frente-a-frente-este-miercoles\/#primaryimage"},"image":{"@id":"https:\/\/aeronoticias.com.pe\/noticiero\/nacionales\/ositran-andean-railways-y-peru-rail-se-veran-frente-a-frente-este-miercoles\/#primaryimage"},"thumbnailUrl":"http:\/\/aeronoticias.com.pe\/fotonoticias\/setiembre\/ositran8sep.JPG","datePublished":"2008-09-08T19:01:05+00:00","author":{"@id":"https:\/\/aeronoticias.com.pe\/noticiero\/#\/schema\/person\/fc1e5d578f4b62ba1cf7ac2bba1170a0"},"description":"Portal de noticias del Per\u00fa sobre el transporte a\u00e9reo, aviaci\u00f3n, turismo, hoteleria, actualidad.","breadcrumb":{"@id":"https:\/\/aeronoticias.com.pe\/noticiero\/nacionales\/ositran-andean-railways-y-peru-rail-se-veran-frente-a-frente-este-miercoles\/#breadcrumb"},"inLanguage":"es","potentialAction":[{"@type":"ReadAction","target":["https:\/\/aeronoticias.com.pe\/noticiero\/nacionales\/ositran-andean-railways-y-peru-rail-se-veran-frente-a-frente-este-miercoles\/"]}]},{"@type":"ImageObject","inLanguage":"es","@id":"https:\/\/aeronoticias.com.pe\/noticiero\/nacionales\/ositran-andean-railways-y-peru-rail-se-veran-frente-a-frente-este-miercoles\/#primaryimage","url":"http:\/\/aeronoticias.com.pe\/fotonoticias\/setiembre\/ositran8sep.JPG","contentUrl":"http:\/\/aeronoticias.com.pe\/fotonoticias\/setiembre\/ositran8sep.JPG"},{"@type":"BreadcrumbList","@id":"https:\/\/aeronoticias.com.pe\/noticiero\/nacionales\/ositran-andean-railways-y-peru-rail-se-veran-frente-a-frente-este-miercoles\/#breadcrumb","itemListElement":[{"@type":"ListItem","position":1,"name":"Portada","item":"https:\/\/aeronoticias.com.pe\/noticiero\/"},{"@type":"ListItem","position":2,"name":"OSITRAN: ANDEAN RAILWAYS Y PERU RAIL SE VERAN FRENTE A FRENTE ESTE MIERCOLES"}]},{"@type":"WebSite","@id":"https:\/\/aeronoticias.com.pe\/noticiero\/#website","url":"https:\/\/aeronoticias.com.pe\/noticiero\/","name":"Aeronoticias.com.pe","description":"Noticias de tranporte aereo, turismo, hoteles, gastronomia, actualidad, internacional","potentialAction":[{"@type":"SearchAction","target":{"@type":"EntryPoint","urlTemplate":"https:\/\/aeronoticias.com.pe\/noticiero\/?s={search_term_string}"},"query-input":{"@type":"PropertyValueSpecification","valueRequired":true,"valueName":"search_term_string"}}],"inLanguage":"es"},{"@type":"Person","@id":"https:\/\/aeronoticias.com.pe\/noticiero\/#\/schema\/person\/fc1e5d578f4b62ba1cf7ac2bba1170a0","name":"Redacci\u00f3n Aeronoticias","url":"https:\/\/aeronoticias.com.pe\/noticiero\/author\/piloto\/"}]}},"_links":{"self":[{"href":"https:\/\/aeronoticias.com.pe\/noticiero\/wp-json\/wp\/v2\/posts\/448","targetHints":{"allow":["GET"]}}],"collection":[{"href":"https:\/\/aeronoticias.com.pe\/noticiero\/wp-json\/wp\/v2\/posts"}],"about":[{"href":"https:\/\/aeronoticias.com.pe\/noticiero\/wp-json\/wp\/v2\/types\/post"}],"author":[{"embeddable":true,"href":"https:\/\/aeronoticias.com.pe\/noticiero\/wp-json\/wp\/v2\/users\/1"}],"replies":[{"embeddable":true,"href":"https:\/\/aeronoticias.com.pe\/noticiero\/wp-json\/wp\/v2\/comments?post=448"}],"version-history":[{"count":0,"href":"https:\/\/aeronoticias.com.pe\/noticiero\/wp-json\/wp\/v2\/posts\/448\/revisions"}],"wp:attachment":[{"href":"https:\/\/aeronoticias.com.pe\/noticiero\/wp-json\/wp\/v2\/media?parent=448"}],"wp:term":[{"taxonomy":"category","embeddable":true,"href":"https:\/\/aeronoticias.com.pe\/noticiero\/wp-json\/wp\/v2\/categories?post=448"},{"taxonomy":"post_tag","embeddable":true,"href":"https:\/\/aeronoticias.com.pe\/noticiero\/wp-json\/wp\/v2\/tags?post=448"}],"curies":[{"name":"wp","href":"https:\/\/api.w.org\/{rel}","templated":true}]}}