{"id":449,"date":"2008-09-08T19:54:35","date_gmt":"2008-09-08T19:54:35","guid":{"rendered":"http:\/\/desarrollo.mcvicious.com\/aero2020\/2008\/09\/08\/informe-de-la-ciaa-y-oaci-comprometen-al-viceministro-de-transportes-en-el-accidente-de-aeroica-2\/"},"modified":"2008-09-08T19:54:35","modified_gmt":"2008-09-08T19:54:35","slug":"informe-de-la-ciaa-y-oaci-comprometen-al-viceministro-de-transportes-en-el-accidente-de-aeroica-2","status":"publish","type":"post","link":"https:\/\/aeronoticias.com.pe\/noticiero\/ultimas\/1\/informe-de-la-ciaa-y-oaci-comprometen-al-viceministro-de-transportes-en-el-accidente-de-aeroica-2\/","title":{"rendered":"INFORME DE LA CIAA Y OACI COMPROMETEN AL VICEMINISTRO DE TRANSPORTES EN EL ACCIDENTE DE AEROICA"},"content":{"rendered":"<p align=\"justify\">La aparici&oacute;n de dos documentos p&uacute;blicos ha originado que el actual viceministro de transportes Carlos Puga Pomarada est&eacute; en el ojo de la tormenta en relaci&oacute;n al tr&aacute;gico accidente de aviaci&oacute;n ocurrido en el Aer&oacute;dromo Maria Reiche de Nazca el pasado 9 de abril del 2008 en el que fallecieron 5 turistas de nacionalidad francesa.<\/p>\n<p align=\"justify\">El informe LE-2\/212-SA 393 del Director Regional de la Oficina Sudamericana&nbsp; de la Organizaci&oacute;n de la Aviaci&oacute;n Civil Internacional OACI recomienda el 12 de mayo del 2008 con car&aacute;cter de urgencia a la DGAC que designe un inspector de aeronavegabilidad y un inspector de operaciones en la oficina de Supervisi&oacute;n de Operaciones A&eacute;reas (OSOA) de Nazca y el informe final CIAA-ACCID-007-2008 de la Comisi&oacute;n Investigadora de Accidentes de Aviaci&oacute;n del Ministerio de Transportes expedido por su presidente General FAP (R) Fernando Melgar Vargas de fecha&nbsp; expresa igual recomendaci&oacute;n a la DGAC.<\/p>\n<p>Ambos informes coinciden en relaci&oacute;n a la necesidad que en el Aer&oacute;dromo de Nazca que es el segundo en cantidad de operaciones en el pa&iacute;s despu&eacute;s del Aeropuerto Internacional Jorge Ch&aacute;vez existan dos inspectores OSOA en forma permanente.<\/p>\n<p align=\"justify\">&nbsp;<\/p>\n<div style=\"text-align: center\"><img loading=\"lazy\" decoding=\"async\" src=\"http:\/\/www.aeronoticias.com.pe\/fotonoticias\/setiembre\/carlos_puga.jpg\" alt=\" \" title=\"Carlos Puga Pomareda, Viceministro de Transporte\" width=\"139\" height=\"208\" \/><\/div>\n<p align=\"center\">Carlos Puga, Viceministro cuestionado.<\/p>\n<p> <!--more--> <\/p>\n<p align=\"center\"><strong>Viceministro de Transportes desprogram&oacute; inspectores OSOA<\/strong><\/p>\n<p align=\"justify\">Es por ello que el informe final Comisi&oacute;n Investigadora de Accidentes de Aviaci&oacute;n del Ministerio de Transportes y Comunicaciones &#8211; CIAA 007-2008 de AEROICA en el que fallecieron 5 turistas de nacionalidad francesa, ha desnudado una serie de falencias en la seguridad de la Direcci&oacute;n General de Aeron&aacute;utica Civil, DGAC, en el periodo en que se hizo cargo de la funci&oacute;n como Director General el actual Viceministro de Transportes Carlos Puga Pomareda.<\/p>\n<p align=\"justify\">Efectivamente,&nbsp; el viernes 10 de noviembre del 2006 se expidi&oacute; la Resoluci&oacute;n Suprema 019-2006-MTC en donde se design&oacute; al se&ntilde;or Carlos Miguel Puga Pomareda al cargo de Director de la Direcci&oacute;n General de Aeron&aacute;utica Civil del Ministerio de Transportes y Comunicaciones y mediante Resoluci&oacute;n Ministerial 818-2006 MTC-02 se declar&oacute; en reorganizaci&oacute;n administrativa la DGAC, y fue precisamente una de las primeras acciones del entonces flamante director General de la DGAC, <strong>Carlos Miguel Puga desprogramar a los inspectores continuos que llevaban a cabo las funciones OSOA en el Aer&oacute;dromo de Nazca en este caso los se&ntilde;ores Augusto Fajardo y Lucio Chicoma Fern&aacute;ndez.<\/strong><\/p>\n<p align=\"justify\">Un a&ntilde;o despu&eacute;s, est&aacute; decisi&oacute;n desacertada del referido funcionario p&uacute;blico contribuy&oacute; al tr&aacute;gico accidente de aviaci&oacute;n de AEROICA seg&uacute;n se interpreta del Texto del punto 4.1.3. del informe de la CIAA y del informe de la OACI.<\/p>\n<p align=\"justify\">Hoy la CIAA en el informe final p&aacute;gina 19, da una recomendaci&oacute;n de seguridad a la DGAC puntos 4.1.3 cual es programar a un inspector, en periodos continuos para que lleve a cabo las funciones OSOA, debido a que las operaciones en Nazca se han incrementado como lo indica la estad&iacute;stica que maneja CORPAC y los registros que obran en la Direcci&oacute;n de Certificaciones y autorizaciones de la DGAC.<\/p>\n<p align=\"center\"><img loading=\"lazy\" decoding=\"async\" src=\"http:\/\/www.aeronoticias.com.pe\/fotonoticias\/setiembre\/vzavala.jpg\" alt=\" \" title=\"Veronica Zavala, autoriz&oacute; a Puga a desprogramar inspectores OSOA en Nazca el d&iacute;a del accidente..\" width=\"400\" height=\"300\" \/><br \/>Veronica Zavala, autoriz&oacute; a Puga a desprogramar inspectores OSOA en Nazca el d&iacute;a del accidente ?&#8230;.<\/p>\n<p align=\"justify\">La Organizaci&oacute;n de la Aviaci&oacute;n Civil Internacional en su misi&oacute;n multidisciplinar&iacute;a de la OACI en el Aer&oacute;dromo de Maria Reiche de Nazca del 30 de abril del 2008 realiz&oacute; una serie de recomendaciones relacionadas con las &aacute;reas de aeronavegabilidad, operaciones de aeronaves, aer&oacute;dromos y navegaci&oacute;n a&eacute;rea a la luz de las normas y reglamentaciones nacionales RAP y las internacionales de la OACI vigentes.<\/p>\n<p align=\"justify\">La Embajada de Francia y los herederos de las victimas de los turistas franceses se preguntar&aacute;n cual fue la raz&oacute;n por la cual la Ministra de Transportes Ver&oacute;nica Zavala propuso y logr&oacute; la designaci&oacute;n en el cargo a Carlos Puga Pomareda persona sin antecedentes en el sector a&eacute;reo y sin los conocimientos aeron&aacute;uticos que se requieren para desempe&ntilde;ar la funci&oacute;n, m&aacute;xime si en sus decisiones estuvieron la vida de los pasajeros y turistas transportados.<\/p>\n<p align=\"justify\">El funcionario aludido en su deseo de reorganizar la DGAC, la desorganiz&oacute; y entre sus errores habr&iacute;a tenido la infeliz decisi&oacute;n de desprogramar en periodos continuos a los inspectores antes referidos OSOA en el Aer&oacute;dromo de Nazca.<\/p>\n<p align=\"justify\">Los funcionarios p&uacute;blicos que por sus acciones u omisiones incurren en culpa inexcusable involucran la responsabilidad del Estado en los accidentes de aviaci&oacute;n y dentro de este contexto el informe de la CIAA y de la OACI es categ&oacute;rico, en raz&oacute;n a que en su momento fue inexplicable estas decisi&oacute;n &ndash;de desprogramar inspectores OSOA en forma permanente &#8211; en un aer&oacute;dromo en el que antes del ingreso de Puga al MTC ten&iacute;a 100% de seguridad y no se hab&iacute;an registrado en muchos a&ntilde;os incidentes o accidentes de aviaci&oacute;n que lamentar.<\/p>\n<p align=\"justify\">Los documentos referidos son el eslab&oacute;n de este accidente de aviaci&oacute;n que seg&uacute;n fuentes consultadas nos ratificaron que la cadena de hechos que determinaron decenas de incidentes en Nazca y en el mercado dom&eacute;stico nacional nacen precisamente estad&iacute;sticamente hablando desde noviembre del 2006, fecha en la cual, asumi&oacute; la DGAC el actual Viceministro quien lejos de reorganizar administrativamente la Direcci&oacute;n General de Aeron&aacute;utica Civil, la desorganiz&oacute; y es por ello que aqu&iacute; tenemos el eslab&oacute;n que involucra la responsabilidad del Estado en este accidente de aviaci&oacute;n y cuyos resultados bien merecer&iacute;an una investigaci&oacute;n de la Comisi&oacute;n de Transportes del Congreso de la Rep&uacute;blica sin perjuicio de la destituci&oacute;n inmediata del referido funcionario p&uacute;blico.<\/p>\n<p align=\"justify\">&nbsp;<\/p>\n<p align=\"justify\"><strong>Extra&ntilde;a omisi&oacute;n&#8230;<\/strong><\/p>\n<p align=\"justify\">&nbsp;<\/p>\n<p align=\"justify\">Habr&iacute;a que preguntarnos si la Ministra de Transportes tiene conocimiento que su Viceministro Carlos Puga no ha publicado en relaci&oacute;n al informe de la OACI las tablas AGA\/01AGA\/03 en 3 p&aacute;ginas que debieron ser de conocimiento p&uacute;blico y que fueron anexadas por el Organismo de Naciones Unidas en Aviaci&oacute;n Civil, OACI, al MTC y las mismas habr&iacute;an sido reemplazadas por tablas preparadas por el Viceministro de Transportes y que podr&iacute;an convertirse en un serio incumplimiento a las recomendaciones de ls OACI en el supuesto de un nuevo accidente o incidente en el Aeropuerto de Nazca.<\/p>\n<p align=\"justify\">&nbsp;<\/p>\n<p align=\"justify\"><a href=\"http:\/\/aeronoticias.com.pe\/fotonoticias\/setiembre\/informe_final_OB1266_Aero_Ica_09042008.pdf\" target=\"_blank\" title=\"INFORME FINAL CIAA\" rel=\"noopener noreferrer\">Haga clic para ver el Informe de la Comisi&oacute;n de&nbsp;Investigaci&oacute;n de Accidentes de Aviaci&oacute;n del Ministerio de Transportes CIAA.<\/a><br \/><a href=\"http:\/\/aeronoticias.com.pe\/fotonoticias\/setiembre\/recomendacion_nasca_DGAC_n.pdf\" target=\"_blank\" title=\"INFORME OACI\" rel=\"noopener noreferrer\">Haga clic para ver el Informe OACI.<\/a><\/p>\n","protected":false},"excerpt":{"rendered":"<p>La aparici&oacute;n de dos documentos p&uacute;blicos ha originado que el actual viceministro de transportes Carlos Puga Pomarada est&eacute; en el ojo de la tormenta en relaci&oacute;n al tr&aacute;gico accidente de aviaci&oacute;n ocurrido en el Aer&oacute;dromo Maria Reiche de Nazca el pasado 9 de abril del 2008 en el que fallecieron 5 turistas de nacionalidad francesa. [&hellip;]<\/p>\n","protected":false},"author":1,"featured_media":0,"comment_status":"open","ping_status":"open","sticky":false,"template":"","format":"standard","meta":{"tdm_status":"","tdm_grid_status":"","footnotes":""},"categories":[30],"tags":[],"class_list":{"0":"post-449","1":"post","2":"type-post","3":"status-publish","4":"format-standard","6":"category-30"},"yoast_head":"<!-- This site is optimized with the Yoast SEO plugin v25.1 - https:\/\/yoast.com\/wordpress\/plugins\/seo\/ -->\n<title>INFORME DE LA CIAA Y OACI COMPROMETEN AL VICEMINISTRO DE TRANSPORTES EN EL ACCIDENTE DE AEROICA<\/title>\n<meta name=\"description\" content=\"Portal de noticias del Per\u00fa sobre el transporte a\u00e9reo, aviaci\u00f3n, turismo, hoteleria, actualidad.\" \/>\n<meta name=\"robots\" content=\"index, follow, max-snippet:-1, max-image-preview:large, max-video-preview:-1\" \/>\n<link rel=\"canonical\" href=\"https:\/\/aeronoticias.com.pe\/noticiero\/ultimas\/1\/informe-de-la-ciaa-y-oaci-comprometen-al-viceministro-de-transportes-en-el-accidente-de-aeroica-2\/\" \/>\n<meta property=\"og:locale\" content=\"es_ES\" \/>\n<meta property=\"og:type\" content=\"article\" \/>\n<meta property=\"og:title\" content=\"INFORME DE LA CIAA Y OACI COMPROMETEN AL VICEMINISTRO DE TRANSPORTES EN EL ACCIDENTE DE AEROICA\" \/>\n<meta property=\"og:description\" content=\"Portal de noticias del Per\u00fa sobre el transporte a\u00e9reo, aviaci\u00f3n, turismo, hoteleria, actualidad.\" \/>\n<meta property=\"og:url\" content=\"https:\/\/aeronoticias.com.pe\/noticiero\/ultimas\/1\/informe-de-la-ciaa-y-oaci-comprometen-al-viceministro-de-transportes-en-el-accidente-de-aeroica-2\/\" \/>\n<meta property=\"og:site_name\" content=\"Aeronoticias.com.pe\" \/>\n<meta property=\"article:publisher\" content=\"https:\/\/www.facebook.com\/Aeronoticias.com.pe\/\" \/>\n<meta property=\"article:published_time\" content=\"2008-09-08T19:54:35+00:00\" \/>\n<meta property=\"og:image\" content=\"http:\/\/www.aeronoticias.com.pe\/fotonoticias\/setiembre\/carlos_puga.jpg\" \/>\n<meta name=\"author\" content=\"Redacci\u00f3n Aeronoticias\" \/>\n<meta name=\"twitter:card\" content=\"summary_large_image\" \/>\n<meta name=\"twitter:creator\" content=\"@aeronoticias\" \/>\n<meta name=\"twitter:site\" content=\"@aeronoticias\" \/>\n<meta name=\"twitter:label1\" content=\"Escrito por\" \/>\n\t<meta name=\"twitter:data1\" content=\"Redacci\u00f3n Aeronoticias\" \/>\n\t<meta name=\"twitter:label2\" content=\"Tiempo de lectura\" \/>\n\t<meta name=\"twitter:data2\" content=\"6 minutos\" \/>\n<script type=\"application\/ld+json\" class=\"yoast-schema-graph\">{\"@context\":\"https:\/\/schema.org\",\"@graph\":[{\"@type\":\"WebPage\",\"@id\":\"https:\/\/aeronoticias.com.pe\/noticiero\/ultimas\/1\/informe-de-la-ciaa-y-oaci-comprometen-al-viceministro-de-transportes-en-el-accidente-de-aeroica-2\/\",\"url\":\"https:\/\/aeronoticias.com.pe\/noticiero\/ultimas\/1\/informe-de-la-ciaa-y-oaci-comprometen-al-viceministro-de-transportes-en-el-accidente-de-aeroica-2\/\",\"name\":\"INFORME DE LA CIAA Y OACI COMPROMETEN AL VICEMINISTRO DE TRANSPORTES EN EL ACCIDENTE DE AEROICA\",\"isPartOf\":{\"@id\":\"https:\/\/aeronoticias.com.pe\/noticiero\/#website\"},\"primaryImageOfPage\":{\"@id\":\"https:\/\/aeronoticias.com.pe\/noticiero\/ultimas\/1\/informe-de-la-ciaa-y-oaci-comprometen-al-viceministro-de-transportes-en-el-accidente-de-aeroica-2\/#primaryimage\"},\"image\":{\"@id\":\"https:\/\/aeronoticias.com.pe\/noticiero\/ultimas\/1\/informe-de-la-ciaa-y-oaci-comprometen-al-viceministro-de-transportes-en-el-accidente-de-aeroica-2\/#primaryimage\"},\"thumbnailUrl\":\"http:\/\/www.aeronoticias.com.pe\/fotonoticias\/setiembre\/carlos_puga.jpg\",\"datePublished\":\"2008-09-08T19:54:35+00:00\",\"author\":{\"@id\":\"https:\/\/aeronoticias.com.pe\/noticiero\/#\/schema\/person\/fc1e5d578f4b62ba1cf7ac2bba1170a0\"},\"description\":\"Portal de noticias del Per\u00fa sobre el transporte a\u00e9reo, aviaci\u00f3n, turismo, hoteleria, actualidad.\",\"breadcrumb\":{\"@id\":\"https:\/\/aeronoticias.com.pe\/noticiero\/ultimas\/1\/informe-de-la-ciaa-y-oaci-comprometen-al-viceministro-de-transportes-en-el-accidente-de-aeroica-2\/#breadcrumb\"},\"inLanguage\":\"es\",\"potentialAction\":[{\"@type\":\"ReadAction\",\"target\":[\"https:\/\/aeronoticias.com.pe\/noticiero\/ultimas\/1\/informe-de-la-ciaa-y-oaci-comprometen-al-viceministro-de-transportes-en-el-accidente-de-aeroica-2\/\"]}]},{\"@type\":\"ImageObject\",\"inLanguage\":\"es\",\"@id\":\"https:\/\/aeronoticias.com.pe\/noticiero\/ultimas\/1\/informe-de-la-ciaa-y-oaci-comprometen-al-viceministro-de-transportes-en-el-accidente-de-aeroica-2\/#primaryimage\",\"url\":\"http:\/\/www.aeronoticias.com.pe\/fotonoticias\/setiembre\/carlos_puga.jpg\",\"contentUrl\":\"http:\/\/www.aeronoticias.com.pe\/fotonoticias\/setiembre\/carlos_puga.jpg\"},{\"@type\":\"BreadcrumbList\",\"@id\":\"https:\/\/aeronoticias.com.pe\/noticiero\/ultimas\/1\/informe-de-la-ciaa-y-oaci-comprometen-al-viceministro-de-transportes-en-el-accidente-de-aeroica-2\/#breadcrumb\",\"itemListElement\":[{\"@type\":\"ListItem\",\"position\":1,\"name\":\"Portada\",\"item\":\"https:\/\/aeronoticias.com.pe\/noticiero\/\"},{\"@type\":\"ListItem\",\"position\":2,\"name\":\"INFORME DE LA CIAA Y OACI COMPROMETEN AL VICEMINISTRO DE TRANSPORTES EN EL ACCIDENTE DE AEROICA\"}]},{\"@type\":\"WebSite\",\"@id\":\"https:\/\/aeronoticias.com.pe\/noticiero\/#website\",\"url\":\"https:\/\/aeronoticias.com.pe\/noticiero\/\",\"name\":\"Aeronoticias.com.pe\",\"description\":\"Noticias de tranporte aereo, turismo, hoteles, gastronomia, actualidad, internacional\",\"potentialAction\":[{\"@type\":\"SearchAction\",\"target\":{\"@type\":\"EntryPoint\",\"urlTemplate\":\"https:\/\/aeronoticias.com.pe\/noticiero\/?s={search_term_string}\"},\"query-input\":{\"@type\":\"PropertyValueSpecification\",\"valueRequired\":true,\"valueName\":\"search_term_string\"}}],\"inLanguage\":\"es\"},{\"@type\":\"Person\",\"@id\":\"https:\/\/aeronoticias.com.pe\/noticiero\/#\/schema\/person\/fc1e5d578f4b62ba1cf7ac2bba1170a0\",\"name\":\"Redacci\u00f3n Aeronoticias\",\"url\":\"https:\/\/aeronoticias.com.pe\/noticiero\/author\/piloto\/\"}]}<\/script>\n<!-- \/ Yoast SEO plugin. -->","yoast_head_json":{"title":"INFORME DE LA CIAA Y OACI COMPROMETEN AL VICEMINISTRO DE TRANSPORTES EN EL ACCIDENTE DE AEROICA","description":"Portal de noticias del Per\u00fa sobre el transporte a\u00e9reo, aviaci\u00f3n, turismo, hoteleria, actualidad.","robots":{"index":"index","follow":"follow","max-snippet":"max-snippet:-1","max-image-preview":"max-image-preview:large","max-video-preview":"max-video-preview:-1"},"canonical":"https:\/\/aeronoticias.com.pe\/noticiero\/ultimas\/1\/informe-de-la-ciaa-y-oaci-comprometen-al-viceministro-de-transportes-en-el-accidente-de-aeroica-2\/","og_locale":"es_ES","og_type":"article","og_title":"INFORME DE LA CIAA Y OACI COMPROMETEN AL VICEMINISTRO DE TRANSPORTES EN EL ACCIDENTE DE AEROICA","og_description":"Portal de noticias del Per\u00fa sobre el transporte a\u00e9reo, aviaci\u00f3n, turismo, hoteleria, actualidad.","og_url":"https:\/\/aeronoticias.com.pe\/noticiero\/ultimas\/1\/informe-de-la-ciaa-y-oaci-comprometen-al-viceministro-de-transportes-en-el-accidente-de-aeroica-2\/","og_site_name":"Aeronoticias.com.pe","article_publisher":"https:\/\/www.facebook.com\/Aeronoticias.com.pe\/","article_published_time":"2008-09-08T19:54:35+00:00","og_image":[{"url":"http:\/\/www.aeronoticias.com.pe\/fotonoticias\/setiembre\/carlos_puga.jpg","type":"","width":"","height":""}],"author":"Redacci\u00f3n Aeronoticias","twitter_card":"summary_large_image","twitter_creator":"@aeronoticias","twitter_site":"@aeronoticias","twitter_misc":{"Escrito por":"Redacci\u00f3n Aeronoticias","Tiempo de lectura":"6 minutos"},"schema":{"@context":"https:\/\/schema.org","@graph":[{"@type":"WebPage","@id":"https:\/\/aeronoticias.com.pe\/noticiero\/ultimas\/1\/informe-de-la-ciaa-y-oaci-comprometen-al-viceministro-de-transportes-en-el-accidente-de-aeroica-2\/","url":"https:\/\/aeronoticias.com.pe\/noticiero\/ultimas\/1\/informe-de-la-ciaa-y-oaci-comprometen-al-viceministro-de-transportes-en-el-accidente-de-aeroica-2\/","name":"INFORME DE LA CIAA Y OACI COMPROMETEN AL VICEMINISTRO DE TRANSPORTES EN EL ACCIDENTE DE AEROICA","isPartOf":{"@id":"https:\/\/aeronoticias.com.pe\/noticiero\/#website"},"primaryImageOfPage":{"@id":"https:\/\/aeronoticias.com.pe\/noticiero\/ultimas\/1\/informe-de-la-ciaa-y-oaci-comprometen-al-viceministro-de-transportes-en-el-accidente-de-aeroica-2\/#primaryimage"},"image":{"@id":"https:\/\/aeronoticias.com.pe\/noticiero\/ultimas\/1\/informe-de-la-ciaa-y-oaci-comprometen-al-viceministro-de-transportes-en-el-accidente-de-aeroica-2\/#primaryimage"},"thumbnailUrl":"http:\/\/www.aeronoticias.com.pe\/fotonoticias\/setiembre\/carlos_puga.jpg","datePublished":"2008-09-08T19:54:35+00:00","author":{"@id":"https:\/\/aeronoticias.com.pe\/noticiero\/#\/schema\/person\/fc1e5d578f4b62ba1cf7ac2bba1170a0"},"description":"Portal de noticias del Per\u00fa sobre el transporte a\u00e9reo, aviaci\u00f3n, turismo, hoteleria, actualidad.","breadcrumb":{"@id":"https:\/\/aeronoticias.com.pe\/noticiero\/ultimas\/1\/informe-de-la-ciaa-y-oaci-comprometen-al-viceministro-de-transportes-en-el-accidente-de-aeroica-2\/#breadcrumb"},"inLanguage":"es","potentialAction":[{"@type":"ReadAction","target":["https:\/\/aeronoticias.com.pe\/noticiero\/ultimas\/1\/informe-de-la-ciaa-y-oaci-comprometen-al-viceministro-de-transportes-en-el-accidente-de-aeroica-2\/"]}]},{"@type":"ImageObject","inLanguage":"es","@id":"https:\/\/aeronoticias.com.pe\/noticiero\/ultimas\/1\/informe-de-la-ciaa-y-oaci-comprometen-al-viceministro-de-transportes-en-el-accidente-de-aeroica-2\/#primaryimage","url":"http:\/\/www.aeronoticias.com.pe\/fotonoticias\/setiembre\/carlos_puga.jpg","contentUrl":"http:\/\/www.aeronoticias.com.pe\/fotonoticias\/setiembre\/carlos_puga.jpg"},{"@type":"BreadcrumbList","@id":"https:\/\/aeronoticias.com.pe\/noticiero\/ultimas\/1\/informe-de-la-ciaa-y-oaci-comprometen-al-viceministro-de-transportes-en-el-accidente-de-aeroica-2\/#breadcrumb","itemListElement":[{"@type":"ListItem","position":1,"name":"Portada","item":"https:\/\/aeronoticias.com.pe\/noticiero\/"},{"@type":"ListItem","position":2,"name":"INFORME DE LA CIAA Y OACI COMPROMETEN AL VICEMINISTRO DE TRANSPORTES EN EL ACCIDENTE DE AEROICA"}]},{"@type":"WebSite","@id":"https:\/\/aeronoticias.com.pe\/noticiero\/#website","url":"https:\/\/aeronoticias.com.pe\/noticiero\/","name":"Aeronoticias.com.pe","description":"Noticias de tranporte aereo, turismo, hoteles, gastronomia, actualidad, internacional","potentialAction":[{"@type":"SearchAction","target":{"@type":"EntryPoint","urlTemplate":"https:\/\/aeronoticias.com.pe\/noticiero\/?s={search_term_string}"},"query-input":{"@type":"PropertyValueSpecification","valueRequired":true,"valueName":"search_term_string"}}],"inLanguage":"es"},{"@type":"Person","@id":"https:\/\/aeronoticias.com.pe\/noticiero\/#\/schema\/person\/fc1e5d578f4b62ba1cf7ac2bba1170a0","name":"Redacci\u00f3n Aeronoticias","url":"https:\/\/aeronoticias.com.pe\/noticiero\/author\/piloto\/"}]}},"_links":{"self":[{"href":"https:\/\/aeronoticias.com.pe\/noticiero\/wp-json\/wp\/v2\/posts\/449","targetHints":{"allow":["GET"]}}],"collection":[{"href":"https:\/\/aeronoticias.com.pe\/noticiero\/wp-json\/wp\/v2\/posts"}],"about":[{"href":"https:\/\/aeronoticias.com.pe\/noticiero\/wp-json\/wp\/v2\/types\/post"}],"author":[{"embeddable":true,"href":"https:\/\/aeronoticias.com.pe\/noticiero\/wp-json\/wp\/v2\/users\/1"}],"replies":[{"embeddable":true,"href":"https:\/\/aeronoticias.com.pe\/noticiero\/wp-json\/wp\/v2\/comments?post=449"}],"version-history":[{"count":0,"href":"https:\/\/aeronoticias.com.pe\/noticiero\/wp-json\/wp\/v2\/posts\/449\/revisions"}],"wp:attachment":[{"href":"https:\/\/aeronoticias.com.pe\/noticiero\/wp-json\/wp\/v2\/media?parent=449"}],"wp:term":[{"taxonomy":"category","embeddable":true,"href":"https:\/\/aeronoticias.com.pe\/noticiero\/wp-json\/wp\/v2\/categories?post=449"},{"taxonomy":"post_tag","embeddable":true,"href":"https:\/\/aeronoticias.com.pe\/noticiero\/wp-json\/wp\/v2\/tags?post=449"}],"curies":[{"name":"wp","href":"https:\/\/api.w.org\/{rel}","templated":true}]}}