{"id":453,"date":"2008-09-09T12:01:40","date_gmt":"2008-09-09T12:01:40","guid":{"rendered":"http:\/\/desarrollo.mcvicious.com\/aero2020\/2008\/09\/09\/descubren-pasaje-subterraneo-en-plaza-de-chavin-de-huantar\/"},"modified":"2008-09-09T12:01:40","modified_gmt":"2008-09-09T12:01:40","slug":"descubren-pasaje-subterraneo-en-plaza-de-chavin-de-huantar","status":"publish","type":"post","link":"https:\/\/aeronoticias.com.pe\/noticiero\/turismo\/13\/descubren-pasaje-subterraneo-en-plaza-de-chavin-de-huantar\/","title":{"rendered":"DESCUBREN PASAJE SUBTERRANEO EN PLAZA DE CHAVIN DE HUANTAR"},"content":{"rendered":"<p>&nbsp;<\/p>\n<div align=\"justify\">El arque&oacute;logo estadounidense John Rick revel&oacute; que se ha descubierto en una plaza del complejo arqueol&oacute;gico de Chav&iacute;n un pasaje subterr&aacute;neo donde se realizaban ofrendas. <\/div>\n<div align=\"justify\">&nbsp;<\/div>\n<div align=\"justify\">Este anuncio lo hizo en la conferencia sobre el Museo Nacional de Chav&iacute;n, en el Congreso de la Rep&uacute;blica. <\/div>\n<div align=\"justify\">Otros ponentes de este evento fueron Christian Mes&iacute;a, encargado del museo, y Cecilia B&aacute;kula, directora del Instituto Nacional de Cultura.<\/div>\n<p align=\"justify\">Rick indic&oacute; que hace tres semanas se descubri&oacute; que la plaza circular de Chav&iacute;n no ten&iacute;a todo el suelo parejo. En uno de los lados se hall&oacute; una abertura que comunicaba con un canal subterr&aacute;neo. &Eacute;sta mide dos por tres metros y cuenta con una escalera de cinco pelda&ntilde;os de piedra que desciende a una profundidad de dos metros. El canal comunica con el r&iacute;o Mosna y mide alrededor de 400 metros de largo.<\/p>\n<p align=\"justify\">&nbsp;<\/p>\n<div style=\"text-align: center\"><img loading=\"lazy\" decoding=\"async\" src=\"http:\/\/aeronoticias.com.pe\/fotonoticias\/luis\/Chavin9.jpg\" alt=\" \" title=\"DESCUBREN PASAJE SUBTERRANEO EN PLAZA DE CHAVIN DE HUANTAR. (Foto: Sharon Odb)\" hspace=\"5\" vspace=\"5\" width=\"400\" height=\"300\" \/><\/div>\n<p>&nbsp;<\/p>\n<p> <!--more--> <\/p>\n<p>&nbsp;<\/p>\n<p align=\"center\"><strong>Tambi&eacute;n restos de animales y seres humanos <\/strong><\/p>\n<p>&nbsp;<\/p>\n<div align=\"justify\"> El arque&oacute;logo sostiene que se ha encontrado una buena cantidad de cer&aacute;mica rota de forma ceremonial. Tambi&eacute;n se han hallado restos de animales y seres humanos, as&iacute; como una peque&ntilde;a muestra de metales.<\/div>\n<p align=\"justify\"> Esta plaza circular no es la plaza mayor del castillo de Chav&iacute;n, sino una cercana cuyo di&aacute;metro es de 19 metros.<\/p>\n<div align=\"justify\"> Los expositores hicieron referencia a lo importante que es el recientemente inaugurado museo para el desarrollo socioecon&oacute;mico de la regi&oacute;n.<\/div>\n<p>&nbsp;<\/p>\n","protected":false},"excerpt":{"rendered":"<p>&nbsp; El arque&oacute;logo estadounidense John Rick revel&oacute; que se ha descubierto en una plaza del complejo arqueol&oacute;gico de Chav&iacute;n un pasaje subterr&aacute;neo donde se realizaban ofrendas. &nbsp; Este anuncio lo hizo en la conferencia sobre el Museo Nacional de Chav&iacute;n, en el Congreso de la Rep&uacute;blica. Otros ponentes de este evento fueron Christian Mes&iacute;a, encargado [&hellip;]<\/p>\n","protected":false},"author":1,"featured_media":0,"comment_status":"open","ping_status":"open","sticky":false,"template":"","format":"standard","meta":{"tdm_status":"","tdm_grid_status":"","footnotes":""},"categories":[31],"tags":[],"class_list":{"0":"post-453","1":"post","2":"type-post","3":"status-publish","4":"format-standard","6":"category-31"},"yoast_head":"<!-- This site is optimized with the Yoast SEO plugin v25.1 - https:\/\/yoast.com\/wordpress\/plugins\/seo\/ -->\n<title>DESCUBREN PASAJE SUBTERRANEO EN PLAZA DE CHAVIN DE HUANTAR<\/title>\n<meta name=\"description\" content=\"Portal de noticias del Per\u00fa sobre el transporte a\u00e9reo, aviaci\u00f3n, turismo, hoteleria, actualidad.\" \/>\n<meta name=\"robots\" content=\"index, follow, max-snippet:-1, max-image-preview:large, max-video-preview:-1\" \/>\n<link rel=\"canonical\" href=\"https:\/\/aeronoticias.com.pe\/noticiero\/turismo\/13\/descubren-pasaje-subterraneo-en-plaza-de-chavin-de-huantar\/\" \/>\n<meta property=\"og:locale\" content=\"es_ES\" \/>\n<meta property=\"og:type\" content=\"article\" \/>\n<meta property=\"og:title\" content=\"DESCUBREN PASAJE SUBTERRANEO EN PLAZA DE CHAVIN DE HUANTAR\" \/>\n<meta property=\"og:description\" content=\"Portal de noticias del Per\u00fa sobre el transporte a\u00e9reo, aviaci\u00f3n, turismo, hoteleria, actualidad.\" \/>\n<meta property=\"og:url\" content=\"https:\/\/aeronoticias.com.pe\/noticiero\/turismo\/13\/descubren-pasaje-subterraneo-en-plaza-de-chavin-de-huantar\/\" \/>\n<meta property=\"og:site_name\" content=\"Aeronoticias.com.pe\" \/>\n<meta property=\"article:publisher\" content=\"https:\/\/www.facebook.com\/Aeronoticias.com.pe\/\" \/>\n<meta property=\"article:published_time\" content=\"2008-09-09T12:01:40+00:00\" \/>\n<meta property=\"og:image\" content=\"http:\/\/aeronoticias.com.pe\/fotonoticias\/luis\/Chavin9.jpg\" \/>\n<meta name=\"author\" content=\"Redacci\u00f3n Aeronoticias\" \/>\n<meta name=\"twitter:card\" content=\"summary_large_image\" \/>\n<meta name=\"twitter:creator\" content=\"@aeronoticias\" \/>\n<meta name=\"twitter:site\" content=\"@aeronoticias\" \/>\n<meta name=\"twitter:label1\" content=\"Escrito por\" \/>\n\t<meta name=\"twitter:data1\" content=\"Redacci\u00f3n Aeronoticias\" \/>\n\t<meta name=\"twitter:label2\" content=\"Tiempo de lectura\" \/>\n\t<meta name=\"twitter:data2\" content=\"1 minuto\" \/>\n<script type=\"application\/ld+json\" class=\"yoast-schema-graph\">{\"@context\":\"https:\/\/schema.org\",\"@graph\":[{\"@type\":\"WebPage\",\"@id\":\"https:\/\/aeronoticias.com.pe\/noticiero\/turismo\/13\/descubren-pasaje-subterraneo-en-plaza-de-chavin-de-huantar\/\",\"url\":\"https:\/\/aeronoticias.com.pe\/noticiero\/turismo\/13\/descubren-pasaje-subterraneo-en-plaza-de-chavin-de-huantar\/\",\"name\":\"DESCUBREN PASAJE SUBTERRANEO EN PLAZA DE CHAVIN DE HUANTAR\",\"isPartOf\":{\"@id\":\"https:\/\/aeronoticias.com.pe\/noticiero\/#website\"},\"primaryImageOfPage\":{\"@id\":\"https:\/\/aeronoticias.com.pe\/noticiero\/turismo\/13\/descubren-pasaje-subterraneo-en-plaza-de-chavin-de-huantar\/#primaryimage\"},\"image\":{\"@id\":\"https:\/\/aeronoticias.com.pe\/noticiero\/turismo\/13\/descubren-pasaje-subterraneo-en-plaza-de-chavin-de-huantar\/#primaryimage\"},\"thumbnailUrl\":\"http:\/\/aeronoticias.com.pe\/fotonoticias\/luis\/Chavin9.jpg\",\"datePublished\":\"2008-09-09T12:01:40+00:00\",\"author\":{\"@id\":\"https:\/\/aeronoticias.com.pe\/noticiero\/#\/schema\/person\/fc1e5d578f4b62ba1cf7ac2bba1170a0\"},\"description\":\"Portal de noticias del Per\u00fa sobre el transporte a\u00e9reo, aviaci\u00f3n, turismo, hoteleria, actualidad.\",\"breadcrumb\":{\"@id\":\"https:\/\/aeronoticias.com.pe\/noticiero\/turismo\/13\/descubren-pasaje-subterraneo-en-plaza-de-chavin-de-huantar\/#breadcrumb\"},\"inLanguage\":\"es\",\"potentialAction\":[{\"@type\":\"ReadAction\",\"target\":[\"https:\/\/aeronoticias.com.pe\/noticiero\/turismo\/13\/descubren-pasaje-subterraneo-en-plaza-de-chavin-de-huantar\/\"]}]},{\"@type\":\"ImageObject\",\"inLanguage\":\"es\",\"@id\":\"https:\/\/aeronoticias.com.pe\/noticiero\/turismo\/13\/descubren-pasaje-subterraneo-en-plaza-de-chavin-de-huantar\/#primaryimage\",\"url\":\"http:\/\/aeronoticias.com.pe\/fotonoticias\/luis\/Chavin9.jpg\",\"contentUrl\":\"http:\/\/aeronoticias.com.pe\/fotonoticias\/luis\/Chavin9.jpg\"},{\"@type\":\"BreadcrumbList\",\"@id\":\"https:\/\/aeronoticias.com.pe\/noticiero\/turismo\/13\/descubren-pasaje-subterraneo-en-plaza-de-chavin-de-huantar\/#breadcrumb\",\"itemListElement\":[{\"@type\":\"ListItem\",\"position\":1,\"name\":\"Portada\",\"item\":\"https:\/\/aeronoticias.com.pe\/noticiero\/\"},{\"@type\":\"ListItem\",\"position\":2,\"name\":\"DESCUBREN PASAJE SUBTERRANEO EN PLAZA DE CHAVIN DE HUANTAR\"}]},{\"@type\":\"WebSite\",\"@id\":\"https:\/\/aeronoticias.com.pe\/noticiero\/#website\",\"url\":\"https:\/\/aeronoticias.com.pe\/noticiero\/\",\"name\":\"Aeronoticias.com.pe\",\"description\":\"Noticias de tranporte aereo, turismo, hoteles, gastronomia, actualidad, internacional\",\"potentialAction\":[{\"@type\":\"SearchAction\",\"target\":{\"@type\":\"EntryPoint\",\"urlTemplate\":\"https:\/\/aeronoticias.com.pe\/noticiero\/?s={search_term_string}\"},\"query-input\":{\"@type\":\"PropertyValueSpecification\",\"valueRequired\":true,\"valueName\":\"search_term_string\"}}],\"inLanguage\":\"es\"},{\"@type\":\"Person\",\"@id\":\"https:\/\/aeronoticias.com.pe\/noticiero\/#\/schema\/person\/fc1e5d578f4b62ba1cf7ac2bba1170a0\",\"name\":\"Redacci\u00f3n Aeronoticias\",\"url\":\"https:\/\/aeronoticias.com.pe\/noticiero\/author\/piloto\/\"}]}<\/script>\n<!-- \/ Yoast SEO plugin. -->","yoast_head_json":{"title":"DESCUBREN PASAJE SUBTERRANEO EN PLAZA DE CHAVIN DE HUANTAR","description":"Portal de noticias del Per\u00fa sobre el transporte a\u00e9reo, aviaci\u00f3n, turismo, hoteleria, actualidad.","robots":{"index":"index","follow":"follow","max-snippet":"max-snippet:-1","max-image-preview":"max-image-preview:large","max-video-preview":"max-video-preview:-1"},"canonical":"https:\/\/aeronoticias.com.pe\/noticiero\/turismo\/13\/descubren-pasaje-subterraneo-en-plaza-de-chavin-de-huantar\/","og_locale":"es_ES","og_type":"article","og_title":"DESCUBREN PASAJE SUBTERRANEO EN PLAZA DE CHAVIN DE HUANTAR","og_description":"Portal de noticias del Per\u00fa sobre el transporte a\u00e9reo, aviaci\u00f3n, turismo, hoteleria, actualidad.","og_url":"https:\/\/aeronoticias.com.pe\/noticiero\/turismo\/13\/descubren-pasaje-subterraneo-en-plaza-de-chavin-de-huantar\/","og_site_name":"Aeronoticias.com.pe","article_publisher":"https:\/\/www.facebook.com\/Aeronoticias.com.pe\/","article_published_time":"2008-09-09T12:01:40+00:00","og_image":[{"url":"http:\/\/aeronoticias.com.pe\/fotonoticias\/luis\/Chavin9.jpg","type":"","width":"","height":""}],"author":"Redacci\u00f3n Aeronoticias","twitter_card":"summary_large_image","twitter_creator":"@aeronoticias","twitter_site":"@aeronoticias","twitter_misc":{"Escrito por":"Redacci\u00f3n Aeronoticias","Tiempo de lectura":"1 minuto"},"schema":{"@context":"https:\/\/schema.org","@graph":[{"@type":"WebPage","@id":"https:\/\/aeronoticias.com.pe\/noticiero\/turismo\/13\/descubren-pasaje-subterraneo-en-plaza-de-chavin-de-huantar\/","url":"https:\/\/aeronoticias.com.pe\/noticiero\/turismo\/13\/descubren-pasaje-subterraneo-en-plaza-de-chavin-de-huantar\/","name":"DESCUBREN PASAJE SUBTERRANEO EN PLAZA DE CHAVIN DE HUANTAR","isPartOf":{"@id":"https:\/\/aeronoticias.com.pe\/noticiero\/#website"},"primaryImageOfPage":{"@id":"https:\/\/aeronoticias.com.pe\/noticiero\/turismo\/13\/descubren-pasaje-subterraneo-en-plaza-de-chavin-de-huantar\/#primaryimage"},"image":{"@id":"https:\/\/aeronoticias.com.pe\/noticiero\/turismo\/13\/descubren-pasaje-subterraneo-en-plaza-de-chavin-de-huantar\/#primaryimage"},"thumbnailUrl":"http:\/\/aeronoticias.com.pe\/fotonoticias\/luis\/Chavin9.jpg","datePublished":"2008-09-09T12:01:40+00:00","author":{"@id":"https:\/\/aeronoticias.com.pe\/noticiero\/#\/schema\/person\/fc1e5d578f4b62ba1cf7ac2bba1170a0"},"description":"Portal de noticias del Per\u00fa sobre el transporte a\u00e9reo, aviaci\u00f3n, turismo, hoteleria, actualidad.","breadcrumb":{"@id":"https:\/\/aeronoticias.com.pe\/noticiero\/turismo\/13\/descubren-pasaje-subterraneo-en-plaza-de-chavin-de-huantar\/#breadcrumb"},"inLanguage":"es","potentialAction":[{"@type":"ReadAction","target":["https:\/\/aeronoticias.com.pe\/noticiero\/turismo\/13\/descubren-pasaje-subterraneo-en-plaza-de-chavin-de-huantar\/"]}]},{"@type":"ImageObject","inLanguage":"es","@id":"https:\/\/aeronoticias.com.pe\/noticiero\/turismo\/13\/descubren-pasaje-subterraneo-en-plaza-de-chavin-de-huantar\/#primaryimage","url":"http:\/\/aeronoticias.com.pe\/fotonoticias\/luis\/Chavin9.jpg","contentUrl":"http:\/\/aeronoticias.com.pe\/fotonoticias\/luis\/Chavin9.jpg"},{"@type":"BreadcrumbList","@id":"https:\/\/aeronoticias.com.pe\/noticiero\/turismo\/13\/descubren-pasaje-subterraneo-en-plaza-de-chavin-de-huantar\/#breadcrumb","itemListElement":[{"@type":"ListItem","position":1,"name":"Portada","item":"https:\/\/aeronoticias.com.pe\/noticiero\/"},{"@type":"ListItem","position":2,"name":"DESCUBREN PASAJE SUBTERRANEO EN PLAZA DE CHAVIN DE HUANTAR"}]},{"@type":"WebSite","@id":"https:\/\/aeronoticias.com.pe\/noticiero\/#website","url":"https:\/\/aeronoticias.com.pe\/noticiero\/","name":"Aeronoticias.com.pe","description":"Noticias de tranporte aereo, turismo, hoteles, gastronomia, actualidad, internacional","potentialAction":[{"@type":"SearchAction","target":{"@type":"EntryPoint","urlTemplate":"https:\/\/aeronoticias.com.pe\/noticiero\/?s={search_term_string}"},"query-input":{"@type":"PropertyValueSpecification","valueRequired":true,"valueName":"search_term_string"}}],"inLanguage":"es"},{"@type":"Person","@id":"https:\/\/aeronoticias.com.pe\/noticiero\/#\/schema\/person\/fc1e5d578f4b62ba1cf7ac2bba1170a0","name":"Redacci\u00f3n Aeronoticias","url":"https:\/\/aeronoticias.com.pe\/noticiero\/author\/piloto\/"}]}},"_links":{"self":[{"href":"https:\/\/aeronoticias.com.pe\/noticiero\/wp-json\/wp\/v2\/posts\/453","targetHints":{"allow":["GET"]}}],"collection":[{"href":"https:\/\/aeronoticias.com.pe\/noticiero\/wp-json\/wp\/v2\/posts"}],"about":[{"href":"https:\/\/aeronoticias.com.pe\/noticiero\/wp-json\/wp\/v2\/types\/post"}],"author":[{"embeddable":true,"href":"https:\/\/aeronoticias.com.pe\/noticiero\/wp-json\/wp\/v2\/users\/1"}],"replies":[{"embeddable":true,"href":"https:\/\/aeronoticias.com.pe\/noticiero\/wp-json\/wp\/v2\/comments?post=453"}],"version-history":[{"count":0,"href":"https:\/\/aeronoticias.com.pe\/noticiero\/wp-json\/wp\/v2\/posts\/453\/revisions"}],"wp:attachment":[{"href":"https:\/\/aeronoticias.com.pe\/noticiero\/wp-json\/wp\/v2\/media?parent=453"}],"wp:term":[{"taxonomy":"category","embeddable":true,"href":"https:\/\/aeronoticias.com.pe\/noticiero\/wp-json\/wp\/v2\/categories?post=453"},{"taxonomy":"post_tag","embeddable":true,"href":"https:\/\/aeronoticias.com.pe\/noticiero\/wp-json\/wp\/v2\/tags?post=453"}],"curies":[{"name":"wp","href":"https:\/\/api.w.org\/{rel}","templated":true}]}}