{"id":454,"date":"2008-09-09T12:17:01","date_gmt":"2008-09-09T12:17:01","guid":{"rendered":"http:\/\/desarrollo.mcvicious.com\/aero2020\/2008\/09\/09\/indice-de-crecimiento-industrial-se-incremento-7-en-julio\/"},"modified":"2008-09-09T12:17:01","modified_gmt":"2008-09-09T12:17:01","slug":"indice-de-crecimiento-industrial-se-incremento-7-en-julio","status":"publish","type":"post","link":"https:\/\/aeronoticias.com.pe\/noticiero\/ultimas\/1\/indice-de-crecimiento-industrial-se-incremento-7-en-julio\/","title":{"rendered":"INDICE DE CRECIMIENTO INDUSTRIAL SE INCREMENTO 7% EN JULIO"},"content":{"rendered":"<p>&nbsp;<\/p>\n<p align=\"justify\">El &Iacute;ndice de Crecimiento Industrial (ICI) en julio pasado registr&oacute; un crecimiento del 7% en&nbsp; relaci&oacute;n al mismo mes del a&ntilde;o 2007, gracias al buen desempe&ntilde;o de los sectores No Primario y Primario que presentaron incrementos en 8 y 1.3 por ciento respectivamente, inform&oacute; el ministro de la Producci&oacute;n, Rafael Rey. <\/p>\n<p align=\"justify\">Este resultado y aunado a los meses anteriores permiti&oacute; que el ICI registre un crecimiento de 9,5% para el periodo enero-julio del presente a&ntilde;o en comparaci&oacute;n a similar periodo del a&ntilde;o anterior<\/p>\n<p align=\"center\"><strong>Sector No Primario<\/strong><\/p>\n<p align=\"justify\">El ministro Rey&nbsp; indic&oacute; que el crecimiento del sector No Primario fue producto del desenvolvimiento productivo positivo de los rubros Bienes de Consumo, Bienes Intermedios y Bienes de Capital.<\/p>\n<p align=\"justify\">En el caso del rubro Bienes de Consumo, se observa que present&oacute; una variaci&oacute;n positiva de 2,7% con respecto al mismo mes del a&ntilde;o anterior, influenciado por el incremento alcanzado por las&nbsp; ramas: Elaboraci&oacute;n de vinos (33,8 %); Elaboraci&oacute;n y conservaci&oacute;n de frutas, legumbres y hortalizas (25.1 %), Muebles (21,8 %); Bebidas no alcoh&oacute;licas y aguas minerales (17,5 %); Cacao, chocolate y confiter&iacute;a (12,1 %); Otros productos alimenticios (11,6 %); Edici&oacute;n de peri&oacute;dicos, revistas y ediciones peri&oacute;dicas (10,4 %); Bebidas malteadas y de malta (8,4 %); Productos l&aacute;cteos (6,9 %); y Jabones, detergentes, tocador y limpieza (6,4 %).<\/p>\n<p align=\"justify\">&nbsp;<\/p>\n<div style=\"text-align: center\"><img loading=\"lazy\" decoding=\"async\" src=\"http:\/\/aeronoticias.com.pe\/fotonoticias\/luis\/rey9.jpg\" alt=\" \" title=\"INDICE DE CRECIMIENTO INDUSTRIAL SE INCREMENTO 7% EN JULIO. (Foto: Conapisco)\" hspace=\"5\" vspace=\"5\" width=\"377\" height=\"400\" \/><\/div>\n<p>&nbsp;<\/p>\n<p> <!--more--> <\/p>\n<p align=\"center\"><strong>Bienes intermedios<\/strong><\/p>\n<p align=\"justify\">De la misma manera, el rubro Bienes Intermedios registr&oacute; una variaci&oacute;n positiva de 14,5% con respecto al mismo mes del a&ntilde;o 2007, como efecto del aumento registrado por&nbsp; las ramas: Vidrio y productos de vidrio (100,9 %); Art&iacute;culos de hormig&oacute;n, cemento y yeso (44,9 %); Industrias b&aacute;sicas de hierro y acero (29,1 %); Productos de pl&aacute;stico (14,7 %); Moliner&iacute;a (14,0 %); Productos met&aacute;licos uso estructural (13,7 %); Otros productos de metal n.c.p. (13,7 %); Cemento, cal y yeso ( 8,0%); Arcilla y cer&aacute;mica uso estructural (6,7 %); y sustancias qu&iacute;micas b&aacute;sicas (6,5 %).<\/p>\n<p align=\"center\"><strong>Bienes de capital<\/strong><\/p>\n<p align=\"justify\">Asimismo, el rubro Bienes de Capital registr&oacute; una variaci&oacute;n positiva de 43,8% con respecto a julio del a&ntilde;o anterior debido al desenvolvimiento positivo de las ramas: Maquinaria para minas, canteras y construcci&oacute;n (199,2 %); Aparatos de distribuci&oacute;n y control energ&iacute;a el&eacute;ctrica (166,0 %); Veh&iacute;culos automotores (129,8 %); Motocicletas (85,0 %); Bombas compresoras grifos y v&aacute;lvulas (21,1%); y Motores generadores y transformadores el&eacute;ctricos (17,4 %).<\/p>\n<p style=\"font-size: 12px; font-family: Arial,Helvetica,sans-serif\" align=\"justify\">De otro lado, el Ministro Rafael Rey refiri&oacute; que el crecimiento del sector Primario en 1,3% para julio respecto al mismo mes del a&ntilde;o anterior, estuvo influenciado por el incremento&nbsp; productivo de las&nbsp; ramas: Carnes y productos c&aacute;rnicos (8,2%), Metales preciosos y no ferrosos primarios (5,4%) y Elaboraci&oacute;n de az&uacute;car (1,9%).<\/p>\n<p style=\"font-size: 12px; font-family: Arial,Helvetica,sans-serif\" align=\"justify\">Sin embargo, se debe dejar constancia que dentro del sector Primario se presentaron actividades productivas que tuvieron en el presente mes un comportamiento negativo, entre las que se encuentran: Harina y conservas de pescado y otros (-3,0%) y Refinaci&oacute;n de petr&oacute;leo (-7,2%).<\/p>\n<p>&nbsp;<\/p>\n<p>&nbsp;<\/p>\n","protected":false},"excerpt":{"rendered":"<p>&nbsp; El &Iacute;ndice de Crecimiento Industrial (ICI) en julio pasado registr&oacute; un crecimiento del 7% en&nbsp; relaci&oacute;n al mismo mes del a&ntilde;o 2007, gracias al buen desempe&ntilde;o de los sectores No Primario y Primario que presentaron incrementos en 8 y 1.3 por ciento respectivamente, inform&oacute; el ministro de la Producci&oacute;n, Rafael Rey. Este resultado y [&hellip;]<\/p>\n","protected":false},"author":1,"featured_media":0,"comment_status":"open","ping_status":"open","sticky":false,"template":"","format":"standard","meta":{"tdm_status":"","tdm_grid_status":"","footnotes":""},"categories":[30],"tags":[],"class_list":{"0":"post-454","1":"post","2":"type-post","3":"status-publish","4":"format-standard","6":"category-30"},"yoast_head":"<!-- This site is optimized with the Yoast SEO plugin v25.1 - https:\/\/yoast.com\/wordpress\/plugins\/seo\/ -->\n<title>INDICE DE CRECIMIENTO INDUSTRIAL SE INCREMENTO 7% EN JULIO<\/title>\n<meta name=\"description\" content=\"Portal de noticias del Per\u00fa sobre el transporte a\u00e9reo, aviaci\u00f3n, turismo, hoteleria, actualidad.\" \/>\n<meta name=\"robots\" content=\"index, follow, max-snippet:-1, max-image-preview:large, max-video-preview:-1\" \/>\n<link rel=\"canonical\" href=\"https:\/\/aeronoticias.com.pe\/noticiero\/ultimas\/1\/indice-de-crecimiento-industrial-se-incremento-7-en-julio\/\" \/>\n<meta property=\"og:locale\" content=\"es_ES\" \/>\n<meta property=\"og:type\" content=\"article\" \/>\n<meta property=\"og:title\" content=\"INDICE DE CRECIMIENTO INDUSTRIAL SE INCREMENTO 7% EN JULIO\" \/>\n<meta property=\"og:description\" content=\"Portal de noticias del Per\u00fa sobre el transporte a\u00e9reo, aviaci\u00f3n, turismo, hoteleria, actualidad.\" \/>\n<meta property=\"og:url\" content=\"https:\/\/aeronoticias.com.pe\/noticiero\/ultimas\/1\/indice-de-crecimiento-industrial-se-incremento-7-en-julio\/\" \/>\n<meta property=\"og:site_name\" content=\"Aeronoticias.com.pe\" \/>\n<meta property=\"article:publisher\" content=\"https:\/\/www.facebook.com\/Aeronoticias.com.pe\/\" \/>\n<meta property=\"article:published_time\" content=\"2008-09-09T12:17:01+00:00\" \/>\n<meta property=\"og:image\" content=\"http:\/\/aeronoticias.com.pe\/fotonoticias\/luis\/rey9.jpg\" \/>\n<meta name=\"author\" content=\"Redacci\u00f3n Aeronoticias\" \/>\n<meta name=\"twitter:card\" content=\"summary_large_image\" \/>\n<meta name=\"twitter:creator\" content=\"@aeronoticias\" \/>\n<meta name=\"twitter:site\" content=\"@aeronoticias\" \/>\n<meta name=\"twitter:label1\" content=\"Escrito por\" \/>\n\t<meta name=\"twitter:data1\" content=\"Redacci\u00f3n Aeronoticias\" \/>\n\t<meta name=\"twitter:label2\" content=\"Tiempo de lectura\" \/>\n\t<meta name=\"twitter:data2\" content=\"3 minutos\" \/>\n<script type=\"application\/ld+json\" class=\"yoast-schema-graph\">{\"@context\":\"https:\/\/schema.org\",\"@graph\":[{\"@type\":\"WebPage\",\"@id\":\"https:\/\/aeronoticias.com.pe\/noticiero\/ultimas\/1\/indice-de-crecimiento-industrial-se-incremento-7-en-julio\/\",\"url\":\"https:\/\/aeronoticias.com.pe\/noticiero\/ultimas\/1\/indice-de-crecimiento-industrial-se-incremento-7-en-julio\/\",\"name\":\"INDICE DE CRECIMIENTO INDUSTRIAL SE INCREMENTO 7% EN JULIO\",\"isPartOf\":{\"@id\":\"https:\/\/aeronoticias.com.pe\/noticiero\/#website\"},\"primaryImageOfPage\":{\"@id\":\"https:\/\/aeronoticias.com.pe\/noticiero\/ultimas\/1\/indice-de-crecimiento-industrial-se-incremento-7-en-julio\/#primaryimage\"},\"image\":{\"@id\":\"https:\/\/aeronoticias.com.pe\/noticiero\/ultimas\/1\/indice-de-crecimiento-industrial-se-incremento-7-en-julio\/#primaryimage\"},\"thumbnailUrl\":\"http:\/\/aeronoticias.com.pe\/fotonoticias\/luis\/rey9.jpg\",\"datePublished\":\"2008-09-09T12:17:01+00:00\",\"author\":{\"@id\":\"https:\/\/aeronoticias.com.pe\/noticiero\/#\/schema\/person\/fc1e5d578f4b62ba1cf7ac2bba1170a0\"},\"description\":\"Portal de noticias del Per\u00fa sobre el transporte a\u00e9reo, aviaci\u00f3n, turismo, hoteleria, actualidad.\",\"breadcrumb\":{\"@id\":\"https:\/\/aeronoticias.com.pe\/noticiero\/ultimas\/1\/indice-de-crecimiento-industrial-se-incremento-7-en-julio\/#breadcrumb\"},\"inLanguage\":\"es\",\"potentialAction\":[{\"@type\":\"ReadAction\",\"target\":[\"https:\/\/aeronoticias.com.pe\/noticiero\/ultimas\/1\/indice-de-crecimiento-industrial-se-incremento-7-en-julio\/\"]}]},{\"@type\":\"ImageObject\",\"inLanguage\":\"es\",\"@id\":\"https:\/\/aeronoticias.com.pe\/noticiero\/ultimas\/1\/indice-de-crecimiento-industrial-se-incremento-7-en-julio\/#primaryimage\",\"url\":\"http:\/\/aeronoticias.com.pe\/fotonoticias\/luis\/rey9.jpg\",\"contentUrl\":\"http:\/\/aeronoticias.com.pe\/fotonoticias\/luis\/rey9.jpg\"},{\"@type\":\"BreadcrumbList\",\"@id\":\"https:\/\/aeronoticias.com.pe\/noticiero\/ultimas\/1\/indice-de-crecimiento-industrial-se-incremento-7-en-julio\/#breadcrumb\",\"itemListElement\":[{\"@type\":\"ListItem\",\"position\":1,\"name\":\"Portada\",\"item\":\"https:\/\/aeronoticias.com.pe\/noticiero\/\"},{\"@type\":\"ListItem\",\"position\":2,\"name\":\"INDICE DE CRECIMIENTO INDUSTRIAL SE INCREMENTO 7% EN JULIO\"}]},{\"@type\":\"WebSite\",\"@id\":\"https:\/\/aeronoticias.com.pe\/noticiero\/#website\",\"url\":\"https:\/\/aeronoticias.com.pe\/noticiero\/\",\"name\":\"Aeronoticias.com.pe\",\"description\":\"Noticias de tranporte aereo, turismo, hoteles, gastronomia, actualidad, internacional\",\"potentialAction\":[{\"@type\":\"SearchAction\",\"target\":{\"@type\":\"EntryPoint\",\"urlTemplate\":\"https:\/\/aeronoticias.com.pe\/noticiero\/?s={search_term_string}\"},\"query-input\":{\"@type\":\"PropertyValueSpecification\",\"valueRequired\":true,\"valueName\":\"search_term_string\"}}],\"inLanguage\":\"es\"},{\"@type\":\"Person\",\"@id\":\"https:\/\/aeronoticias.com.pe\/noticiero\/#\/schema\/person\/fc1e5d578f4b62ba1cf7ac2bba1170a0\",\"name\":\"Redacci\u00f3n Aeronoticias\",\"url\":\"https:\/\/aeronoticias.com.pe\/noticiero\/author\/piloto\/\"}]}<\/script>\n<!-- \/ Yoast SEO plugin. -->","yoast_head_json":{"title":"INDICE DE CRECIMIENTO INDUSTRIAL SE INCREMENTO 7% EN JULIO","description":"Portal de noticias del Per\u00fa sobre el transporte a\u00e9reo, aviaci\u00f3n, turismo, hoteleria, actualidad.","robots":{"index":"index","follow":"follow","max-snippet":"max-snippet:-1","max-image-preview":"max-image-preview:large","max-video-preview":"max-video-preview:-1"},"canonical":"https:\/\/aeronoticias.com.pe\/noticiero\/ultimas\/1\/indice-de-crecimiento-industrial-se-incremento-7-en-julio\/","og_locale":"es_ES","og_type":"article","og_title":"INDICE DE CRECIMIENTO INDUSTRIAL SE INCREMENTO 7% EN JULIO","og_description":"Portal de noticias del Per\u00fa sobre el transporte a\u00e9reo, aviaci\u00f3n, turismo, hoteleria, actualidad.","og_url":"https:\/\/aeronoticias.com.pe\/noticiero\/ultimas\/1\/indice-de-crecimiento-industrial-se-incremento-7-en-julio\/","og_site_name":"Aeronoticias.com.pe","article_publisher":"https:\/\/www.facebook.com\/Aeronoticias.com.pe\/","article_published_time":"2008-09-09T12:17:01+00:00","og_image":[{"url":"http:\/\/aeronoticias.com.pe\/fotonoticias\/luis\/rey9.jpg","type":"","width":"","height":""}],"author":"Redacci\u00f3n Aeronoticias","twitter_card":"summary_large_image","twitter_creator":"@aeronoticias","twitter_site":"@aeronoticias","twitter_misc":{"Escrito por":"Redacci\u00f3n Aeronoticias","Tiempo de lectura":"3 minutos"},"schema":{"@context":"https:\/\/schema.org","@graph":[{"@type":"WebPage","@id":"https:\/\/aeronoticias.com.pe\/noticiero\/ultimas\/1\/indice-de-crecimiento-industrial-se-incremento-7-en-julio\/","url":"https:\/\/aeronoticias.com.pe\/noticiero\/ultimas\/1\/indice-de-crecimiento-industrial-se-incremento-7-en-julio\/","name":"INDICE DE CRECIMIENTO INDUSTRIAL SE INCREMENTO 7% EN JULIO","isPartOf":{"@id":"https:\/\/aeronoticias.com.pe\/noticiero\/#website"},"primaryImageOfPage":{"@id":"https:\/\/aeronoticias.com.pe\/noticiero\/ultimas\/1\/indice-de-crecimiento-industrial-se-incremento-7-en-julio\/#primaryimage"},"image":{"@id":"https:\/\/aeronoticias.com.pe\/noticiero\/ultimas\/1\/indice-de-crecimiento-industrial-se-incremento-7-en-julio\/#primaryimage"},"thumbnailUrl":"http:\/\/aeronoticias.com.pe\/fotonoticias\/luis\/rey9.jpg","datePublished":"2008-09-09T12:17:01+00:00","author":{"@id":"https:\/\/aeronoticias.com.pe\/noticiero\/#\/schema\/person\/fc1e5d578f4b62ba1cf7ac2bba1170a0"},"description":"Portal de noticias del Per\u00fa sobre el transporte a\u00e9reo, aviaci\u00f3n, turismo, hoteleria, actualidad.","breadcrumb":{"@id":"https:\/\/aeronoticias.com.pe\/noticiero\/ultimas\/1\/indice-de-crecimiento-industrial-se-incremento-7-en-julio\/#breadcrumb"},"inLanguage":"es","potentialAction":[{"@type":"ReadAction","target":["https:\/\/aeronoticias.com.pe\/noticiero\/ultimas\/1\/indice-de-crecimiento-industrial-se-incremento-7-en-julio\/"]}]},{"@type":"ImageObject","inLanguage":"es","@id":"https:\/\/aeronoticias.com.pe\/noticiero\/ultimas\/1\/indice-de-crecimiento-industrial-se-incremento-7-en-julio\/#primaryimage","url":"http:\/\/aeronoticias.com.pe\/fotonoticias\/luis\/rey9.jpg","contentUrl":"http:\/\/aeronoticias.com.pe\/fotonoticias\/luis\/rey9.jpg"},{"@type":"BreadcrumbList","@id":"https:\/\/aeronoticias.com.pe\/noticiero\/ultimas\/1\/indice-de-crecimiento-industrial-se-incremento-7-en-julio\/#breadcrumb","itemListElement":[{"@type":"ListItem","position":1,"name":"Portada","item":"https:\/\/aeronoticias.com.pe\/noticiero\/"},{"@type":"ListItem","position":2,"name":"INDICE DE CRECIMIENTO INDUSTRIAL SE INCREMENTO 7% EN JULIO"}]},{"@type":"WebSite","@id":"https:\/\/aeronoticias.com.pe\/noticiero\/#website","url":"https:\/\/aeronoticias.com.pe\/noticiero\/","name":"Aeronoticias.com.pe","description":"Noticias de tranporte aereo, turismo, hoteles, gastronomia, actualidad, internacional","potentialAction":[{"@type":"SearchAction","target":{"@type":"EntryPoint","urlTemplate":"https:\/\/aeronoticias.com.pe\/noticiero\/?s={search_term_string}"},"query-input":{"@type":"PropertyValueSpecification","valueRequired":true,"valueName":"search_term_string"}}],"inLanguage":"es"},{"@type":"Person","@id":"https:\/\/aeronoticias.com.pe\/noticiero\/#\/schema\/person\/fc1e5d578f4b62ba1cf7ac2bba1170a0","name":"Redacci\u00f3n Aeronoticias","url":"https:\/\/aeronoticias.com.pe\/noticiero\/author\/piloto\/"}]}},"_links":{"self":[{"href":"https:\/\/aeronoticias.com.pe\/noticiero\/wp-json\/wp\/v2\/posts\/454","targetHints":{"allow":["GET"]}}],"collection":[{"href":"https:\/\/aeronoticias.com.pe\/noticiero\/wp-json\/wp\/v2\/posts"}],"about":[{"href":"https:\/\/aeronoticias.com.pe\/noticiero\/wp-json\/wp\/v2\/types\/post"}],"author":[{"embeddable":true,"href":"https:\/\/aeronoticias.com.pe\/noticiero\/wp-json\/wp\/v2\/users\/1"}],"replies":[{"embeddable":true,"href":"https:\/\/aeronoticias.com.pe\/noticiero\/wp-json\/wp\/v2\/comments?post=454"}],"version-history":[{"count":0,"href":"https:\/\/aeronoticias.com.pe\/noticiero\/wp-json\/wp\/v2\/posts\/454\/revisions"}],"wp:attachment":[{"href":"https:\/\/aeronoticias.com.pe\/noticiero\/wp-json\/wp\/v2\/media?parent=454"}],"wp:term":[{"taxonomy":"category","embeddable":true,"href":"https:\/\/aeronoticias.com.pe\/noticiero\/wp-json\/wp\/v2\/categories?post=454"},{"taxonomy":"post_tag","embeddable":true,"href":"https:\/\/aeronoticias.com.pe\/noticiero\/wp-json\/wp\/v2\/tags?post=454"}],"curies":[{"name":"wp","href":"https:\/\/api.w.org\/{rel}","templated":true}]}}