{"id":456,"date":"2008-09-09T12:49:37","date_gmt":"2008-09-09T12:49:37","guid":{"rendered":"http:\/\/desarrollo.mcvicious.com\/aero2020\/2008\/09\/09\/eduardo-moron-es-el-nuevo-viceministro-de-economia\/"},"modified":"2008-09-09T12:49:37","modified_gmt":"2008-09-09T12:49:37","slug":"eduardo-moron-es-el-nuevo-viceministro-de-economia","status":"publish","type":"post","link":"https:\/\/aeronoticias.com.pe\/noticiero\/ultimas\/1\/eduardo-moron-es-el-nuevo-viceministro-de-economia\/","title":{"rendered":"EDUARDO MORON ES EL NUEVO VICEMINISTRO DE ECONOMIA"},"content":{"rendered":"<p>&nbsp;<\/p>\n<div align=\"justify\">El Ministerio de Econom&iacute;a y Finanzas (MEF) public&oacute; hoy la resoluci&oacute;n suprema que designa al se&ntilde;or Eduardo Andr&eacute;s Mor&oacute;n Pastor en el cargo de Viceministro de Econom&iacute;a del referido ministerio. <\/div>\n<p align=\"justify\">La norma tambi&eacute;n da por concluido el encargo de funciones de Viceministro de Econom&iacute;a efectuado al se&ntilde;or Jos&eacute; Berley Arista Arbildo, quien tambi&eacute;n se desempe&ntilde;a como Viceministro de Hacienda.<\/p>\n<p align=\"justify\">Arista ocup&oacute; el cargo de Viceministro de Econom&iacute;a desde el pasado 14 de julio de 2008 luego que se aceptara la renuncia de la ex viceministra, Marisol Guiulfo, quien renunci&oacute; al cargo con la salida de Luis Carranza del MEF.<\/p>\n<p align=\"justify\">Mor&oacute;n es economista graduado por la Universidad del Pac&iacute;fico, con maestr&iacute;a en la Universidad del CEMA, Argentina, y doctorado en la Universidad de California (UCLA) de Estados Unidos.<\/p>\n<p align=\"justify\">Antes de ocupar el viceministerio se desempe&ntilde;aba como director del Centro de Investigaci&oacute;n de la Universidad del Pac&iacute;fico.<\/p>\n<p align=\"justify\">La resoluci&oacute;n suprema est&aacute; suscrita por el presidente de la Rep&uacute;blica, Alan Garc&iacute;a, y del ministro de Econom&iacute;a y Finanzas, Luis Valdivieso.<\/p>\n<p><strong><br \/><\/strong><\/p>\n<div align=\"center\"><strong>Mor&oacute;n: Debemos ser m&aacute;s precavidos ante debilidades de econom&iacute;a estadounidense&rdquo;<\/strong><\/div>\n<p>&nbsp;<\/p>\n<div align=\"justify\">El nuevo viceministro de Econom&iacute;a, Eduardo Mor&oacute;n, afirm&oacute; hoy que la gesti&oacute;n del ministerio de Econom&iacute;a y Finanzas (MEF) continuar&aacute; trabajando para estar prevenidos ante las debilidades que muestra la econom&iacute;a de Estados unidos, principal socio comercial del Per&uacute;. <\/div>\n<p align=\"justify\">&ldquo;Creo que la econom&iacute;a estadounidense empez&oacute; a mostrar m&aacute;s debilidades, situaci&oacute;n que observamos con la reciente la intervenci&oacute;n a las grandes empresas hipotecarias que operan en ese mercado y creo que seguiremos teniendo noticias de ese tipo por un determinado tiempo&rdquo;, asegur&oacute;.<\/p>\n<p align=\"justify\">&nbsp;<\/p>\n<div style=\"text-align: center\"><img loading=\"lazy\" decoding=\"async\" src=\"http:\/\/aeronoticias.com.pe\/fotonoticias\/luis\/moron9.jpg\" alt=\" \" title=\"EDUARDO MORON ES EL NUEVO VICEMINISTRO DE ECONOMIA. (Foto: Universidad del Pac&iacute;fico)\" hspace=\"5\" vspace=\"5\" width=\"341\" height=\"400\" align=\"absmiddle\" \/><\/div>\n<p>&nbsp;<\/p>\n<p>&nbsp;<\/p>\n<p> <!--more--> <\/p>\n<p>&nbsp;<\/p>\n<p align=\"center\"><strong>Es importante actuar preventivamente<\/strong><\/p>\n<p>&nbsp;<\/p>\n<p>Por ello, Mor&oacute;n consider&oacute; que es importante actuar preventivamente. &ldquo;El titular del sector, Luis Valdivieso, ha tratado de convencer a todos los actores de la econom&iacute;a nacional de que debemos tomar esta situaci&oacute;n en serio, porque Estados Unidos es la econom&iacute;a a la cual el Per&uacute; exporta e importa m&aacute;s, por lo que debemos estar m&aacute;s prevenidos&rdquo;, asever&oacute;.<\/p>\n<p>&nbsp;<\/p>\n<div align=\"center\"><strong>BCR no ha permanecido inactivo ante crisis estadounidense<\/strong><\/div>\n<p>&nbsp;<\/p>\n<p>Asimismo, el funcionario sostuvo que el Banco Central de Reserva (BCR) no ha permanecido inactivo ante la crisis estadounidense.<br \/>&ldquo;El BCR aument&oacute; en 13 oportunidades la tasa de referencia en los &uacute;ltimos dos a&ntilde;os (de 3% a 6%). No es que haya estado inerme mirando la crisis pasar. El ente emisor ha m&aacute;s que duplicado la tasa de referencia, pues en ese lapso &eacute;sta pas&oacute; de tres a m&aacute;s de seis por ciento. Por ello, creo que no se puede decir que el BCR no haya reaccionado&rdquo;, asegur&oacute;.<\/p>\n<p align=\"justify\">&nbsp;Mor&oacute;n destac&oacute; que el ministro Valdivieso ha sido muy claro en enfatizar la necesidad de trabajar en estrecha coordinaci&oacute;n con el BCR y la Superintendecia de Banca, Seguros y AFP (SBS).<\/p>\n<p align=\"justify\">&ldquo;Todas las agencias tienen que estar alineadas buscando ese quiebre de expectativas con respecto a la tasa de inflaci&oacute;n&rdquo;, precis&oacute;.<\/p>\n<p align=\"justify\">Al respecto, sostuvo que el MEF ha planteado dos grandes reformas. &ldquo;La primera es hacer m&aacute;s eficiente el gasto social y en segundo lugar mejorar sustancialmente la gesti&oacute;n del presupuesto p&uacute;blico con la introducci&oacute;n de varios cambios que creo poco a poco dar&aacute;n muestras de c&oacute;mo s&iacute; es posible cambiar las cosas&rdquo;.<\/p>\n<p>Antes de su designaci&oacute;n como viceministro de Econom&iacute;a, Eduardo Mor&oacute;n se desempe&ntilde;aba como director del Centro de Investigaci&oacute;n de la Universidad del Pacifico. No obstante, la funci&oacute;n p&uacute;blica no le es ajena, pues hace 15 a&ntilde;os se desempe&ntilde;o como asesor del ex titular del MEF, Jorge Camet.<\/p>\n<p>&nbsp;<\/p>\n","protected":false},"excerpt":{"rendered":"<p>&nbsp; El Ministerio de Econom&iacute;a y Finanzas (MEF) public&oacute; hoy la resoluci&oacute;n suprema que designa al se&ntilde;or Eduardo Andr&eacute;s Mor&oacute;n Pastor en el cargo de Viceministro de Econom&iacute;a del referido ministerio. La norma tambi&eacute;n da por concluido el encargo de funciones de Viceministro de Econom&iacute;a efectuado al se&ntilde;or Jos&eacute; Berley Arista Arbildo, quien tambi&eacute;n se [&hellip;]<\/p>\n","protected":false},"author":1,"featured_media":0,"comment_status":"open","ping_status":"open","sticky":false,"template":"","format":"standard","meta":{"tdm_status":"","tdm_grid_status":"","footnotes":""},"categories":[30],"tags":[],"class_list":{"0":"post-456","1":"post","2":"type-post","3":"status-publish","4":"format-standard","6":"category-30"},"yoast_head":"<!-- This site is optimized with the Yoast SEO plugin v25.1 - https:\/\/yoast.com\/wordpress\/plugins\/seo\/ -->\n<title>EDUARDO MORON ES EL NUEVO VICEMINISTRO DE ECONOMIA<\/title>\n<meta name=\"description\" content=\"Portal de noticias del Per\u00fa sobre el transporte a\u00e9reo, aviaci\u00f3n, turismo, hoteleria, actualidad.\" \/>\n<meta name=\"robots\" content=\"index, follow, max-snippet:-1, max-image-preview:large, max-video-preview:-1\" \/>\n<link rel=\"canonical\" href=\"https:\/\/aeronoticias.com.pe\/noticiero\/ultimas\/1\/eduardo-moron-es-el-nuevo-viceministro-de-economia\/\" \/>\n<meta property=\"og:locale\" content=\"es_ES\" \/>\n<meta property=\"og:type\" content=\"article\" \/>\n<meta property=\"og:title\" content=\"EDUARDO MORON ES EL NUEVO VICEMINISTRO DE ECONOMIA\" \/>\n<meta property=\"og:description\" content=\"Portal de noticias del Per\u00fa sobre el transporte a\u00e9reo, aviaci\u00f3n, turismo, hoteleria, actualidad.\" \/>\n<meta property=\"og:url\" content=\"https:\/\/aeronoticias.com.pe\/noticiero\/ultimas\/1\/eduardo-moron-es-el-nuevo-viceministro-de-economia\/\" \/>\n<meta property=\"og:site_name\" content=\"Aeronoticias.com.pe\" \/>\n<meta property=\"article:publisher\" content=\"https:\/\/www.facebook.com\/Aeronoticias.com.pe\/\" \/>\n<meta property=\"article:published_time\" content=\"2008-09-09T12:49:37+00:00\" \/>\n<meta property=\"og:image\" content=\"http:\/\/aeronoticias.com.pe\/fotonoticias\/luis\/moron9.jpg\" \/>\n<meta name=\"author\" content=\"Redacci\u00f3n Aeronoticias\" \/>\n<meta name=\"twitter:card\" content=\"summary_large_image\" \/>\n<meta name=\"twitter:creator\" content=\"@aeronoticias\" \/>\n<meta name=\"twitter:site\" content=\"@aeronoticias\" \/>\n<meta name=\"twitter:label1\" content=\"Escrito por\" \/>\n\t<meta name=\"twitter:data1\" content=\"Redacci\u00f3n Aeronoticias\" \/>\n\t<meta name=\"twitter:label2\" content=\"Tiempo de lectura\" \/>\n\t<meta name=\"twitter:data2\" content=\"4 minutos\" \/>\n<script type=\"application\/ld+json\" class=\"yoast-schema-graph\">{\"@context\":\"https:\/\/schema.org\",\"@graph\":[{\"@type\":\"WebPage\",\"@id\":\"https:\/\/aeronoticias.com.pe\/noticiero\/ultimas\/1\/eduardo-moron-es-el-nuevo-viceministro-de-economia\/\",\"url\":\"https:\/\/aeronoticias.com.pe\/noticiero\/ultimas\/1\/eduardo-moron-es-el-nuevo-viceministro-de-economia\/\",\"name\":\"EDUARDO MORON ES EL NUEVO VICEMINISTRO DE ECONOMIA\",\"isPartOf\":{\"@id\":\"https:\/\/aeronoticias.com.pe\/noticiero\/#website\"},\"primaryImageOfPage\":{\"@id\":\"https:\/\/aeronoticias.com.pe\/noticiero\/ultimas\/1\/eduardo-moron-es-el-nuevo-viceministro-de-economia\/#primaryimage\"},\"image\":{\"@id\":\"https:\/\/aeronoticias.com.pe\/noticiero\/ultimas\/1\/eduardo-moron-es-el-nuevo-viceministro-de-economia\/#primaryimage\"},\"thumbnailUrl\":\"http:\/\/aeronoticias.com.pe\/fotonoticias\/luis\/moron9.jpg\",\"datePublished\":\"2008-09-09T12:49:37+00:00\",\"author\":{\"@id\":\"https:\/\/aeronoticias.com.pe\/noticiero\/#\/schema\/person\/fc1e5d578f4b62ba1cf7ac2bba1170a0\"},\"description\":\"Portal de noticias del Per\u00fa sobre el transporte a\u00e9reo, aviaci\u00f3n, turismo, hoteleria, actualidad.\",\"breadcrumb\":{\"@id\":\"https:\/\/aeronoticias.com.pe\/noticiero\/ultimas\/1\/eduardo-moron-es-el-nuevo-viceministro-de-economia\/#breadcrumb\"},\"inLanguage\":\"es\",\"potentialAction\":[{\"@type\":\"ReadAction\",\"target\":[\"https:\/\/aeronoticias.com.pe\/noticiero\/ultimas\/1\/eduardo-moron-es-el-nuevo-viceministro-de-economia\/\"]}]},{\"@type\":\"ImageObject\",\"inLanguage\":\"es\",\"@id\":\"https:\/\/aeronoticias.com.pe\/noticiero\/ultimas\/1\/eduardo-moron-es-el-nuevo-viceministro-de-economia\/#primaryimage\",\"url\":\"http:\/\/aeronoticias.com.pe\/fotonoticias\/luis\/moron9.jpg\",\"contentUrl\":\"http:\/\/aeronoticias.com.pe\/fotonoticias\/luis\/moron9.jpg\"},{\"@type\":\"BreadcrumbList\",\"@id\":\"https:\/\/aeronoticias.com.pe\/noticiero\/ultimas\/1\/eduardo-moron-es-el-nuevo-viceministro-de-economia\/#breadcrumb\",\"itemListElement\":[{\"@type\":\"ListItem\",\"position\":1,\"name\":\"Portada\",\"item\":\"https:\/\/aeronoticias.com.pe\/noticiero\/\"},{\"@type\":\"ListItem\",\"position\":2,\"name\":\"EDUARDO MORON ES EL NUEVO VICEMINISTRO DE ECONOMIA\"}]},{\"@type\":\"WebSite\",\"@id\":\"https:\/\/aeronoticias.com.pe\/noticiero\/#website\",\"url\":\"https:\/\/aeronoticias.com.pe\/noticiero\/\",\"name\":\"Aeronoticias.com.pe\",\"description\":\"Noticias de tranporte aereo, turismo, hoteles, gastronomia, actualidad, internacional\",\"potentialAction\":[{\"@type\":\"SearchAction\",\"target\":{\"@type\":\"EntryPoint\",\"urlTemplate\":\"https:\/\/aeronoticias.com.pe\/noticiero\/?s={search_term_string}\"},\"query-input\":{\"@type\":\"PropertyValueSpecification\",\"valueRequired\":true,\"valueName\":\"search_term_string\"}}],\"inLanguage\":\"es\"},{\"@type\":\"Person\",\"@id\":\"https:\/\/aeronoticias.com.pe\/noticiero\/#\/schema\/person\/fc1e5d578f4b62ba1cf7ac2bba1170a0\",\"name\":\"Redacci\u00f3n Aeronoticias\",\"url\":\"https:\/\/aeronoticias.com.pe\/noticiero\/author\/piloto\/\"}]}<\/script>\n<!-- \/ Yoast SEO plugin. -->","yoast_head_json":{"title":"EDUARDO MORON ES EL NUEVO VICEMINISTRO DE ECONOMIA","description":"Portal de noticias del Per\u00fa sobre el transporte a\u00e9reo, aviaci\u00f3n, turismo, hoteleria, actualidad.","robots":{"index":"index","follow":"follow","max-snippet":"max-snippet:-1","max-image-preview":"max-image-preview:large","max-video-preview":"max-video-preview:-1"},"canonical":"https:\/\/aeronoticias.com.pe\/noticiero\/ultimas\/1\/eduardo-moron-es-el-nuevo-viceministro-de-economia\/","og_locale":"es_ES","og_type":"article","og_title":"EDUARDO MORON ES EL NUEVO VICEMINISTRO DE ECONOMIA","og_description":"Portal de noticias del Per\u00fa sobre el transporte a\u00e9reo, aviaci\u00f3n, turismo, hoteleria, actualidad.","og_url":"https:\/\/aeronoticias.com.pe\/noticiero\/ultimas\/1\/eduardo-moron-es-el-nuevo-viceministro-de-economia\/","og_site_name":"Aeronoticias.com.pe","article_publisher":"https:\/\/www.facebook.com\/Aeronoticias.com.pe\/","article_published_time":"2008-09-09T12:49:37+00:00","og_image":[{"url":"http:\/\/aeronoticias.com.pe\/fotonoticias\/luis\/moron9.jpg","type":"","width":"","height":""}],"author":"Redacci\u00f3n Aeronoticias","twitter_card":"summary_large_image","twitter_creator":"@aeronoticias","twitter_site":"@aeronoticias","twitter_misc":{"Escrito por":"Redacci\u00f3n Aeronoticias","Tiempo de lectura":"4 minutos"},"schema":{"@context":"https:\/\/schema.org","@graph":[{"@type":"WebPage","@id":"https:\/\/aeronoticias.com.pe\/noticiero\/ultimas\/1\/eduardo-moron-es-el-nuevo-viceministro-de-economia\/","url":"https:\/\/aeronoticias.com.pe\/noticiero\/ultimas\/1\/eduardo-moron-es-el-nuevo-viceministro-de-economia\/","name":"EDUARDO MORON ES EL NUEVO VICEMINISTRO DE ECONOMIA","isPartOf":{"@id":"https:\/\/aeronoticias.com.pe\/noticiero\/#website"},"primaryImageOfPage":{"@id":"https:\/\/aeronoticias.com.pe\/noticiero\/ultimas\/1\/eduardo-moron-es-el-nuevo-viceministro-de-economia\/#primaryimage"},"image":{"@id":"https:\/\/aeronoticias.com.pe\/noticiero\/ultimas\/1\/eduardo-moron-es-el-nuevo-viceministro-de-economia\/#primaryimage"},"thumbnailUrl":"http:\/\/aeronoticias.com.pe\/fotonoticias\/luis\/moron9.jpg","datePublished":"2008-09-09T12:49:37+00:00","author":{"@id":"https:\/\/aeronoticias.com.pe\/noticiero\/#\/schema\/person\/fc1e5d578f4b62ba1cf7ac2bba1170a0"},"description":"Portal de noticias del Per\u00fa sobre el transporte a\u00e9reo, aviaci\u00f3n, turismo, hoteleria, actualidad.","breadcrumb":{"@id":"https:\/\/aeronoticias.com.pe\/noticiero\/ultimas\/1\/eduardo-moron-es-el-nuevo-viceministro-de-economia\/#breadcrumb"},"inLanguage":"es","potentialAction":[{"@type":"ReadAction","target":["https:\/\/aeronoticias.com.pe\/noticiero\/ultimas\/1\/eduardo-moron-es-el-nuevo-viceministro-de-economia\/"]}]},{"@type":"ImageObject","inLanguage":"es","@id":"https:\/\/aeronoticias.com.pe\/noticiero\/ultimas\/1\/eduardo-moron-es-el-nuevo-viceministro-de-economia\/#primaryimage","url":"http:\/\/aeronoticias.com.pe\/fotonoticias\/luis\/moron9.jpg","contentUrl":"http:\/\/aeronoticias.com.pe\/fotonoticias\/luis\/moron9.jpg"},{"@type":"BreadcrumbList","@id":"https:\/\/aeronoticias.com.pe\/noticiero\/ultimas\/1\/eduardo-moron-es-el-nuevo-viceministro-de-economia\/#breadcrumb","itemListElement":[{"@type":"ListItem","position":1,"name":"Portada","item":"https:\/\/aeronoticias.com.pe\/noticiero\/"},{"@type":"ListItem","position":2,"name":"EDUARDO MORON ES EL NUEVO VICEMINISTRO DE ECONOMIA"}]},{"@type":"WebSite","@id":"https:\/\/aeronoticias.com.pe\/noticiero\/#website","url":"https:\/\/aeronoticias.com.pe\/noticiero\/","name":"Aeronoticias.com.pe","description":"Noticias de tranporte aereo, turismo, hoteles, gastronomia, actualidad, internacional","potentialAction":[{"@type":"SearchAction","target":{"@type":"EntryPoint","urlTemplate":"https:\/\/aeronoticias.com.pe\/noticiero\/?s={search_term_string}"},"query-input":{"@type":"PropertyValueSpecification","valueRequired":true,"valueName":"search_term_string"}}],"inLanguage":"es"},{"@type":"Person","@id":"https:\/\/aeronoticias.com.pe\/noticiero\/#\/schema\/person\/fc1e5d578f4b62ba1cf7ac2bba1170a0","name":"Redacci\u00f3n Aeronoticias","url":"https:\/\/aeronoticias.com.pe\/noticiero\/author\/piloto\/"}]}},"_links":{"self":[{"href":"https:\/\/aeronoticias.com.pe\/noticiero\/wp-json\/wp\/v2\/posts\/456","targetHints":{"allow":["GET"]}}],"collection":[{"href":"https:\/\/aeronoticias.com.pe\/noticiero\/wp-json\/wp\/v2\/posts"}],"about":[{"href":"https:\/\/aeronoticias.com.pe\/noticiero\/wp-json\/wp\/v2\/types\/post"}],"author":[{"embeddable":true,"href":"https:\/\/aeronoticias.com.pe\/noticiero\/wp-json\/wp\/v2\/users\/1"}],"replies":[{"embeddable":true,"href":"https:\/\/aeronoticias.com.pe\/noticiero\/wp-json\/wp\/v2\/comments?post=456"}],"version-history":[{"count":0,"href":"https:\/\/aeronoticias.com.pe\/noticiero\/wp-json\/wp\/v2\/posts\/456\/revisions"}],"wp:attachment":[{"href":"https:\/\/aeronoticias.com.pe\/noticiero\/wp-json\/wp\/v2\/media?parent=456"}],"wp:term":[{"taxonomy":"category","embeddable":true,"href":"https:\/\/aeronoticias.com.pe\/noticiero\/wp-json\/wp\/v2\/categories?post=456"},{"taxonomy":"post_tag","embeddable":true,"href":"https:\/\/aeronoticias.com.pe\/noticiero\/wp-json\/wp\/v2\/tags?post=456"}],"curies":[{"name":"wp","href":"https:\/\/api.w.org\/{rel}","templated":true}]}}