{"id":45602,"date":"2014-05-06T15:45:52","date_gmt":"2014-05-06T15:45:52","guid":{"rendered":"http:\/\/desarrollo.mcvicious.com\/aero2020\/2014\/05\/06\/iy-quien-pagara-la-busqueda-submarina-del-mh370\/"},"modified":"2014-05-06T15:45:52","modified_gmt":"2014-05-06T15:45:52","slug":"iy-quien-pagara-la-busqueda-submarina-del-mh370","status":"publish","type":"post","link":"https:\/\/aeronoticias.com.pe\/noticiero\/transporte-aereo\/internacional\/iy-quien-pagara-la-busqueda-submarina-del-mh370\/","title":{"rendered":"\u00bfY qui\u00e9n pagar\u00e1 la b\u00fasqueda submarina del MH370?"},"content":{"rendered":"<p style=\"text-align: justify;\"><img decoding=\"async\" src=\"images\/stories\/14\/05\/060514\/a5_1.jpg\" border=\"0\" \/><\/p>\n<p style=\"text-align: justify;\"><strong>(Aeronoticias)<\/strong>.- <em>Australia ya ha gastado 43 millones de d\u00f3lares estadounidenses en la b\u00fasqueda del avi\u00f3n desaparecido MH370 de Malaysia Airlines y surge una pregunta: \u00bfqui\u00e9n pagar\u00e1 los 60 millones adicionales que costar\u00e1 la misi\u00f3n de b\u00fasqueda submarina?<\/em><\/p>\n<p style=\"text-align: justify;\"><em> <\/em><\/p>\n<p>  <!--more-->  <\/p>\n<p><em> <\/em><\/p>\n<p>\u00a0<\/p>\n<p style=\"text-align: justify;\">La b\u00fasqueda del avi\u00f3n desaparecido ya ha consumido una enorme cantidad de recursos de Australia y de otros pa\u00edses, entre ellos EE.UU., China y Malasia, seg\u00fan el portal australiano <a href=\"http:\/\/www.news.com.au\/\" target=\"_blank\" rel=\"noopener noreferrer\"><strong>News.com.au.<\/strong><\/a><\/p>\n<p style=\"text-align: justify;\">Australia empez\u00f3 la b\u00fasqueda el 17 de marzo y la prolong\u00f3 durante 43 d\u00edas hasta que el pasado 28 de abril el primer ministro del pa\u00eds, Tony Abbott, anunci\u00f3 la decisi\u00f3n de concentrarse en el \u00e1rea submarina. Entonces no concret\u00f3 qui\u00e9n se responsabilizar\u00eda de los costes de la misi\u00f3n submarina, y dijo que todos los pa\u00edses implicados se hab\u00edan hecho cargo de los gastos derivados de su participaci\u00f3n en la b\u00fasqueda.<\/p>\n<p style=\"text-align: justify;\">\u00abAustralia b\u00e1sicamente ha destinado a la b\u00fasqueda del avi\u00f3n recursos militares por los que de todos modos habr\u00edamos pagado\u00bb, insiste el primer ministro australiano.<\/p>\n<p style=\"text-align: justify;\">Kim Bergmann, exasesor de Defensa del Gobierno de Australia, cree que, al haber tantas v\u00edctimas, los Gobiernos no quieren que se les vea quej\u00e1ndose por tener que afrontar los gastos de la operaci\u00f3n. \u00abEl MH370 desapareci\u00f3 en nuestra zona mar\u00edtima y es nuestra responsabilidad y nuestra obligaci\u00f3n internacional costear la b\u00fasqueda submarina\u00bb, dice Bergmann.<\/p>\n<p style=\"text-align: justify;\"><img decoding=\"async\" src=\"images\/stories\/14\/05\/060514\/a5_2.jpg\" border=\"0\" \/><\/p>\n<p style=\"text-align: justify;\">Por el momento la fase siguiente de la b\u00fasqueda es la misi\u00f3n submarina, cuyo coste \u2013unos 60 millones de d\u00f3lares estadounidenses\u2013 Australia espera compartir con otros pa\u00edses como Malasia y China. Funcionarios de esas tres naciones se han reunido recientemente en Canberra, la capital australiana, para discutir la siguiente etapa de la b\u00fasqueda. Parece que las empresas privadas Boeing y Rolls Royce, as\u00ed como varios pa\u00edses, prestar\u00e1n ayuda financiera si es necesario.<\/p>\n<p style=\"text-align: justify;\">Actualmente la misi\u00f3n de b\u00fasqueda la llevan a cabo 10 aeronaves civiles, 19 militares y 14 buques. Se han realizado ya 334 vuelos, que suponen un total de 3.137 horas en el aire.<\/p>\n<p style=\"text-align: justify;\">\u00a0<\/p>\n<p style=\"text-align: justify;\">Fuente: <strong><em>RT<\/em><\/strong><\/p>\n<p style=\"text-align: justify;\">Foto: <strong><em>RT<\/em><\/strong><\/p>\n<p style=\"text-align: justify;\"><strong><em><br \/><\/em><\/strong><\/p>\n<p>{jathumbnail off images=\u00bbimages\/stories\/14\/05\/060514\/a5_1.jpg,images\/stories\/14\/05\/060514\/a5_2.jpg\u00bb}<\/p>\n","protected":false},"excerpt":{"rendered":"<p>(Aeronoticias).- Australia ya ha gastado 43 millones de d\u00f3lares estadounidenses en la b\u00fasqueda del avi\u00f3n desaparecido MH370 de Malaysia Airlines y surge una pregunta: \u00bfqui\u00e9n pagar\u00e1 los 60 millones adicionales que costar\u00e1 la misi\u00f3n de b\u00fasqueda submarina?<\/p>\n","protected":false},"author":1,"featured_media":0,"comment_status":"open","ping_status":"open","sticky":false,"template":"","format":"standard","meta":{"tdm_status":"","tdm_grid_status":"","footnotes":""},"categories":[32],"tags":[],"class_list":{"0":"post-45602","1":"post","2":"type-post","3":"status-publish","4":"format-standard","6":"category-internacional"},"yoast_head":"<!-- This site is optimized with the Yoast SEO plugin v25.1 - https:\/\/yoast.com\/wordpress\/plugins\/seo\/ -->\n<title>\u00bfY qui\u00e9n pagar\u00e1 la b\u00fasqueda submarina del MH370?<\/title>\n<meta name=\"description\" content=\"Portal de noticias del Per\u00fa sobre el transporte a\u00e9reo, aviaci\u00f3n, turismo, hoteleria, actualidad.\" \/>\n<meta name=\"robots\" content=\"index, follow, max-snippet:-1, max-image-preview:large, max-video-preview:-1\" \/>\n<link rel=\"canonical\" href=\"https:\/\/aeronoticias.com.pe\/noticiero\/transporte-aereo\/internacional\/iy-quien-pagara-la-busqueda-submarina-del-mh370\/\" \/>\n<meta property=\"og:locale\" content=\"es_ES\" \/>\n<meta property=\"og:type\" content=\"article\" \/>\n<meta property=\"og:title\" content=\"\u00bfY qui\u00e9n pagar\u00e1 la b\u00fasqueda submarina del MH370?\" \/>\n<meta property=\"og:description\" content=\"Portal de noticias del Per\u00fa sobre el transporte a\u00e9reo, aviaci\u00f3n, turismo, hoteleria, actualidad.\" \/>\n<meta property=\"og:url\" content=\"https:\/\/aeronoticias.com.pe\/noticiero\/transporte-aereo\/internacional\/iy-quien-pagara-la-busqueda-submarina-del-mh370\/\" \/>\n<meta property=\"og:site_name\" content=\"Aeronoticias.com.pe\" \/>\n<meta property=\"article:publisher\" content=\"https:\/\/www.facebook.com\/Aeronoticias.com.pe\/\" \/>\n<meta property=\"article:published_time\" content=\"2014-05-06T15:45:52+00:00\" \/>\n<meta name=\"author\" content=\"Redacci\u00f3n Aeronoticias\" \/>\n<meta name=\"twitter:card\" content=\"summary_large_image\" \/>\n<meta name=\"twitter:creator\" content=\"@aeronoticias\" \/>\n<meta name=\"twitter:site\" content=\"@aeronoticias\" \/>\n<meta name=\"twitter:label1\" content=\"Escrito por\" \/>\n\t<meta name=\"twitter:data1\" content=\"Redacci\u00f3n Aeronoticias\" \/>\n\t<meta name=\"twitter:label2\" content=\"Tiempo de lectura\" \/>\n\t<meta name=\"twitter:data2\" content=\"2 minutos\" \/>\n<script type=\"application\/ld+json\" class=\"yoast-schema-graph\">{\"@context\":\"https:\/\/schema.org\",\"@graph\":[{\"@type\":\"WebPage\",\"@id\":\"https:\/\/aeronoticias.com.pe\/noticiero\/transporte-aereo\/internacional\/iy-quien-pagara-la-busqueda-submarina-del-mh370\/\",\"url\":\"https:\/\/aeronoticias.com.pe\/noticiero\/transporte-aereo\/internacional\/iy-quien-pagara-la-busqueda-submarina-del-mh370\/\",\"name\":\"\u00bfY qui\u00e9n pagar\u00e1 la b\u00fasqueda submarina del MH370?\",\"isPartOf\":{\"@id\":\"https:\/\/aeronoticias.com.pe\/noticiero\/#website\"},\"datePublished\":\"2014-05-06T15:45:52+00:00\",\"author\":{\"@id\":\"https:\/\/aeronoticias.com.pe\/noticiero\/#\/schema\/person\/fc1e5d578f4b62ba1cf7ac2bba1170a0\"},\"description\":\"Portal de noticias del Per\u00fa sobre el transporte a\u00e9reo, aviaci\u00f3n, turismo, hoteleria, actualidad.\",\"breadcrumb\":{\"@id\":\"https:\/\/aeronoticias.com.pe\/noticiero\/transporte-aereo\/internacional\/iy-quien-pagara-la-busqueda-submarina-del-mh370\/#breadcrumb\"},\"inLanguage\":\"es\",\"potentialAction\":[{\"@type\":\"ReadAction\",\"target\":[\"https:\/\/aeronoticias.com.pe\/noticiero\/transporte-aereo\/internacional\/iy-quien-pagara-la-busqueda-submarina-del-mh370\/\"]}]},{\"@type\":\"BreadcrumbList\",\"@id\":\"https:\/\/aeronoticias.com.pe\/noticiero\/transporte-aereo\/internacional\/iy-quien-pagara-la-busqueda-submarina-del-mh370\/#breadcrumb\",\"itemListElement\":[{\"@type\":\"ListItem\",\"position\":1,\"name\":\"Portada\",\"item\":\"https:\/\/aeronoticias.com.pe\/noticiero\/\"},{\"@type\":\"ListItem\",\"position\":2,\"name\":\"\u00bfY qui\u00e9n pagar\u00e1 la b\u00fasqueda submarina del MH370?\"}]},{\"@type\":\"WebSite\",\"@id\":\"https:\/\/aeronoticias.com.pe\/noticiero\/#website\",\"url\":\"https:\/\/aeronoticias.com.pe\/noticiero\/\",\"name\":\"Aeronoticias.com.pe\",\"description\":\"Noticias de tranporte aereo, turismo, hoteles, gastronomia, actualidad, internacional\",\"potentialAction\":[{\"@type\":\"SearchAction\",\"target\":{\"@type\":\"EntryPoint\",\"urlTemplate\":\"https:\/\/aeronoticias.com.pe\/noticiero\/?s={search_term_string}\"},\"query-input\":{\"@type\":\"PropertyValueSpecification\",\"valueRequired\":true,\"valueName\":\"search_term_string\"}}],\"inLanguage\":\"es\"},{\"@type\":\"Person\",\"@id\":\"https:\/\/aeronoticias.com.pe\/noticiero\/#\/schema\/person\/fc1e5d578f4b62ba1cf7ac2bba1170a0\",\"name\":\"Redacci\u00f3n Aeronoticias\",\"url\":\"https:\/\/aeronoticias.com.pe\/noticiero\/author\/piloto\/\"}]}<\/script>\n<!-- \/ Yoast SEO plugin. -->","yoast_head_json":{"title":"\u00bfY qui\u00e9n pagar\u00e1 la b\u00fasqueda submarina del MH370?","description":"Portal de noticias del Per\u00fa sobre el transporte a\u00e9reo, aviaci\u00f3n, turismo, hoteleria, actualidad.","robots":{"index":"index","follow":"follow","max-snippet":"max-snippet:-1","max-image-preview":"max-image-preview:large","max-video-preview":"max-video-preview:-1"},"canonical":"https:\/\/aeronoticias.com.pe\/noticiero\/transporte-aereo\/internacional\/iy-quien-pagara-la-busqueda-submarina-del-mh370\/","og_locale":"es_ES","og_type":"article","og_title":"\u00bfY qui\u00e9n pagar\u00e1 la b\u00fasqueda submarina del MH370?","og_description":"Portal de noticias del Per\u00fa sobre el transporte a\u00e9reo, aviaci\u00f3n, turismo, hoteleria, actualidad.","og_url":"https:\/\/aeronoticias.com.pe\/noticiero\/transporte-aereo\/internacional\/iy-quien-pagara-la-busqueda-submarina-del-mh370\/","og_site_name":"Aeronoticias.com.pe","article_publisher":"https:\/\/www.facebook.com\/Aeronoticias.com.pe\/","article_published_time":"2014-05-06T15:45:52+00:00","author":"Redacci\u00f3n Aeronoticias","twitter_card":"summary_large_image","twitter_creator":"@aeronoticias","twitter_site":"@aeronoticias","twitter_misc":{"Escrito por":"Redacci\u00f3n Aeronoticias","Tiempo de lectura":"2 minutos"},"schema":{"@context":"https:\/\/schema.org","@graph":[{"@type":"WebPage","@id":"https:\/\/aeronoticias.com.pe\/noticiero\/transporte-aereo\/internacional\/iy-quien-pagara-la-busqueda-submarina-del-mh370\/","url":"https:\/\/aeronoticias.com.pe\/noticiero\/transporte-aereo\/internacional\/iy-quien-pagara-la-busqueda-submarina-del-mh370\/","name":"\u00bfY qui\u00e9n pagar\u00e1 la b\u00fasqueda submarina del MH370?","isPartOf":{"@id":"https:\/\/aeronoticias.com.pe\/noticiero\/#website"},"datePublished":"2014-05-06T15:45:52+00:00","author":{"@id":"https:\/\/aeronoticias.com.pe\/noticiero\/#\/schema\/person\/fc1e5d578f4b62ba1cf7ac2bba1170a0"},"description":"Portal de noticias del Per\u00fa sobre el transporte a\u00e9reo, aviaci\u00f3n, turismo, hoteleria, actualidad.","breadcrumb":{"@id":"https:\/\/aeronoticias.com.pe\/noticiero\/transporte-aereo\/internacional\/iy-quien-pagara-la-busqueda-submarina-del-mh370\/#breadcrumb"},"inLanguage":"es","potentialAction":[{"@type":"ReadAction","target":["https:\/\/aeronoticias.com.pe\/noticiero\/transporte-aereo\/internacional\/iy-quien-pagara-la-busqueda-submarina-del-mh370\/"]}]},{"@type":"BreadcrumbList","@id":"https:\/\/aeronoticias.com.pe\/noticiero\/transporte-aereo\/internacional\/iy-quien-pagara-la-busqueda-submarina-del-mh370\/#breadcrumb","itemListElement":[{"@type":"ListItem","position":1,"name":"Portada","item":"https:\/\/aeronoticias.com.pe\/noticiero\/"},{"@type":"ListItem","position":2,"name":"\u00bfY qui\u00e9n pagar\u00e1 la b\u00fasqueda submarina del MH370?"}]},{"@type":"WebSite","@id":"https:\/\/aeronoticias.com.pe\/noticiero\/#website","url":"https:\/\/aeronoticias.com.pe\/noticiero\/","name":"Aeronoticias.com.pe","description":"Noticias de tranporte aereo, turismo, hoteles, gastronomia, actualidad, internacional","potentialAction":[{"@type":"SearchAction","target":{"@type":"EntryPoint","urlTemplate":"https:\/\/aeronoticias.com.pe\/noticiero\/?s={search_term_string}"},"query-input":{"@type":"PropertyValueSpecification","valueRequired":true,"valueName":"search_term_string"}}],"inLanguage":"es"},{"@type":"Person","@id":"https:\/\/aeronoticias.com.pe\/noticiero\/#\/schema\/person\/fc1e5d578f4b62ba1cf7ac2bba1170a0","name":"Redacci\u00f3n Aeronoticias","url":"https:\/\/aeronoticias.com.pe\/noticiero\/author\/piloto\/"}]}},"_links":{"self":[{"href":"https:\/\/aeronoticias.com.pe\/noticiero\/wp-json\/wp\/v2\/posts\/45602","targetHints":{"allow":["GET"]}}],"collection":[{"href":"https:\/\/aeronoticias.com.pe\/noticiero\/wp-json\/wp\/v2\/posts"}],"about":[{"href":"https:\/\/aeronoticias.com.pe\/noticiero\/wp-json\/wp\/v2\/types\/post"}],"author":[{"embeddable":true,"href":"https:\/\/aeronoticias.com.pe\/noticiero\/wp-json\/wp\/v2\/users\/1"}],"replies":[{"embeddable":true,"href":"https:\/\/aeronoticias.com.pe\/noticiero\/wp-json\/wp\/v2\/comments?post=45602"}],"version-history":[{"count":0,"href":"https:\/\/aeronoticias.com.pe\/noticiero\/wp-json\/wp\/v2\/posts\/45602\/revisions"}],"wp:attachment":[{"href":"https:\/\/aeronoticias.com.pe\/noticiero\/wp-json\/wp\/v2\/media?parent=45602"}],"wp:term":[{"taxonomy":"category","embeddable":true,"href":"https:\/\/aeronoticias.com.pe\/noticiero\/wp-json\/wp\/v2\/categories?post=45602"},{"taxonomy":"post_tag","embeddable":true,"href":"https:\/\/aeronoticias.com.pe\/noticiero\/wp-json\/wp\/v2\/tags?post=45602"}],"curies":[{"name":"wp","href":"https:\/\/api.w.org\/{rel}","templated":true}]}}