{"id":45606,"date":"2014-05-06T16:42:42","date_gmt":"2014-05-06T16:42:42","guid":{"rendered":"http:\/\/desarrollo.mcvicious.com\/aero2020\/2014\/05\/06\/busqueda-de-avion-malasio-se-intensifica-en-las-profundidades-del-indico\/"},"modified":"2014-05-06T16:42:42","modified_gmt":"2014-05-06T16:42:42","slug":"busqueda-de-avion-malasio-se-intensifica-en-las-profundidades-del-indico","status":"publish","type":"post","link":"https:\/\/aeronoticias.com.pe\/noticiero\/transporte-aereo\/internacional\/busqueda-de-avion-malasio-se-intensifica-en-las-profundidades-del-indico\/","title":{"rendered":"B\u00fasqueda de avi\u00f3n malasio se intensifica en las profundidades del \u00cdndico"},"content":{"rendered":"<p style=\"text-align: justify;\"><img decoding=\"async\" src=\"images\/stories\/14\/05\/060514\/a9.jpg\" border=\"0\" \/><\/p>\n<p style=\"text-align: justify;\"><strong>(Aeronoticias).<\/strong>&#8211; <em>El equipo internacional que busca al avi\u00f3n desaparecido de Malaysia Airlines intensificar\u00e1 el rastreo en un \u00e1rea m\u00e1s amplia del fondo marino en el sur del Oc\u00e9ano \u00cdndico, informaron hoy fuentes oficiales.<\/em><\/p>\n<p style=\"text-align: justify;\">El viceprimer ministro australiano, Warren Truss, dijo que se elaborar\u00e1 un mapa del lecho marino en esa zona que nunca ha sido cartografiada, en una rueda de prensa posterior a un encuentro con representantes de Malasia y China en Camberra.<\/p>\n<p style=\"text-align: justify;\">Truss explic\u00f3 que se intentar\u00e1 sumar veh\u00edculos aut\u00f3nomos y equipos de sonar a las labores de b\u00fasqueda que hasta ahora ha realizado el submarino aut\u00f3nomo Bluefin-21, prestado por Estados Unidos.<\/p>\n<p style=\"text-align: justify;\">Este sumergible no tripulado se encuentra a bordo del buque australiano Ocean Shield, que se dirige a la ciudad australiana de Perth para repostar antes de continuar con esta nueva fase de b\u00fasqueda cuyo coste se estima en unos 56 millones de d\u00f3lares (40 millones de euros).<\/p>\n<p style=\"text-align: justify;\">Truss tambi\u00e9n anunci\u00f3 que el Centro de Coordinaci\u00f3n de Agencias Conjuntas se trasladar\u00e1 de Perth a Camberra, donde el pr\u00f3ximo mi\u00e9rcoles continuar\u00e1n las reuniones tripartitas para analizar la financiaci\u00f3n y la disponibilidad de equipos, entre otros asuntos.<\/p>\n<p style=\"text-align: justify;\">Por su lado, el jefe del Centro de Coordinaci\u00f3n, Angus Houston, explic\u00f3 que los expertos revisar\u00e1n los datos obtenidos hasta el momento para asegurarse de que el an\u00e1lisis y las conclusiones son correctos.<\/p>\n<p style=\"text-align: justify;\">En la rueda de prensa comparecieron tambi\u00e9n el ministro interino de Transporte de Malasia, Hishammuddin Husssein, y el ministro chino de Transporte, Yang Chuantang, quien coment\u00f3 que la nueva fase ser\u00e1 m\u00e1s amplia y m\u00e1s dif\u00edcil.<\/p>\n<p style=\"text-align: justify;\">\u00a0<\/p>\n<p style=\"text-align: justify;\">Fuente:<strong><em>EFE<\/em><\/strong><\/p>\n<p style=\"text-align: justify;\">Foto:<strong><em>EFE<\/em><\/strong><\/p>\n<p style=\"text-align: justify;\">\u00a0<\/p>\n","protected":false},"excerpt":{"rendered":"<p>(Aeronoticias).&#8211; El equipo internacional que busca al avi\u00f3n desaparecido de Malaysia Airlines intensificar\u00e1 el rastreo en un \u00e1rea m\u00e1s amplia del fondo marino en el sur del Oc\u00e9ano \u00cdndico, informaron hoy fuentes oficiales. El viceprimer ministro australiano, Warren Truss, dijo que se elaborar\u00e1 un mapa del lecho marino en esa zona que nunca ha sido [&hellip;]<\/p>\n","protected":false},"author":1,"featured_media":0,"comment_status":"open","ping_status":"open","sticky":false,"template":"","format":"standard","meta":{"tdm_status":"","tdm_grid_status":"","footnotes":""},"categories":[32],"tags":[],"class_list":{"0":"post-45606","1":"post","2":"type-post","3":"status-publish","4":"format-standard","6":"category-internacional"},"yoast_head":"<!-- This site is optimized with the Yoast SEO plugin v25.1 - https:\/\/yoast.com\/wordpress\/plugins\/seo\/ -->\n<title>B\u00fasqueda de avi\u00f3n malasio se intensifica en las profundidades del \u00cdndico<\/title>\n<meta name=\"description\" content=\"Portal de noticias del Per\u00fa sobre el transporte a\u00e9reo, aviaci\u00f3n, turismo, hoteleria, actualidad.\" \/>\n<meta name=\"robots\" content=\"index, follow, max-snippet:-1, max-image-preview:large, max-video-preview:-1\" \/>\n<link rel=\"canonical\" href=\"https:\/\/aeronoticias.com.pe\/noticiero\/transporte-aereo\/internacional\/busqueda-de-avion-malasio-se-intensifica-en-las-profundidades-del-indico\/\" \/>\n<meta property=\"og:locale\" content=\"es_ES\" \/>\n<meta property=\"og:type\" content=\"article\" \/>\n<meta property=\"og:title\" content=\"B\u00fasqueda de avi\u00f3n malasio se intensifica en las profundidades del \u00cdndico\" \/>\n<meta property=\"og:description\" content=\"Portal de noticias del Per\u00fa sobre el transporte a\u00e9reo, aviaci\u00f3n, turismo, hoteleria, actualidad.\" \/>\n<meta property=\"og:url\" content=\"https:\/\/aeronoticias.com.pe\/noticiero\/transporte-aereo\/internacional\/busqueda-de-avion-malasio-se-intensifica-en-las-profundidades-del-indico\/\" \/>\n<meta property=\"og:site_name\" content=\"Aeronoticias.com.pe\" \/>\n<meta property=\"article:publisher\" content=\"https:\/\/www.facebook.com\/Aeronoticias.com.pe\/\" \/>\n<meta property=\"article:published_time\" content=\"2014-05-06T16:42:42+00:00\" \/>\n<meta name=\"author\" content=\"Redacci\u00f3n Aeronoticias\" \/>\n<meta name=\"twitter:card\" content=\"summary_large_image\" \/>\n<meta name=\"twitter:creator\" content=\"@aeronoticias\" \/>\n<meta name=\"twitter:site\" content=\"@aeronoticias\" \/>\n<meta name=\"twitter:label1\" content=\"Escrito por\" \/>\n\t<meta name=\"twitter:data1\" content=\"Redacci\u00f3n Aeronoticias\" \/>\n\t<meta name=\"twitter:label2\" content=\"Tiempo de lectura\" \/>\n\t<meta name=\"twitter:data2\" content=\"1 minuto\" \/>\n<script type=\"application\/ld+json\" class=\"yoast-schema-graph\">{\"@context\":\"https:\/\/schema.org\",\"@graph\":[{\"@type\":\"WebPage\",\"@id\":\"https:\/\/aeronoticias.com.pe\/noticiero\/transporte-aereo\/internacional\/busqueda-de-avion-malasio-se-intensifica-en-las-profundidades-del-indico\/\",\"url\":\"https:\/\/aeronoticias.com.pe\/noticiero\/transporte-aereo\/internacional\/busqueda-de-avion-malasio-se-intensifica-en-las-profundidades-del-indico\/\",\"name\":\"B\u00fasqueda de avi\u00f3n malasio se intensifica en las profundidades del \u00cdndico\",\"isPartOf\":{\"@id\":\"https:\/\/aeronoticias.com.pe\/noticiero\/#website\"},\"datePublished\":\"2014-05-06T16:42:42+00:00\",\"author\":{\"@id\":\"https:\/\/aeronoticias.com.pe\/noticiero\/#\/schema\/person\/fc1e5d578f4b62ba1cf7ac2bba1170a0\"},\"description\":\"Portal de noticias del Per\u00fa sobre el transporte a\u00e9reo, aviaci\u00f3n, turismo, hoteleria, actualidad.\",\"breadcrumb\":{\"@id\":\"https:\/\/aeronoticias.com.pe\/noticiero\/transporte-aereo\/internacional\/busqueda-de-avion-malasio-se-intensifica-en-las-profundidades-del-indico\/#breadcrumb\"},\"inLanguage\":\"es\",\"potentialAction\":[{\"@type\":\"ReadAction\",\"target\":[\"https:\/\/aeronoticias.com.pe\/noticiero\/transporte-aereo\/internacional\/busqueda-de-avion-malasio-se-intensifica-en-las-profundidades-del-indico\/\"]}]},{\"@type\":\"BreadcrumbList\",\"@id\":\"https:\/\/aeronoticias.com.pe\/noticiero\/transporte-aereo\/internacional\/busqueda-de-avion-malasio-se-intensifica-en-las-profundidades-del-indico\/#breadcrumb\",\"itemListElement\":[{\"@type\":\"ListItem\",\"position\":1,\"name\":\"Portada\",\"item\":\"https:\/\/aeronoticias.com.pe\/noticiero\/\"},{\"@type\":\"ListItem\",\"position\":2,\"name\":\"B\u00fasqueda de avi\u00f3n malasio se intensifica en las profundidades del \u00cdndico\"}]},{\"@type\":\"WebSite\",\"@id\":\"https:\/\/aeronoticias.com.pe\/noticiero\/#website\",\"url\":\"https:\/\/aeronoticias.com.pe\/noticiero\/\",\"name\":\"Aeronoticias.com.pe\",\"description\":\"Noticias de tranporte aereo, turismo, hoteles, gastronomia, actualidad, internacional\",\"potentialAction\":[{\"@type\":\"SearchAction\",\"target\":{\"@type\":\"EntryPoint\",\"urlTemplate\":\"https:\/\/aeronoticias.com.pe\/noticiero\/?s={search_term_string}\"},\"query-input\":{\"@type\":\"PropertyValueSpecification\",\"valueRequired\":true,\"valueName\":\"search_term_string\"}}],\"inLanguage\":\"es\"},{\"@type\":\"Person\",\"@id\":\"https:\/\/aeronoticias.com.pe\/noticiero\/#\/schema\/person\/fc1e5d578f4b62ba1cf7ac2bba1170a0\",\"name\":\"Redacci\u00f3n Aeronoticias\",\"url\":\"https:\/\/aeronoticias.com.pe\/noticiero\/author\/piloto\/\"}]}<\/script>\n<!-- \/ Yoast SEO plugin. -->","yoast_head_json":{"title":"B\u00fasqueda de avi\u00f3n malasio se intensifica en las profundidades del \u00cdndico","description":"Portal de noticias del Per\u00fa sobre el transporte a\u00e9reo, aviaci\u00f3n, turismo, hoteleria, actualidad.","robots":{"index":"index","follow":"follow","max-snippet":"max-snippet:-1","max-image-preview":"max-image-preview:large","max-video-preview":"max-video-preview:-1"},"canonical":"https:\/\/aeronoticias.com.pe\/noticiero\/transporte-aereo\/internacional\/busqueda-de-avion-malasio-se-intensifica-en-las-profundidades-del-indico\/","og_locale":"es_ES","og_type":"article","og_title":"B\u00fasqueda de avi\u00f3n malasio se intensifica en las profundidades del \u00cdndico","og_description":"Portal de noticias del Per\u00fa sobre el transporte a\u00e9reo, aviaci\u00f3n, turismo, hoteleria, actualidad.","og_url":"https:\/\/aeronoticias.com.pe\/noticiero\/transporte-aereo\/internacional\/busqueda-de-avion-malasio-se-intensifica-en-las-profundidades-del-indico\/","og_site_name":"Aeronoticias.com.pe","article_publisher":"https:\/\/www.facebook.com\/Aeronoticias.com.pe\/","article_published_time":"2014-05-06T16:42:42+00:00","author":"Redacci\u00f3n Aeronoticias","twitter_card":"summary_large_image","twitter_creator":"@aeronoticias","twitter_site":"@aeronoticias","twitter_misc":{"Escrito por":"Redacci\u00f3n Aeronoticias","Tiempo de lectura":"1 minuto"},"schema":{"@context":"https:\/\/schema.org","@graph":[{"@type":"WebPage","@id":"https:\/\/aeronoticias.com.pe\/noticiero\/transporte-aereo\/internacional\/busqueda-de-avion-malasio-se-intensifica-en-las-profundidades-del-indico\/","url":"https:\/\/aeronoticias.com.pe\/noticiero\/transporte-aereo\/internacional\/busqueda-de-avion-malasio-se-intensifica-en-las-profundidades-del-indico\/","name":"B\u00fasqueda de avi\u00f3n malasio se intensifica en las profundidades del \u00cdndico","isPartOf":{"@id":"https:\/\/aeronoticias.com.pe\/noticiero\/#website"},"datePublished":"2014-05-06T16:42:42+00:00","author":{"@id":"https:\/\/aeronoticias.com.pe\/noticiero\/#\/schema\/person\/fc1e5d578f4b62ba1cf7ac2bba1170a0"},"description":"Portal de noticias del Per\u00fa sobre el transporte a\u00e9reo, aviaci\u00f3n, turismo, hoteleria, actualidad.","breadcrumb":{"@id":"https:\/\/aeronoticias.com.pe\/noticiero\/transporte-aereo\/internacional\/busqueda-de-avion-malasio-se-intensifica-en-las-profundidades-del-indico\/#breadcrumb"},"inLanguage":"es","potentialAction":[{"@type":"ReadAction","target":["https:\/\/aeronoticias.com.pe\/noticiero\/transporte-aereo\/internacional\/busqueda-de-avion-malasio-se-intensifica-en-las-profundidades-del-indico\/"]}]},{"@type":"BreadcrumbList","@id":"https:\/\/aeronoticias.com.pe\/noticiero\/transporte-aereo\/internacional\/busqueda-de-avion-malasio-se-intensifica-en-las-profundidades-del-indico\/#breadcrumb","itemListElement":[{"@type":"ListItem","position":1,"name":"Portada","item":"https:\/\/aeronoticias.com.pe\/noticiero\/"},{"@type":"ListItem","position":2,"name":"B\u00fasqueda de avi\u00f3n malasio se intensifica en las profundidades del \u00cdndico"}]},{"@type":"WebSite","@id":"https:\/\/aeronoticias.com.pe\/noticiero\/#website","url":"https:\/\/aeronoticias.com.pe\/noticiero\/","name":"Aeronoticias.com.pe","description":"Noticias de tranporte aereo, turismo, hoteles, gastronomia, actualidad, internacional","potentialAction":[{"@type":"SearchAction","target":{"@type":"EntryPoint","urlTemplate":"https:\/\/aeronoticias.com.pe\/noticiero\/?s={search_term_string}"},"query-input":{"@type":"PropertyValueSpecification","valueRequired":true,"valueName":"search_term_string"}}],"inLanguage":"es"},{"@type":"Person","@id":"https:\/\/aeronoticias.com.pe\/noticiero\/#\/schema\/person\/fc1e5d578f4b62ba1cf7ac2bba1170a0","name":"Redacci\u00f3n Aeronoticias","url":"https:\/\/aeronoticias.com.pe\/noticiero\/author\/piloto\/"}]}},"_links":{"self":[{"href":"https:\/\/aeronoticias.com.pe\/noticiero\/wp-json\/wp\/v2\/posts\/45606","targetHints":{"allow":["GET"]}}],"collection":[{"href":"https:\/\/aeronoticias.com.pe\/noticiero\/wp-json\/wp\/v2\/posts"}],"about":[{"href":"https:\/\/aeronoticias.com.pe\/noticiero\/wp-json\/wp\/v2\/types\/post"}],"author":[{"embeddable":true,"href":"https:\/\/aeronoticias.com.pe\/noticiero\/wp-json\/wp\/v2\/users\/1"}],"replies":[{"embeddable":true,"href":"https:\/\/aeronoticias.com.pe\/noticiero\/wp-json\/wp\/v2\/comments?post=45606"}],"version-history":[{"count":0,"href":"https:\/\/aeronoticias.com.pe\/noticiero\/wp-json\/wp\/v2\/posts\/45606\/revisions"}],"wp:attachment":[{"href":"https:\/\/aeronoticias.com.pe\/noticiero\/wp-json\/wp\/v2\/media?parent=45606"}],"wp:term":[{"taxonomy":"category","embeddable":true,"href":"https:\/\/aeronoticias.com.pe\/noticiero\/wp-json\/wp\/v2\/categories?post=45606"},{"taxonomy":"post_tag","embeddable":true,"href":"https:\/\/aeronoticias.com.pe\/noticiero\/wp-json\/wp\/v2\/tags?post=45606"}],"curies":[{"name":"wp","href":"https:\/\/api.w.org\/{rel}","templated":true}]}}