{"id":45644,"date":"2014-05-07T21:06:04","date_gmt":"2014-05-07T21:06:04","guid":{"rendered":"http:\/\/desarrollo.mcvicious.com\/aero2020\/2014\/05\/07\/ministra-magali-silva-anuncia-que-encuentro-empresarial-andino-genero-us-108-millones\/"},"modified":"2014-05-07T21:06:04","modified_gmt":"2014-05-07T21:06:04","slug":"ministra-magali-silva-anuncia-que-encuentro-empresarial-andino-genero-us-108-millones","status":"publish","type":"post","link":"https:\/\/aeronoticias.com.pe\/noticiero\/economia\/ministra-magali-silva-anuncia-que-encuentro-empresarial-andino-genero-us-108-millones\/","title":{"rendered":"Ministra  Magali Silva, anuncia que Encuentro Empresarial Andino gener\u00f3 US$ 108 millones"},"content":{"rendered":"<p style=\"text-align: justify;\"><strong>(Aeronoticias) <\/strong><span style=\"text-align: justify; line-height: 1.3em;\">La Ministra de Comercio Exterior y Turismo y presidenta de la Comisi\u00f3n de \u00a0Promoci\u00f3n del Per\u00fa para la Exportaci\u00f3n y el Turismo (PROMPER\u00da), Magali Silva Velarde-\u00c1lvarez, se\u00f1al\u00f3 que los compromisos de negocios generados en el III Encuentro Empresarial Andino (EEA) llegaron a US$ 108 millones, la mayor cifra presentada hasta el momento en las tres ediciones que lleva realizada esta rueda comercial.<\/span><\/p>\n<p style=\"text-align: justify;\"><span style=\"line-height: 1.3em;\">\u201cCon este monto se cumple el objetivo de este Encuentro, que es incrementar y complementar el comercio intrarregional. Hablamos de un incremento de 16% en relaci\u00f3n a la edici\u00f3n realizada en el 2013, y de 76% a la realizada en el 2012\u201d, manifest\u00f3 Magali Silva.<\/span><\/p>\n<p style=\"text-align: justify;\"><span style=\"line-height: 1.3em;\">Seguidamente, indic\u00f3 que para obtener este logro, ha sido de vital importancia la participaci\u00f3n de las peque\u00f1as y medianas empresas de Colombia, Ecuador, Bolivia y Per\u00fa. En el caso de Per\u00fa la asistencia de este sector empresarial fue del 95%, mientras que Bolivia y Colombia llegaron al 90%, y Ecuador se hizo presente con un 65%.<\/span><\/p>\n<p style=\"text-align: justify;\"><span style=\"line-height: 1.3em;\">La titular del sector precis\u00f3 que el mayor valor negociado se registr\u00f3 en el rubro de Alimentos (agroindustria y pesca), con US$ 71 millones; seguido por Textiles y Confecciones, con US$ 15 millones; Manufacturas, con US$ 15 millones; Servicios, con US$ 6 millones; y otros sectores, US$ 1 mill\u00f3n.<\/span><\/p>\n<p style=\"text-align: justify;\"><span style=\"line-height: 1.3em;\">Manifest\u00f3 adem\u00e1s que espera que los montos negociados se incrementen en las siguientes ediciones de los EEA, y en el mediano plazo este importante bloque econ\u00f3mico se consolide.<\/span><\/p>\n<p style=\"text-align: justify;\"><span style=\"line-height: 1.3em;\">Asimismo, la Ministra Silva invit\u00f3 al sector empresarial para que participe en la pr\u00f3xima edici\u00f3n (2015) del Encuentro Empresarial Andino a realizarse en Santa Cruz, Bolivia.<\/span><\/p>\n<p style=\"text-align: justify;\"><span style=\"line-height: 1.3em;\">El III Encuentro Empresarial Andino fue organizado por las agencias de promoci\u00f3n de exportaciones de cada pa\u00eds: PROMUEVE Bolivia, PROEXPORT Colombia, PROECUADOR y PROMPER\u00da. La actividad reuni\u00f3 a 704 empresarios de Per\u00fa (Compradores 70\/ Exportadores 223), Ecuador (Compradores 40\/ Exportadores 79), Colombia (Compradores 35\/ Exportadores 126), Bolivia (Compradores 36\/ Exportadores 73), y Chile como pa\u00eds invitado (Compradores 22). <\/span><\/p>\n<p style=\"text-align: justify;\"><img decoding=\"async\" src=\"images\/stories\/14\/05\/070514\/andino.jpg\" border=\"0\" \/><\/p>\n<p style=\"text-align: justify;\">\u00a0<\/p>\n","protected":false},"excerpt":{"rendered":"<p>(Aeronoticias) La Ministra de Comercio Exterior y Turismo y presidenta de la Comisi\u00f3n de \u00a0Promoci\u00f3n del Per\u00fa para la Exportaci\u00f3n y el Turismo (PROMPER\u00da), Magali Silva Velarde-\u00c1lvarez, se\u00f1al\u00f3 que los compromisos de negocios generados en el III Encuentro Empresarial Andino (EEA) llegaron a US$ 108 millones, la mayor cifra presentada hasta el momento en las [&hellip;]<\/p>\n","protected":false},"author":1,"featured_media":0,"comment_status":"open","ping_status":"open","sticky":false,"template":"","format":"standard","meta":{"tdm_status":"","tdm_grid_status":"","footnotes":""},"categories":[33],"tags":[],"class_list":{"0":"post-45644","1":"post","2":"type-post","3":"status-publish","4":"format-standard","6":"category-economia"},"yoast_head":"<!-- This site is optimized with the Yoast SEO plugin v25.1 - https:\/\/yoast.com\/wordpress\/plugins\/seo\/ -->\n<title>Ministra Magali Silva, anuncia que Encuentro Empresarial Andino gener\u00f3 US$ 108 millones<\/title>\n<meta name=\"description\" content=\"Portal de noticias del Per\u00fa sobre el transporte a\u00e9reo, aviaci\u00f3n, turismo, hoteleria, actualidad.\" \/>\n<meta name=\"robots\" content=\"index, follow, max-snippet:-1, max-image-preview:large, max-video-preview:-1\" \/>\n<link rel=\"canonical\" href=\"https:\/\/aeronoticias.com.pe\/noticiero\/economia\/ministra-magali-silva-anuncia-que-encuentro-empresarial-andino-genero-us-108-millones\/\" \/>\n<meta property=\"og:locale\" content=\"es_ES\" \/>\n<meta property=\"og:type\" content=\"article\" \/>\n<meta property=\"og:title\" content=\"Ministra Magali Silva, anuncia que Encuentro Empresarial Andino gener\u00f3 US$ 108 millones\" \/>\n<meta property=\"og:description\" content=\"Portal de noticias del Per\u00fa sobre el transporte a\u00e9reo, aviaci\u00f3n, turismo, hoteleria, actualidad.\" \/>\n<meta property=\"og:url\" content=\"https:\/\/aeronoticias.com.pe\/noticiero\/economia\/ministra-magali-silva-anuncia-que-encuentro-empresarial-andino-genero-us-108-millones\/\" \/>\n<meta property=\"og:site_name\" content=\"Aeronoticias.com.pe\" \/>\n<meta property=\"article:publisher\" content=\"https:\/\/www.facebook.com\/Aeronoticias.com.pe\/\" \/>\n<meta property=\"article:published_time\" content=\"2014-05-07T21:06:04+00:00\" \/>\n<meta name=\"author\" content=\"Redacci\u00f3n Aeronoticias\" \/>\n<meta name=\"twitter:card\" content=\"summary_large_image\" \/>\n<meta name=\"twitter:creator\" content=\"@aeronoticias\" \/>\n<meta name=\"twitter:site\" content=\"@aeronoticias\" \/>\n<meta name=\"twitter:label1\" content=\"Escrito por\" \/>\n\t<meta name=\"twitter:data1\" content=\"Redacci\u00f3n Aeronoticias\" \/>\n\t<meta name=\"twitter:label2\" content=\"Tiempo de lectura\" \/>\n\t<meta name=\"twitter:data2\" content=\"2 minutos\" \/>\n<script type=\"application\/ld+json\" class=\"yoast-schema-graph\">{\"@context\":\"https:\/\/schema.org\",\"@graph\":[{\"@type\":\"WebPage\",\"@id\":\"https:\/\/aeronoticias.com.pe\/noticiero\/economia\/ministra-magali-silva-anuncia-que-encuentro-empresarial-andino-genero-us-108-millones\/\",\"url\":\"https:\/\/aeronoticias.com.pe\/noticiero\/economia\/ministra-magali-silva-anuncia-que-encuentro-empresarial-andino-genero-us-108-millones\/\",\"name\":\"Ministra Magali Silva, anuncia que Encuentro Empresarial Andino gener\u00f3 US$ 108 millones\",\"isPartOf\":{\"@id\":\"https:\/\/aeronoticias.com.pe\/noticiero\/#website\"},\"datePublished\":\"2014-05-07T21:06:04+00:00\",\"author\":{\"@id\":\"https:\/\/aeronoticias.com.pe\/noticiero\/#\/schema\/person\/fc1e5d578f4b62ba1cf7ac2bba1170a0\"},\"description\":\"Portal de noticias del Per\u00fa sobre el transporte a\u00e9reo, aviaci\u00f3n, turismo, hoteleria, actualidad.\",\"breadcrumb\":{\"@id\":\"https:\/\/aeronoticias.com.pe\/noticiero\/economia\/ministra-magali-silva-anuncia-que-encuentro-empresarial-andino-genero-us-108-millones\/#breadcrumb\"},\"inLanguage\":\"es\",\"potentialAction\":[{\"@type\":\"ReadAction\",\"target\":[\"https:\/\/aeronoticias.com.pe\/noticiero\/economia\/ministra-magali-silva-anuncia-que-encuentro-empresarial-andino-genero-us-108-millones\/\"]}]},{\"@type\":\"BreadcrumbList\",\"@id\":\"https:\/\/aeronoticias.com.pe\/noticiero\/economia\/ministra-magali-silva-anuncia-que-encuentro-empresarial-andino-genero-us-108-millones\/#breadcrumb\",\"itemListElement\":[{\"@type\":\"ListItem\",\"position\":1,\"name\":\"Portada\",\"item\":\"https:\/\/aeronoticias.com.pe\/noticiero\/\"},{\"@type\":\"ListItem\",\"position\":2,\"name\":\"Ministra Magali Silva, anuncia que Encuentro Empresarial Andino gener\u00f3 US$ 108 millones\"}]},{\"@type\":\"WebSite\",\"@id\":\"https:\/\/aeronoticias.com.pe\/noticiero\/#website\",\"url\":\"https:\/\/aeronoticias.com.pe\/noticiero\/\",\"name\":\"Aeronoticias.com.pe\",\"description\":\"Noticias de tranporte aereo, turismo, hoteles, gastronomia, actualidad, internacional\",\"potentialAction\":[{\"@type\":\"SearchAction\",\"target\":{\"@type\":\"EntryPoint\",\"urlTemplate\":\"https:\/\/aeronoticias.com.pe\/noticiero\/?s={search_term_string}\"},\"query-input\":{\"@type\":\"PropertyValueSpecification\",\"valueRequired\":true,\"valueName\":\"search_term_string\"}}],\"inLanguage\":\"es\"},{\"@type\":\"Person\",\"@id\":\"https:\/\/aeronoticias.com.pe\/noticiero\/#\/schema\/person\/fc1e5d578f4b62ba1cf7ac2bba1170a0\",\"name\":\"Redacci\u00f3n Aeronoticias\",\"url\":\"https:\/\/aeronoticias.com.pe\/noticiero\/author\/piloto\/\"}]}<\/script>\n<!-- \/ Yoast SEO plugin. -->","yoast_head_json":{"title":"Ministra Magali Silva, anuncia que Encuentro Empresarial Andino gener\u00f3 US$ 108 millones","description":"Portal de noticias del Per\u00fa sobre el transporte a\u00e9reo, aviaci\u00f3n, turismo, hoteleria, actualidad.","robots":{"index":"index","follow":"follow","max-snippet":"max-snippet:-1","max-image-preview":"max-image-preview:large","max-video-preview":"max-video-preview:-1"},"canonical":"https:\/\/aeronoticias.com.pe\/noticiero\/economia\/ministra-magali-silva-anuncia-que-encuentro-empresarial-andino-genero-us-108-millones\/","og_locale":"es_ES","og_type":"article","og_title":"Ministra Magali Silva, anuncia que Encuentro Empresarial Andino gener\u00f3 US$ 108 millones","og_description":"Portal de noticias del Per\u00fa sobre el transporte a\u00e9reo, aviaci\u00f3n, turismo, hoteleria, actualidad.","og_url":"https:\/\/aeronoticias.com.pe\/noticiero\/economia\/ministra-magali-silva-anuncia-que-encuentro-empresarial-andino-genero-us-108-millones\/","og_site_name":"Aeronoticias.com.pe","article_publisher":"https:\/\/www.facebook.com\/Aeronoticias.com.pe\/","article_published_time":"2014-05-07T21:06:04+00:00","author":"Redacci\u00f3n Aeronoticias","twitter_card":"summary_large_image","twitter_creator":"@aeronoticias","twitter_site":"@aeronoticias","twitter_misc":{"Escrito por":"Redacci\u00f3n Aeronoticias","Tiempo de lectura":"2 minutos"},"schema":{"@context":"https:\/\/schema.org","@graph":[{"@type":"WebPage","@id":"https:\/\/aeronoticias.com.pe\/noticiero\/economia\/ministra-magali-silva-anuncia-que-encuentro-empresarial-andino-genero-us-108-millones\/","url":"https:\/\/aeronoticias.com.pe\/noticiero\/economia\/ministra-magali-silva-anuncia-que-encuentro-empresarial-andino-genero-us-108-millones\/","name":"Ministra Magali Silva, anuncia que Encuentro Empresarial Andino gener\u00f3 US$ 108 millones","isPartOf":{"@id":"https:\/\/aeronoticias.com.pe\/noticiero\/#website"},"datePublished":"2014-05-07T21:06:04+00:00","author":{"@id":"https:\/\/aeronoticias.com.pe\/noticiero\/#\/schema\/person\/fc1e5d578f4b62ba1cf7ac2bba1170a0"},"description":"Portal de noticias del Per\u00fa sobre el transporte a\u00e9reo, aviaci\u00f3n, turismo, hoteleria, actualidad.","breadcrumb":{"@id":"https:\/\/aeronoticias.com.pe\/noticiero\/economia\/ministra-magali-silva-anuncia-que-encuentro-empresarial-andino-genero-us-108-millones\/#breadcrumb"},"inLanguage":"es","potentialAction":[{"@type":"ReadAction","target":["https:\/\/aeronoticias.com.pe\/noticiero\/economia\/ministra-magali-silva-anuncia-que-encuentro-empresarial-andino-genero-us-108-millones\/"]}]},{"@type":"BreadcrumbList","@id":"https:\/\/aeronoticias.com.pe\/noticiero\/economia\/ministra-magali-silva-anuncia-que-encuentro-empresarial-andino-genero-us-108-millones\/#breadcrumb","itemListElement":[{"@type":"ListItem","position":1,"name":"Portada","item":"https:\/\/aeronoticias.com.pe\/noticiero\/"},{"@type":"ListItem","position":2,"name":"Ministra Magali Silva, anuncia que Encuentro Empresarial Andino gener\u00f3 US$ 108 millones"}]},{"@type":"WebSite","@id":"https:\/\/aeronoticias.com.pe\/noticiero\/#website","url":"https:\/\/aeronoticias.com.pe\/noticiero\/","name":"Aeronoticias.com.pe","description":"Noticias de tranporte aereo, turismo, hoteles, gastronomia, actualidad, internacional","potentialAction":[{"@type":"SearchAction","target":{"@type":"EntryPoint","urlTemplate":"https:\/\/aeronoticias.com.pe\/noticiero\/?s={search_term_string}"},"query-input":{"@type":"PropertyValueSpecification","valueRequired":true,"valueName":"search_term_string"}}],"inLanguage":"es"},{"@type":"Person","@id":"https:\/\/aeronoticias.com.pe\/noticiero\/#\/schema\/person\/fc1e5d578f4b62ba1cf7ac2bba1170a0","name":"Redacci\u00f3n Aeronoticias","url":"https:\/\/aeronoticias.com.pe\/noticiero\/author\/piloto\/"}]}},"_links":{"self":[{"href":"https:\/\/aeronoticias.com.pe\/noticiero\/wp-json\/wp\/v2\/posts\/45644","targetHints":{"allow":["GET"]}}],"collection":[{"href":"https:\/\/aeronoticias.com.pe\/noticiero\/wp-json\/wp\/v2\/posts"}],"about":[{"href":"https:\/\/aeronoticias.com.pe\/noticiero\/wp-json\/wp\/v2\/types\/post"}],"author":[{"embeddable":true,"href":"https:\/\/aeronoticias.com.pe\/noticiero\/wp-json\/wp\/v2\/users\/1"}],"replies":[{"embeddable":true,"href":"https:\/\/aeronoticias.com.pe\/noticiero\/wp-json\/wp\/v2\/comments?post=45644"}],"version-history":[{"count":0,"href":"https:\/\/aeronoticias.com.pe\/noticiero\/wp-json\/wp\/v2\/posts\/45644\/revisions"}],"wp:attachment":[{"href":"https:\/\/aeronoticias.com.pe\/noticiero\/wp-json\/wp\/v2\/media?parent=45644"}],"wp:term":[{"taxonomy":"category","embeddable":true,"href":"https:\/\/aeronoticias.com.pe\/noticiero\/wp-json\/wp\/v2\/categories?post=45644"},{"taxonomy":"post_tag","embeddable":true,"href":"https:\/\/aeronoticias.com.pe\/noticiero\/wp-json\/wp\/v2\/tags?post=45644"}],"curies":[{"name":"wp","href":"https:\/\/api.w.org\/{rel}","templated":true}]}}