{"id":45646,"date":"2014-05-08T06:21:16","date_gmt":"2014-05-08T06:21:16","guid":{"rendered":"http:\/\/desarrollo.mcvicious.com\/aero2020\/2014\/05\/08\/para-alban-salida-de-escalante-permite-entrar-a-temas-de-fondo\/"},"modified":"2014-05-08T06:21:16","modified_gmt":"2014-05-08T06:21:16","slug":"para-alban-salida-de-escalante-permite-entrar-a-temas-de-fondo","status":"publish","type":"post","link":"https:\/\/aeronoticias.com.pe\/noticiero\/politica\/para-alban-salida-de-escalante-permite-entrar-a-temas-de-fondo\/","title":{"rendered":"Para Alb\u00e1n, salida de Escalante permite entrar a temas de fondo"},"content":{"rendered":"<p style=\"text-align: justify;\"><strong>(Aeronoticias)<\/strong>.- La renuncia de Dacia Escalante a la Oficina Nacional de Gobierno Interior (Onagi) permitir\u00e1 distender el debate y entrar a discusiones de fondo, destac\u00f3 anoche el ministro del Interior, Walter Alb\u00e1n Peralta.<\/p>\n<p style=\"text-align: justify;\">\u00ab(\u2026) El gesto de esta funcionaria permite de alguna manera distender el debate y hay que valorarlo as\u00ed; estamos en posibilidad probablemente de entrar a discusiones m\u00e1s de fondo, que son las que han estado se\u00f1aladas t\u00e1citamente en las expresiones vertidas en las \u00faltimas semanas, sobre todo en torno a las funciones de la Onagi\u00bb, dijo el ministro Peralta en conferencia de prensa tras concluir la sesi\u00f3n del Consejo de Ministros.<\/p>\n<p style=\"text-align: justify;\">Alb\u00e1n manifest\u00f3 que parte de estos temas \u201cde fondo\u201d ser\u00e1n planteados hoy, jueves, en el Congreso, cuando responda el pliego interpelatorio en torno a la actuaci\u00f3n de los gobernadores y las funciones de la Onagi.<\/p>\n<p style=\"text-align: justify;\">El titular del Interior subray\u00f3 que este caso \u201cdeja lecciones que deben procesarse y atenderse\u201d a fin de tomar medidas \u201cen lo inmediato y probablemente en el mediano plazo\u201d.<\/p>\n<p style=\"text-align: justify;\">Por su parte, el presidente del Consejo de M<span style=\"line-height: 1.3em;\">inistros, Ren\u00e9 Cornejo, salud\u00f3 la renuncia de Dacia Escalante, y asegur\u00f3 que las investigaciones continuar\u00e1n. Asimismo, Cornejo se\u00f1al\u00f3 que ahora el Ejecutivo podr\u00e1 realizar las coordinaciones necesarias para fortalecer el sistema.<\/span><\/p>\n<p style=\"text-align: justify;\">Escalante renunci\u00f3 hoy al cargo de jefa de la Onagi tras las denuncias sobre proselitismo pol\u00edtico realizado por los gobernadores y malos manejos administrativos.<\/p>\n<p style=\"text-align: justify;\">Con informaci\u00f3n de <span style=\"text-decoration: underline;\"><em><strong>El Comercio<\/strong><\/em><\/span>.<\/p>\n<p style=\"text-align: justify;\"><img decoding=\"async\" src=\"images\/stories\/14\/05\/070514\/pool.gif\" border=\"0\" \/><\/p>\n","protected":false},"excerpt":{"rendered":"<p>(Aeronoticias).- La renuncia de Dacia Escalante a la Oficina Nacional de Gobierno Interior (Onagi) permitir\u00e1 distender el debate y entrar a discusiones de fondo, destac\u00f3 anoche el ministro del Interior, Walter Alb\u00e1n Peralta. \u00ab(\u2026) El gesto de esta funcionaria permite de alguna manera distender el debate y hay que valorarlo as\u00ed; estamos en posibilidad probablemente [&hellip;]<\/p>\n","protected":false},"author":1,"featured_media":0,"comment_status":"open","ping_status":"open","sticky":false,"template":"","format":"standard","meta":{"tdm_status":"","tdm_grid_status":"","footnotes":""},"categories":[36],"tags":[],"class_list":{"0":"post-45646","1":"post","2":"type-post","3":"status-publish","4":"format-standard","6":"category-politica"},"yoast_head":"<!-- This site is optimized with the Yoast SEO plugin v25.1 - https:\/\/yoast.com\/wordpress\/plugins\/seo\/ -->\n<title>Para Alb\u00e1n, salida de Escalante permite entrar a temas de fondo<\/title>\n<meta name=\"description\" content=\"Portal de noticias del Per\u00fa sobre el transporte a\u00e9reo, aviaci\u00f3n, turismo, hoteleria, actualidad.\" \/>\n<meta name=\"robots\" content=\"index, follow, max-snippet:-1, max-image-preview:large, max-video-preview:-1\" \/>\n<link rel=\"canonical\" href=\"https:\/\/aeronoticias.com.pe\/noticiero\/politica\/para-alban-salida-de-escalante-permite-entrar-a-temas-de-fondo\/\" \/>\n<meta property=\"og:locale\" content=\"es_ES\" \/>\n<meta property=\"og:type\" content=\"article\" \/>\n<meta property=\"og:title\" content=\"Para Alb\u00e1n, salida de Escalante permite entrar a temas de fondo\" \/>\n<meta property=\"og:description\" content=\"Portal de noticias del Per\u00fa sobre el transporte a\u00e9reo, aviaci\u00f3n, turismo, hoteleria, actualidad.\" \/>\n<meta property=\"og:url\" content=\"https:\/\/aeronoticias.com.pe\/noticiero\/politica\/para-alban-salida-de-escalante-permite-entrar-a-temas-de-fondo\/\" \/>\n<meta property=\"og:site_name\" content=\"Aeronoticias.com.pe\" \/>\n<meta property=\"article:publisher\" content=\"https:\/\/www.facebook.com\/Aeronoticias.com.pe\/\" \/>\n<meta property=\"article:published_time\" content=\"2014-05-08T06:21:16+00:00\" \/>\n<meta name=\"author\" content=\"Redacci\u00f3n Aeronoticias\" \/>\n<meta name=\"twitter:card\" content=\"summary_large_image\" \/>\n<meta name=\"twitter:creator\" content=\"@aeronoticias\" \/>\n<meta name=\"twitter:site\" content=\"@aeronoticias\" \/>\n<meta name=\"twitter:label1\" content=\"Escrito por\" \/>\n\t<meta name=\"twitter:data1\" content=\"Redacci\u00f3n Aeronoticias\" \/>\n\t<meta name=\"twitter:label2\" content=\"Tiempo de lectura\" \/>\n\t<meta name=\"twitter:data2\" content=\"1 minuto\" \/>\n<script type=\"application\/ld+json\" class=\"yoast-schema-graph\">{\"@context\":\"https:\/\/schema.org\",\"@graph\":[{\"@type\":\"WebPage\",\"@id\":\"https:\/\/aeronoticias.com.pe\/noticiero\/politica\/para-alban-salida-de-escalante-permite-entrar-a-temas-de-fondo\/\",\"url\":\"https:\/\/aeronoticias.com.pe\/noticiero\/politica\/para-alban-salida-de-escalante-permite-entrar-a-temas-de-fondo\/\",\"name\":\"Para Alb\u00e1n, salida de Escalante permite entrar a temas de fondo\",\"isPartOf\":{\"@id\":\"https:\/\/aeronoticias.com.pe\/noticiero\/#website\"},\"datePublished\":\"2014-05-08T06:21:16+00:00\",\"author\":{\"@id\":\"https:\/\/aeronoticias.com.pe\/noticiero\/#\/schema\/person\/fc1e5d578f4b62ba1cf7ac2bba1170a0\"},\"description\":\"Portal de noticias del Per\u00fa sobre el transporte a\u00e9reo, aviaci\u00f3n, turismo, hoteleria, actualidad.\",\"breadcrumb\":{\"@id\":\"https:\/\/aeronoticias.com.pe\/noticiero\/politica\/para-alban-salida-de-escalante-permite-entrar-a-temas-de-fondo\/#breadcrumb\"},\"inLanguage\":\"es\",\"potentialAction\":[{\"@type\":\"ReadAction\",\"target\":[\"https:\/\/aeronoticias.com.pe\/noticiero\/politica\/para-alban-salida-de-escalante-permite-entrar-a-temas-de-fondo\/\"]}]},{\"@type\":\"BreadcrumbList\",\"@id\":\"https:\/\/aeronoticias.com.pe\/noticiero\/politica\/para-alban-salida-de-escalante-permite-entrar-a-temas-de-fondo\/#breadcrumb\",\"itemListElement\":[{\"@type\":\"ListItem\",\"position\":1,\"name\":\"Portada\",\"item\":\"https:\/\/aeronoticias.com.pe\/noticiero\/\"},{\"@type\":\"ListItem\",\"position\":2,\"name\":\"Para Alb\u00e1n, salida de Escalante permite entrar a temas de fondo\"}]},{\"@type\":\"WebSite\",\"@id\":\"https:\/\/aeronoticias.com.pe\/noticiero\/#website\",\"url\":\"https:\/\/aeronoticias.com.pe\/noticiero\/\",\"name\":\"Aeronoticias.com.pe\",\"description\":\"Noticias de tranporte aereo, turismo, hoteles, gastronomia, actualidad, internacional\",\"potentialAction\":[{\"@type\":\"SearchAction\",\"target\":{\"@type\":\"EntryPoint\",\"urlTemplate\":\"https:\/\/aeronoticias.com.pe\/noticiero\/?s={search_term_string}\"},\"query-input\":{\"@type\":\"PropertyValueSpecification\",\"valueRequired\":true,\"valueName\":\"search_term_string\"}}],\"inLanguage\":\"es\"},{\"@type\":\"Person\",\"@id\":\"https:\/\/aeronoticias.com.pe\/noticiero\/#\/schema\/person\/fc1e5d578f4b62ba1cf7ac2bba1170a0\",\"name\":\"Redacci\u00f3n Aeronoticias\",\"url\":\"https:\/\/aeronoticias.com.pe\/noticiero\/author\/piloto\/\"}]}<\/script>\n<!-- \/ Yoast SEO plugin. -->","yoast_head_json":{"title":"Para Alb\u00e1n, salida de Escalante permite entrar a temas de fondo","description":"Portal de noticias del Per\u00fa sobre el transporte a\u00e9reo, aviaci\u00f3n, turismo, hoteleria, actualidad.","robots":{"index":"index","follow":"follow","max-snippet":"max-snippet:-1","max-image-preview":"max-image-preview:large","max-video-preview":"max-video-preview:-1"},"canonical":"https:\/\/aeronoticias.com.pe\/noticiero\/politica\/para-alban-salida-de-escalante-permite-entrar-a-temas-de-fondo\/","og_locale":"es_ES","og_type":"article","og_title":"Para Alb\u00e1n, salida de Escalante permite entrar a temas de fondo","og_description":"Portal de noticias del Per\u00fa sobre el transporte a\u00e9reo, aviaci\u00f3n, turismo, hoteleria, actualidad.","og_url":"https:\/\/aeronoticias.com.pe\/noticiero\/politica\/para-alban-salida-de-escalante-permite-entrar-a-temas-de-fondo\/","og_site_name":"Aeronoticias.com.pe","article_publisher":"https:\/\/www.facebook.com\/Aeronoticias.com.pe\/","article_published_time":"2014-05-08T06:21:16+00:00","author":"Redacci\u00f3n Aeronoticias","twitter_card":"summary_large_image","twitter_creator":"@aeronoticias","twitter_site":"@aeronoticias","twitter_misc":{"Escrito por":"Redacci\u00f3n Aeronoticias","Tiempo de lectura":"1 minuto"},"schema":{"@context":"https:\/\/schema.org","@graph":[{"@type":"WebPage","@id":"https:\/\/aeronoticias.com.pe\/noticiero\/politica\/para-alban-salida-de-escalante-permite-entrar-a-temas-de-fondo\/","url":"https:\/\/aeronoticias.com.pe\/noticiero\/politica\/para-alban-salida-de-escalante-permite-entrar-a-temas-de-fondo\/","name":"Para Alb\u00e1n, salida de Escalante permite entrar a temas de fondo","isPartOf":{"@id":"https:\/\/aeronoticias.com.pe\/noticiero\/#website"},"datePublished":"2014-05-08T06:21:16+00:00","author":{"@id":"https:\/\/aeronoticias.com.pe\/noticiero\/#\/schema\/person\/fc1e5d578f4b62ba1cf7ac2bba1170a0"},"description":"Portal de noticias del Per\u00fa sobre el transporte a\u00e9reo, aviaci\u00f3n, turismo, hoteleria, actualidad.","breadcrumb":{"@id":"https:\/\/aeronoticias.com.pe\/noticiero\/politica\/para-alban-salida-de-escalante-permite-entrar-a-temas-de-fondo\/#breadcrumb"},"inLanguage":"es","potentialAction":[{"@type":"ReadAction","target":["https:\/\/aeronoticias.com.pe\/noticiero\/politica\/para-alban-salida-de-escalante-permite-entrar-a-temas-de-fondo\/"]}]},{"@type":"BreadcrumbList","@id":"https:\/\/aeronoticias.com.pe\/noticiero\/politica\/para-alban-salida-de-escalante-permite-entrar-a-temas-de-fondo\/#breadcrumb","itemListElement":[{"@type":"ListItem","position":1,"name":"Portada","item":"https:\/\/aeronoticias.com.pe\/noticiero\/"},{"@type":"ListItem","position":2,"name":"Para Alb\u00e1n, salida de Escalante permite entrar a temas de fondo"}]},{"@type":"WebSite","@id":"https:\/\/aeronoticias.com.pe\/noticiero\/#website","url":"https:\/\/aeronoticias.com.pe\/noticiero\/","name":"Aeronoticias.com.pe","description":"Noticias de tranporte aereo, turismo, hoteles, gastronomia, actualidad, internacional","potentialAction":[{"@type":"SearchAction","target":{"@type":"EntryPoint","urlTemplate":"https:\/\/aeronoticias.com.pe\/noticiero\/?s={search_term_string}"},"query-input":{"@type":"PropertyValueSpecification","valueRequired":true,"valueName":"search_term_string"}}],"inLanguage":"es"},{"@type":"Person","@id":"https:\/\/aeronoticias.com.pe\/noticiero\/#\/schema\/person\/fc1e5d578f4b62ba1cf7ac2bba1170a0","name":"Redacci\u00f3n Aeronoticias","url":"https:\/\/aeronoticias.com.pe\/noticiero\/author\/piloto\/"}]}},"_links":{"self":[{"href":"https:\/\/aeronoticias.com.pe\/noticiero\/wp-json\/wp\/v2\/posts\/45646","targetHints":{"allow":["GET"]}}],"collection":[{"href":"https:\/\/aeronoticias.com.pe\/noticiero\/wp-json\/wp\/v2\/posts"}],"about":[{"href":"https:\/\/aeronoticias.com.pe\/noticiero\/wp-json\/wp\/v2\/types\/post"}],"author":[{"embeddable":true,"href":"https:\/\/aeronoticias.com.pe\/noticiero\/wp-json\/wp\/v2\/users\/1"}],"replies":[{"embeddable":true,"href":"https:\/\/aeronoticias.com.pe\/noticiero\/wp-json\/wp\/v2\/comments?post=45646"}],"version-history":[{"count":0,"href":"https:\/\/aeronoticias.com.pe\/noticiero\/wp-json\/wp\/v2\/posts\/45646\/revisions"}],"wp:attachment":[{"href":"https:\/\/aeronoticias.com.pe\/noticiero\/wp-json\/wp\/v2\/media?parent=45646"}],"wp:term":[{"taxonomy":"category","embeddable":true,"href":"https:\/\/aeronoticias.com.pe\/noticiero\/wp-json\/wp\/v2\/categories?post=45646"},{"taxonomy":"post_tag","embeddable":true,"href":"https:\/\/aeronoticias.com.pe\/noticiero\/wp-json\/wp\/v2\/tags?post=45646"}],"curies":[{"name":"wp","href":"https:\/\/api.w.org\/{rel}","templated":true}]}}