{"id":45649,"date":"2014-05-08T06:32:29","date_gmt":"2014-05-08T06:32:29","guid":{"rendered":"http:\/\/desarrollo.mcvicious.com\/aero2020\/2014\/05\/08\/corea-del-sur-detienen-a-presidente-de-empresa-duena-del-sewol\/"},"modified":"2014-05-08T06:32:29","modified_gmt":"2014-05-08T06:32:29","slug":"corea-del-sur-detienen-a-presidente-de-empresa-duena-del-sewol","status":"publish","type":"post","link":"https:\/\/aeronoticias.com.pe\/noticiero\/internacionales\/corea-del-sur-detienen-a-presidente-de-empresa-duena-del-sewol\/","title":{"rendered":"Corea del Sur: Detienen a presidente de empresa due\u00f1a del Sewol"},"content":{"rendered":"<p style=\"text-align: justify;\"><strong>(Aeronoticias)<\/strong>.-\u00a0Las autoridades de Corea del Sur detuvieron bajo la acusaci\u00f3n de homicidio al presidente de la naviera que operaba el buque Sewol, hundido desde mediados de abril con m\u00e1s de 300 muertos y desaparecidos.<\/p>\n<p style=\"text-align: justify;\">Un equipo conjunto de fiscales y polic\u00edas arrest\u00f3 en su casa de Bundang (al sur de Se\u00fal) al presidente de la empresa Chonghaejin Marine, Kim Han-sik, inform\u00f3 la Fiscal\u00eda.<\/p>\n<p style=\"text-align: justify;\">Los fiscales presentaron los cargos de homicidio y violaci\u00f3n de la ley de seguridad de los buques contra el directivo al sospechar que autoriz\u00f3 la sobrecarga de veh\u00edculos y mercanc\u00edas en el Sewol el d\u00eda del naufragio.<\/p>\n<p style=\"text-align: justify;\">Tres empleados de la compa\u00f1\u00eda ya fueron arrestados los pasados d\u00edas tras revelarse que el transbordador llevaba hasta tres veces m\u00e1s carga de la permitida.<\/p>\n<p style=\"text-align: justify;\">Adem\u00e1s, el equipo de investigaci\u00f3n dedujo que el casco del ferry almacenaba solo una cuarta parte de las llamadas \u00abaguas de lastre\u00bb, que sirven para mejorar el equilibrio en caso de sobrecarga.<\/p>\n<p style=\"text-align: justify;\">Se cree que estos dos factores pudieron contribuir de forma decisiva al accidente, ya que seg\u00fan la hip\u00f3tesis m\u00e1s aceptada, el Sewol volc\u00f3 despu\u00e9s de que un giro brusco desplazara la carga hacia un lado desestabilizando la nave.<\/p>\n<p style=\"text-align: justify;\">Los investigadores tambi\u00e9n confirmaron el martes que Chonghaejin Marine sobrecargaba el barco de manera regular para obtener m\u00e1s ingresos, lo que ha despertado cr\u00edticas a las autoridades mar\u00edtimas por no establecer un control sobre esta actividad peligrosa e ilegal.<\/p>\n<p style=\"text-align: justify;\">Con informaci\u00f3n de <span style=\"text-decoration: underline;\"><em><strong>El Comercio<\/strong><\/em><\/span>.<\/p>\n<p style=\"text-align: justify;\"><img decoding=\"async\" src=\"images\/stories\/14\/05\/070514\/chi.jpg\" border=\"0\" \/><\/p>\n","protected":false},"excerpt":{"rendered":"<p>(Aeronoticias).-\u00a0Las autoridades de Corea del Sur detuvieron bajo la acusaci\u00f3n de homicidio al presidente de la naviera que operaba el buque Sewol, hundido desde mediados de abril con m\u00e1s de 300 muertos y desaparecidos. Un equipo conjunto de fiscales y polic\u00edas arrest\u00f3 en su casa de Bundang (al sur de Se\u00fal) al presidente de la [&hellip;]<\/p>\n","protected":false},"author":1,"featured_media":0,"comment_status":"open","ping_status":"open","sticky":false,"template":"","format":"standard","meta":{"tdm_status":"","tdm_grid_status":"","footnotes":""},"categories":[34],"tags":[],"class_list":{"0":"post-45649","1":"post","2":"type-post","3":"status-publish","4":"format-standard","6":"category-internacionales"},"yoast_head":"<!-- This site is optimized with the Yoast SEO plugin v25.1 - https:\/\/yoast.com\/wordpress\/plugins\/seo\/ -->\n<title>Corea del Sur: Detienen a presidente de empresa due\u00f1a del Sewol<\/title>\n<meta name=\"description\" content=\"Portal de noticias del Per\u00fa sobre el transporte a\u00e9reo, aviaci\u00f3n, turismo, hoteleria, actualidad.\" \/>\n<meta name=\"robots\" content=\"index, follow, max-snippet:-1, max-image-preview:large, max-video-preview:-1\" \/>\n<link rel=\"canonical\" href=\"https:\/\/aeronoticias.com.pe\/noticiero\/internacionales\/corea-del-sur-detienen-a-presidente-de-empresa-duena-del-sewol\/\" \/>\n<meta property=\"og:locale\" content=\"es_ES\" \/>\n<meta property=\"og:type\" content=\"article\" \/>\n<meta property=\"og:title\" content=\"Corea del Sur: Detienen a presidente de empresa due\u00f1a del Sewol\" \/>\n<meta property=\"og:description\" content=\"Portal de noticias del Per\u00fa sobre el transporte a\u00e9reo, aviaci\u00f3n, turismo, hoteleria, actualidad.\" \/>\n<meta property=\"og:url\" content=\"https:\/\/aeronoticias.com.pe\/noticiero\/internacionales\/corea-del-sur-detienen-a-presidente-de-empresa-duena-del-sewol\/\" \/>\n<meta property=\"og:site_name\" content=\"Aeronoticias.com.pe\" \/>\n<meta property=\"article:publisher\" content=\"https:\/\/www.facebook.com\/Aeronoticias.com.pe\/\" \/>\n<meta property=\"article:published_time\" content=\"2014-05-08T06:32:29+00:00\" \/>\n<meta name=\"author\" content=\"Redacci\u00f3n Aeronoticias\" \/>\n<meta name=\"twitter:card\" content=\"summary_large_image\" \/>\n<meta name=\"twitter:creator\" content=\"@aeronoticias\" \/>\n<meta name=\"twitter:site\" content=\"@aeronoticias\" \/>\n<meta name=\"twitter:label1\" content=\"Escrito por\" \/>\n\t<meta name=\"twitter:data1\" content=\"Redacci\u00f3n Aeronoticias\" \/>\n\t<meta name=\"twitter:label2\" content=\"Tiempo de lectura\" \/>\n\t<meta name=\"twitter:data2\" content=\"1 minuto\" \/>\n<script type=\"application\/ld+json\" class=\"yoast-schema-graph\">{\"@context\":\"https:\/\/schema.org\",\"@graph\":[{\"@type\":\"WebPage\",\"@id\":\"https:\/\/aeronoticias.com.pe\/noticiero\/internacionales\/corea-del-sur-detienen-a-presidente-de-empresa-duena-del-sewol\/\",\"url\":\"https:\/\/aeronoticias.com.pe\/noticiero\/internacionales\/corea-del-sur-detienen-a-presidente-de-empresa-duena-del-sewol\/\",\"name\":\"Corea del Sur: Detienen a presidente de empresa due\u00f1a del Sewol\",\"isPartOf\":{\"@id\":\"https:\/\/aeronoticias.com.pe\/noticiero\/#website\"},\"datePublished\":\"2014-05-08T06:32:29+00:00\",\"author\":{\"@id\":\"https:\/\/aeronoticias.com.pe\/noticiero\/#\/schema\/person\/fc1e5d578f4b62ba1cf7ac2bba1170a0\"},\"description\":\"Portal de noticias del Per\u00fa sobre el transporte a\u00e9reo, aviaci\u00f3n, turismo, hoteleria, actualidad.\",\"breadcrumb\":{\"@id\":\"https:\/\/aeronoticias.com.pe\/noticiero\/internacionales\/corea-del-sur-detienen-a-presidente-de-empresa-duena-del-sewol\/#breadcrumb\"},\"inLanguage\":\"es\",\"potentialAction\":[{\"@type\":\"ReadAction\",\"target\":[\"https:\/\/aeronoticias.com.pe\/noticiero\/internacionales\/corea-del-sur-detienen-a-presidente-de-empresa-duena-del-sewol\/\"]}]},{\"@type\":\"BreadcrumbList\",\"@id\":\"https:\/\/aeronoticias.com.pe\/noticiero\/internacionales\/corea-del-sur-detienen-a-presidente-de-empresa-duena-del-sewol\/#breadcrumb\",\"itemListElement\":[{\"@type\":\"ListItem\",\"position\":1,\"name\":\"Portada\",\"item\":\"https:\/\/aeronoticias.com.pe\/noticiero\/\"},{\"@type\":\"ListItem\",\"position\":2,\"name\":\"Corea del Sur: Detienen a presidente de empresa due\u00f1a del Sewol\"}]},{\"@type\":\"WebSite\",\"@id\":\"https:\/\/aeronoticias.com.pe\/noticiero\/#website\",\"url\":\"https:\/\/aeronoticias.com.pe\/noticiero\/\",\"name\":\"Aeronoticias.com.pe\",\"description\":\"Noticias de tranporte aereo, turismo, hoteles, gastronomia, actualidad, internacional\",\"potentialAction\":[{\"@type\":\"SearchAction\",\"target\":{\"@type\":\"EntryPoint\",\"urlTemplate\":\"https:\/\/aeronoticias.com.pe\/noticiero\/?s={search_term_string}\"},\"query-input\":{\"@type\":\"PropertyValueSpecification\",\"valueRequired\":true,\"valueName\":\"search_term_string\"}}],\"inLanguage\":\"es\"},{\"@type\":\"Person\",\"@id\":\"https:\/\/aeronoticias.com.pe\/noticiero\/#\/schema\/person\/fc1e5d578f4b62ba1cf7ac2bba1170a0\",\"name\":\"Redacci\u00f3n Aeronoticias\",\"url\":\"https:\/\/aeronoticias.com.pe\/noticiero\/author\/piloto\/\"}]}<\/script>\n<!-- \/ Yoast SEO plugin. -->","yoast_head_json":{"title":"Corea del Sur: Detienen a presidente de empresa due\u00f1a del Sewol","description":"Portal de noticias del Per\u00fa sobre el transporte a\u00e9reo, aviaci\u00f3n, turismo, hoteleria, actualidad.","robots":{"index":"index","follow":"follow","max-snippet":"max-snippet:-1","max-image-preview":"max-image-preview:large","max-video-preview":"max-video-preview:-1"},"canonical":"https:\/\/aeronoticias.com.pe\/noticiero\/internacionales\/corea-del-sur-detienen-a-presidente-de-empresa-duena-del-sewol\/","og_locale":"es_ES","og_type":"article","og_title":"Corea del Sur: Detienen a presidente de empresa due\u00f1a del Sewol","og_description":"Portal de noticias del Per\u00fa sobre el transporte a\u00e9reo, aviaci\u00f3n, turismo, hoteleria, actualidad.","og_url":"https:\/\/aeronoticias.com.pe\/noticiero\/internacionales\/corea-del-sur-detienen-a-presidente-de-empresa-duena-del-sewol\/","og_site_name":"Aeronoticias.com.pe","article_publisher":"https:\/\/www.facebook.com\/Aeronoticias.com.pe\/","article_published_time":"2014-05-08T06:32:29+00:00","author":"Redacci\u00f3n Aeronoticias","twitter_card":"summary_large_image","twitter_creator":"@aeronoticias","twitter_site":"@aeronoticias","twitter_misc":{"Escrito por":"Redacci\u00f3n Aeronoticias","Tiempo de lectura":"1 minuto"},"schema":{"@context":"https:\/\/schema.org","@graph":[{"@type":"WebPage","@id":"https:\/\/aeronoticias.com.pe\/noticiero\/internacionales\/corea-del-sur-detienen-a-presidente-de-empresa-duena-del-sewol\/","url":"https:\/\/aeronoticias.com.pe\/noticiero\/internacionales\/corea-del-sur-detienen-a-presidente-de-empresa-duena-del-sewol\/","name":"Corea del Sur: Detienen a presidente de empresa due\u00f1a del Sewol","isPartOf":{"@id":"https:\/\/aeronoticias.com.pe\/noticiero\/#website"},"datePublished":"2014-05-08T06:32:29+00:00","author":{"@id":"https:\/\/aeronoticias.com.pe\/noticiero\/#\/schema\/person\/fc1e5d578f4b62ba1cf7ac2bba1170a0"},"description":"Portal de noticias del Per\u00fa sobre el transporte a\u00e9reo, aviaci\u00f3n, turismo, hoteleria, actualidad.","breadcrumb":{"@id":"https:\/\/aeronoticias.com.pe\/noticiero\/internacionales\/corea-del-sur-detienen-a-presidente-de-empresa-duena-del-sewol\/#breadcrumb"},"inLanguage":"es","potentialAction":[{"@type":"ReadAction","target":["https:\/\/aeronoticias.com.pe\/noticiero\/internacionales\/corea-del-sur-detienen-a-presidente-de-empresa-duena-del-sewol\/"]}]},{"@type":"BreadcrumbList","@id":"https:\/\/aeronoticias.com.pe\/noticiero\/internacionales\/corea-del-sur-detienen-a-presidente-de-empresa-duena-del-sewol\/#breadcrumb","itemListElement":[{"@type":"ListItem","position":1,"name":"Portada","item":"https:\/\/aeronoticias.com.pe\/noticiero\/"},{"@type":"ListItem","position":2,"name":"Corea del Sur: Detienen a presidente de empresa due\u00f1a del Sewol"}]},{"@type":"WebSite","@id":"https:\/\/aeronoticias.com.pe\/noticiero\/#website","url":"https:\/\/aeronoticias.com.pe\/noticiero\/","name":"Aeronoticias.com.pe","description":"Noticias de tranporte aereo, turismo, hoteles, gastronomia, actualidad, internacional","potentialAction":[{"@type":"SearchAction","target":{"@type":"EntryPoint","urlTemplate":"https:\/\/aeronoticias.com.pe\/noticiero\/?s={search_term_string}"},"query-input":{"@type":"PropertyValueSpecification","valueRequired":true,"valueName":"search_term_string"}}],"inLanguage":"es"},{"@type":"Person","@id":"https:\/\/aeronoticias.com.pe\/noticiero\/#\/schema\/person\/fc1e5d578f4b62ba1cf7ac2bba1170a0","name":"Redacci\u00f3n Aeronoticias","url":"https:\/\/aeronoticias.com.pe\/noticiero\/author\/piloto\/"}]}},"_links":{"self":[{"href":"https:\/\/aeronoticias.com.pe\/noticiero\/wp-json\/wp\/v2\/posts\/45649","targetHints":{"allow":["GET"]}}],"collection":[{"href":"https:\/\/aeronoticias.com.pe\/noticiero\/wp-json\/wp\/v2\/posts"}],"about":[{"href":"https:\/\/aeronoticias.com.pe\/noticiero\/wp-json\/wp\/v2\/types\/post"}],"author":[{"embeddable":true,"href":"https:\/\/aeronoticias.com.pe\/noticiero\/wp-json\/wp\/v2\/users\/1"}],"replies":[{"embeddable":true,"href":"https:\/\/aeronoticias.com.pe\/noticiero\/wp-json\/wp\/v2\/comments?post=45649"}],"version-history":[{"count":0,"href":"https:\/\/aeronoticias.com.pe\/noticiero\/wp-json\/wp\/v2\/posts\/45649\/revisions"}],"wp:attachment":[{"href":"https:\/\/aeronoticias.com.pe\/noticiero\/wp-json\/wp\/v2\/media?parent=45649"}],"wp:term":[{"taxonomy":"category","embeddable":true,"href":"https:\/\/aeronoticias.com.pe\/noticiero\/wp-json\/wp\/v2\/categories?post=45649"},{"taxonomy":"post_tag","embeddable":true,"href":"https:\/\/aeronoticias.com.pe\/noticiero\/wp-json\/wp\/v2\/tags?post=45649"}],"curies":[{"name":"wp","href":"https:\/\/api.w.org\/{rel}","templated":true}]}}