{"id":45650,"date":"2014-05-08T15:07:50","date_gmt":"2014-05-08T15:07:50","guid":{"rendered":"http:\/\/desarrollo.mcvicious.com\/aero2020\/2014\/05\/08\/sargento-peruano-de-la-fap-sobrevive-a-una-caida-de-1500-metros-al-no-abrirse-su-paracaidas\/"},"modified":"2014-05-08T15:07:50","modified_gmt":"2014-05-08T15:07:50","slug":"sargento-peruano-de-la-fap-sobrevive-a-una-caida-de-1500-metros-al-no-abrirse-su-paracaidas","status":"publish","type":"post","link":"https:\/\/aeronoticias.com.pe\/noticiero\/transporte-aereo\/internacional\/sargento-peruano-de-la-fap-sobrevive-a-una-caida-de-1500-metros-al-no-abrirse-su-paracaidas\/","title":{"rendered":"Sargento peruano de la FAP sobrevive a una ca\u00edda de 1.500 metros al no abrirse su paraca\u00eddas"},"content":{"rendered":"<p style=\"text-align: justify;\"><img decoding=\"async\" src=\"images\/stories\/14\/05\/080514\/a1.jpg\" border=\"0\" \/><\/p>\n<p style=\"text-align: justify;\"><strong>(Aeronoticias).-<\/strong> <em>Amasifuen Gamarra se encuentra actualmente internado en el hospital Honorio Delgado en Arequipa.<\/em><\/p>\n<p style=\"text-align: justify;\">Un suboficial de la Fuerza A\u00e9rea de Per\u00fa (FAP) sobrevivi\u00f3 tras caer de un altura de 1.500 metros al no abr\u00edrsele el paraca\u00edda en pleno vuelo en la regi\u00f3n Arequipa (sur), inform\u00f3 una fuente oficial.<\/p>\n<p>  <!--more-->  <\/p>\n<p style=\"text-align: justify;\">\u201cEs cosa de dios que est\u00e9 l\u00facido, se le han hecho todos los ex\u00e1menes m\u00e9dicos y no hay fracturas, milagrosamente est\u00e1 vivo\u201d, dijo a la AFP el m\u00e9dico Guillermo Pacheco, director de emergencia del hospital Honorio Delgado de Arequipa, que atendi\u00f3 al militar.<\/p>\n<p style=\"text-align: justify;\">Pacheco explic\u00f3 que el suboficial Amasifuen Gamarra, de 31 a\u00f1os, se lanz\u00f3 el martes de una aeronave de la FAP a cinco mil pies de altura (1.500 metros) y en el momento de jalar la manija para abrir el paraca\u00eddas, las tiras le rodearon el cuello.<\/p>\n<p style=\"text-align: justify;\">Ello evit\u00f3 que las telas de su paraca\u00eddas se abrieran por completo y por la tensi\u00f3n que le provocaba en la garganta, en pocos segundos, perdi\u00f3 el conocimiento.<\/p>\n<p style=\"text-align: justify;\"><img decoding=\"async\" src=\"images\/stories\/14\/05\/080514\/a1_1.jpg\" border=\"0\" \/><\/p>\n<p style=\"text-align: justify;\">\u201cNo sabemos que amortigu\u00f3 su ca\u00edda, pero est\u00e1 vivo, es un milagro\u201d, indic\u00f3 el m\u00e9dico.<\/p>\n<p style=\"text-align: justify;\">Gamarra, con ocho a\u00f1os de servicio en la FAP, fue trasladado del hospital Honorio Delgado a uno militar para someterse a otros ex\u00e1menes m\u00e9dicos.<\/p>\n<p style=\"text-align: justify;\">Por su parte, el capit\u00e1n de la FAP V\u00edctor Vela dijo a AFP que el ins\u00f3lito caso se encuentra en investigaci\u00f3n y que las pr\u00f3ximas horas informar\u00e1n sobres sucedido.<\/p>\n<p style=\"text-align: justify;\">\u00a0<\/p>\n<p style=\"text-align: justify;\">Fuente:<strong><em>Publimetro<\/em><\/strong><\/p>\n<p style=\"text-align: justify;\">Foto:<strong><em>Peru21<\/em><\/strong><\/p>\n<p style=\"text-align: justify;\"><strong><em><br \/><\/em><\/strong><\/p>\n<p>{jathumbnail off images=\u00bbimages\/stories\/14\/05\/080514\/a1.jpg,images\/stories\/14\/05\/080514\/a1_1.jpg\u00bb}<\/p>\n","protected":false},"excerpt":{"rendered":"<p>(Aeronoticias).- Amasifuen Gamarra se encuentra actualmente internado en el hospital Honorio Delgado en Arequipa. Un suboficial de la Fuerza A\u00e9rea de Per\u00fa (FAP) sobrevivi\u00f3 tras caer de un altura de 1.500 metros al no abr\u00edrsele el paraca\u00edda en pleno vuelo en la regi\u00f3n Arequipa (sur), inform\u00f3 una fuente oficial.<\/p>\n","protected":false},"author":1,"featured_media":0,"comment_status":"open","ping_status":"open","sticky":false,"template":"","format":"standard","meta":{"tdm_status":"","tdm_grid_status":"","footnotes":""},"categories":[32],"tags":[],"class_list":{"0":"post-45650","1":"post","2":"type-post","3":"status-publish","4":"format-standard","6":"category-internacional"},"yoast_head":"<!-- This site is optimized with the Yoast SEO plugin v25.1 - https:\/\/yoast.com\/wordpress\/plugins\/seo\/ -->\n<title>Sargento peruano de la FAP sobrevive a una ca\u00edda de 1.500 metros al no abrirse su paraca\u00eddas<\/title>\n<meta name=\"description\" content=\"Portal de noticias del Per\u00fa sobre el transporte a\u00e9reo, aviaci\u00f3n, turismo, hoteleria, actualidad.\" \/>\n<meta name=\"robots\" content=\"index, follow, max-snippet:-1, max-image-preview:large, max-video-preview:-1\" \/>\n<link rel=\"canonical\" href=\"https:\/\/aeronoticias.com.pe\/noticiero\/transporte-aereo\/internacional\/sargento-peruano-de-la-fap-sobrevive-a-una-caida-de-1500-metros-al-no-abrirse-su-paracaidas\/\" \/>\n<meta property=\"og:locale\" content=\"es_ES\" \/>\n<meta property=\"og:type\" content=\"article\" \/>\n<meta property=\"og:title\" content=\"Sargento peruano de la FAP sobrevive a una ca\u00edda de 1.500 metros al no abrirse su paraca\u00eddas\" \/>\n<meta property=\"og:description\" content=\"Portal de noticias del Per\u00fa sobre el transporte a\u00e9reo, aviaci\u00f3n, turismo, hoteleria, actualidad.\" \/>\n<meta property=\"og:url\" content=\"https:\/\/aeronoticias.com.pe\/noticiero\/transporte-aereo\/internacional\/sargento-peruano-de-la-fap-sobrevive-a-una-caida-de-1500-metros-al-no-abrirse-su-paracaidas\/\" \/>\n<meta property=\"og:site_name\" content=\"Aeronoticias.com.pe\" \/>\n<meta property=\"article:publisher\" content=\"https:\/\/www.facebook.com\/Aeronoticias.com.pe\/\" \/>\n<meta property=\"article:published_time\" content=\"2014-05-08T15:07:50+00:00\" \/>\n<meta name=\"author\" content=\"Redacci\u00f3n Aeronoticias\" \/>\n<meta name=\"twitter:card\" content=\"summary_large_image\" \/>\n<meta name=\"twitter:creator\" content=\"@aeronoticias\" \/>\n<meta name=\"twitter:site\" content=\"@aeronoticias\" \/>\n<meta name=\"twitter:label1\" content=\"Escrito por\" \/>\n\t<meta name=\"twitter:data1\" content=\"Redacci\u00f3n Aeronoticias\" \/>\n\t<meta name=\"twitter:label2\" content=\"Tiempo de lectura\" \/>\n\t<meta name=\"twitter:data2\" content=\"1 minuto\" \/>\n<script type=\"application\/ld+json\" class=\"yoast-schema-graph\">{\"@context\":\"https:\/\/schema.org\",\"@graph\":[{\"@type\":\"WebPage\",\"@id\":\"https:\/\/aeronoticias.com.pe\/noticiero\/transporte-aereo\/internacional\/sargento-peruano-de-la-fap-sobrevive-a-una-caida-de-1500-metros-al-no-abrirse-su-paracaidas\/\",\"url\":\"https:\/\/aeronoticias.com.pe\/noticiero\/transporte-aereo\/internacional\/sargento-peruano-de-la-fap-sobrevive-a-una-caida-de-1500-metros-al-no-abrirse-su-paracaidas\/\",\"name\":\"Sargento peruano de la FAP sobrevive a una ca\u00edda de 1.500 metros al no abrirse su paraca\u00eddas\",\"isPartOf\":{\"@id\":\"https:\/\/aeronoticias.com.pe\/noticiero\/#website\"},\"datePublished\":\"2014-05-08T15:07:50+00:00\",\"author\":{\"@id\":\"https:\/\/aeronoticias.com.pe\/noticiero\/#\/schema\/person\/fc1e5d578f4b62ba1cf7ac2bba1170a0\"},\"description\":\"Portal de noticias del Per\u00fa sobre el transporte a\u00e9reo, aviaci\u00f3n, turismo, hoteleria, actualidad.\",\"breadcrumb\":{\"@id\":\"https:\/\/aeronoticias.com.pe\/noticiero\/transporte-aereo\/internacional\/sargento-peruano-de-la-fap-sobrevive-a-una-caida-de-1500-metros-al-no-abrirse-su-paracaidas\/#breadcrumb\"},\"inLanguage\":\"es\",\"potentialAction\":[{\"@type\":\"ReadAction\",\"target\":[\"https:\/\/aeronoticias.com.pe\/noticiero\/transporte-aereo\/internacional\/sargento-peruano-de-la-fap-sobrevive-a-una-caida-de-1500-metros-al-no-abrirse-su-paracaidas\/\"]}]},{\"@type\":\"BreadcrumbList\",\"@id\":\"https:\/\/aeronoticias.com.pe\/noticiero\/transporte-aereo\/internacional\/sargento-peruano-de-la-fap-sobrevive-a-una-caida-de-1500-metros-al-no-abrirse-su-paracaidas\/#breadcrumb\",\"itemListElement\":[{\"@type\":\"ListItem\",\"position\":1,\"name\":\"Portada\",\"item\":\"https:\/\/aeronoticias.com.pe\/noticiero\/\"},{\"@type\":\"ListItem\",\"position\":2,\"name\":\"Sargento peruano de la FAP sobrevive a una ca\u00edda de 1.500 metros al no abrirse su paraca\u00eddas\"}]},{\"@type\":\"WebSite\",\"@id\":\"https:\/\/aeronoticias.com.pe\/noticiero\/#website\",\"url\":\"https:\/\/aeronoticias.com.pe\/noticiero\/\",\"name\":\"Aeronoticias.com.pe\",\"description\":\"Noticias de tranporte aereo, turismo, hoteles, gastronomia, actualidad, internacional\",\"potentialAction\":[{\"@type\":\"SearchAction\",\"target\":{\"@type\":\"EntryPoint\",\"urlTemplate\":\"https:\/\/aeronoticias.com.pe\/noticiero\/?s={search_term_string}\"},\"query-input\":{\"@type\":\"PropertyValueSpecification\",\"valueRequired\":true,\"valueName\":\"search_term_string\"}}],\"inLanguage\":\"es\"},{\"@type\":\"Person\",\"@id\":\"https:\/\/aeronoticias.com.pe\/noticiero\/#\/schema\/person\/fc1e5d578f4b62ba1cf7ac2bba1170a0\",\"name\":\"Redacci\u00f3n Aeronoticias\",\"url\":\"https:\/\/aeronoticias.com.pe\/noticiero\/author\/piloto\/\"}]}<\/script>\n<!-- \/ Yoast SEO plugin. -->","yoast_head_json":{"title":"Sargento peruano de la FAP sobrevive a una ca\u00edda de 1.500 metros al no abrirse su paraca\u00eddas","description":"Portal de noticias del Per\u00fa sobre el transporte a\u00e9reo, aviaci\u00f3n, turismo, hoteleria, actualidad.","robots":{"index":"index","follow":"follow","max-snippet":"max-snippet:-1","max-image-preview":"max-image-preview:large","max-video-preview":"max-video-preview:-1"},"canonical":"https:\/\/aeronoticias.com.pe\/noticiero\/transporte-aereo\/internacional\/sargento-peruano-de-la-fap-sobrevive-a-una-caida-de-1500-metros-al-no-abrirse-su-paracaidas\/","og_locale":"es_ES","og_type":"article","og_title":"Sargento peruano de la FAP sobrevive a una ca\u00edda de 1.500 metros al no abrirse su paraca\u00eddas","og_description":"Portal de noticias del Per\u00fa sobre el transporte a\u00e9reo, aviaci\u00f3n, turismo, hoteleria, actualidad.","og_url":"https:\/\/aeronoticias.com.pe\/noticiero\/transporte-aereo\/internacional\/sargento-peruano-de-la-fap-sobrevive-a-una-caida-de-1500-metros-al-no-abrirse-su-paracaidas\/","og_site_name":"Aeronoticias.com.pe","article_publisher":"https:\/\/www.facebook.com\/Aeronoticias.com.pe\/","article_published_time":"2014-05-08T15:07:50+00:00","author":"Redacci\u00f3n Aeronoticias","twitter_card":"summary_large_image","twitter_creator":"@aeronoticias","twitter_site":"@aeronoticias","twitter_misc":{"Escrito por":"Redacci\u00f3n Aeronoticias","Tiempo de lectura":"1 minuto"},"schema":{"@context":"https:\/\/schema.org","@graph":[{"@type":"WebPage","@id":"https:\/\/aeronoticias.com.pe\/noticiero\/transporte-aereo\/internacional\/sargento-peruano-de-la-fap-sobrevive-a-una-caida-de-1500-metros-al-no-abrirse-su-paracaidas\/","url":"https:\/\/aeronoticias.com.pe\/noticiero\/transporte-aereo\/internacional\/sargento-peruano-de-la-fap-sobrevive-a-una-caida-de-1500-metros-al-no-abrirse-su-paracaidas\/","name":"Sargento peruano de la FAP sobrevive a una ca\u00edda de 1.500 metros al no abrirse su paraca\u00eddas","isPartOf":{"@id":"https:\/\/aeronoticias.com.pe\/noticiero\/#website"},"datePublished":"2014-05-08T15:07:50+00:00","author":{"@id":"https:\/\/aeronoticias.com.pe\/noticiero\/#\/schema\/person\/fc1e5d578f4b62ba1cf7ac2bba1170a0"},"description":"Portal de noticias del Per\u00fa sobre el transporte a\u00e9reo, aviaci\u00f3n, turismo, hoteleria, actualidad.","breadcrumb":{"@id":"https:\/\/aeronoticias.com.pe\/noticiero\/transporte-aereo\/internacional\/sargento-peruano-de-la-fap-sobrevive-a-una-caida-de-1500-metros-al-no-abrirse-su-paracaidas\/#breadcrumb"},"inLanguage":"es","potentialAction":[{"@type":"ReadAction","target":["https:\/\/aeronoticias.com.pe\/noticiero\/transporte-aereo\/internacional\/sargento-peruano-de-la-fap-sobrevive-a-una-caida-de-1500-metros-al-no-abrirse-su-paracaidas\/"]}]},{"@type":"BreadcrumbList","@id":"https:\/\/aeronoticias.com.pe\/noticiero\/transporte-aereo\/internacional\/sargento-peruano-de-la-fap-sobrevive-a-una-caida-de-1500-metros-al-no-abrirse-su-paracaidas\/#breadcrumb","itemListElement":[{"@type":"ListItem","position":1,"name":"Portada","item":"https:\/\/aeronoticias.com.pe\/noticiero\/"},{"@type":"ListItem","position":2,"name":"Sargento peruano de la FAP sobrevive a una ca\u00edda de 1.500 metros al no abrirse su paraca\u00eddas"}]},{"@type":"WebSite","@id":"https:\/\/aeronoticias.com.pe\/noticiero\/#website","url":"https:\/\/aeronoticias.com.pe\/noticiero\/","name":"Aeronoticias.com.pe","description":"Noticias de tranporte aereo, turismo, hoteles, gastronomia, actualidad, internacional","potentialAction":[{"@type":"SearchAction","target":{"@type":"EntryPoint","urlTemplate":"https:\/\/aeronoticias.com.pe\/noticiero\/?s={search_term_string}"},"query-input":{"@type":"PropertyValueSpecification","valueRequired":true,"valueName":"search_term_string"}}],"inLanguage":"es"},{"@type":"Person","@id":"https:\/\/aeronoticias.com.pe\/noticiero\/#\/schema\/person\/fc1e5d578f4b62ba1cf7ac2bba1170a0","name":"Redacci\u00f3n Aeronoticias","url":"https:\/\/aeronoticias.com.pe\/noticiero\/author\/piloto\/"}]}},"_links":{"self":[{"href":"https:\/\/aeronoticias.com.pe\/noticiero\/wp-json\/wp\/v2\/posts\/45650","targetHints":{"allow":["GET"]}}],"collection":[{"href":"https:\/\/aeronoticias.com.pe\/noticiero\/wp-json\/wp\/v2\/posts"}],"about":[{"href":"https:\/\/aeronoticias.com.pe\/noticiero\/wp-json\/wp\/v2\/types\/post"}],"author":[{"embeddable":true,"href":"https:\/\/aeronoticias.com.pe\/noticiero\/wp-json\/wp\/v2\/users\/1"}],"replies":[{"embeddable":true,"href":"https:\/\/aeronoticias.com.pe\/noticiero\/wp-json\/wp\/v2\/comments?post=45650"}],"version-history":[{"count":0,"href":"https:\/\/aeronoticias.com.pe\/noticiero\/wp-json\/wp\/v2\/posts\/45650\/revisions"}],"wp:attachment":[{"href":"https:\/\/aeronoticias.com.pe\/noticiero\/wp-json\/wp\/v2\/media?parent=45650"}],"wp:term":[{"taxonomy":"category","embeddable":true,"href":"https:\/\/aeronoticias.com.pe\/noticiero\/wp-json\/wp\/v2\/categories?post=45650"},{"taxonomy":"post_tag","embeddable":true,"href":"https:\/\/aeronoticias.com.pe\/noticiero\/wp-json\/wp\/v2\/tags?post=45650"}],"curies":[{"name":"wp","href":"https:\/\/api.w.org\/{rel}","templated":true}]}}