{"id":45652,"date":"2014-05-08T16:25:19","date_gmt":"2014-05-08T16:25:19","guid":{"rendered":"http:\/\/desarrollo.mcvicious.com\/aero2020\/2014\/05\/08\/proponen-nueve-candidatos-para-el-tribunal-constitucional\/"},"modified":"2014-05-08T16:25:19","modified_gmt":"2014-05-08T16:25:19","slug":"proponen-nueve-candidatos-para-el-tribunal-constitucional","status":"publish","type":"post","link":"https:\/\/aeronoticias.com.pe\/noticiero\/politica\/proponen-nueve-candidatos-para-el-tribunal-constitucional\/","title":{"rendered":"Proponen nueve candidatos para el Tribunal Constitucional"},"content":{"rendered":"<p style=\"text-align: justify;\"><img decoding=\"async\" src=\"images\/stories\/14\/05\/080514\/a3.jpg\" border=\"0\" \/><\/p>\n<p style=\"text-align: justify;\"><strong>(Aeronoticias).-<\/strong> <em>Comisi\u00f3n especial acord\u00f3 que seleccionados ser\u00e1n votados uno por uno y en orden alfab\u00e9tico. Gana Per\u00fa retir\u00f3 propuesta de Francisco Eguiguren. Elecci\u00f3n ser\u00eda el 16 de mayo.<\/em><\/p>\n<p style=\"text-align: justify;\">Despu\u00e9s de tres a\u00f1os, y en medio de una pugna entre el Consejo Nacional de la Magistratura (CNM) y el Tribunal Constitucional (TC), el Congreso finalmente lleg\u00f3 a un consenso sobre los candidatos que ser\u00e1n sometidos a consideraci\u00f3n del Pleno para reemplazar a los cinco magistrados con mandato extempor\u00e1neo en el TC y para ocupar la plaza vacante de Ricardo Beaumont.<\/p>\n<p style=\"text-align: justify;\">Carlos Augusto Ramos N\u00fa\u00f1ez, Eloy Andr\u00e9s Espinoza Salda\u00f1a, Ernesto Blume Fortini, Nelly Calder\u00f3n Navarro, Manuel Miranda Canales, Joseph Campos, Marianella Ledesma Narv\u00e1ez, Carlos Hakansson Nieto y Jos\u00e9 Luis Sard\u00f3n integran la n\u00f3mina aprobada por la comisi\u00f3n especial del Congreso encargada de seleccionar a los postulantes al TC y Defensor del Pueblo, sobre esta \u00faltima plaza no hubo anuncio oficial.<\/p>\n<p style=\"text-align: justify;\">Al t\u00e9rmino del c\u00f3nclave de la comisi\u00f3n especial, el presidente del Parlamento, Fredy Ot\u00e1rola, inform\u00f3 que la votaci\u00f3n de los candidatos, quienes requieren de 87 votos para ser elegidos, se realizar\u00e1 de manera individual y en orden alf\u00e1b\u00e9tico. No descart\u00f3 convocar a un pleno extraordinario, que ser\u00eda el viernes 16, para elegir a los magistrados.<\/p>\n<p style=\"text-align: justify;\">Ot\u00e1rola inform\u00f3 que Gana Per\u00fa retir\u00f3 la propuesta de Francisco Eguiguren, a pedido del propio constitucionalista.<\/p>\n<p style=\"text-align: justify;\">La lista de postulantes se publicar\u00e1 hoy en el diario oficial El Peruano y hay 7 d\u00edas de plazo para presentar tachas o impugnaciones. As\u00ed, es posible que la n\u00f3mina se reduzca.<\/p>\n<p style=\"text-align: justify;\">Por lo pronto, la postulanc\u00ed\u00f3n de Ledesma Narv\u00e1ez no est\u00e1 segura ya que es jueza supernumeraria y el Art. 201 de la Constituci\u00f3n establece que no pueden ser elegidos magistrados del TC los jueces o fiscales que no han dejado el cargo con un a\u00f1o de anticipaci\u00f3n.<\/p>\n<p style=\"text-align: justify;\">Ramos N\u00fa\u00f1ez, historiador y jurista, estuvo a punto de ser elegido el 2010. Fue propuesto por varias bancadas. En tanto, Espinoza Salda\u00f1a es un reconocido profesor universitario y cuestion\u00f3 al TC en el caso entre la PUCP y el arzobispado. Blume Fortini, propuesto por el PPC-APP, es abogado de varias municipalidades, entre ellas la de SJL. Varios de los casos que ha patrocinado podr\u00edan llegar al TC.<\/p>\n<p style=\"text-align: justify;\">Calder\u00f3n Navarro, ex fiscal de la Naci\u00f3n durante el gobierno de Alejandro Toledo, fue propuesta por Per\u00fa Posible. Miranda Canales integr\u00f3 el CNM y ha sido vocal supremo.<\/p>\n<p style=\"text-align: justify;\">Sard\u00f3n y Hakansson fueron propuestos por Fuerza Popular. El primero se ha pronunciado a favor del indulto a Fujimori y el segundo fue decano de la facultad de Derecho de la Universidad de Piura y es miembro del Opus Dei.<\/p>\n<p style=\"text-align: justify;\"><span style=\"text-decoration: underline;\">EL NO DEL APRA<\/span><\/p>\n<p style=\"text-align: justify;\">En la sesi\u00f3n reservada, el oficialismo retir\u00f3 la candidatura de Eguiguren y renunci\u00f3 a la votaci\u00f3n en bloque con el fin de alcanzar el consenso. Pero esto no fue suficiente para el Apra, cuyo vocero Javier Vel\u00e1squez se opuso a todo e incluso ni siquiera propuso formalmente a Domingo Garc\u00eda Belaunde.<\/p>\n<p style=\"text-align: justify;\">Trascendi\u00f3 que esta vez Vel\u00e1squez se qued\u00f3 solo, pues H\u00e9ctor Becerril (FP) respald\u00f3 el acuerdo, e incluso lanz\u00f3 el nombre de Hakansson.<\/p>\n<p style=\"text-align: justify;\">En el Pleno, los votos del fujimorismo y nacionalismo ser\u00e1n claves para alcanzar una votaci\u00f3n calificada y nombrar, despu\u00e9s de varios a\u00f1os, a nuevos magistrados en el TC.<\/p>\n<p style=\"text-align: justify;\"><span style=\"text-decoration: underline;\">HAY ACUSACI\u00d3N CONSTITUCIONAL<\/span><\/p>\n<p style=\"text-align: justify;\">El CNM present\u00f3 ayer ante el Congreso de la Rep\u00fablica una acusaci\u00f3n constitucional contra los tres miembros del TC que suscribieron la resoluci\u00f3n que nombra fiscal supremo a Mateo Casta\u00f1eda Segovia y anula los nombramientos de las magistradas Zoraida \u00c1valos Rivera y Nora Miraval Gambini. El documento est\u00e1 dirigido a la Subcomisi\u00f3n de Acusaciones Constitucionales.<\/p>\n<p style=\"text-align: justify;\">Adem\u00e1s, en la Comisi\u00f3n de Constituci\u00f3n se aprob\u00f3 por unanimidad invitar a un representante del TC y a otro del CNM a ra\u00edz del enfrentamiento interinstitucional, inform\u00f3 Rosa Mavila.<\/p>\n<p style=\"text-align: justify;\">\u00a0<\/p>\n<p style=\"text-align: justify;\">Fuente:<strong><em>LaRep\u00fablica<\/em><\/strong><\/p>\n<p style=\"text-align: justify;\">Foto:<strong><em>LaRep\u00fablica<\/em><\/strong><\/p>\n<p>{jathumbnail off images=\u00bbimages\/stories\/14\/05\/080514\/a3.jpg\u00bb}<\/p>\n","protected":false},"excerpt":{"rendered":"<p>(Aeronoticias).- Comisi\u00f3n especial acord\u00f3 que seleccionados ser\u00e1n votados uno por uno y en orden alfab\u00e9tico. Gana Per\u00fa retir\u00f3 propuesta de Francisco Eguiguren. Elecci\u00f3n ser\u00eda el 16 de mayo. Despu\u00e9s de tres a\u00f1os, y en medio de una pugna entre el Consejo Nacional de la Magistratura (CNM) y el Tribunal Constitucional (TC), el Congreso finalmente lleg\u00f3 [&hellip;]<\/p>\n","protected":false},"author":1,"featured_media":0,"comment_status":"open","ping_status":"open","sticky":false,"template":"","format":"standard","meta":{"tdm_status":"","tdm_grid_status":"","footnotes":""},"categories":[36],"tags":[],"class_list":{"0":"post-45652","1":"post","2":"type-post","3":"status-publish","4":"format-standard","6":"category-politica"},"yoast_head":"<!-- This site is optimized with the Yoast SEO plugin v25.1 - https:\/\/yoast.com\/wordpress\/plugins\/seo\/ -->\n<title>Proponen nueve candidatos para el Tribunal Constitucional<\/title>\n<meta name=\"description\" content=\"Portal de noticias del Per\u00fa sobre el transporte a\u00e9reo, aviaci\u00f3n, turismo, hoteleria, actualidad.\" \/>\n<meta name=\"robots\" content=\"index, follow, max-snippet:-1, max-image-preview:large, max-video-preview:-1\" \/>\n<link rel=\"canonical\" href=\"https:\/\/aeronoticias.com.pe\/noticiero\/politica\/proponen-nueve-candidatos-para-el-tribunal-constitucional\/\" \/>\n<meta property=\"og:locale\" content=\"es_ES\" \/>\n<meta property=\"og:type\" content=\"article\" \/>\n<meta property=\"og:title\" content=\"Proponen nueve candidatos para el Tribunal Constitucional\" \/>\n<meta property=\"og:description\" content=\"Portal de noticias del Per\u00fa sobre el transporte a\u00e9reo, aviaci\u00f3n, turismo, hoteleria, actualidad.\" \/>\n<meta property=\"og:url\" content=\"https:\/\/aeronoticias.com.pe\/noticiero\/politica\/proponen-nueve-candidatos-para-el-tribunal-constitucional\/\" \/>\n<meta property=\"og:site_name\" content=\"Aeronoticias.com.pe\" \/>\n<meta property=\"article:publisher\" content=\"https:\/\/www.facebook.com\/Aeronoticias.com.pe\/\" \/>\n<meta property=\"article:published_time\" content=\"2014-05-08T16:25:19+00:00\" \/>\n<meta name=\"author\" content=\"Redacci\u00f3n Aeronoticias\" \/>\n<meta name=\"twitter:card\" content=\"summary_large_image\" \/>\n<meta name=\"twitter:creator\" content=\"@aeronoticias\" \/>\n<meta name=\"twitter:site\" content=\"@aeronoticias\" \/>\n<meta name=\"twitter:label1\" content=\"Escrito por\" \/>\n\t<meta name=\"twitter:data1\" content=\"Redacci\u00f3n Aeronoticias\" \/>\n\t<meta name=\"twitter:label2\" content=\"Tiempo de lectura\" \/>\n\t<meta name=\"twitter:data2\" content=\"3 minutos\" \/>\n<script type=\"application\/ld+json\" class=\"yoast-schema-graph\">{\"@context\":\"https:\/\/schema.org\",\"@graph\":[{\"@type\":\"WebPage\",\"@id\":\"https:\/\/aeronoticias.com.pe\/noticiero\/politica\/proponen-nueve-candidatos-para-el-tribunal-constitucional\/\",\"url\":\"https:\/\/aeronoticias.com.pe\/noticiero\/politica\/proponen-nueve-candidatos-para-el-tribunal-constitucional\/\",\"name\":\"Proponen nueve candidatos para el Tribunal Constitucional\",\"isPartOf\":{\"@id\":\"https:\/\/aeronoticias.com.pe\/noticiero\/#website\"},\"datePublished\":\"2014-05-08T16:25:19+00:00\",\"author\":{\"@id\":\"https:\/\/aeronoticias.com.pe\/noticiero\/#\/schema\/person\/fc1e5d578f4b62ba1cf7ac2bba1170a0\"},\"description\":\"Portal de noticias del Per\u00fa sobre el transporte a\u00e9reo, aviaci\u00f3n, turismo, hoteleria, actualidad.\",\"breadcrumb\":{\"@id\":\"https:\/\/aeronoticias.com.pe\/noticiero\/politica\/proponen-nueve-candidatos-para-el-tribunal-constitucional\/#breadcrumb\"},\"inLanguage\":\"es\",\"potentialAction\":[{\"@type\":\"ReadAction\",\"target\":[\"https:\/\/aeronoticias.com.pe\/noticiero\/politica\/proponen-nueve-candidatos-para-el-tribunal-constitucional\/\"]}]},{\"@type\":\"BreadcrumbList\",\"@id\":\"https:\/\/aeronoticias.com.pe\/noticiero\/politica\/proponen-nueve-candidatos-para-el-tribunal-constitucional\/#breadcrumb\",\"itemListElement\":[{\"@type\":\"ListItem\",\"position\":1,\"name\":\"Portada\",\"item\":\"https:\/\/aeronoticias.com.pe\/noticiero\/\"},{\"@type\":\"ListItem\",\"position\":2,\"name\":\"Proponen nueve candidatos para el Tribunal Constitucional\"}]},{\"@type\":\"WebSite\",\"@id\":\"https:\/\/aeronoticias.com.pe\/noticiero\/#website\",\"url\":\"https:\/\/aeronoticias.com.pe\/noticiero\/\",\"name\":\"Aeronoticias.com.pe\",\"description\":\"Noticias de tranporte aereo, turismo, hoteles, gastronomia, actualidad, internacional\",\"potentialAction\":[{\"@type\":\"SearchAction\",\"target\":{\"@type\":\"EntryPoint\",\"urlTemplate\":\"https:\/\/aeronoticias.com.pe\/noticiero\/?s={search_term_string}\"},\"query-input\":{\"@type\":\"PropertyValueSpecification\",\"valueRequired\":true,\"valueName\":\"search_term_string\"}}],\"inLanguage\":\"es\"},{\"@type\":\"Person\",\"@id\":\"https:\/\/aeronoticias.com.pe\/noticiero\/#\/schema\/person\/fc1e5d578f4b62ba1cf7ac2bba1170a0\",\"name\":\"Redacci\u00f3n Aeronoticias\",\"url\":\"https:\/\/aeronoticias.com.pe\/noticiero\/author\/piloto\/\"}]}<\/script>\n<!-- \/ Yoast SEO plugin. -->","yoast_head_json":{"title":"Proponen nueve candidatos para el Tribunal Constitucional","description":"Portal de noticias del Per\u00fa sobre el transporte a\u00e9reo, aviaci\u00f3n, turismo, hoteleria, actualidad.","robots":{"index":"index","follow":"follow","max-snippet":"max-snippet:-1","max-image-preview":"max-image-preview:large","max-video-preview":"max-video-preview:-1"},"canonical":"https:\/\/aeronoticias.com.pe\/noticiero\/politica\/proponen-nueve-candidatos-para-el-tribunal-constitucional\/","og_locale":"es_ES","og_type":"article","og_title":"Proponen nueve candidatos para el Tribunal Constitucional","og_description":"Portal de noticias del Per\u00fa sobre el transporte a\u00e9reo, aviaci\u00f3n, turismo, hoteleria, actualidad.","og_url":"https:\/\/aeronoticias.com.pe\/noticiero\/politica\/proponen-nueve-candidatos-para-el-tribunal-constitucional\/","og_site_name":"Aeronoticias.com.pe","article_publisher":"https:\/\/www.facebook.com\/Aeronoticias.com.pe\/","article_published_time":"2014-05-08T16:25:19+00:00","author":"Redacci\u00f3n Aeronoticias","twitter_card":"summary_large_image","twitter_creator":"@aeronoticias","twitter_site":"@aeronoticias","twitter_misc":{"Escrito por":"Redacci\u00f3n Aeronoticias","Tiempo de lectura":"3 minutos"},"schema":{"@context":"https:\/\/schema.org","@graph":[{"@type":"WebPage","@id":"https:\/\/aeronoticias.com.pe\/noticiero\/politica\/proponen-nueve-candidatos-para-el-tribunal-constitucional\/","url":"https:\/\/aeronoticias.com.pe\/noticiero\/politica\/proponen-nueve-candidatos-para-el-tribunal-constitucional\/","name":"Proponen nueve candidatos para el Tribunal Constitucional","isPartOf":{"@id":"https:\/\/aeronoticias.com.pe\/noticiero\/#website"},"datePublished":"2014-05-08T16:25:19+00:00","author":{"@id":"https:\/\/aeronoticias.com.pe\/noticiero\/#\/schema\/person\/fc1e5d578f4b62ba1cf7ac2bba1170a0"},"description":"Portal de noticias del Per\u00fa sobre el transporte a\u00e9reo, aviaci\u00f3n, turismo, hoteleria, actualidad.","breadcrumb":{"@id":"https:\/\/aeronoticias.com.pe\/noticiero\/politica\/proponen-nueve-candidatos-para-el-tribunal-constitucional\/#breadcrumb"},"inLanguage":"es","potentialAction":[{"@type":"ReadAction","target":["https:\/\/aeronoticias.com.pe\/noticiero\/politica\/proponen-nueve-candidatos-para-el-tribunal-constitucional\/"]}]},{"@type":"BreadcrumbList","@id":"https:\/\/aeronoticias.com.pe\/noticiero\/politica\/proponen-nueve-candidatos-para-el-tribunal-constitucional\/#breadcrumb","itemListElement":[{"@type":"ListItem","position":1,"name":"Portada","item":"https:\/\/aeronoticias.com.pe\/noticiero\/"},{"@type":"ListItem","position":2,"name":"Proponen nueve candidatos para el Tribunal Constitucional"}]},{"@type":"WebSite","@id":"https:\/\/aeronoticias.com.pe\/noticiero\/#website","url":"https:\/\/aeronoticias.com.pe\/noticiero\/","name":"Aeronoticias.com.pe","description":"Noticias de tranporte aereo, turismo, hoteles, gastronomia, actualidad, internacional","potentialAction":[{"@type":"SearchAction","target":{"@type":"EntryPoint","urlTemplate":"https:\/\/aeronoticias.com.pe\/noticiero\/?s={search_term_string}"},"query-input":{"@type":"PropertyValueSpecification","valueRequired":true,"valueName":"search_term_string"}}],"inLanguage":"es"},{"@type":"Person","@id":"https:\/\/aeronoticias.com.pe\/noticiero\/#\/schema\/person\/fc1e5d578f4b62ba1cf7ac2bba1170a0","name":"Redacci\u00f3n Aeronoticias","url":"https:\/\/aeronoticias.com.pe\/noticiero\/author\/piloto\/"}]}},"_links":{"self":[{"href":"https:\/\/aeronoticias.com.pe\/noticiero\/wp-json\/wp\/v2\/posts\/45652","targetHints":{"allow":["GET"]}}],"collection":[{"href":"https:\/\/aeronoticias.com.pe\/noticiero\/wp-json\/wp\/v2\/posts"}],"about":[{"href":"https:\/\/aeronoticias.com.pe\/noticiero\/wp-json\/wp\/v2\/types\/post"}],"author":[{"embeddable":true,"href":"https:\/\/aeronoticias.com.pe\/noticiero\/wp-json\/wp\/v2\/users\/1"}],"replies":[{"embeddable":true,"href":"https:\/\/aeronoticias.com.pe\/noticiero\/wp-json\/wp\/v2\/comments?post=45652"}],"version-history":[{"count":0,"href":"https:\/\/aeronoticias.com.pe\/noticiero\/wp-json\/wp\/v2\/posts\/45652\/revisions"}],"wp:attachment":[{"href":"https:\/\/aeronoticias.com.pe\/noticiero\/wp-json\/wp\/v2\/media?parent=45652"}],"wp:term":[{"taxonomy":"category","embeddable":true,"href":"https:\/\/aeronoticias.com.pe\/noticiero\/wp-json\/wp\/v2\/categories?post=45652"},{"taxonomy":"post_tag","embeddable":true,"href":"https:\/\/aeronoticias.com.pe\/noticiero\/wp-json\/wp\/v2\/tags?post=45652"}],"curies":[{"name":"wp","href":"https:\/\/api.w.org\/{rel}","templated":true}]}}