{"id":45653,"date":"2014-05-08T16:54:49","date_gmt":"2014-05-08T16:54:49","guid":{"rendered":"http:\/\/desarrollo.mcvicious.com\/aero2020\/2014\/05\/08\/la-adolescente-mas-alta-del-planeta-se-casara-con-su-novio-40-cm-mas-bajo\/"},"modified":"2014-05-08T16:54:49","modified_gmt":"2014-05-08T16:54:49","slug":"la-adolescente-mas-alta-del-planeta-se-casara-con-su-novio-40-cm-mas-bajo","status":"publish","type":"post","link":"https:\/\/aeronoticias.com.pe\/noticiero\/mundo\/mundo-mundo-2\/la-adolescente-mas-alta-del-planeta-se-casara-con-su-novio-40-cm-mas-bajo\/","title":{"rendered":"La adolescente m\u00e1s alta del planeta se casar\u00e1 con su novio 40 cm m\u00e1s bajo"},"content":{"rendered":"<p style=\"text-align: justify;\"><strong><img decoding=\"async\" src=\"images\/stories\/14\/05\/080514\/a4.jpg\" border=\"0\" \/><br \/><\/strong><\/p>\n<p style=\"text-align: justify;\"><strong>(Aeronoticias).-<\/strong><em> La brasile\u00f1a Elisany da Cruz Silva, la adolescente m\u00e1s alta del mundo, planea casarse con su novio, casi medio metro m\u00e1s bajo que ella.<\/em><\/p>\n<p style=\"text-align: justify;\">Elisany, nacida en 1995 y de m\u00e1s de 2 metros de altura, lleva unos tres a\u00f1os con su novio, Francinaldo da Silva Carvalho, que mide unos 40 cent\u00edmetros menos.<\/p>\n<p style=\"text-align: justify;\">\u00abLe dije muchas veces que no me proponga matrimonio porque contestar\u00eda que no\u00bb, cuenta Elisany, que trabaja como modelo. Sin embargo, acept\u00f3 cuando \u00e9l se arrodill\u00f3 ante ella durante un paseo por la playa y le regal\u00f3 un anillo. \u00abEstaba tan nerviosa al verlo\u00bb, cuenta la joven, que dice que lo que m\u00e1s le gusta de su prometido es c\u00f3mo la trata a ella y a la gente en general.<\/p>\n<p style=\"text-align: justify;\">Su novio no tiene ning\u00fan problema por tener una novia m\u00e1s alta que \u00e9l. \u00abLa vi desde lejos (\u2026) y pens\u00e9: &#8216;Necesito estar con esta chica'\u00bb, cuenta Francinaldo.<\/p>\n<p style=\"text-align: justify;\">La boda no se celebrar\u00e1 pronto pese a que Elisany ya tiene el vestido preparado, ya que la pareja necesita ahorrar dinero para la ceremonia. Pero Elisany tiene muchas ganas de ser madre cuanto antes, aunque tiene 18 a\u00f1os: tiene miedo de que el tumor de hip\u00f3fisis que tuvo y que fue la raz\u00f3n de su gigantismo pueda afectar a su fertilidad.<\/p>\n<p style=\"text-align: justify;\">\u00a0<\/p>\n<p style=\"text-align: justify;\">\u00a0<\/p>\n<p style=\"text-align: justify;\">Fuente:<em><strong>LaRep\u00fablica<\/strong><\/em><\/p>\n<p style=\"text-align: justify;\">Foto:<strong><em>LaRep\u00fablica<\/em><\/strong><\/p>\n","protected":false},"excerpt":{"rendered":"<p>(Aeronoticias).- La brasile\u00f1a Elisany da Cruz Silva, la adolescente m\u00e1s alta del mundo, planea casarse con su novio, casi medio metro m\u00e1s bajo que ella. Elisany, nacida en 1995 y de m\u00e1s de 2 metros de altura, lleva unos tres a\u00f1os con su novio, Francinaldo da Silva Carvalho, que mide unos 40 cent\u00edmetros menos. \u00abLe [&hellip;]<\/p>\n","protected":false},"author":1,"featured_media":0,"comment_status":"open","ping_status":"open","sticky":false,"template":"","format":"standard","meta":{"tdm_status":"","tdm_grid_status":"","footnotes":""},"categories":[65],"tags":[],"class_list":{"0":"post-45653","1":"post","2":"type-post","3":"status-publish","4":"format-standard","6":"category-mundo-mundo-2"},"yoast_head":"<!-- This site is optimized with the Yoast SEO plugin v25.1 - https:\/\/yoast.com\/wordpress\/plugins\/seo\/ -->\n<title>La adolescente m\u00e1s alta del planeta se casar\u00e1 con su novio 40 cm m\u00e1s bajo<\/title>\n<meta name=\"description\" content=\"Portal de noticias del Per\u00fa sobre el transporte a\u00e9reo, aviaci\u00f3n, turismo, hoteleria, actualidad.\" \/>\n<meta name=\"robots\" content=\"index, follow, max-snippet:-1, max-image-preview:large, max-video-preview:-1\" \/>\n<link rel=\"canonical\" href=\"https:\/\/aeronoticias.com.pe\/noticiero\/mundo\/mundo-mundo-2\/la-adolescente-mas-alta-del-planeta-se-casara-con-su-novio-40-cm-mas-bajo\/\" \/>\n<meta property=\"og:locale\" content=\"es_ES\" \/>\n<meta property=\"og:type\" content=\"article\" \/>\n<meta property=\"og:title\" content=\"La adolescente m\u00e1s alta del planeta se casar\u00e1 con su novio 40 cm m\u00e1s bajo\" \/>\n<meta property=\"og:description\" content=\"Portal de noticias del Per\u00fa sobre el transporte a\u00e9reo, aviaci\u00f3n, turismo, hoteleria, actualidad.\" \/>\n<meta property=\"og:url\" content=\"https:\/\/aeronoticias.com.pe\/noticiero\/mundo\/mundo-mundo-2\/la-adolescente-mas-alta-del-planeta-se-casara-con-su-novio-40-cm-mas-bajo\/\" \/>\n<meta property=\"og:site_name\" content=\"Aeronoticias.com.pe\" \/>\n<meta property=\"article:publisher\" content=\"https:\/\/www.facebook.com\/Aeronoticias.com.pe\/\" \/>\n<meta property=\"article:published_time\" content=\"2014-05-08T16:54:49+00:00\" \/>\n<meta name=\"author\" content=\"Redacci\u00f3n Aeronoticias\" \/>\n<meta name=\"twitter:card\" content=\"summary_large_image\" \/>\n<meta name=\"twitter:creator\" content=\"@aeronoticias\" \/>\n<meta name=\"twitter:site\" content=\"@aeronoticias\" \/>\n<meta name=\"twitter:label1\" content=\"Escrito por\" \/>\n\t<meta name=\"twitter:data1\" content=\"Redacci\u00f3n Aeronoticias\" \/>\n\t<meta name=\"twitter:label2\" content=\"Tiempo de lectura\" \/>\n\t<meta name=\"twitter:data2\" content=\"1 minuto\" \/>\n<script type=\"application\/ld+json\" class=\"yoast-schema-graph\">{\"@context\":\"https:\/\/schema.org\",\"@graph\":[{\"@type\":\"WebPage\",\"@id\":\"https:\/\/aeronoticias.com.pe\/noticiero\/mundo\/mundo-mundo-2\/la-adolescente-mas-alta-del-planeta-se-casara-con-su-novio-40-cm-mas-bajo\/\",\"url\":\"https:\/\/aeronoticias.com.pe\/noticiero\/mundo\/mundo-mundo-2\/la-adolescente-mas-alta-del-planeta-se-casara-con-su-novio-40-cm-mas-bajo\/\",\"name\":\"La adolescente m\u00e1s alta del planeta se casar\u00e1 con su novio 40 cm m\u00e1s bajo\",\"isPartOf\":{\"@id\":\"https:\/\/aeronoticias.com.pe\/noticiero\/#website\"},\"datePublished\":\"2014-05-08T16:54:49+00:00\",\"author\":{\"@id\":\"https:\/\/aeronoticias.com.pe\/noticiero\/#\/schema\/person\/fc1e5d578f4b62ba1cf7ac2bba1170a0\"},\"description\":\"Portal de noticias del Per\u00fa sobre el transporte a\u00e9reo, aviaci\u00f3n, turismo, hoteleria, actualidad.\",\"breadcrumb\":{\"@id\":\"https:\/\/aeronoticias.com.pe\/noticiero\/mundo\/mundo-mundo-2\/la-adolescente-mas-alta-del-planeta-se-casara-con-su-novio-40-cm-mas-bajo\/#breadcrumb\"},\"inLanguage\":\"es\",\"potentialAction\":[{\"@type\":\"ReadAction\",\"target\":[\"https:\/\/aeronoticias.com.pe\/noticiero\/mundo\/mundo-mundo-2\/la-adolescente-mas-alta-del-planeta-se-casara-con-su-novio-40-cm-mas-bajo\/\"]}]},{\"@type\":\"BreadcrumbList\",\"@id\":\"https:\/\/aeronoticias.com.pe\/noticiero\/mundo\/mundo-mundo-2\/la-adolescente-mas-alta-del-planeta-se-casara-con-su-novio-40-cm-mas-bajo\/#breadcrumb\",\"itemListElement\":[{\"@type\":\"ListItem\",\"position\":1,\"name\":\"Portada\",\"item\":\"https:\/\/aeronoticias.com.pe\/noticiero\/\"},{\"@type\":\"ListItem\",\"position\":2,\"name\":\"La adolescente m\u00e1s alta del planeta se casar\u00e1 con su novio 40 cm m\u00e1s bajo\"}]},{\"@type\":\"WebSite\",\"@id\":\"https:\/\/aeronoticias.com.pe\/noticiero\/#website\",\"url\":\"https:\/\/aeronoticias.com.pe\/noticiero\/\",\"name\":\"Aeronoticias.com.pe\",\"description\":\"Noticias de tranporte aereo, turismo, hoteles, gastronomia, actualidad, internacional\",\"potentialAction\":[{\"@type\":\"SearchAction\",\"target\":{\"@type\":\"EntryPoint\",\"urlTemplate\":\"https:\/\/aeronoticias.com.pe\/noticiero\/?s={search_term_string}\"},\"query-input\":{\"@type\":\"PropertyValueSpecification\",\"valueRequired\":true,\"valueName\":\"search_term_string\"}}],\"inLanguage\":\"es\"},{\"@type\":\"Person\",\"@id\":\"https:\/\/aeronoticias.com.pe\/noticiero\/#\/schema\/person\/fc1e5d578f4b62ba1cf7ac2bba1170a0\",\"name\":\"Redacci\u00f3n Aeronoticias\",\"url\":\"https:\/\/aeronoticias.com.pe\/noticiero\/author\/piloto\/\"}]}<\/script>\n<!-- \/ Yoast SEO plugin. -->","yoast_head_json":{"title":"La adolescente m\u00e1s alta del planeta se casar\u00e1 con su novio 40 cm m\u00e1s bajo","description":"Portal de noticias del Per\u00fa sobre el transporte a\u00e9reo, aviaci\u00f3n, turismo, hoteleria, actualidad.","robots":{"index":"index","follow":"follow","max-snippet":"max-snippet:-1","max-image-preview":"max-image-preview:large","max-video-preview":"max-video-preview:-1"},"canonical":"https:\/\/aeronoticias.com.pe\/noticiero\/mundo\/mundo-mundo-2\/la-adolescente-mas-alta-del-planeta-se-casara-con-su-novio-40-cm-mas-bajo\/","og_locale":"es_ES","og_type":"article","og_title":"La adolescente m\u00e1s alta del planeta se casar\u00e1 con su novio 40 cm m\u00e1s bajo","og_description":"Portal de noticias del Per\u00fa sobre el transporte a\u00e9reo, aviaci\u00f3n, turismo, hoteleria, actualidad.","og_url":"https:\/\/aeronoticias.com.pe\/noticiero\/mundo\/mundo-mundo-2\/la-adolescente-mas-alta-del-planeta-se-casara-con-su-novio-40-cm-mas-bajo\/","og_site_name":"Aeronoticias.com.pe","article_publisher":"https:\/\/www.facebook.com\/Aeronoticias.com.pe\/","article_published_time":"2014-05-08T16:54:49+00:00","author":"Redacci\u00f3n Aeronoticias","twitter_card":"summary_large_image","twitter_creator":"@aeronoticias","twitter_site":"@aeronoticias","twitter_misc":{"Escrito por":"Redacci\u00f3n Aeronoticias","Tiempo de lectura":"1 minuto"},"schema":{"@context":"https:\/\/schema.org","@graph":[{"@type":"WebPage","@id":"https:\/\/aeronoticias.com.pe\/noticiero\/mundo\/mundo-mundo-2\/la-adolescente-mas-alta-del-planeta-se-casara-con-su-novio-40-cm-mas-bajo\/","url":"https:\/\/aeronoticias.com.pe\/noticiero\/mundo\/mundo-mundo-2\/la-adolescente-mas-alta-del-planeta-se-casara-con-su-novio-40-cm-mas-bajo\/","name":"La adolescente m\u00e1s alta del planeta se casar\u00e1 con su novio 40 cm m\u00e1s bajo","isPartOf":{"@id":"https:\/\/aeronoticias.com.pe\/noticiero\/#website"},"datePublished":"2014-05-08T16:54:49+00:00","author":{"@id":"https:\/\/aeronoticias.com.pe\/noticiero\/#\/schema\/person\/fc1e5d578f4b62ba1cf7ac2bba1170a0"},"description":"Portal de noticias del Per\u00fa sobre el transporte a\u00e9reo, aviaci\u00f3n, turismo, hoteleria, actualidad.","breadcrumb":{"@id":"https:\/\/aeronoticias.com.pe\/noticiero\/mundo\/mundo-mundo-2\/la-adolescente-mas-alta-del-planeta-se-casara-con-su-novio-40-cm-mas-bajo\/#breadcrumb"},"inLanguage":"es","potentialAction":[{"@type":"ReadAction","target":["https:\/\/aeronoticias.com.pe\/noticiero\/mundo\/mundo-mundo-2\/la-adolescente-mas-alta-del-planeta-se-casara-con-su-novio-40-cm-mas-bajo\/"]}]},{"@type":"BreadcrumbList","@id":"https:\/\/aeronoticias.com.pe\/noticiero\/mundo\/mundo-mundo-2\/la-adolescente-mas-alta-del-planeta-se-casara-con-su-novio-40-cm-mas-bajo\/#breadcrumb","itemListElement":[{"@type":"ListItem","position":1,"name":"Portada","item":"https:\/\/aeronoticias.com.pe\/noticiero\/"},{"@type":"ListItem","position":2,"name":"La adolescente m\u00e1s alta del planeta se casar\u00e1 con su novio 40 cm m\u00e1s bajo"}]},{"@type":"WebSite","@id":"https:\/\/aeronoticias.com.pe\/noticiero\/#website","url":"https:\/\/aeronoticias.com.pe\/noticiero\/","name":"Aeronoticias.com.pe","description":"Noticias de tranporte aereo, turismo, hoteles, gastronomia, actualidad, internacional","potentialAction":[{"@type":"SearchAction","target":{"@type":"EntryPoint","urlTemplate":"https:\/\/aeronoticias.com.pe\/noticiero\/?s={search_term_string}"},"query-input":{"@type":"PropertyValueSpecification","valueRequired":true,"valueName":"search_term_string"}}],"inLanguage":"es"},{"@type":"Person","@id":"https:\/\/aeronoticias.com.pe\/noticiero\/#\/schema\/person\/fc1e5d578f4b62ba1cf7ac2bba1170a0","name":"Redacci\u00f3n Aeronoticias","url":"https:\/\/aeronoticias.com.pe\/noticiero\/author\/piloto\/"}]}},"_links":{"self":[{"href":"https:\/\/aeronoticias.com.pe\/noticiero\/wp-json\/wp\/v2\/posts\/45653","targetHints":{"allow":["GET"]}}],"collection":[{"href":"https:\/\/aeronoticias.com.pe\/noticiero\/wp-json\/wp\/v2\/posts"}],"about":[{"href":"https:\/\/aeronoticias.com.pe\/noticiero\/wp-json\/wp\/v2\/types\/post"}],"author":[{"embeddable":true,"href":"https:\/\/aeronoticias.com.pe\/noticiero\/wp-json\/wp\/v2\/users\/1"}],"replies":[{"embeddable":true,"href":"https:\/\/aeronoticias.com.pe\/noticiero\/wp-json\/wp\/v2\/comments?post=45653"}],"version-history":[{"count":0,"href":"https:\/\/aeronoticias.com.pe\/noticiero\/wp-json\/wp\/v2\/posts\/45653\/revisions"}],"wp:attachment":[{"href":"https:\/\/aeronoticias.com.pe\/noticiero\/wp-json\/wp\/v2\/media?parent=45653"}],"wp:term":[{"taxonomy":"category","embeddable":true,"href":"https:\/\/aeronoticias.com.pe\/noticiero\/wp-json\/wp\/v2\/categories?post=45653"},{"taxonomy":"post_tag","embeddable":true,"href":"https:\/\/aeronoticias.com.pe\/noticiero\/wp-json\/wp\/v2\/tags?post=45653"}],"curies":[{"name":"wp","href":"https:\/\/api.w.org\/{rel}","templated":true}]}}