{"id":45660,"date":"2014-05-08T21:50:10","date_gmt":"2014-05-08T21:50:10","guid":{"rendered":"http:\/\/desarrollo.mcvicious.com\/aero2020\/2014\/05\/08\/bolivia-proyecta-envasar-y-vender-las-aguas-de-su-rio-silala-fronterizo-con-chile\/"},"modified":"2014-05-08T21:50:10","modified_gmt":"2014-05-08T21:50:10","slug":"bolivia-proyecta-envasar-y-vender-las-aguas-de-su-rio-silala-fronterizo-con-chile","status":"publish","type":"post","link":"https:\/\/aeronoticias.com.pe\/noticiero\/internacionales\/bolivia-proyecta-envasar-y-vender-las-aguas-de-su-rio-silala-fronterizo-con-chile\/","title":{"rendered":"Bolivia proyecta envasar y vender las aguas de su r\u00edo Silala, fronterizo con Chile"},"content":{"rendered":"<p style=\"text-align: justify;\"><img decoding=\"async\" src=\"images\/stories\/14\/05\/080514\/a11.jpg\" border=\"0\" \/><\/p>\n<p style=\"text-align: justify;\"><strong>(Aeronoticias).- <\/strong>Durante m\u00e1s de 100 a\u00f1os las aguas del r\u00edo boliviano Silala fueron aprovechadas por Chile sin pagar un solo centavo. Ahora las autoridades bolivianas proyectan envasarlas y venderlas empezando por la Cumbre del 677+China que se realizar\u00e1 el pr\u00f3ximo mes en Santa Cruz.<\/p>\n<p style=\"text-align: justify;\">\u201cEstas aguas est\u00e1n en nuestro territorio y nos corresponde sacarles provecho\u201d, declar\u00f3 el gobernador \u00a0de Potos\u00ed, F\u00e9lix Gonzales, puntualizando que Chile utiliz\u00f3 arbitrariamente las aguas del Silala llegando al extremo de desviarlas en forma artificial sin consultar con Bolivia.<\/p>\n<p style=\"text-align: justify;\">Gonzales dijo tambi\u00e9n que Chile le debe al departamento de Potos\u00ed unos mil millones de d\u00f3lares por el uso del r\u00edo Silala durante un siglo y que el actual caudal de esta vertiente arroja alrededor \u00a0de 250 litros por segundo.<\/p>\n<p style=\"text-align: justify;\">\u201cChile acept\u00f3 hace cinco a\u00f1os ( en el 2009) pagar el 50 por ciento de la utilizaci\u00f3n del Silala alegando que este rio \u00a0tiene un curso internacional\u201d revel\u00f3 la autoridad boliviana.<\/p>\n<p style=\"text-align: justify;\">\u00a0<\/p>\n<p style=\"text-align: justify;\">Foto: <strong><em>Emol<\/em><\/strong><\/p>\n","protected":false},"excerpt":{"rendered":"<p>(Aeronoticias).- Durante m\u00e1s de 100 a\u00f1os las aguas del r\u00edo boliviano Silala fueron aprovechadas por Chile sin pagar un solo centavo. Ahora las autoridades bolivianas proyectan envasarlas y venderlas empezando por la Cumbre del 677+China que se realizar\u00e1 el pr\u00f3ximo mes en Santa Cruz. \u201cEstas aguas est\u00e1n en nuestro territorio y nos corresponde sacarles provecho\u201d, [&hellip;]<\/p>\n","protected":false},"author":1,"featured_media":0,"comment_status":"open","ping_status":"open","sticky":false,"template":"","format":"standard","meta":{"tdm_status":"","tdm_grid_status":"","footnotes":""},"categories":[34],"tags":[],"class_list":{"0":"post-45660","1":"post","2":"type-post","3":"status-publish","4":"format-standard","6":"category-internacionales"},"yoast_head":"<!-- This site is optimized with the Yoast SEO plugin v25.1 - https:\/\/yoast.com\/wordpress\/plugins\/seo\/ -->\n<title>Bolivia proyecta envasar y vender las aguas de su r\u00edo Silala, fronterizo con Chile<\/title>\n<meta name=\"description\" content=\"Portal de noticias del Per\u00fa sobre el transporte a\u00e9reo, aviaci\u00f3n, turismo, hoteleria, actualidad.\" \/>\n<meta name=\"robots\" content=\"index, follow, max-snippet:-1, max-image-preview:large, max-video-preview:-1\" \/>\n<link rel=\"canonical\" href=\"https:\/\/aeronoticias.com.pe\/noticiero\/internacionales\/bolivia-proyecta-envasar-y-vender-las-aguas-de-su-rio-silala-fronterizo-con-chile\/\" \/>\n<meta property=\"og:locale\" content=\"es_ES\" \/>\n<meta property=\"og:type\" content=\"article\" \/>\n<meta property=\"og:title\" content=\"Bolivia proyecta envasar y vender las aguas de su r\u00edo Silala, fronterizo con Chile\" \/>\n<meta property=\"og:description\" content=\"Portal de noticias del Per\u00fa sobre el transporte a\u00e9reo, aviaci\u00f3n, turismo, hoteleria, actualidad.\" \/>\n<meta property=\"og:url\" content=\"https:\/\/aeronoticias.com.pe\/noticiero\/internacionales\/bolivia-proyecta-envasar-y-vender-las-aguas-de-su-rio-silala-fronterizo-con-chile\/\" \/>\n<meta property=\"og:site_name\" content=\"Aeronoticias.com.pe\" \/>\n<meta property=\"article:publisher\" content=\"https:\/\/www.facebook.com\/Aeronoticias.com.pe\/\" \/>\n<meta property=\"article:published_time\" content=\"2014-05-08T21:50:10+00:00\" \/>\n<meta name=\"author\" content=\"Redacci\u00f3n Aeronoticias\" \/>\n<meta name=\"twitter:card\" content=\"summary_large_image\" \/>\n<meta name=\"twitter:creator\" content=\"@aeronoticias\" \/>\n<meta name=\"twitter:site\" content=\"@aeronoticias\" \/>\n<meta name=\"twitter:label1\" content=\"Escrito por\" \/>\n\t<meta name=\"twitter:data1\" content=\"Redacci\u00f3n Aeronoticias\" \/>\n\t<meta name=\"twitter:label2\" content=\"Tiempo de lectura\" \/>\n\t<meta name=\"twitter:data2\" content=\"1 minuto\" \/>\n<script type=\"application\/ld+json\" class=\"yoast-schema-graph\">{\"@context\":\"https:\/\/schema.org\",\"@graph\":[{\"@type\":\"WebPage\",\"@id\":\"https:\/\/aeronoticias.com.pe\/noticiero\/internacionales\/bolivia-proyecta-envasar-y-vender-las-aguas-de-su-rio-silala-fronterizo-con-chile\/\",\"url\":\"https:\/\/aeronoticias.com.pe\/noticiero\/internacionales\/bolivia-proyecta-envasar-y-vender-las-aguas-de-su-rio-silala-fronterizo-con-chile\/\",\"name\":\"Bolivia proyecta envasar y vender las aguas de su r\u00edo Silala, fronterizo con Chile\",\"isPartOf\":{\"@id\":\"https:\/\/aeronoticias.com.pe\/noticiero\/#website\"},\"datePublished\":\"2014-05-08T21:50:10+00:00\",\"author\":{\"@id\":\"https:\/\/aeronoticias.com.pe\/noticiero\/#\/schema\/person\/fc1e5d578f4b62ba1cf7ac2bba1170a0\"},\"description\":\"Portal de noticias del Per\u00fa sobre el transporte a\u00e9reo, aviaci\u00f3n, turismo, hoteleria, actualidad.\",\"breadcrumb\":{\"@id\":\"https:\/\/aeronoticias.com.pe\/noticiero\/internacionales\/bolivia-proyecta-envasar-y-vender-las-aguas-de-su-rio-silala-fronterizo-con-chile\/#breadcrumb\"},\"inLanguage\":\"es\",\"potentialAction\":[{\"@type\":\"ReadAction\",\"target\":[\"https:\/\/aeronoticias.com.pe\/noticiero\/internacionales\/bolivia-proyecta-envasar-y-vender-las-aguas-de-su-rio-silala-fronterizo-con-chile\/\"]}]},{\"@type\":\"BreadcrumbList\",\"@id\":\"https:\/\/aeronoticias.com.pe\/noticiero\/internacionales\/bolivia-proyecta-envasar-y-vender-las-aguas-de-su-rio-silala-fronterizo-con-chile\/#breadcrumb\",\"itemListElement\":[{\"@type\":\"ListItem\",\"position\":1,\"name\":\"Portada\",\"item\":\"https:\/\/aeronoticias.com.pe\/noticiero\/\"},{\"@type\":\"ListItem\",\"position\":2,\"name\":\"Bolivia proyecta envasar y vender las aguas de su r\u00edo Silala, fronterizo con Chile\"}]},{\"@type\":\"WebSite\",\"@id\":\"https:\/\/aeronoticias.com.pe\/noticiero\/#website\",\"url\":\"https:\/\/aeronoticias.com.pe\/noticiero\/\",\"name\":\"Aeronoticias.com.pe\",\"description\":\"Noticias de tranporte aereo, turismo, hoteles, gastronomia, actualidad, internacional\",\"potentialAction\":[{\"@type\":\"SearchAction\",\"target\":{\"@type\":\"EntryPoint\",\"urlTemplate\":\"https:\/\/aeronoticias.com.pe\/noticiero\/?s={search_term_string}\"},\"query-input\":{\"@type\":\"PropertyValueSpecification\",\"valueRequired\":true,\"valueName\":\"search_term_string\"}}],\"inLanguage\":\"es\"},{\"@type\":\"Person\",\"@id\":\"https:\/\/aeronoticias.com.pe\/noticiero\/#\/schema\/person\/fc1e5d578f4b62ba1cf7ac2bba1170a0\",\"name\":\"Redacci\u00f3n Aeronoticias\",\"url\":\"https:\/\/aeronoticias.com.pe\/noticiero\/author\/piloto\/\"}]}<\/script>\n<!-- \/ Yoast SEO plugin. -->","yoast_head_json":{"title":"Bolivia proyecta envasar y vender las aguas de su r\u00edo Silala, fronterizo con Chile","description":"Portal de noticias del Per\u00fa sobre el transporte a\u00e9reo, aviaci\u00f3n, turismo, hoteleria, actualidad.","robots":{"index":"index","follow":"follow","max-snippet":"max-snippet:-1","max-image-preview":"max-image-preview:large","max-video-preview":"max-video-preview:-1"},"canonical":"https:\/\/aeronoticias.com.pe\/noticiero\/internacionales\/bolivia-proyecta-envasar-y-vender-las-aguas-de-su-rio-silala-fronterizo-con-chile\/","og_locale":"es_ES","og_type":"article","og_title":"Bolivia proyecta envasar y vender las aguas de su r\u00edo Silala, fronterizo con Chile","og_description":"Portal de noticias del Per\u00fa sobre el transporte a\u00e9reo, aviaci\u00f3n, turismo, hoteleria, actualidad.","og_url":"https:\/\/aeronoticias.com.pe\/noticiero\/internacionales\/bolivia-proyecta-envasar-y-vender-las-aguas-de-su-rio-silala-fronterizo-con-chile\/","og_site_name":"Aeronoticias.com.pe","article_publisher":"https:\/\/www.facebook.com\/Aeronoticias.com.pe\/","article_published_time":"2014-05-08T21:50:10+00:00","author":"Redacci\u00f3n Aeronoticias","twitter_card":"summary_large_image","twitter_creator":"@aeronoticias","twitter_site":"@aeronoticias","twitter_misc":{"Escrito por":"Redacci\u00f3n Aeronoticias","Tiempo de lectura":"1 minuto"},"schema":{"@context":"https:\/\/schema.org","@graph":[{"@type":"WebPage","@id":"https:\/\/aeronoticias.com.pe\/noticiero\/internacionales\/bolivia-proyecta-envasar-y-vender-las-aguas-de-su-rio-silala-fronterizo-con-chile\/","url":"https:\/\/aeronoticias.com.pe\/noticiero\/internacionales\/bolivia-proyecta-envasar-y-vender-las-aguas-de-su-rio-silala-fronterizo-con-chile\/","name":"Bolivia proyecta envasar y vender las aguas de su r\u00edo Silala, fronterizo con Chile","isPartOf":{"@id":"https:\/\/aeronoticias.com.pe\/noticiero\/#website"},"datePublished":"2014-05-08T21:50:10+00:00","author":{"@id":"https:\/\/aeronoticias.com.pe\/noticiero\/#\/schema\/person\/fc1e5d578f4b62ba1cf7ac2bba1170a0"},"description":"Portal de noticias del Per\u00fa sobre el transporte a\u00e9reo, aviaci\u00f3n, turismo, hoteleria, actualidad.","breadcrumb":{"@id":"https:\/\/aeronoticias.com.pe\/noticiero\/internacionales\/bolivia-proyecta-envasar-y-vender-las-aguas-de-su-rio-silala-fronterizo-con-chile\/#breadcrumb"},"inLanguage":"es","potentialAction":[{"@type":"ReadAction","target":["https:\/\/aeronoticias.com.pe\/noticiero\/internacionales\/bolivia-proyecta-envasar-y-vender-las-aguas-de-su-rio-silala-fronterizo-con-chile\/"]}]},{"@type":"BreadcrumbList","@id":"https:\/\/aeronoticias.com.pe\/noticiero\/internacionales\/bolivia-proyecta-envasar-y-vender-las-aguas-de-su-rio-silala-fronterizo-con-chile\/#breadcrumb","itemListElement":[{"@type":"ListItem","position":1,"name":"Portada","item":"https:\/\/aeronoticias.com.pe\/noticiero\/"},{"@type":"ListItem","position":2,"name":"Bolivia proyecta envasar y vender las aguas de su r\u00edo Silala, fronterizo con Chile"}]},{"@type":"WebSite","@id":"https:\/\/aeronoticias.com.pe\/noticiero\/#website","url":"https:\/\/aeronoticias.com.pe\/noticiero\/","name":"Aeronoticias.com.pe","description":"Noticias de tranporte aereo, turismo, hoteles, gastronomia, actualidad, internacional","potentialAction":[{"@type":"SearchAction","target":{"@type":"EntryPoint","urlTemplate":"https:\/\/aeronoticias.com.pe\/noticiero\/?s={search_term_string}"},"query-input":{"@type":"PropertyValueSpecification","valueRequired":true,"valueName":"search_term_string"}}],"inLanguage":"es"},{"@type":"Person","@id":"https:\/\/aeronoticias.com.pe\/noticiero\/#\/schema\/person\/fc1e5d578f4b62ba1cf7ac2bba1170a0","name":"Redacci\u00f3n Aeronoticias","url":"https:\/\/aeronoticias.com.pe\/noticiero\/author\/piloto\/"}]}},"_links":{"self":[{"href":"https:\/\/aeronoticias.com.pe\/noticiero\/wp-json\/wp\/v2\/posts\/45660","targetHints":{"allow":["GET"]}}],"collection":[{"href":"https:\/\/aeronoticias.com.pe\/noticiero\/wp-json\/wp\/v2\/posts"}],"about":[{"href":"https:\/\/aeronoticias.com.pe\/noticiero\/wp-json\/wp\/v2\/types\/post"}],"author":[{"embeddable":true,"href":"https:\/\/aeronoticias.com.pe\/noticiero\/wp-json\/wp\/v2\/users\/1"}],"replies":[{"embeddable":true,"href":"https:\/\/aeronoticias.com.pe\/noticiero\/wp-json\/wp\/v2\/comments?post=45660"}],"version-history":[{"count":0,"href":"https:\/\/aeronoticias.com.pe\/noticiero\/wp-json\/wp\/v2\/posts\/45660\/revisions"}],"wp:attachment":[{"href":"https:\/\/aeronoticias.com.pe\/noticiero\/wp-json\/wp\/v2\/media?parent=45660"}],"wp:term":[{"taxonomy":"category","embeddable":true,"href":"https:\/\/aeronoticias.com.pe\/noticiero\/wp-json\/wp\/v2\/categories?post=45660"},{"taxonomy":"post_tag","embeddable":true,"href":"https:\/\/aeronoticias.com.pe\/noticiero\/wp-json\/wp\/v2\/tags?post=45660"}],"curies":[{"name":"wp","href":"https:\/\/api.w.org\/{rel}","templated":true}]}}