{"id":45661,"date":"2014-05-09T13:33:25","date_gmt":"2014-05-09T13:33:25","guid":{"rendered":"http:\/\/desarrollo.mcvicious.com\/aero2020\/2014\/05\/09\/cnm-por-ahora-no-se-pronunciara-sobre-nueva-resolucion-del-tc\/"},"modified":"2014-05-09T13:33:25","modified_gmt":"2014-05-09T13:33:25","slug":"cnm-por-ahora-no-se-pronunciara-sobre-nueva-resolucion-del-tc","status":"publish","type":"post","link":"https:\/\/aeronoticias.com.pe\/noticiero\/politica\/cnm-por-ahora-no-se-pronunciara-sobre-nueva-resolucion-del-tc\/","title":{"rendered":"CNM por ahora no se pronunciar\u00e1 sobre nueva resoluci\u00f3n del TC"},"content":{"rendered":"<p style=\"text-align: justify;\"><strong>(Aeronoticias)<\/strong>.-\u00a0<span style=\"line-height: 1.3em;\">El Consejo Nacional de la Magistratura (CNM) por ahora no se pronunciar\u00e1 sobre las resoluciones del Tribunal Constitucional (TC) que dejaron sin efecto la designaci\u00f3n de Mateo Casta\u00f1eda como fiscal supremo, pero que lo obligan a nombrar a este en ese cargo y tambi\u00e9n al postulante C\u00e9sar Hinostroza.<\/span><\/p>\n<p style=\"text-align: justify;\">El pleno del Consejo Nacional de la Magistratura (CNM) se declar\u00f3 en sesi\u00f3n permanente, seg\u00fan un comunicado divulgado esta tarde. El prop\u00f3sito es \u00abrealizar un an\u00e1lisis y estudio rigurosos de los alcances de las dos resoluciones, las cuales, por su naturaleza, son de car\u00e1cter complejo\u00bb.<\/p>\n<p style=\"text-align: justify;\">El comunicado dice que el organismo constitucional que preside Pablo Talavera emitir\u00e1 un pronunciamiento en los siguientes d\u00edas, una vez que se llegue a un acuerdo.<\/p>\n<p style=\"text-align: justify;\">El pleno del CNM, donde se discutir\u00e1 la respuesta que se dar\u00e1 al TC, ha sido convocado para el lunes 12, seg\u00fan pudo averiguar El Comercio.<\/p>\n<p style=\"text-align: justify;\">La resoluci\u00f3n del Tribunal Constitucional se conoci\u00f3 al mediod\u00eda y en ella se dispone que se mantenga los nombramientos de Nora Miraval y Zoraida \u00c1valos como fiscales supremas, los cuales estuvieron a cargo del CNM.<\/p>\n<p style=\"text-align: justify;\">Igualmente el TC precisa que los candidatos Casta\u00f1eda e Hinostroza deben ser nombrados fiscales supremos y que, en el caso de no existir la plaza vacante, se mantengan sus nombramientos en reserva.<\/p>\n<p style=\"text-align: justify;\">Con informaci\u00f3n de <em><strong><span style=\"text-decoration: underline;\">El Comercio<\/span><\/strong><\/em>.<\/p>\n<p style=\"text-align: justify;\"><img decoding=\"async\" src=\"images\/stories\/14\/05\/070514\/med.jpg\" border=\"0\" \/><\/p>\n","protected":false},"excerpt":{"rendered":"<p>(Aeronoticias).-\u00a0El Consejo Nacional de la Magistratura (CNM) por ahora no se pronunciar\u00e1 sobre las resoluciones del Tribunal Constitucional (TC) que dejaron sin efecto la designaci\u00f3n de Mateo Casta\u00f1eda como fiscal supremo, pero que lo obligan a nombrar a este en ese cargo y tambi\u00e9n al postulante C\u00e9sar Hinostroza. El pleno del Consejo Nacional de la [&hellip;]<\/p>\n","protected":false},"author":1,"featured_media":0,"comment_status":"open","ping_status":"open","sticky":false,"template":"","format":"standard","meta":{"tdm_status":"","tdm_grid_status":"","footnotes":""},"categories":[36],"tags":[],"class_list":{"0":"post-45661","1":"post","2":"type-post","3":"status-publish","4":"format-standard","6":"category-politica"},"yoast_head":"<!-- This site is optimized with the Yoast SEO plugin v25.1 - https:\/\/yoast.com\/wordpress\/plugins\/seo\/ -->\n<title>CNM por ahora no se pronunciar\u00e1 sobre nueva resoluci\u00f3n del TC<\/title>\n<meta name=\"description\" content=\"Portal de noticias del Per\u00fa sobre el transporte a\u00e9reo, aviaci\u00f3n, turismo, hoteleria, actualidad.\" \/>\n<meta name=\"robots\" content=\"index, follow, max-snippet:-1, max-image-preview:large, max-video-preview:-1\" \/>\n<link rel=\"canonical\" href=\"https:\/\/aeronoticias.com.pe\/noticiero\/politica\/cnm-por-ahora-no-se-pronunciara-sobre-nueva-resolucion-del-tc\/\" \/>\n<meta property=\"og:locale\" content=\"es_ES\" \/>\n<meta property=\"og:type\" content=\"article\" \/>\n<meta property=\"og:title\" content=\"CNM por ahora no se pronunciar\u00e1 sobre nueva resoluci\u00f3n del TC\" \/>\n<meta property=\"og:description\" content=\"Portal de noticias del Per\u00fa sobre el transporte a\u00e9reo, aviaci\u00f3n, turismo, hoteleria, actualidad.\" \/>\n<meta property=\"og:url\" content=\"https:\/\/aeronoticias.com.pe\/noticiero\/politica\/cnm-por-ahora-no-se-pronunciara-sobre-nueva-resolucion-del-tc\/\" \/>\n<meta property=\"og:site_name\" content=\"Aeronoticias.com.pe\" \/>\n<meta property=\"article:publisher\" content=\"https:\/\/www.facebook.com\/Aeronoticias.com.pe\/\" \/>\n<meta property=\"article:published_time\" content=\"2014-05-09T13:33:25+00:00\" \/>\n<meta name=\"author\" content=\"Redacci\u00f3n Aeronoticias\" \/>\n<meta name=\"twitter:card\" content=\"summary_large_image\" \/>\n<meta name=\"twitter:creator\" content=\"@aeronoticias\" \/>\n<meta name=\"twitter:site\" content=\"@aeronoticias\" \/>\n<meta name=\"twitter:label1\" content=\"Escrito por\" \/>\n\t<meta name=\"twitter:data1\" content=\"Redacci\u00f3n Aeronoticias\" \/>\n\t<meta name=\"twitter:label2\" content=\"Tiempo de lectura\" \/>\n\t<meta name=\"twitter:data2\" content=\"1 minuto\" \/>\n<script type=\"application\/ld+json\" class=\"yoast-schema-graph\">{\"@context\":\"https:\/\/schema.org\",\"@graph\":[{\"@type\":\"WebPage\",\"@id\":\"https:\/\/aeronoticias.com.pe\/noticiero\/politica\/cnm-por-ahora-no-se-pronunciara-sobre-nueva-resolucion-del-tc\/\",\"url\":\"https:\/\/aeronoticias.com.pe\/noticiero\/politica\/cnm-por-ahora-no-se-pronunciara-sobre-nueva-resolucion-del-tc\/\",\"name\":\"CNM por ahora no se pronunciar\u00e1 sobre nueva resoluci\u00f3n del TC\",\"isPartOf\":{\"@id\":\"https:\/\/aeronoticias.com.pe\/noticiero\/#website\"},\"datePublished\":\"2014-05-09T13:33:25+00:00\",\"author\":{\"@id\":\"https:\/\/aeronoticias.com.pe\/noticiero\/#\/schema\/person\/fc1e5d578f4b62ba1cf7ac2bba1170a0\"},\"description\":\"Portal de noticias del Per\u00fa sobre el transporte a\u00e9reo, aviaci\u00f3n, turismo, hoteleria, actualidad.\",\"breadcrumb\":{\"@id\":\"https:\/\/aeronoticias.com.pe\/noticiero\/politica\/cnm-por-ahora-no-se-pronunciara-sobre-nueva-resolucion-del-tc\/#breadcrumb\"},\"inLanguage\":\"es\",\"potentialAction\":[{\"@type\":\"ReadAction\",\"target\":[\"https:\/\/aeronoticias.com.pe\/noticiero\/politica\/cnm-por-ahora-no-se-pronunciara-sobre-nueva-resolucion-del-tc\/\"]}]},{\"@type\":\"BreadcrumbList\",\"@id\":\"https:\/\/aeronoticias.com.pe\/noticiero\/politica\/cnm-por-ahora-no-se-pronunciara-sobre-nueva-resolucion-del-tc\/#breadcrumb\",\"itemListElement\":[{\"@type\":\"ListItem\",\"position\":1,\"name\":\"Portada\",\"item\":\"https:\/\/aeronoticias.com.pe\/noticiero\/\"},{\"@type\":\"ListItem\",\"position\":2,\"name\":\"CNM por ahora no se pronunciar\u00e1 sobre nueva resoluci\u00f3n del TC\"}]},{\"@type\":\"WebSite\",\"@id\":\"https:\/\/aeronoticias.com.pe\/noticiero\/#website\",\"url\":\"https:\/\/aeronoticias.com.pe\/noticiero\/\",\"name\":\"Aeronoticias.com.pe\",\"description\":\"Noticias de tranporte aereo, turismo, hoteles, gastronomia, actualidad, internacional\",\"potentialAction\":[{\"@type\":\"SearchAction\",\"target\":{\"@type\":\"EntryPoint\",\"urlTemplate\":\"https:\/\/aeronoticias.com.pe\/noticiero\/?s={search_term_string}\"},\"query-input\":{\"@type\":\"PropertyValueSpecification\",\"valueRequired\":true,\"valueName\":\"search_term_string\"}}],\"inLanguage\":\"es\"},{\"@type\":\"Person\",\"@id\":\"https:\/\/aeronoticias.com.pe\/noticiero\/#\/schema\/person\/fc1e5d578f4b62ba1cf7ac2bba1170a0\",\"name\":\"Redacci\u00f3n Aeronoticias\",\"url\":\"https:\/\/aeronoticias.com.pe\/noticiero\/author\/piloto\/\"}]}<\/script>\n<!-- \/ Yoast SEO plugin. -->","yoast_head_json":{"title":"CNM por ahora no se pronunciar\u00e1 sobre nueva resoluci\u00f3n del TC","description":"Portal de noticias del Per\u00fa sobre el transporte a\u00e9reo, aviaci\u00f3n, turismo, hoteleria, actualidad.","robots":{"index":"index","follow":"follow","max-snippet":"max-snippet:-1","max-image-preview":"max-image-preview:large","max-video-preview":"max-video-preview:-1"},"canonical":"https:\/\/aeronoticias.com.pe\/noticiero\/politica\/cnm-por-ahora-no-se-pronunciara-sobre-nueva-resolucion-del-tc\/","og_locale":"es_ES","og_type":"article","og_title":"CNM por ahora no se pronunciar\u00e1 sobre nueva resoluci\u00f3n del TC","og_description":"Portal de noticias del Per\u00fa sobre el transporte a\u00e9reo, aviaci\u00f3n, turismo, hoteleria, actualidad.","og_url":"https:\/\/aeronoticias.com.pe\/noticiero\/politica\/cnm-por-ahora-no-se-pronunciara-sobre-nueva-resolucion-del-tc\/","og_site_name":"Aeronoticias.com.pe","article_publisher":"https:\/\/www.facebook.com\/Aeronoticias.com.pe\/","article_published_time":"2014-05-09T13:33:25+00:00","author":"Redacci\u00f3n Aeronoticias","twitter_card":"summary_large_image","twitter_creator":"@aeronoticias","twitter_site":"@aeronoticias","twitter_misc":{"Escrito por":"Redacci\u00f3n Aeronoticias","Tiempo de lectura":"1 minuto"},"schema":{"@context":"https:\/\/schema.org","@graph":[{"@type":"WebPage","@id":"https:\/\/aeronoticias.com.pe\/noticiero\/politica\/cnm-por-ahora-no-se-pronunciara-sobre-nueva-resolucion-del-tc\/","url":"https:\/\/aeronoticias.com.pe\/noticiero\/politica\/cnm-por-ahora-no-se-pronunciara-sobre-nueva-resolucion-del-tc\/","name":"CNM por ahora no se pronunciar\u00e1 sobre nueva resoluci\u00f3n del TC","isPartOf":{"@id":"https:\/\/aeronoticias.com.pe\/noticiero\/#website"},"datePublished":"2014-05-09T13:33:25+00:00","author":{"@id":"https:\/\/aeronoticias.com.pe\/noticiero\/#\/schema\/person\/fc1e5d578f4b62ba1cf7ac2bba1170a0"},"description":"Portal de noticias del Per\u00fa sobre el transporte a\u00e9reo, aviaci\u00f3n, turismo, hoteleria, actualidad.","breadcrumb":{"@id":"https:\/\/aeronoticias.com.pe\/noticiero\/politica\/cnm-por-ahora-no-se-pronunciara-sobre-nueva-resolucion-del-tc\/#breadcrumb"},"inLanguage":"es","potentialAction":[{"@type":"ReadAction","target":["https:\/\/aeronoticias.com.pe\/noticiero\/politica\/cnm-por-ahora-no-se-pronunciara-sobre-nueva-resolucion-del-tc\/"]}]},{"@type":"BreadcrumbList","@id":"https:\/\/aeronoticias.com.pe\/noticiero\/politica\/cnm-por-ahora-no-se-pronunciara-sobre-nueva-resolucion-del-tc\/#breadcrumb","itemListElement":[{"@type":"ListItem","position":1,"name":"Portada","item":"https:\/\/aeronoticias.com.pe\/noticiero\/"},{"@type":"ListItem","position":2,"name":"CNM por ahora no se pronunciar\u00e1 sobre nueva resoluci\u00f3n del TC"}]},{"@type":"WebSite","@id":"https:\/\/aeronoticias.com.pe\/noticiero\/#website","url":"https:\/\/aeronoticias.com.pe\/noticiero\/","name":"Aeronoticias.com.pe","description":"Noticias de tranporte aereo, turismo, hoteles, gastronomia, actualidad, internacional","potentialAction":[{"@type":"SearchAction","target":{"@type":"EntryPoint","urlTemplate":"https:\/\/aeronoticias.com.pe\/noticiero\/?s={search_term_string}"},"query-input":{"@type":"PropertyValueSpecification","valueRequired":true,"valueName":"search_term_string"}}],"inLanguage":"es"},{"@type":"Person","@id":"https:\/\/aeronoticias.com.pe\/noticiero\/#\/schema\/person\/fc1e5d578f4b62ba1cf7ac2bba1170a0","name":"Redacci\u00f3n Aeronoticias","url":"https:\/\/aeronoticias.com.pe\/noticiero\/author\/piloto\/"}]}},"_links":{"self":[{"href":"https:\/\/aeronoticias.com.pe\/noticiero\/wp-json\/wp\/v2\/posts\/45661","targetHints":{"allow":["GET"]}}],"collection":[{"href":"https:\/\/aeronoticias.com.pe\/noticiero\/wp-json\/wp\/v2\/posts"}],"about":[{"href":"https:\/\/aeronoticias.com.pe\/noticiero\/wp-json\/wp\/v2\/types\/post"}],"author":[{"embeddable":true,"href":"https:\/\/aeronoticias.com.pe\/noticiero\/wp-json\/wp\/v2\/users\/1"}],"replies":[{"embeddable":true,"href":"https:\/\/aeronoticias.com.pe\/noticiero\/wp-json\/wp\/v2\/comments?post=45661"}],"version-history":[{"count":0,"href":"https:\/\/aeronoticias.com.pe\/noticiero\/wp-json\/wp\/v2\/posts\/45661\/revisions"}],"wp:attachment":[{"href":"https:\/\/aeronoticias.com.pe\/noticiero\/wp-json\/wp\/v2\/media?parent=45661"}],"wp:term":[{"taxonomy":"category","embeddable":true,"href":"https:\/\/aeronoticias.com.pe\/noticiero\/wp-json\/wp\/v2\/categories?post=45661"},{"taxonomy":"post_tag","embeddable":true,"href":"https:\/\/aeronoticias.com.pe\/noticiero\/wp-json\/wp\/v2\/tags?post=45661"}],"curies":[{"name":"wp","href":"https:\/\/api.w.org\/{rel}","templated":true}]}}