{"id":45665,"date":"2014-05-09T13:57:08","date_gmt":"2014-05-09T13:57:08","guid":{"rendered":"http:\/\/desarrollo.mcvicious.com\/aero2020\/2014\/05\/09\/el-vaticano-expulso-a-848-sacerdotes-por-abusos-a-menores\/"},"modified":"2014-05-09T13:57:08","modified_gmt":"2014-05-09T13:57:08","slug":"el-vaticano-expulso-a-848-sacerdotes-por-abusos-a-menores","status":"publish","type":"post","link":"https:\/\/aeronoticias.com.pe\/noticiero\/internacionales\/el-vaticano-expulso-a-848-sacerdotes-por-abusos-a-menores\/","title":{"rendered":"El Vaticano expuls\u00f3 a 848 sacerdotes por abusos a menores"},"content":{"rendered":"<p style=\"text-align: justify;\"><strong>(Aeronoticias)<\/strong>.-\u00a0Los abusos sexuales cometidos por sacerdotes centraron la declaraci\u00f3n del Vaticano ante el Comit\u00e9 de la ONU contra la Tortura.<\/p>\n<p style=\"text-align: justify;\">Seg\u00fan afirm\u00f3 el nuncio Silvano Tomasi la Santa Sede investig\u00f3 en los \u00faltimos 10 a\u00f1os 3.420 casos de sacerdotes sospechosos de abusos. La mayor\u00eda de ellos, dijo el nuncio, ocurrieron entre los a\u00f1os 50 y 80.<\/p>\n<p style=\"text-align: justify;\">El resultado de las investigaciones ha sido la expulsi\u00f3n de 848 sacerdotes. <span style=\"line-height: 1.3em;\">El nuncio reiter\u00f3 ante los expertos del Comit\u00e9 que la Santa Sede no tiene competencia para juzgar a los pederastas fuera del Estado del Vaticano. <\/span><\/p>\n<p style=\"text-align: justify;\">Explic\u00f3 que en los casos de abusos cometidos por sacerdotes o religiosos en otros pa\u00edses el Vaticano realiza un procedimiento eclesi\u00e1stico que no interfiere en el proceso local.<\/p>\n<p style=\"text-align: justify;\">Dijo que una vez estudiado el caso se puede condenar al sacerdote de modo can\u00f3nico, cuya m\u00e1xima pena es la expulsi\u00f3n del sacerdocio.\u00a0<span style=\"line-height: 1.3em;\">Silvano Tomasi respondi\u00f3 de esta forma a las preguntas que el lunes le formularon los miembros del Comit\u00e9 contra la Tortura de la ONU. <\/span><\/p>\n<p style=\"text-align: justify;\">Y es que la Convenci\u00f3n se aplica al territorio del Estado Ciudad del Vaticano. Los cat\u00f3licos que viven fuera de \u00e9l deben rendir cuentas en los pa\u00edses en los que cometan los delitos.<\/p>\n<p style=\"text-align: justify;\">Silvano Tomasi tambi\u00e9n respondi\u00f3 a preguntas sobre otros temas. Con respecto a la situaci\u00f3n de las c\u00e1rceles del Vaticano cuyo mal estado hab\u00eda denunciado el ex mayordomo de Benedicto XVI, dijo que un oftalm\u00f3logo y un ingeniero examinaron las condiciones y no le dieron la raz\u00f3n.<\/p>\n<p style=\"text-align: justify;\">El nuncio tambi\u00e9n habl\u00f3 del aborto. Dijo que la Iglesia est\u00e1 cerca de las mujeres y que protege a todas las v\u00edctimas de la tortura, incluidas las v\u00edctimas del aborto.<\/p>\n<p style=\"text-align: justify;\">El pr\u00f3ximo 23 de mayo los expertos publicar\u00e1n un informe final con propuestas al Vaticano.<\/p>\n<p style=\"text-align: justify;\">Con informaci\u00f3n de <span style=\"text-decoration: underline;\"><em><strong>Rome Reports<\/strong><\/em><\/span>.<\/p>\n<p style=\"text-align: justify;\"><img decoding=\"async\" src=\"images\/stories\/14\/05\/080514\/exp.jpg\" border=\"0\" \/><\/p>\n","protected":false},"excerpt":{"rendered":"<p>(Aeronoticias).-\u00a0Los abusos sexuales cometidos por sacerdotes centraron la declaraci\u00f3n del Vaticano ante el Comit\u00e9 de la ONU contra la Tortura. Seg\u00fan afirm\u00f3 el nuncio Silvano Tomasi la Santa Sede investig\u00f3 en los \u00faltimos 10 a\u00f1os 3.420 casos de sacerdotes sospechosos de abusos. La mayor\u00eda de ellos, dijo el nuncio, ocurrieron entre los a\u00f1os 50 y [&hellip;]<\/p>\n","protected":false},"author":1,"featured_media":0,"comment_status":"open","ping_status":"open","sticky":false,"template":"","format":"standard","meta":{"tdm_status":"","tdm_grid_status":"","footnotes":""},"categories":[34],"tags":[],"class_list":{"0":"post-45665","1":"post","2":"type-post","3":"status-publish","4":"format-standard","6":"category-internacionales"},"yoast_head":"<!-- This site is optimized with the Yoast SEO plugin v25.1 - https:\/\/yoast.com\/wordpress\/plugins\/seo\/ -->\n<title>El Vaticano expuls\u00f3 a 848 sacerdotes por abusos a menores<\/title>\n<meta name=\"description\" content=\"Portal de noticias del Per\u00fa sobre el transporte a\u00e9reo, aviaci\u00f3n, turismo, hoteleria, actualidad.\" \/>\n<meta name=\"robots\" content=\"index, follow, max-snippet:-1, max-image-preview:large, max-video-preview:-1\" \/>\n<link rel=\"canonical\" href=\"https:\/\/aeronoticias.com.pe\/noticiero\/internacionales\/el-vaticano-expulso-a-848-sacerdotes-por-abusos-a-menores\/\" \/>\n<meta property=\"og:locale\" content=\"es_ES\" \/>\n<meta property=\"og:type\" content=\"article\" \/>\n<meta property=\"og:title\" content=\"El Vaticano expuls\u00f3 a 848 sacerdotes por abusos a menores\" \/>\n<meta property=\"og:description\" content=\"Portal de noticias del Per\u00fa sobre el transporte a\u00e9reo, aviaci\u00f3n, turismo, hoteleria, actualidad.\" \/>\n<meta property=\"og:url\" content=\"https:\/\/aeronoticias.com.pe\/noticiero\/internacionales\/el-vaticano-expulso-a-848-sacerdotes-por-abusos-a-menores\/\" \/>\n<meta property=\"og:site_name\" content=\"Aeronoticias.com.pe\" \/>\n<meta property=\"article:publisher\" content=\"https:\/\/www.facebook.com\/Aeronoticias.com.pe\/\" \/>\n<meta property=\"article:published_time\" content=\"2014-05-09T13:57:08+00:00\" \/>\n<meta name=\"author\" content=\"Redacci\u00f3n Aeronoticias\" \/>\n<meta name=\"twitter:card\" content=\"summary_large_image\" \/>\n<meta name=\"twitter:creator\" content=\"@aeronoticias\" \/>\n<meta name=\"twitter:site\" content=\"@aeronoticias\" \/>\n<meta name=\"twitter:label1\" content=\"Escrito por\" \/>\n\t<meta name=\"twitter:data1\" content=\"Redacci\u00f3n Aeronoticias\" \/>\n\t<meta name=\"twitter:label2\" content=\"Tiempo de lectura\" \/>\n\t<meta name=\"twitter:data2\" content=\"2 minutos\" \/>\n<script type=\"application\/ld+json\" class=\"yoast-schema-graph\">{\"@context\":\"https:\/\/schema.org\",\"@graph\":[{\"@type\":\"WebPage\",\"@id\":\"https:\/\/aeronoticias.com.pe\/noticiero\/internacionales\/el-vaticano-expulso-a-848-sacerdotes-por-abusos-a-menores\/\",\"url\":\"https:\/\/aeronoticias.com.pe\/noticiero\/internacionales\/el-vaticano-expulso-a-848-sacerdotes-por-abusos-a-menores\/\",\"name\":\"El Vaticano expuls\u00f3 a 848 sacerdotes por abusos a menores\",\"isPartOf\":{\"@id\":\"https:\/\/aeronoticias.com.pe\/noticiero\/#website\"},\"datePublished\":\"2014-05-09T13:57:08+00:00\",\"author\":{\"@id\":\"https:\/\/aeronoticias.com.pe\/noticiero\/#\/schema\/person\/fc1e5d578f4b62ba1cf7ac2bba1170a0\"},\"description\":\"Portal de noticias del Per\u00fa sobre el transporte a\u00e9reo, aviaci\u00f3n, turismo, hoteleria, actualidad.\",\"breadcrumb\":{\"@id\":\"https:\/\/aeronoticias.com.pe\/noticiero\/internacionales\/el-vaticano-expulso-a-848-sacerdotes-por-abusos-a-menores\/#breadcrumb\"},\"inLanguage\":\"es\",\"potentialAction\":[{\"@type\":\"ReadAction\",\"target\":[\"https:\/\/aeronoticias.com.pe\/noticiero\/internacionales\/el-vaticano-expulso-a-848-sacerdotes-por-abusos-a-menores\/\"]}]},{\"@type\":\"BreadcrumbList\",\"@id\":\"https:\/\/aeronoticias.com.pe\/noticiero\/internacionales\/el-vaticano-expulso-a-848-sacerdotes-por-abusos-a-menores\/#breadcrumb\",\"itemListElement\":[{\"@type\":\"ListItem\",\"position\":1,\"name\":\"Portada\",\"item\":\"https:\/\/aeronoticias.com.pe\/noticiero\/\"},{\"@type\":\"ListItem\",\"position\":2,\"name\":\"El Vaticano expuls\u00f3 a 848 sacerdotes por abusos a menores\"}]},{\"@type\":\"WebSite\",\"@id\":\"https:\/\/aeronoticias.com.pe\/noticiero\/#website\",\"url\":\"https:\/\/aeronoticias.com.pe\/noticiero\/\",\"name\":\"Aeronoticias.com.pe\",\"description\":\"Noticias de tranporte aereo, turismo, hoteles, gastronomia, actualidad, internacional\",\"potentialAction\":[{\"@type\":\"SearchAction\",\"target\":{\"@type\":\"EntryPoint\",\"urlTemplate\":\"https:\/\/aeronoticias.com.pe\/noticiero\/?s={search_term_string}\"},\"query-input\":{\"@type\":\"PropertyValueSpecification\",\"valueRequired\":true,\"valueName\":\"search_term_string\"}}],\"inLanguage\":\"es\"},{\"@type\":\"Person\",\"@id\":\"https:\/\/aeronoticias.com.pe\/noticiero\/#\/schema\/person\/fc1e5d578f4b62ba1cf7ac2bba1170a0\",\"name\":\"Redacci\u00f3n Aeronoticias\",\"url\":\"https:\/\/aeronoticias.com.pe\/noticiero\/author\/piloto\/\"}]}<\/script>\n<!-- \/ Yoast SEO plugin. -->","yoast_head_json":{"title":"El Vaticano expuls\u00f3 a 848 sacerdotes por abusos a menores","description":"Portal de noticias del Per\u00fa sobre el transporte a\u00e9reo, aviaci\u00f3n, turismo, hoteleria, actualidad.","robots":{"index":"index","follow":"follow","max-snippet":"max-snippet:-1","max-image-preview":"max-image-preview:large","max-video-preview":"max-video-preview:-1"},"canonical":"https:\/\/aeronoticias.com.pe\/noticiero\/internacionales\/el-vaticano-expulso-a-848-sacerdotes-por-abusos-a-menores\/","og_locale":"es_ES","og_type":"article","og_title":"El Vaticano expuls\u00f3 a 848 sacerdotes por abusos a menores","og_description":"Portal de noticias del Per\u00fa sobre el transporte a\u00e9reo, aviaci\u00f3n, turismo, hoteleria, actualidad.","og_url":"https:\/\/aeronoticias.com.pe\/noticiero\/internacionales\/el-vaticano-expulso-a-848-sacerdotes-por-abusos-a-menores\/","og_site_name":"Aeronoticias.com.pe","article_publisher":"https:\/\/www.facebook.com\/Aeronoticias.com.pe\/","article_published_time":"2014-05-09T13:57:08+00:00","author":"Redacci\u00f3n Aeronoticias","twitter_card":"summary_large_image","twitter_creator":"@aeronoticias","twitter_site":"@aeronoticias","twitter_misc":{"Escrito por":"Redacci\u00f3n Aeronoticias","Tiempo de lectura":"2 minutos"},"schema":{"@context":"https:\/\/schema.org","@graph":[{"@type":"WebPage","@id":"https:\/\/aeronoticias.com.pe\/noticiero\/internacionales\/el-vaticano-expulso-a-848-sacerdotes-por-abusos-a-menores\/","url":"https:\/\/aeronoticias.com.pe\/noticiero\/internacionales\/el-vaticano-expulso-a-848-sacerdotes-por-abusos-a-menores\/","name":"El Vaticano expuls\u00f3 a 848 sacerdotes por abusos a menores","isPartOf":{"@id":"https:\/\/aeronoticias.com.pe\/noticiero\/#website"},"datePublished":"2014-05-09T13:57:08+00:00","author":{"@id":"https:\/\/aeronoticias.com.pe\/noticiero\/#\/schema\/person\/fc1e5d578f4b62ba1cf7ac2bba1170a0"},"description":"Portal de noticias del Per\u00fa sobre el transporte a\u00e9reo, aviaci\u00f3n, turismo, hoteleria, actualidad.","breadcrumb":{"@id":"https:\/\/aeronoticias.com.pe\/noticiero\/internacionales\/el-vaticano-expulso-a-848-sacerdotes-por-abusos-a-menores\/#breadcrumb"},"inLanguage":"es","potentialAction":[{"@type":"ReadAction","target":["https:\/\/aeronoticias.com.pe\/noticiero\/internacionales\/el-vaticano-expulso-a-848-sacerdotes-por-abusos-a-menores\/"]}]},{"@type":"BreadcrumbList","@id":"https:\/\/aeronoticias.com.pe\/noticiero\/internacionales\/el-vaticano-expulso-a-848-sacerdotes-por-abusos-a-menores\/#breadcrumb","itemListElement":[{"@type":"ListItem","position":1,"name":"Portada","item":"https:\/\/aeronoticias.com.pe\/noticiero\/"},{"@type":"ListItem","position":2,"name":"El Vaticano expuls\u00f3 a 848 sacerdotes por abusos a menores"}]},{"@type":"WebSite","@id":"https:\/\/aeronoticias.com.pe\/noticiero\/#website","url":"https:\/\/aeronoticias.com.pe\/noticiero\/","name":"Aeronoticias.com.pe","description":"Noticias de tranporte aereo, turismo, hoteles, gastronomia, actualidad, internacional","potentialAction":[{"@type":"SearchAction","target":{"@type":"EntryPoint","urlTemplate":"https:\/\/aeronoticias.com.pe\/noticiero\/?s={search_term_string}"},"query-input":{"@type":"PropertyValueSpecification","valueRequired":true,"valueName":"search_term_string"}}],"inLanguage":"es"},{"@type":"Person","@id":"https:\/\/aeronoticias.com.pe\/noticiero\/#\/schema\/person\/fc1e5d578f4b62ba1cf7ac2bba1170a0","name":"Redacci\u00f3n Aeronoticias","url":"https:\/\/aeronoticias.com.pe\/noticiero\/author\/piloto\/"}]}},"_links":{"self":[{"href":"https:\/\/aeronoticias.com.pe\/noticiero\/wp-json\/wp\/v2\/posts\/45665","targetHints":{"allow":["GET"]}}],"collection":[{"href":"https:\/\/aeronoticias.com.pe\/noticiero\/wp-json\/wp\/v2\/posts"}],"about":[{"href":"https:\/\/aeronoticias.com.pe\/noticiero\/wp-json\/wp\/v2\/types\/post"}],"author":[{"embeddable":true,"href":"https:\/\/aeronoticias.com.pe\/noticiero\/wp-json\/wp\/v2\/users\/1"}],"replies":[{"embeddable":true,"href":"https:\/\/aeronoticias.com.pe\/noticiero\/wp-json\/wp\/v2\/comments?post=45665"}],"version-history":[{"count":0,"href":"https:\/\/aeronoticias.com.pe\/noticiero\/wp-json\/wp\/v2\/posts\/45665\/revisions"}],"wp:attachment":[{"href":"https:\/\/aeronoticias.com.pe\/noticiero\/wp-json\/wp\/v2\/media?parent=45665"}],"wp:term":[{"taxonomy":"category","embeddable":true,"href":"https:\/\/aeronoticias.com.pe\/noticiero\/wp-json\/wp\/v2\/categories?post=45665"},{"taxonomy":"post_tag","embeddable":true,"href":"https:\/\/aeronoticias.com.pe\/noticiero\/wp-json\/wp\/v2\/tags?post=45665"}],"curies":[{"name":"wp","href":"https:\/\/api.w.org\/{rel}","templated":true}]}}