{"id":45666,"date":"2014-05-09T14:11:58","date_gmt":"2014-05-09T14:11:58","guid":{"rendered":"http:\/\/desarrollo.mcvicious.com\/aero2020\/2014\/05\/09\/un-grupo-de-marines-estadounidenses-graban-supuesto-ataque-ovni-a-un-campamento-taliban\/"},"modified":"2014-05-09T14:11:58","modified_gmt":"2014-05-09T14:11:58","slug":"un-grupo-de-marines-estadounidenses-graban-supuesto-ataque-ovni-a-un-campamento-taliban","status":"publish","type":"post","link":"https:\/\/aeronoticias.com.pe\/noticiero\/internacionales\/un-grupo-de-marines-estadounidenses-graban-supuesto-ataque-ovni-a-un-campamento-taliban\/","title":{"rendered":"Un grupo de marines estadounidenses graban supuesto ataque OVNI a un campamento talib\u00e1n"},"content":{"rendered":"<p style=\"text-align: justify;\"><img decoding=\"async\" src=\"images\/stories\/14\/05\/090514\/a1.jpg\" border=\"0\" \/><\/p>\n<p style=\"text-align: justify;\"><strong>(Aeronoticias).<\/strong>&#8211; <em>El supuesto OVNI capt\u00f3 la atenci\u00f3n de las tropas estadounidenses.<\/em><\/p>\n<p style=\"text-align: justify;\">Las im\u00e1genes fueron filmadas en tropas estadounidenses que combaten en Afganist\u00e1n. All\u00ed se ve un extra\u00f1o objeto sobrevolando el cielo. \u00bfQu\u00e9 ser\u00e1?<\/p>\n<p style=\"text-align: justify;\">\u00a0<\/p>\n<p>  <!--more-->  <\/p>\n<p>\u00a0<\/p>\n<p style=\"text-align: justify;\">El avistamiento de OVNIS no se escapa tampoco de las fuerzas armadas. Esta vez, un grupo de marines de EE.UU captur\u00f3 en video a un ovni sobrevolando un campamento talib\u00e1n. Por si fuera poco, en las im\u00e1genes se observa c\u00f3mo \u2018destruye\u2019 ferozmente dicho campamento.<\/p>\n<p style=\"text-align: justify;\">Se inform\u00f3 que el video fue filmado en marzo por las tropas estadounidenses que pelean en Afganist\u00e1n. Las im\u00e1genes muestran un objeto triangular extra\u00f1o colgando en el cielo. La nave se mueve lentamente antes de que empiece a lanzar bombardas.<\/p>\n<p style=\"text-align: justify;\">Instantes despu\u00e9s, lo que parece ser armas espaciales destruyen el supuesto campamento talib\u00e1n, levantando humo. Este \u00faltimo hecho, seg\u00fan advierten los entendidos, ocultan la vista del misterioso atacante.<\/p>\n<p style=\"text-align: justify;\">Luego de que el humo desaparece, la c\u00e1mara hace un zoom para mostrar una vista cercana del OVNI, que se ve diferente a cualquier conocido drone militares de EEUU, aunque afirman que podr\u00eda tratarse de un TR4 B triangular.<\/p>\n<p style=\"text-align: center;\"> <object width=\"610\" height=\"409\" data=\"http:\/\/www.youtube.com\/v\/YQWqiI0jlQc? fs=1&amp;hl=en_US&amp;autoplay=0&amp; showinfo=0&amp;rel=0\" type=\"application\/x-shockwave-flash\"><param name=\"movie\" value=\"http:\/\/www.youtube.com\/v\/YQWqiI0jlQc? fs=1&amp;hl=en_US&amp;autoplay=0&amp; showinfo=0&amp;rel=0\" \/><param name=\"wmode\" value=\"transparent\" \/><\/object> <\/p>\n<p style=\"text-align: justify;\">\u00a0<\/p>\n<p style=\"text-align: justify;\">Fuente:<strong><em>RT<\/em><\/strong><\/p>\n<p style=\"text-align: justify;\">Foto:<em><strong>RT<\/strong><\/em><\/p>\n<p>{jathumbnail off images=\u00bbimages\/stories\/14\/05\/090514\/a1.jpg\u00bb}<\/p>\n","protected":false},"excerpt":{"rendered":"<p>(Aeronoticias).&#8211; El supuesto OVNI capt\u00f3 la atenci\u00f3n de las tropas estadounidenses. Las im\u00e1genes fueron filmadas en tropas estadounidenses que combaten en Afganist\u00e1n. All\u00ed se ve un extra\u00f1o objeto sobrevolando el cielo. \u00bfQu\u00e9 ser\u00e1? \u00a0<\/p>\n","protected":false},"author":1,"featured_media":0,"comment_status":"open","ping_status":"open","sticky":false,"template":"","format":"standard","meta":{"tdm_status":"","tdm_grid_status":"","footnotes":""},"categories":[34],"tags":[],"class_list":{"0":"post-45666","1":"post","2":"type-post","3":"status-publish","4":"format-standard","6":"category-internacionales"},"yoast_head":"<!-- This site is optimized with the Yoast SEO plugin v25.1 - https:\/\/yoast.com\/wordpress\/plugins\/seo\/ -->\n<title>Un grupo de marines estadounidenses graban supuesto ataque OVNI a un campamento talib\u00e1n<\/title>\n<meta name=\"description\" content=\"Portal de noticias del Per\u00fa sobre el transporte a\u00e9reo, aviaci\u00f3n, turismo, hoteleria, actualidad.\" \/>\n<meta name=\"robots\" content=\"index, follow, max-snippet:-1, max-image-preview:large, max-video-preview:-1\" \/>\n<link rel=\"canonical\" href=\"https:\/\/aeronoticias.com.pe\/noticiero\/internacionales\/un-grupo-de-marines-estadounidenses-graban-supuesto-ataque-ovni-a-un-campamento-taliban\/\" \/>\n<meta property=\"og:locale\" content=\"es_ES\" \/>\n<meta property=\"og:type\" content=\"article\" \/>\n<meta property=\"og:title\" content=\"Un grupo de marines estadounidenses graban supuesto ataque OVNI a un campamento talib\u00e1n\" \/>\n<meta property=\"og:description\" content=\"Portal de noticias del Per\u00fa sobre el transporte a\u00e9reo, aviaci\u00f3n, turismo, hoteleria, actualidad.\" \/>\n<meta property=\"og:url\" content=\"https:\/\/aeronoticias.com.pe\/noticiero\/internacionales\/un-grupo-de-marines-estadounidenses-graban-supuesto-ataque-ovni-a-un-campamento-taliban\/\" \/>\n<meta property=\"og:site_name\" content=\"Aeronoticias.com.pe\" \/>\n<meta property=\"article:publisher\" content=\"https:\/\/www.facebook.com\/Aeronoticias.com.pe\/\" \/>\n<meta property=\"article:published_time\" content=\"2014-05-09T14:11:58+00:00\" \/>\n<meta name=\"author\" content=\"Redacci\u00f3n Aeronoticias\" \/>\n<meta name=\"twitter:card\" content=\"summary_large_image\" \/>\n<meta name=\"twitter:creator\" content=\"@aeronoticias\" \/>\n<meta name=\"twitter:site\" content=\"@aeronoticias\" \/>\n<meta name=\"twitter:label1\" content=\"Escrito por\" \/>\n\t<meta name=\"twitter:data1\" content=\"Redacci\u00f3n Aeronoticias\" \/>\n\t<meta name=\"twitter:label2\" content=\"Tiempo de lectura\" \/>\n\t<meta name=\"twitter:data2\" content=\"1 minuto\" \/>\n<script type=\"application\/ld+json\" class=\"yoast-schema-graph\">{\"@context\":\"https:\/\/schema.org\",\"@graph\":[{\"@type\":\"WebPage\",\"@id\":\"https:\/\/aeronoticias.com.pe\/noticiero\/internacionales\/un-grupo-de-marines-estadounidenses-graban-supuesto-ataque-ovni-a-un-campamento-taliban\/\",\"url\":\"https:\/\/aeronoticias.com.pe\/noticiero\/internacionales\/un-grupo-de-marines-estadounidenses-graban-supuesto-ataque-ovni-a-un-campamento-taliban\/\",\"name\":\"Un grupo de marines estadounidenses graban supuesto ataque OVNI a un campamento talib\u00e1n\",\"isPartOf\":{\"@id\":\"https:\/\/aeronoticias.com.pe\/noticiero\/#website\"},\"datePublished\":\"2014-05-09T14:11:58+00:00\",\"author\":{\"@id\":\"https:\/\/aeronoticias.com.pe\/noticiero\/#\/schema\/person\/fc1e5d578f4b62ba1cf7ac2bba1170a0\"},\"description\":\"Portal de noticias del Per\u00fa sobre el transporte a\u00e9reo, aviaci\u00f3n, turismo, hoteleria, actualidad.\",\"breadcrumb\":{\"@id\":\"https:\/\/aeronoticias.com.pe\/noticiero\/internacionales\/un-grupo-de-marines-estadounidenses-graban-supuesto-ataque-ovni-a-un-campamento-taliban\/#breadcrumb\"},\"inLanguage\":\"es\",\"potentialAction\":[{\"@type\":\"ReadAction\",\"target\":[\"https:\/\/aeronoticias.com.pe\/noticiero\/internacionales\/un-grupo-de-marines-estadounidenses-graban-supuesto-ataque-ovni-a-un-campamento-taliban\/\"]}]},{\"@type\":\"BreadcrumbList\",\"@id\":\"https:\/\/aeronoticias.com.pe\/noticiero\/internacionales\/un-grupo-de-marines-estadounidenses-graban-supuesto-ataque-ovni-a-un-campamento-taliban\/#breadcrumb\",\"itemListElement\":[{\"@type\":\"ListItem\",\"position\":1,\"name\":\"Portada\",\"item\":\"https:\/\/aeronoticias.com.pe\/noticiero\/\"},{\"@type\":\"ListItem\",\"position\":2,\"name\":\"Un grupo de marines estadounidenses graban supuesto ataque OVNI a un campamento talib\u00e1n\"}]},{\"@type\":\"WebSite\",\"@id\":\"https:\/\/aeronoticias.com.pe\/noticiero\/#website\",\"url\":\"https:\/\/aeronoticias.com.pe\/noticiero\/\",\"name\":\"Aeronoticias.com.pe\",\"description\":\"Noticias de tranporte aereo, turismo, hoteles, gastronomia, actualidad, internacional\",\"potentialAction\":[{\"@type\":\"SearchAction\",\"target\":{\"@type\":\"EntryPoint\",\"urlTemplate\":\"https:\/\/aeronoticias.com.pe\/noticiero\/?s={search_term_string}\"},\"query-input\":{\"@type\":\"PropertyValueSpecification\",\"valueRequired\":true,\"valueName\":\"search_term_string\"}}],\"inLanguage\":\"es\"},{\"@type\":\"Person\",\"@id\":\"https:\/\/aeronoticias.com.pe\/noticiero\/#\/schema\/person\/fc1e5d578f4b62ba1cf7ac2bba1170a0\",\"name\":\"Redacci\u00f3n Aeronoticias\",\"url\":\"https:\/\/aeronoticias.com.pe\/noticiero\/author\/piloto\/\"}]}<\/script>\n<!-- \/ Yoast SEO plugin. -->","yoast_head_json":{"title":"Un grupo de marines estadounidenses graban supuesto ataque OVNI a un campamento talib\u00e1n","description":"Portal de noticias del Per\u00fa sobre el transporte a\u00e9reo, aviaci\u00f3n, turismo, hoteleria, actualidad.","robots":{"index":"index","follow":"follow","max-snippet":"max-snippet:-1","max-image-preview":"max-image-preview:large","max-video-preview":"max-video-preview:-1"},"canonical":"https:\/\/aeronoticias.com.pe\/noticiero\/internacionales\/un-grupo-de-marines-estadounidenses-graban-supuesto-ataque-ovni-a-un-campamento-taliban\/","og_locale":"es_ES","og_type":"article","og_title":"Un grupo de marines estadounidenses graban supuesto ataque OVNI a un campamento talib\u00e1n","og_description":"Portal de noticias del Per\u00fa sobre el transporte a\u00e9reo, aviaci\u00f3n, turismo, hoteleria, actualidad.","og_url":"https:\/\/aeronoticias.com.pe\/noticiero\/internacionales\/un-grupo-de-marines-estadounidenses-graban-supuesto-ataque-ovni-a-un-campamento-taliban\/","og_site_name":"Aeronoticias.com.pe","article_publisher":"https:\/\/www.facebook.com\/Aeronoticias.com.pe\/","article_published_time":"2014-05-09T14:11:58+00:00","author":"Redacci\u00f3n Aeronoticias","twitter_card":"summary_large_image","twitter_creator":"@aeronoticias","twitter_site":"@aeronoticias","twitter_misc":{"Escrito por":"Redacci\u00f3n Aeronoticias","Tiempo de lectura":"1 minuto"},"schema":{"@context":"https:\/\/schema.org","@graph":[{"@type":"WebPage","@id":"https:\/\/aeronoticias.com.pe\/noticiero\/internacionales\/un-grupo-de-marines-estadounidenses-graban-supuesto-ataque-ovni-a-un-campamento-taliban\/","url":"https:\/\/aeronoticias.com.pe\/noticiero\/internacionales\/un-grupo-de-marines-estadounidenses-graban-supuesto-ataque-ovni-a-un-campamento-taliban\/","name":"Un grupo de marines estadounidenses graban supuesto ataque OVNI a un campamento talib\u00e1n","isPartOf":{"@id":"https:\/\/aeronoticias.com.pe\/noticiero\/#website"},"datePublished":"2014-05-09T14:11:58+00:00","author":{"@id":"https:\/\/aeronoticias.com.pe\/noticiero\/#\/schema\/person\/fc1e5d578f4b62ba1cf7ac2bba1170a0"},"description":"Portal de noticias del Per\u00fa sobre el transporte a\u00e9reo, aviaci\u00f3n, turismo, hoteleria, actualidad.","breadcrumb":{"@id":"https:\/\/aeronoticias.com.pe\/noticiero\/internacionales\/un-grupo-de-marines-estadounidenses-graban-supuesto-ataque-ovni-a-un-campamento-taliban\/#breadcrumb"},"inLanguage":"es","potentialAction":[{"@type":"ReadAction","target":["https:\/\/aeronoticias.com.pe\/noticiero\/internacionales\/un-grupo-de-marines-estadounidenses-graban-supuesto-ataque-ovni-a-un-campamento-taliban\/"]}]},{"@type":"BreadcrumbList","@id":"https:\/\/aeronoticias.com.pe\/noticiero\/internacionales\/un-grupo-de-marines-estadounidenses-graban-supuesto-ataque-ovni-a-un-campamento-taliban\/#breadcrumb","itemListElement":[{"@type":"ListItem","position":1,"name":"Portada","item":"https:\/\/aeronoticias.com.pe\/noticiero\/"},{"@type":"ListItem","position":2,"name":"Un grupo de marines estadounidenses graban supuesto ataque OVNI a un campamento talib\u00e1n"}]},{"@type":"WebSite","@id":"https:\/\/aeronoticias.com.pe\/noticiero\/#website","url":"https:\/\/aeronoticias.com.pe\/noticiero\/","name":"Aeronoticias.com.pe","description":"Noticias de tranporte aereo, turismo, hoteles, gastronomia, actualidad, internacional","potentialAction":[{"@type":"SearchAction","target":{"@type":"EntryPoint","urlTemplate":"https:\/\/aeronoticias.com.pe\/noticiero\/?s={search_term_string}"},"query-input":{"@type":"PropertyValueSpecification","valueRequired":true,"valueName":"search_term_string"}}],"inLanguage":"es"},{"@type":"Person","@id":"https:\/\/aeronoticias.com.pe\/noticiero\/#\/schema\/person\/fc1e5d578f4b62ba1cf7ac2bba1170a0","name":"Redacci\u00f3n Aeronoticias","url":"https:\/\/aeronoticias.com.pe\/noticiero\/author\/piloto\/"}]}},"_links":{"self":[{"href":"https:\/\/aeronoticias.com.pe\/noticiero\/wp-json\/wp\/v2\/posts\/45666","targetHints":{"allow":["GET"]}}],"collection":[{"href":"https:\/\/aeronoticias.com.pe\/noticiero\/wp-json\/wp\/v2\/posts"}],"about":[{"href":"https:\/\/aeronoticias.com.pe\/noticiero\/wp-json\/wp\/v2\/types\/post"}],"author":[{"embeddable":true,"href":"https:\/\/aeronoticias.com.pe\/noticiero\/wp-json\/wp\/v2\/users\/1"}],"replies":[{"embeddable":true,"href":"https:\/\/aeronoticias.com.pe\/noticiero\/wp-json\/wp\/v2\/comments?post=45666"}],"version-history":[{"count":0,"href":"https:\/\/aeronoticias.com.pe\/noticiero\/wp-json\/wp\/v2\/posts\/45666\/revisions"}],"wp:attachment":[{"href":"https:\/\/aeronoticias.com.pe\/noticiero\/wp-json\/wp\/v2\/media?parent=45666"}],"wp:term":[{"taxonomy":"category","embeddable":true,"href":"https:\/\/aeronoticias.com.pe\/noticiero\/wp-json\/wp\/v2\/categories?post=45666"},{"taxonomy":"post_tag","embeddable":true,"href":"https:\/\/aeronoticias.com.pe\/noticiero\/wp-json\/wp\/v2\/tags?post=45666"}],"curies":[{"name":"wp","href":"https:\/\/api.w.org\/{rel}","templated":true}]}}