{"id":45667,"date":"2014-05-09T15:24:48","date_gmt":"2014-05-09T15:24:48","guid":{"rendered":"http:\/\/desarrollo.mcvicious.com\/aero2020\/2014\/05\/09\/iya-sabes-cual-es-el-mejor-y-peor-pasaporte-de-america-latina-enterate-aqui\/"},"modified":"2014-05-09T15:24:48","modified_gmt":"2014-05-09T15:24:48","slug":"iya-sabes-cual-es-el-mejor-y-peor-pasaporte-de-america-latina-enterate-aqui","status":"publish","type":"post","link":"https:\/\/aeronoticias.com.pe\/noticiero\/transporte-aereo\/internacional\/iya-sabes-cual-es-el-mejor-y-peor-pasaporte-de-america-latina-enterate-aqui\/","title":{"rendered":"\u00bfYa sabes cu\u00e1l es el mejor y peor pasaporte de Am\u00e9rica Latina? Ent\u00e9rate aqu\u00ed"},"content":{"rendered":"<p style=\"text-align: justify;\"><img decoding=\"async\" src=\"images\/stories\/14\/05\/090514\/a2.jpg\" border=\"0\" \/><\/p>\n<p style=\"text-align: justify;\"><strong>(Aeronoticias).-<\/strong> <em> Este ha sido un buen a\u00f1o para los colombianos, peruanos y chilenos que buscan viajar al exterior como turistas.<\/em><\/p>\n<p style=\"text-align: justify;\">Esta semana, la Uni\u00f3n Europea (UE) adopt\u00f3 un reglamento que incluye a Colombia y Per\u00fa en la lista de pa\u00edses que, en un futuro, estar\u00e1n exentos de tramitar visa para estancias cortas.<\/p>\n<p style=\"text-align: justify;\">La medida se suma a una similar aprobada el 27 de febrero en el Parlamento Europeo para retirarle la exigencia de la visa tur\u00edstica a los ciudadanos de esas naciones que quieran acceder al espacio Schengen -compuesto por 26 pa\u00edses de Europa- y que, se espera, entre en vigencia en 2015.<\/p>\n<p style=\"text-align: justify;\">Y el 30 de marzo Chile se convirti\u00f3 en el primer pa\u00eds de la regi\u00f3n en integrarse al Programa de Exenci\u00f3n de Visa (Visa Waiver Program, VWP), que permite entrar a Estados Unidos sin visado.<\/p>\n<p style=\"text-align: justify;\"><span style=\"text-decoration: underline;\">Pero, \u00bfcu\u00e1l es el mejor pasaporte de Am\u00e9rica Latina? \u00bfY el peor?<\/span><\/p>\n<p style=\"text-align: justify;\">Seg\u00fan el \u00cdndice de Restricciones de Visa de la consultora Henley &amp; Partners, realizado en cooperaci\u00f3n con la Asociaci\u00f3n Internacional de Transporte A\u00e9reo (IATA, por sus siglas en ingl\u00e9s), los argentinos, brasile\u00f1os y chilenos son los que pueden viajar a m\u00e1s pa\u00edses sin necesidad de una visa.<\/p>\n<p style=\"text-align: justify;\">Por el contrario, los haitianos, dominicanos y cubanos son los que deben hacer m\u00e1s tr\u00e1mites.<\/p>\n<p style=\"text-align: justify;\"><img decoding=\"async\" src=\"images\/stories\/14\/05\/090514\/a2_2.jpg\" border=\"0\" \/><\/p>\n<p style=\"text-align: justify;\"><img decoding=\"async\" src=\"images\/stories\/14\/05\/090514\/a2_1.jpg\" border=\"0\" \/><\/p>\n<p style=\"text-align: justify;\">El \u00edndice de Henley &amp; Partners, creado con base en las regulaciones v\u00e1lidas al 1 de julio de 2013, contempla 219 destinos en el mundo, incluyendo pa\u00edses y territorios.<\/p>\n<p style=\"text-align: justify;\">La m\u00e1xima puntuaci\u00f3n posible en su clasificaci\u00f3n es entonces de 218, porque no se cuenta el propio pa\u00eds de quien viaja.<\/p>\n<p style=\"text-align: justify;\">A nivel mundial la lideran Finlandia, Suecia y Reino Unido, cuyos ciudadanos pueden viajar a 173 lugares sin necesidad de un visado.<\/p>\n<p style=\"text-align: justify;\">En el otro extremo est\u00e1n Afganist\u00e1n (28), Irak (31), y Pakist\u00e1n y Somalia (32).<\/p>\n<p style=\"text-align: justify;\">De Am\u00e9rica Latina, los pa\u00edses que actualmente pueden ingresar como turistas al espacio Schengen (que para efectos migratorios funciona como un solo Estado) y permanecer durante 90 d\u00edas \u2013y en algunos casos por per\u00edodos m\u00e1s extensos\u2013 son:<\/p>\n<p style=\"text-align: justify;\">\u00a0<\/p>\n<ul>\n<li><em style=\"line-height: 1.3em;\">Argentina<\/em><\/li>\n<li><em style=\"line-height: 1.3em;\">Brasil<\/em><\/li>\n<li><em style=\"line-height: 1.3em;\">Chile<\/em><\/li>\n<li><em style=\"line-height: 1.3em;\">Costa Rica<\/em><\/li>\n<li><em style=\"line-height: 1.3em;\">El Salvador<\/em><\/li>\n<li><em style=\"line-height: 1.3em;\">Guatemala<\/em><\/li>\n<li><em style=\"line-height: 1.3em;\">Honduras<\/em><\/li>\n<li><em style=\"line-height: 1.3em;\">M\u00e9xico<\/em><\/li>\n<li><em style=\"line-height: 1.3em;\">Nicaragua<\/em><\/li>\n<li><em style=\"line-height: 1.3em;\">Panam\u00e1<\/em><\/li>\n<li><em style=\"line-height: 1.3em;\">Paraguay<\/em><\/li>\n<li><em style=\"line-height: 1.3em;\">Uruguay<\/em><\/li>\n<li><em style=\"line-height: 1.3em;\">Venezuela<\/em><\/li>\n<\/ul>\n<p>\u00a0<\/p>\n<p style=\"text-align: justify;\">Sobre la futura inclusi\u00f3n de Colombia y Per\u00fa, el Parlamento europeo se\u00f1al\u00f3 en un comunicado en febrero que \u00abha sido acordada con la condici\u00f3n de que la Comisi\u00f3n Europea realice una evaluaci\u00f3n complementaria sobre la situaci\u00f3n en ambos pa\u00edses\u00bb.<\/p>\n<p style=\"text-align: justify;\">Tanto Colombia como Per\u00fa \u00abdeber\u00e1n someterse a un an\u00e1lisis\u00bb de ciertos par\u00e1metros, que incluyen \u00abla inmigraci\u00f3n clandestina, el orden p\u00fablico y la seguridad, los beneficios econ\u00f3micos (en particular, el turismo y el comercio exterior) y las relaciones exteriores de la Uni\u00f3n con los pa\u00edses afectados (en particular, derechos humanos y libertades fundamentales)\u00bb.<\/p>\n<p style=\"text-align: justify;\"><span style=\"text-decoration: underline;\">Hacia Estados Unidos<\/span><\/p>\n<p style=\"text-align: justify;\">Estados Unidos es uno de los pa\u00edses que m\u00e1s exigencias hacen a los latinoamericanos que lo quieren visitar.<\/p>\n<p style=\"text-align: justify;\">Gracias el acuerdo que entr\u00f3 en vigencia en marzo, los chilenos que tengan pasaportes biom\u00e9tricos y hayan completado previamente el Sistema Electr\u00f3nico para la Autorizaci\u00f3n de Viaje (Electronic System for Travel Authorization, ESTA) pueden ingresar a EE.UU. sin visas de visitantes para no inmigrantes.<\/p>\n<p style=\"text-align: justify;\">Para poder ingresar al VWP los pa\u00edses deben cumplir una serie de requisitos que incluyen:<\/p>\n<p style=\"text-align: justify;\"><em>Mejora del cumplimiento de la ley y el intercambio de datos sobre seguridad con Estados Unidos<\/em><\/p>\n<p style=\"text-align: justify;\"><em>Tasa de rechazo de visas inferior al 3%<\/em><\/p>\n<p style=\"text-align: justify;\"><em>Implementaci\u00f3n del pasaporte electr\u00f3nico<\/em><\/p>\n<p style=\"text-align: justify;\"><em>Reporte oportuno de los pasaportes denunciados por robo o perdidos<\/em><\/p>\n<p style=\"text-align: justify;\"><em>Altos est\u00e1ndares en la lucha contra el terrorismo, el cumplimiento de la ley, el control de fronterzas y la seguridad de documentos<\/em><\/p>\n<p style=\"text-align: justify;\"><span style=\"text-decoration: underline;\">Uruguay es uno de los pa\u00edses de la regi\u00f3n que espera poder sumarse al programa<\/span><\/p>\n<p style=\"text-align: justify;\">Est\u00e1 previsto que la eliminaci\u00f3n del visado para viajar a EE.UU. est\u00e9 en la negociaci\u00f3n en el encuentro entre los presidentes Jos\u00e9 Mujica y Barack Obama el 12 de mayo en la Casa Blanca.<\/p>\n<p style=\"text-align: justify;\">\u00abUruguay est\u00e1 abocado a dar pasos concretos para perder la visa de Estados Unidos. Estamos inmersos en los procedimientos que llevan a eso. Son cuestiones que hacen a la seguridad y garant\u00edas de los uruguayos cuando viajan\u00bb, afirm\u00f3 hace unas semanas el canciller uruguayo, Luis Almagro.<\/p>\n<p style=\"text-align: justify;\"><span style=\"text-decoration: underline;\">E incluso Colombia podr\u00eda ser incluido<\/span><\/p>\n<p style=\"text-align: justify;\">El secretario de Estado de EE.UU., John Kerry, asegur\u00f3 en febrero a la canciller colombiana, Mar\u00eda \u00c1ngela Holgu\u00edn, que su gobierno har\u00e1 todo lo posible para apoyar a Colombia en su intento de que se suprima la exigencia de visados de turismo a los colombianos.<\/p>\n<p style=\"text-align: justify;\">\u00abEstamos absolutamente comprometidos a asegurar que, lo antes posible, podamos implementar ese programa, y vamos a trabajar de la forma m\u00e1s constructiva posible para ayudar a que nuestros amigos en Colombia sepan exactamente c\u00f3mo cumplir (esos requisitos) y c\u00f3mo podemos ayudarles\u00bb, asegur\u00f3 Kerry.<\/p>\n<p style=\"text-align: justify;\">Uno de los requisitos que establece EE.UU. es que el porcentaje de visados que se niegan cada a\u00f1o a ciudadanos del pa\u00eds en cuesti\u00f3n no supere el 3% de todos los que se solicitan.<\/p>\n<p style=\"text-align: justify;\">\u00abColombia est\u00e1 muy por encima de ese nivel de 3%. Tenemos un largo camino que recorrer en esto, y hay mucho trabajo por hacer\u00bb, se\u00f1al\u00f3 Holgu\u00edn.<\/p>\n<p style=\"text-align: justify;\">El porcentaje de visas de turismo rechazadas a los colombianos en 2013 alcanz\u00f3 el 10,4%, de acuerdo al gobierno estadounidense.<\/p>\n<p style=\"text-align: justify;\"><span style=\"text-decoration: underline;\">Los criterios<\/span><\/p>\n<p style=\"text-align: justify;\">Pero, \u00bfde qu\u00e9 depende que un nepal\u00ed pueda viajar a 37 pa\u00edses sin necesidad de visa y que un espa\u00f1ol pueda hacerlo a 170?<\/p>\n<p style=\"text-align: justify;\">Inciden \u00abuna serie de factores\u00bb, le dice a BBC Mundo Amanda Philp, jefa de Publicaciones de Henley &amp; Partners.<\/p>\n<p style=\"text-align: justify;\">Entre ellos, explica, \u00abla situaci\u00f3n internacional de un pa\u00eds y sus relaciones con otros pa\u00edses\u00bb.<\/p>\n<p style=\"text-align: justify;\">\u00abLos principales criterios para la expedici\u00f3n de visados son las consideraciones de seguridad, y consideraciones normativas y econ\u00f3micas\u00bb, se\u00f1al Philp.<\/p>\n<p style=\"text-align: justify;\">Y \u00aben general, \u2013agrega\u2013 la pol\u00edtica de visados se basa en las relaciones hist\u00f3ricas o diplom\u00e1ticas, o tratados de comercio y el comercio entre las naciones\u00bb.<\/p>\n<p style=\"text-align: justify;\">Los \u00abacuerdos y tratados rec\u00edprocos tambi\u00e9n determinan los requisitos de visado de varios pa\u00edses\u00bb.<\/p>\n<p style=\"text-align: justify;\">El hecho de que todos los pa\u00edses de Am\u00e9rica Latina hayan visto incrementar la cantidad de lugares a los que sus ciudadanos pueden acceder sin visa se enmarca dentro de una tendencia global.<\/p>\n<p style=\"text-align: justify;\">De acuerdo con el Informe de Apertura de Visa Tur\u00edstica de la Organizaci\u00f3n Mundial de Turismo (OMT), el porcentaje de la poblaci\u00f3n que necesita una visa tradicional para viajar disminuy\u00f3 del 77% en 2008 al 64% en 2013.<\/p>\n<p style=\"text-align: justify;\">La OMT, que ve la facilitaci\u00f3n de visados como una forma de estimular el crecimiento del turismo, asegura en su informe publicado el a\u00f1o pasado que en 2013 el 18% de la poblaci\u00f3n mundial fue capaz de viajar a un destino sin necesidad de visa, mientras que otro 15% pudo obtenerla al arribar.<\/p>\n<p style=\"text-align: justify;\">En general, dice la agencia especializada de Naciones Unidas, las econom\u00edas emergentes tienden a ser m\u00e1s abiertas que las m\u00e1s avanzadas, y detalla que los pa\u00edses del sudeste asi\u00e1tico, el este de \u00c1frica, el Caribe y Ocean\u00eda son las regiones con mayor apertura mientras que los de \u00c1frica central, \u00c1frica del norte, y Am\u00e9rica del Norte son las m\u00e1s restrictivas.<\/p>\n<p style=\"text-align: justify;\">\u00a0<\/p>\n<p style=\"text-align: justify;\">Fuente:<em><strong>BBC<\/strong><\/em><\/p>\n<p style=\"text-align: justify;\">Foto:<strong><em>BBC<\/em><\/strong><\/p>\n<p style=\"text-align: justify;\"><strong><em><br \/><\/em><\/strong><\/p>\n<p>{jathumbnail off images=\u00bbimages\/stories\/14\/05\/090514\/a2.jpg,images\/stories\/14\/05\/090514\/a2_2.jpg,images\/stories\/14\/05\/090514\/a2_1.jpg\u00bb}<\/p>\n","protected":false},"excerpt":{"rendered":"<p>(Aeronoticias).- Este ha sido un buen a\u00f1o para los colombianos, peruanos y chilenos que buscan viajar al exterior como turistas. Esta semana, la Uni\u00f3n Europea (UE) adopt\u00f3 un reglamento que incluye a Colombia y Per\u00fa en la lista de pa\u00edses que, en un futuro, estar\u00e1n exentos de tramitar visa para estancias cortas. La medida se [&hellip;]<\/p>\n","protected":false},"author":1,"featured_media":0,"comment_status":"open","ping_status":"open","sticky":false,"template":"","format":"standard","meta":{"tdm_status":"","tdm_grid_status":"","footnotes":""},"categories":[32],"tags":[],"class_list":{"0":"post-45667","1":"post","2":"type-post","3":"status-publish","4":"format-standard","6":"category-internacional"},"yoast_head":"<!-- This site is optimized with the Yoast SEO plugin v25.1 - https:\/\/yoast.com\/wordpress\/plugins\/seo\/ -->\n<title>\u00bfYa sabes cu\u00e1l es el mejor y peor pasaporte de Am\u00e9rica Latina? Ent\u00e9rate aqu\u00ed<\/title>\n<meta name=\"description\" content=\"Portal de noticias del Per\u00fa sobre el transporte a\u00e9reo, aviaci\u00f3n, turismo, hoteleria, actualidad.\" \/>\n<meta name=\"robots\" content=\"index, follow, max-snippet:-1, max-image-preview:large, max-video-preview:-1\" \/>\n<link rel=\"canonical\" href=\"https:\/\/aeronoticias.com.pe\/noticiero\/transporte-aereo\/internacional\/iya-sabes-cual-es-el-mejor-y-peor-pasaporte-de-america-latina-enterate-aqui\/\" \/>\n<meta property=\"og:locale\" content=\"es_ES\" \/>\n<meta property=\"og:type\" content=\"article\" \/>\n<meta property=\"og:title\" content=\"\u00bfYa sabes cu\u00e1l es el mejor y peor pasaporte de Am\u00e9rica Latina? Ent\u00e9rate aqu\u00ed\" \/>\n<meta property=\"og:description\" content=\"Portal de noticias del Per\u00fa sobre el transporte a\u00e9reo, aviaci\u00f3n, turismo, hoteleria, actualidad.\" \/>\n<meta property=\"og:url\" content=\"https:\/\/aeronoticias.com.pe\/noticiero\/transporte-aereo\/internacional\/iya-sabes-cual-es-el-mejor-y-peor-pasaporte-de-america-latina-enterate-aqui\/\" \/>\n<meta property=\"og:site_name\" content=\"Aeronoticias.com.pe\" \/>\n<meta property=\"article:publisher\" content=\"https:\/\/www.facebook.com\/Aeronoticias.com.pe\/\" \/>\n<meta property=\"article:published_time\" content=\"2014-05-09T15:24:48+00:00\" \/>\n<meta name=\"author\" content=\"Redacci\u00f3n Aeronoticias\" \/>\n<meta name=\"twitter:card\" content=\"summary_large_image\" \/>\n<meta name=\"twitter:creator\" content=\"@aeronoticias\" \/>\n<meta name=\"twitter:site\" content=\"@aeronoticias\" \/>\n<meta name=\"twitter:label1\" content=\"Escrito por\" \/>\n\t<meta name=\"twitter:data1\" content=\"Redacci\u00f3n Aeronoticias\" \/>\n\t<meta name=\"twitter:label2\" content=\"Tiempo de lectura\" \/>\n\t<meta name=\"twitter:data2\" content=\"6 minutos\" \/>\n<script type=\"application\/ld+json\" class=\"yoast-schema-graph\">{\"@context\":\"https:\/\/schema.org\",\"@graph\":[{\"@type\":\"WebPage\",\"@id\":\"https:\/\/aeronoticias.com.pe\/noticiero\/transporte-aereo\/internacional\/iya-sabes-cual-es-el-mejor-y-peor-pasaporte-de-america-latina-enterate-aqui\/\",\"url\":\"https:\/\/aeronoticias.com.pe\/noticiero\/transporte-aereo\/internacional\/iya-sabes-cual-es-el-mejor-y-peor-pasaporte-de-america-latina-enterate-aqui\/\",\"name\":\"\u00bfYa sabes cu\u00e1l es el mejor y peor pasaporte de Am\u00e9rica Latina? Ent\u00e9rate aqu\u00ed\",\"isPartOf\":{\"@id\":\"https:\/\/aeronoticias.com.pe\/noticiero\/#website\"},\"datePublished\":\"2014-05-09T15:24:48+00:00\",\"author\":{\"@id\":\"https:\/\/aeronoticias.com.pe\/noticiero\/#\/schema\/person\/fc1e5d578f4b62ba1cf7ac2bba1170a0\"},\"description\":\"Portal de noticias del Per\u00fa sobre el transporte a\u00e9reo, aviaci\u00f3n, turismo, hoteleria, actualidad.\",\"breadcrumb\":{\"@id\":\"https:\/\/aeronoticias.com.pe\/noticiero\/transporte-aereo\/internacional\/iya-sabes-cual-es-el-mejor-y-peor-pasaporte-de-america-latina-enterate-aqui\/#breadcrumb\"},\"inLanguage\":\"es\",\"potentialAction\":[{\"@type\":\"ReadAction\",\"target\":[\"https:\/\/aeronoticias.com.pe\/noticiero\/transporte-aereo\/internacional\/iya-sabes-cual-es-el-mejor-y-peor-pasaporte-de-america-latina-enterate-aqui\/\"]}]},{\"@type\":\"BreadcrumbList\",\"@id\":\"https:\/\/aeronoticias.com.pe\/noticiero\/transporte-aereo\/internacional\/iya-sabes-cual-es-el-mejor-y-peor-pasaporte-de-america-latina-enterate-aqui\/#breadcrumb\",\"itemListElement\":[{\"@type\":\"ListItem\",\"position\":1,\"name\":\"Portada\",\"item\":\"https:\/\/aeronoticias.com.pe\/noticiero\/\"},{\"@type\":\"ListItem\",\"position\":2,\"name\":\"\u00bfYa sabes cu\u00e1l es el mejor y peor pasaporte de Am\u00e9rica Latina? Ent\u00e9rate aqu\u00ed\"}]},{\"@type\":\"WebSite\",\"@id\":\"https:\/\/aeronoticias.com.pe\/noticiero\/#website\",\"url\":\"https:\/\/aeronoticias.com.pe\/noticiero\/\",\"name\":\"Aeronoticias.com.pe\",\"description\":\"Noticias de tranporte aereo, turismo, hoteles, gastronomia, actualidad, internacional\",\"potentialAction\":[{\"@type\":\"SearchAction\",\"target\":{\"@type\":\"EntryPoint\",\"urlTemplate\":\"https:\/\/aeronoticias.com.pe\/noticiero\/?s={search_term_string}\"},\"query-input\":{\"@type\":\"PropertyValueSpecification\",\"valueRequired\":true,\"valueName\":\"search_term_string\"}}],\"inLanguage\":\"es\"},{\"@type\":\"Person\",\"@id\":\"https:\/\/aeronoticias.com.pe\/noticiero\/#\/schema\/person\/fc1e5d578f4b62ba1cf7ac2bba1170a0\",\"name\":\"Redacci\u00f3n Aeronoticias\",\"url\":\"https:\/\/aeronoticias.com.pe\/noticiero\/author\/piloto\/\"}]}<\/script>\n<!-- \/ Yoast SEO plugin. -->","yoast_head_json":{"title":"\u00bfYa sabes cu\u00e1l es el mejor y peor pasaporte de Am\u00e9rica Latina? Ent\u00e9rate aqu\u00ed","description":"Portal de noticias del Per\u00fa sobre el transporte a\u00e9reo, aviaci\u00f3n, turismo, hoteleria, actualidad.","robots":{"index":"index","follow":"follow","max-snippet":"max-snippet:-1","max-image-preview":"max-image-preview:large","max-video-preview":"max-video-preview:-1"},"canonical":"https:\/\/aeronoticias.com.pe\/noticiero\/transporte-aereo\/internacional\/iya-sabes-cual-es-el-mejor-y-peor-pasaporte-de-america-latina-enterate-aqui\/","og_locale":"es_ES","og_type":"article","og_title":"\u00bfYa sabes cu\u00e1l es el mejor y peor pasaporte de Am\u00e9rica Latina? Ent\u00e9rate aqu\u00ed","og_description":"Portal de noticias del Per\u00fa sobre el transporte a\u00e9reo, aviaci\u00f3n, turismo, hoteleria, actualidad.","og_url":"https:\/\/aeronoticias.com.pe\/noticiero\/transporte-aereo\/internacional\/iya-sabes-cual-es-el-mejor-y-peor-pasaporte-de-america-latina-enterate-aqui\/","og_site_name":"Aeronoticias.com.pe","article_publisher":"https:\/\/www.facebook.com\/Aeronoticias.com.pe\/","article_published_time":"2014-05-09T15:24:48+00:00","author":"Redacci\u00f3n Aeronoticias","twitter_card":"summary_large_image","twitter_creator":"@aeronoticias","twitter_site":"@aeronoticias","twitter_misc":{"Escrito por":"Redacci\u00f3n Aeronoticias","Tiempo de lectura":"6 minutos"},"schema":{"@context":"https:\/\/schema.org","@graph":[{"@type":"WebPage","@id":"https:\/\/aeronoticias.com.pe\/noticiero\/transporte-aereo\/internacional\/iya-sabes-cual-es-el-mejor-y-peor-pasaporte-de-america-latina-enterate-aqui\/","url":"https:\/\/aeronoticias.com.pe\/noticiero\/transporte-aereo\/internacional\/iya-sabes-cual-es-el-mejor-y-peor-pasaporte-de-america-latina-enterate-aqui\/","name":"\u00bfYa sabes cu\u00e1l es el mejor y peor pasaporte de Am\u00e9rica Latina? Ent\u00e9rate aqu\u00ed","isPartOf":{"@id":"https:\/\/aeronoticias.com.pe\/noticiero\/#website"},"datePublished":"2014-05-09T15:24:48+00:00","author":{"@id":"https:\/\/aeronoticias.com.pe\/noticiero\/#\/schema\/person\/fc1e5d578f4b62ba1cf7ac2bba1170a0"},"description":"Portal de noticias del Per\u00fa sobre el transporte a\u00e9reo, aviaci\u00f3n, turismo, hoteleria, actualidad.","breadcrumb":{"@id":"https:\/\/aeronoticias.com.pe\/noticiero\/transporte-aereo\/internacional\/iya-sabes-cual-es-el-mejor-y-peor-pasaporte-de-america-latina-enterate-aqui\/#breadcrumb"},"inLanguage":"es","potentialAction":[{"@type":"ReadAction","target":["https:\/\/aeronoticias.com.pe\/noticiero\/transporte-aereo\/internacional\/iya-sabes-cual-es-el-mejor-y-peor-pasaporte-de-america-latina-enterate-aqui\/"]}]},{"@type":"BreadcrumbList","@id":"https:\/\/aeronoticias.com.pe\/noticiero\/transporte-aereo\/internacional\/iya-sabes-cual-es-el-mejor-y-peor-pasaporte-de-america-latina-enterate-aqui\/#breadcrumb","itemListElement":[{"@type":"ListItem","position":1,"name":"Portada","item":"https:\/\/aeronoticias.com.pe\/noticiero\/"},{"@type":"ListItem","position":2,"name":"\u00bfYa sabes cu\u00e1l es el mejor y peor pasaporte de Am\u00e9rica Latina? Ent\u00e9rate aqu\u00ed"}]},{"@type":"WebSite","@id":"https:\/\/aeronoticias.com.pe\/noticiero\/#website","url":"https:\/\/aeronoticias.com.pe\/noticiero\/","name":"Aeronoticias.com.pe","description":"Noticias de tranporte aereo, turismo, hoteles, gastronomia, actualidad, internacional","potentialAction":[{"@type":"SearchAction","target":{"@type":"EntryPoint","urlTemplate":"https:\/\/aeronoticias.com.pe\/noticiero\/?s={search_term_string}"},"query-input":{"@type":"PropertyValueSpecification","valueRequired":true,"valueName":"search_term_string"}}],"inLanguage":"es"},{"@type":"Person","@id":"https:\/\/aeronoticias.com.pe\/noticiero\/#\/schema\/person\/fc1e5d578f4b62ba1cf7ac2bba1170a0","name":"Redacci\u00f3n Aeronoticias","url":"https:\/\/aeronoticias.com.pe\/noticiero\/author\/piloto\/"}]}},"_links":{"self":[{"href":"https:\/\/aeronoticias.com.pe\/noticiero\/wp-json\/wp\/v2\/posts\/45667","targetHints":{"allow":["GET"]}}],"collection":[{"href":"https:\/\/aeronoticias.com.pe\/noticiero\/wp-json\/wp\/v2\/posts"}],"about":[{"href":"https:\/\/aeronoticias.com.pe\/noticiero\/wp-json\/wp\/v2\/types\/post"}],"author":[{"embeddable":true,"href":"https:\/\/aeronoticias.com.pe\/noticiero\/wp-json\/wp\/v2\/users\/1"}],"replies":[{"embeddable":true,"href":"https:\/\/aeronoticias.com.pe\/noticiero\/wp-json\/wp\/v2\/comments?post=45667"}],"version-history":[{"count":0,"href":"https:\/\/aeronoticias.com.pe\/noticiero\/wp-json\/wp\/v2\/posts\/45667\/revisions"}],"wp:attachment":[{"href":"https:\/\/aeronoticias.com.pe\/noticiero\/wp-json\/wp\/v2\/media?parent=45667"}],"wp:term":[{"taxonomy":"category","embeddable":true,"href":"https:\/\/aeronoticias.com.pe\/noticiero\/wp-json\/wp\/v2\/categories?post=45667"},{"taxonomy":"post_tag","embeddable":true,"href":"https:\/\/aeronoticias.com.pe\/noticiero\/wp-json\/wp\/v2\/tags?post=45667"}],"curies":[{"name":"wp","href":"https:\/\/api.w.org\/{rel}","templated":true}]}}