{"id":45670,"date":"2014-05-09T16:01:35","date_gmt":"2014-05-09T16:01:35","guid":{"rendered":"http:\/\/desarrollo.mcvicious.com\/aero2020\/2014\/05\/09\/exportaciones-de-arandanos-se-incrementaran-hasta-us-35-millones-este-ano\/"},"modified":"2014-05-09T16:01:35","modified_gmt":"2014-05-09T16:01:35","slug":"exportaciones-de-arandanos-se-incrementaran-hasta-us-35-millones-este-ano","status":"publish","type":"post","link":"https:\/\/aeronoticias.com.pe\/noticiero\/economia\/exportaciones-de-arandanos-se-incrementaran-hasta-us-35-millones-este-ano\/","title":{"rendered":"Exportaciones de ar\u00e1ndanos se incrementar\u00e1n hasta US$ 35 millones este a\u00f1o"},"content":{"rendered":"<p style=\"text-align: justify;\"><img decoding=\"async\" src=\"images\/stories\/14\/05\/090514\/a3.jpg\" border=\"0\" \/><\/p>\n<p style=\"text-align: justify;\"><strong>(Aeronoticias).-<\/strong><em> Estados Unidos es el principal mercado de este fruto.<\/em><\/p>\n<p style=\"text-align: justify;\">Las exportaciones de ar\u00e1ndanos (blue berries) peruanos se incrementar\u00e1n en m\u00e1s del doble este a\u00f1o, hasta sumar 35 millones de d\u00f3lares, estim\u00f3 el presidente de Sierra Exportadora, Alfonso Vel\u00e1squez.<\/p>\n<p style=\"text-align: justify;\">Precis\u00f3 que el a\u00f1o pasado los env\u00edos de este fruto totalizaron 16.9 millones de d\u00f3lares, lo que implic\u00f3 un aumento exponencial respecto al 2012, cuando fue de menos de medio mill\u00f3n de d\u00f3lares.<\/p>\n<p style=\"text-align: justify;\">\u201cHasta comienzos de abril ya se registraban env\u00edos por cinco millones de d\u00f3lares. Y la temporada m\u00e1s fuerte es setiembre y octubre\u201d, declar\u00f3 a la Agencia Andina.<\/p>\n<p style=\"text-align: justify;\">Recalc\u00f3 que el principal destino de los ar\u00e1ndanos peruanos es Estados Unidos, que es el principal importador mundial de estos frutos con el 75 por ciento de la demanda global, seguido de Reino Unido, y Holanda.<\/p>\n<p style=\"text-align: justify;\">Refiri\u00f3 que el volumen de demanda mundial ha crecido 16 por ciento en el \u00faltimo a\u00f1o y se mantendr\u00e1 con una tendencia al alza.<\/p>\n<p style=\"text-align: justify;\">Agreg\u00f3 que Per\u00fa cuenta con 500 hect\u00e1reas para el cultivo de ar\u00e1ndanos y que al 2016 los productores nacionales podr\u00edan estar trabajando 2,500 hect\u00e1reas de este fruto.<\/p>\n<p style=\"text-align: justify;\">\u00abEl boom del ar\u00e1ndano permite que los peque\u00f1os agricultores se incorporen a toda la cadena productiva\u201d, manifest\u00f3.<\/p>\n<p style=\"text-align: justify;\">Afirm\u00f3 que Sierra Exportadora busca dar valor agregado a las exportaciones de estos frutos, para lo cual se busca producir mermeladas, n\u00e9ctares y helados, que tienen gran demanda en el mercado internacional<\/p>\n<p style=\"text-align: justify;\">\u201cEl mercado internacional reconoce sus valiosas propiedades antioxidantes y su alto contenido de potasio, calcio y \u00e1cido asc\u00f3rbico\u201d, anot\u00f3.<\/p>\n<p style=\"text-align: justify;\">Destac\u00f3 que el programa Per\u00fa Berries de Sierra Exportadora impulsa el desarrollo de los cultivos de berries, brinda asesor\u00eda comercial, soporte en la elaboraci\u00f3n y ejecuci\u00f3n de Planes de Negocio, articulaci\u00f3n de la cadena de valor con productores y peque\u00f1as y medianas empresas (pymes) andinas con las instituciones p\u00fablicas y la empresa privada.<\/p>\n<p style=\"text-align: justify;\">\u00a0<\/p>\n<p style=\"text-align: justify;\">Fuente:<strong><em>Andina<\/em><\/strong><\/p>\n<p style=\"text-align: justify;\">Foto:<strong><em>Andina<\/em><\/strong><\/p>\n","protected":false},"excerpt":{"rendered":"<p>(Aeronoticias).- Estados Unidos es el principal mercado de este fruto. Las exportaciones de ar\u00e1ndanos (blue berries) peruanos se incrementar\u00e1n en m\u00e1s del doble este a\u00f1o, hasta sumar 35 millones de d\u00f3lares, estim\u00f3 el presidente de Sierra Exportadora, Alfonso Vel\u00e1squez. Precis\u00f3 que el a\u00f1o pasado los env\u00edos de este fruto totalizaron 16.9 millones de d\u00f3lares, lo [&hellip;]<\/p>\n","protected":false},"author":1,"featured_media":0,"comment_status":"open","ping_status":"open","sticky":false,"template":"","format":"standard","meta":{"tdm_status":"","tdm_grid_status":"","footnotes":""},"categories":[33],"tags":[],"class_list":{"0":"post-45670","1":"post","2":"type-post","3":"status-publish","4":"format-standard","6":"category-economia"},"yoast_head":"<!-- This site is optimized with the Yoast SEO plugin v25.1 - https:\/\/yoast.com\/wordpress\/plugins\/seo\/ -->\n<title>Exportaciones de ar\u00e1ndanos se incrementar\u00e1n hasta US$ 35 millones este a\u00f1o<\/title>\n<meta name=\"description\" content=\"Portal de noticias del Per\u00fa sobre el transporte a\u00e9reo, aviaci\u00f3n, turismo, hoteleria, actualidad.\" \/>\n<meta name=\"robots\" content=\"index, follow, max-snippet:-1, max-image-preview:large, max-video-preview:-1\" \/>\n<link rel=\"canonical\" href=\"https:\/\/aeronoticias.com.pe\/noticiero\/economia\/exportaciones-de-arandanos-se-incrementaran-hasta-us-35-millones-este-ano\/\" \/>\n<meta property=\"og:locale\" content=\"es_ES\" \/>\n<meta property=\"og:type\" content=\"article\" \/>\n<meta property=\"og:title\" content=\"Exportaciones de ar\u00e1ndanos se incrementar\u00e1n hasta US$ 35 millones este a\u00f1o\" \/>\n<meta property=\"og:description\" content=\"Portal de noticias del Per\u00fa sobre el transporte a\u00e9reo, aviaci\u00f3n, turismo, hoteleria, actualidad.\" \/>\n<meta property=\"og:url\" content=\"https:\/\/aeronoticias.com.pe\/noticiero\/economia\/exportaciones-de-arandanos-se-incrementaran-hasta-us-35-millones-este-ano\/\" \/>\n<meta property=\"og:site_name\" content=\"Aeronoticias.com.pe\" \/>\n<meta property=\"article:publisher\" content=\"https:\/\/www.facebook.com\/Aeronoticias.com.pe\/\" \/>\n<meta property=\"article:published_time\" content=\"2014-05-09T16:01:35+00:00\" \/>\n<meta name=\"author\" content=\"Redacci\u00f3n Aeronoticias\" \/>\n<meta name=\"twitter:card\" content=\"summary_large_image\" \/>\n<meta name=\"twitter:creator\" content=\"@aeronoticias\" \/>\n<meta name=\"twitter:site\" content=\"@aeronoticias\" \/>\n<meta name=\"twitter:label1\" content=\"Escrito por\" \/>\n\t<meta name=\"twitter:data1\" content=\"Redacci\u00f3n Aeronoticias\" \/>\n\t<meta name=\"twitter:label2\" content=\"Tiempo de lectura\" \/>\n\t<meta name=\"twitter:data2\" content=\"2 minutos\" \/>\n<script type=\"application\/ld+json\" class=\"yoast-schema-graph\">{\"@context\":\"https:\/\/schema.org\",\"@graph\":[{\"@type\":\"WebPage\",\"@id\":\"https:\/\/aeronoticias.com.pe\/noticiero\/economia\/exportaciones-de-arandanos-se-incrementaran-hasta-us-35-millones-este-ano\/\",\"url\":\"https:\/\/aeronoticias.com.pe\/noticiero\/economia\/exportaciones-de-arandanos-se-incrementaran-hasta-us-35-millones-este-ano\/\",\"name\":\"Exportaciones de ar\u00e1ndanos se incrementar\u00e1n hasta US$ 35 millones este a\u00f1o\",\"isPartOf\":{\"@id\":\"https:\/\/aeronoticias.com.pe\/noticiero\/#website\"},\"datePublished\":\"2014-05-09T16:01:35+00:00\",\"author\":{\"@id\":\"https:\/\/aeronoticias.com.pe\/noticiero\/#\/schema\/person\/fc1e5d578f4b62ba1cf7ac2bba1170a0\"},\"description\":\"Portal de noticias del Per\u00fa sobre el transporte a\u00e9reo, aviaci\u00f3n, turismo, hoteleria, actualidad.\",\"breadcrumb\":{\"@id\":\"https:\/\/aeronoticias.com.pe\/noticiero\/economia\/exportaciones-de-arandanos-se-incrementaran-hasta-us-35-millones-este-ano\/#breadcrumb\"},\"inLanguage\":\"es\",\"potentialAction\":[{\"@type\":\"ReadAction\",\"target\":[\"https:\/\/aeronoticias.com.pe\/noticiero\/economia\/exportaciones-de-arandanos-se-incrementaran-hasta-us-35-millones-este-ano\/\"]}]},{\"@type\":\"BreadcrumbList\",\"@id\":\"https:\/\/aeronoticias.com.pe\/noticiero\/economia\/exportaciones-de-arandanos-se-incrementaran-hasta-us-35-millones-este-ano\/#breadcrumb\",\"itemListElement\":[{\"@type\":\"ListItem\",\"position\":1,\"name\":\"Portada\",\"item\":\"https:\/\/aeronoticias.com.pe\/noticiero\/\"},{\"@type\":\"ListItem\",\"position\":2,\"name\":\"Exportaciones de ar\u00e1ndanos se incrementar\u00e1n hasta US$ 35 millones este a\u00f1o\"}]},{\"@type\":\"WebSite\",\"@id\":\"https:\/\/aeronoticias.com.pe\/noticiero\/#website\",\"url\":\"https:\/\/aeronoticias.com.pe\/noticiero\/\",\"name\":\"Aeronoticias.com.pe\",\"description\":\"Noticias de tranporte aereo, turismo, hoteles, gastronomia, actualidad, internacional\",\"potentialAction\":[{\"@type\":\"SearchAction\",\"target\":{\"@type\":\"EntryPoint\",\"urlTemplate\":\"https:\/\/aeronoticias.com.pe\/noticiero\/?s={search_term_string}\"},\"query-input\":{\"@type\":\"PropertyValueSpecification\",\"valueRequired\":true,\"valueName\":\"search_term_string\"}}],\"inLanguage\":\"es\"},{\"@type\":\"Person\",\"@id\":\"https:\/\/aeronoticias.com.pe\/noticiero\/#\/schema\/person\/fc1e5d578f4b62ba1cf7ac2bba1170a0\",\"name\":\"Redacci\u00f3n Aeronoticias\",\"url\":\"https:\/\/aeronoticias.com.pe\/noticiero\/author\/piloto\/\"}]}<\/script>\n<!-- \/ Yoast SEO plugin. -->","yoast_head_json":{"title":"Exportaciones de ar\u00e1ndanos se incrementar\u00e1n hasta US$ 35 millones este a\u00f1o","description":"Portal de noticias del Per\u00fa sobre el transporte a\u00e9reo, aviaci\u00f3n, turismo, hoteleria, actualidad.","robots":{"index":"index","follow":"follow","max-snippet":"max-snippet:-1","max-image-preview":"max-image-preview:large","max-video-preview":"max-video-preview:-1"},"canonical":"https:\/\/aeronoticias.com.pe\/noticiero\/economia\/exportaciones-de-arandanos-se-incrementaran-hasta-us-35-millones-este-ano\/","og_locale":"es_ES","og_type":"article","og_title":"Exportaciones de ar\u00e1ndanos se incrementar\u00e1n hasta US$ 35 millones este a\u00f1o","og_description":"Portal de noticias del Per\u00fa sobre el transporte a\u00e9reo, aviaci\u00f3n, turismo, hoteleria, actualidad.","og_url":"https:\/\/aeronoticias.com.pe\/noticiero\/economia\/exportaciones-de-arandanos-se-incrementaran-hasta-us-35-millones-este-ano\/","og_site_name":"Aeronoticias.com.pe","article_publisher":"https:\/\/www.facebook.com\/Aeronoticias.com.pe\/","article_published_time":"2014-05-09T16:01:35+00:00","author":"Redacci\u00f3n Aeronoticias","twitter_card":"summary_large_image","twitter_creator":"@aeronoticias","twitter_site":"@aeronoticias","twitter_misc":{"Escrito por":"Redacci\u00f3n Aeronoticias","Tiempo de lectura":"2 minutos"},"schema":{"@context":"https:\/\/schema.org","@graph":[{"@type":"WebPage","@id":"https:\/\/aeronoticias.com.pe\/noticiero\/economia\/exportaciones-de-arandanos-se-incrementaran-hasta-us-35-millones-este-ano\/","url":"https:\/\/aeronoticias.com.pe\/noticiero\/economia\/exportaciones-de-arandanos-se-incrementaran-hasta-us-35-millones-este-ano\/","name":"Exportaciones de ar\u00e1ndanos se incrementar\u00e1n hasta US$ 35 millones este a\u00f1o","isPartOf":{"@id":"https:\/\/aeronoticias.com.pe\/noticiero\/#website"},"datePublished":"2014-05-09T16:01:35+00:00","author":{"@id":"https:\/\/aeronoticias.com.pe\/noticiero\/#\/schema\/person\/fc1e5d578f4b62ba1cf7ac2bba1170a0"},"description":"Portal de noticias del Per\u00fa sobre el transporte a\u00e9reo, aviaci\u00f3n, turismo, hoteleria, actualidad.","breadcrumb":{"@id":"https:\/\/aeronoticias.com.pe\/noticiero\/economia\/exportaciones-de-arandanos-se-incrementaran-hasta-us-35-millones-este-ano\/#breadcrumb"},"inLanguage":"es","potentialAction":[{"@type":"ReadAction","target":["https:\/\/aeronoticias.com.pe\/noticiero\/economia\/exportaciones-de-arandanos-se-incrementaran-hasta-us-35-millones-este-ano\/"]}]},{"@type":"BreadcrumbList","@id":"https:\/\/aeronoticias.com.pe\/noticiero\/economia\/exportaciones-de-arandanos-se-incrementaran-hasta-us-35-millones-este-ano\/#breadcrumb","itemListElement":[{"@type":"ListItem","position":1,"name":"Portada","item":"https:\/\/aeronoticias.com.pe\/noticiero\/"},{"@type":"ListItem","position":2,"name":"Exportaciones de ar\u00e1ndanos se incrementar\u00e1n hasta US$ 35 millones este a\u00f1o"}]},{"@type":"WebSite","@id":"https:\/\/aeronoticias.com.pe\/noticiero\/#website","url":"https:\/\/aeronoticias.com.pe\/noticiero\/","name":"Aeronoticias.com.pe","description":"Noticias de tranporte aereo, turismo, hoteles, gastronomia, actualidad, internacional","potentialAction":[{"@type":"SearchAction","target":{"@type":"EntryPoint","urlTemplate":"https:\/\/aeronoticias.com.pe\/noticiero\/?s={search_term_string}"},"query-input":{"@type":"PropertyValueSpecification","valueRequired":true,"valueName":"search_term_string"}}],"inLanguage":"es"},{"@type":"Person","@id":"https:\/\/aeronoticias.com.pe\/noticiero\/#\/schema\/person\/fc1e5d578f4b62ba1cf7ac2bba1170a0","name":"Redacci\u00f3n Aeronoticias","url":"https:\/\/aeronoticias.com.pe\/noticiero\/author\/piloto\/"}]}},"_links":{"self":[{"href":"https:\/\/aeronoticias.com.pe\/noticiero\/wp-json\/wp\/v2\/posts\/45670","targetHints":{"allow":["GET"]}}],"collection":[{"href":"https:\/\/aeronoticias.com.pe\/noticiero\/wp-json\/wp\/v2\/posts"}],"about":[{"href":"https:\/\/aeronoticias.com.pe\/noticiero\/wp-json\/wp\/v2\/types\/post"}],"author":[{"embeddable":true,"href":"https:\/\/aeronoticias.com.pe\/noticiero\/wp-json\/wp\/v2\/users\/1"}],"replies":[{"embeddable":true,"href":"https:\/\/aeronoticias.com.pe\/noticiero\/wp-json\/wp\/v2\/comments?post=45670"}],"version-history":[{"count":0,"href":"https:\/\/aeronoticias.com.pe\/noticiero\/wp-json\/wp\/v2\/posts\/45670\/revisions"}],"wp:attachment":[{"href":"https:\/\/aeronoticias.com.pe\/noticiero\/wp-json\/wp\/v2\/media?parent=45670"}],"wp:term":[{"taxonomy":"category","embeddable":true,"href":"https:\/\/aeronoticias.com.pe\/noticiero\/wp-json\/wp\/v2\/categories?post=45670"},{"taxonomy":"post_tag","embeddable":true,"href":"https:\/\/aeronoticias.com.pe\/noticiero\/wp-json\/wp\/v2\/tags?post=45670"}],"curies":[{"name":"wp","href":"https:\/\/api.w.org\/{rel}","templated":true}]}}