{"id":45672,"date":"2014-05-09T16:16:27","date_gmt":"2014-05-09T16:16:27","guid":{"rendered":"http:\/\/desarrollo.mcvicious.com\/aero2020\/2014\/05\/09\/mandatario-presidira-consejo-de-ministros-descentralizado-en-region-la-libertad\/"},"modified":"2014-05-09T16:16:27","modified_gmt":"2014-05-09T16:16:27","slug":"mandatario-presidira-consejo-de-ministros-descentralizado-en-region-la-libertad","status":"publish","type":"post","link":"https:\/\/aeronoticias.com.pe\/noticiero\/politica\/mandatario-presidira-consejo-de-ministros-descentralizado-en-region-la-libertad\/","title":{"rendered":"Mandatario presidir\u00e1 Consejo de Ministros Descentralizado en regi\u00f3n La Libertad"},"content":{"rendered":"<p style=\"text-align: justify;\"><img decoding=\"async\" src=\"images\/stories\/14\/05\/090514\/a5.jpg\" border=\"0\" \/><\/p>\n<p style=\"text-align: justify;\"><strong>(Aeronoticias).-<\/strong> <em>Se firmar\u00e1 contrato para tercera etapa de Chavimochic.<\/em><\/p>\n<p style=\"text-align: justify;\">El presidente Ollanta Humala presidir\u00e1 hoy la XIV Sesi\u00f3n del Consejo de Ministros Descentralizado en la regi\u00f3n La Libertad, en la cual se tomar\u00e1n una serie de acuerdos destinados a la atenci\u00f3n de las necesidades m\u00e1s urgentes de ese departamento.<\/p>\n<p style=\"text-align: justify;\">La cita de trabajo se efectuar\u00e1 en la Municipalidad de Bol\u00edvar, ubicada en la Provincia de Bol\u00edvar de dicha regi\u00f3n.<\/p>\n<p style=\"text-align: justify;\">El Gabinete Ministerial abordar\u00e1 \u00a0temas relacionados a comunicaci\u00f3n vial, vivienda y saneamiento, desarrollo agr\u00edcola, medio ambiente, educaci\u00f3n, desarrollo energ\u00e9tico, inclusi\u00f3n social, entre otros.<\/p>\n<p style=\"text-align: justify;\">En el marco de esta actividad, el Jefe de Estado sostendr\u00e1, adem\u00e1s, un encuentro con la poblaci\u00f3n de Bol\u00edvar en la plaza principal de dicho distrito. En en este acto el Ministro de Agricultura y Riego, Juan Manuel Ben\u00edtes, suscribir\u00e1 el contrato de la Tercera Etapa del Proyecto Especial de Chavimochic.<\/p>\n<p style=\"text-align: justify;\">Este proyecto tiene la finalidad de ejecutar obras por 715 millones de d\u00f3lares para la incorporaci\u00f3n de 63,492 hect\u00e1reas de tierras para la agricultura. Asimismo, se mejorar\u00e1 el riego de 47,794 hect\u00e1reas de tierras en los valles de Chao,Vir\u00fa, Moch\u00e9 y Chicama.<\/p>\n<p style=\"text-align: justify;\">Finalmente el presidente de la Rep\u00fablica inaugurar\u00e1 la ampliaci\u00f3n y mejoramiento del sistema de electrificaci\u00f3n rural de los caser\u00edos del distrito de Salpo, en la Provincia de Otuzco.<\/p>\n<p style=\"text-align: justify;\">En dicha obra se han invertido m\u00e1s de \u00a0seis \u00a0millones de nuevos soles para electrificar 30 localidades y dotar del servicio el\u00e9ctrico a 1,455 viviendas para beneficiar a una poblaci\u00f3n de 6,320 habitantes, ubicadas en el Distrito de Salpo.<\/p>\n<p style=\"text-align: justify;\">\u00a0<\/p>\n<p style=\"text-align: justify;\">Fuente:<strong><em>Andina<\/em><\/strong><\/p>\n<p style=\"text-align: justify;\">Foto:<strong><em>Andina<\/em><\/strong><\/p>\n<p style=\"text-align: justify;\">\u00a0<\/p>\n","protected":false},"excerpt":{"rendered":"<p>(Aeronoticias).- Se firmar\u00e1 contrato para tercera etapa de Chavimochic. El presidente Ollanta Humala presidir\u00e1 hoy la XIV Sesi\u00f3n del Consejo de Ministros Descentralizado en la regi\u00f3n La Libertad, en la cual se tomar\u00e1n una serie de acuerdos destinados a la atenci\u00f3n de las necesidades m\u00e1s urgentes de ese departamento. La cita de trabajo se efectuar\u00e1 [&hellip;]<\/p>\n","protected":false},"author":1,"featured_media":0,"comment_status":"open","ping_status":"open","sticky":false,"template":"","format":"standard","meta":{"tdm_status":"","tdm_grid_status":"","footnotes":""},"categories":[36],"tags":[],"class_list":{"0":"post-45672","1":"post","2":"type-post","3":"status-publish","4":"format-standard","6":"category-politica"},"yoast_head":"<!-- This site is optimized with the Yoast SEO plugin v25.1 - https:\/\/yoast.com\/wordpress\/plugins\/seo\/ -->\n<title>Mandatario presidir\u00e1 Consejo de Ministros Descentralizado en regi\u00f3n La Libertad<\/title>\n<meta name=\"description\" content=\"Portal de noticias del Per\u00fa sobre el transporte a\u00e9reo, aviaci\u00f3n, turismo, hoteleria, actualidad.\" \/>\n<meta name=\"robots\" content=\"index, follow, max-snippet:-1, max-image-preview:large, max-video-preview:-1\" \/>\n<link rel=\"canonical\" href=\"https:\/\/aeronoticias.com.pe\/noticiero\/politica\/mandatario-presidira-consejo-de-ministros-descentralizado-en-region-la-libertad\/\" \/>\n<meta property=\"og:locale\" content=\"es_ES\" \/>\n<meta property=\"og:type\" content=\"article\" \/>\n<meta property=\"og:title\" content=\"Mandatario presidir\u00e1 Consejo de Ministros Descentralizado en regi\u00f3n La Libertad\" \/>\n<meta property=\"og:description\" content=\"Portal de noticias del Per\u00fa sobre el transporte a\u00e9reo, aviaci\u00f3n, turismo, hoteleria, actualidad.\" \/>\n<meta property=\"og:url\" content=\"https:\/\/aeronoticias.com.pe\/noticiero\/politica\/mandatario-presidira-consejo-de-ministros-descentralizado-en-region-la-libertad\/\" \/>\n<meta property=\"og:site_name\" content=\"Aeronoticias.com.pe\" \/>\n<meta property=\"article:publisher\" content=\"https:\/\/www.facebook.com\/Aeronoticias.com.pe\/\" \/>\n<meta property=\"article:published_time\" content=\"2014-05-09T16:16:27+00:00\" \/>\n<meta name=\"author\" content=\"Redacci\u00f3n Aeronoticias\" \/>\n<meta name=\"twitter:card\" content=\"summary_large_image\" \/>\n<meta name=\"twitter:creator\" content=\"@aeronoticias\" \/>\n<meta name=\"twitter:site\" content=\"@aeronoticias\" \/>\n<meta name=\"twitter:label1\" content=\"Escrito por\" \/>\n\t<meta name=\"twitter:data1\" content=\"Redacci\u00f3n Aeronoticias\" \/>\n\t<meta name=\"twitter:label2\" content=\"Tiempo de lectura\" \/>\n\t<meta name=\"twitter:data2\" content=\"1 minuto\" \/>\n<script type=\"application\/ld+json\" class=\"yoast-schema-graph\">{\"@context\":\"https:\/\/schema.org\",\"@graph\":[{\"@type\":\"WebPage\",\"@id\":\"https:\/\/aeronoticias.com.pe\/noticiero\/politica\/mandatario-presidira-consejo-de-ministros-descentralizado-en-region-la-libertad\/\",\"url\":\"https:\/\/aeronoticias.com.pe\/noticiero\/politica\/mandatario-presidira-consejo-de-ministros-descentralizado-en-region-la-libertad\/\",\"name\":\"Mandatario presidir\u00e1 Consejo de Ministros Descentralizado en regi\u00f3n La Libertad\",\"isPartOf\":{\"@id\":\"https:\/\/aeronoticias.com.pe\/noticiero\/#website\"},\"datePublished\":\"2014-05-09T16:16:27+00:00\",\"author\":{\"@id\":\"https:\/\/aeronoticias.com.pe\/noticiero\/#\/schema\/person\/fc1e5d578f4b62ba1cf7ac2bba1170a0\"},\"description\":\"Portal de noticias del Per\u00fa sobre el transporte a\u00e9reo, aviaci\u00f3n, turismo, hoteleria, actualidad.\",\"breadcrumb\":{\"@id\":\"https:\/\/aeronoticias.com.pe\/noticiero\/politica\/mandatario-presidira-consejo-de-ministros-descentralizado-en-region-la-libertad\/#breadcrumb\"},\"inLanguage\":\"es\",\"potentialAction\":[{\"@type\":\"ReadAction\",\"target\":[\"https:\/\/aeronoticias.com.pe\/noticiero\/politica\/mandatario-presidira-consejo-de-ministros-descentralizado-en-region-la-libertad\/\"]}]},{\"@type\":\"BreadcrumbList\",\"@id\":\"https:\/\/aeronoticias.com.pe\/noticiero\/politica\/mandatario-presidira-consejo-de-ministros-descentralizado-en-region-la-libertad\/#breadcrumb\",\"itemListElement\":[{\"@type\":\"ListItem\",\"position\":1,\"name\":\"Portada\",\"item\":\"https:\/\/aeronoticias.com.pe\/noticiero\/\"},{\"@type\":\"ListItem\",\"position\":2,\"name\":\"Mandatario presidir\u00e1 Consejo de Ministros Descentralizado en regi\u00f3n La Libertad\"}]},{\"@type\":\"WebSite\",\"@id\":\"https:\/\/aeronoticias.com.pe\/noticiero\/#website\",\"url\":\"https:\/\/aeronoticias.com.pe\/noticiero\/\",\"name\":\"Aeronoticias.com.pe\",\"description\":\"Noticias de tranporte aereo, turismo, hoteles, gastronomia, actualidad, internacional\",\"potentialAction\":[{\"@type\":\"SearchAction\",\"target\":{\"@type\":\"EntryPoint\",\"urlTemplate\":\"https:\/\/aeronoticias.com.pe\/noticiero\/?s={search_term_string}\"},\"query-input\":{\"@type\":\"PropertyValueSpecification\",\"valueRequired\":true,\"valueName\":\"search_term_string\"}}],\"inLanguage\":\"es\"},{\"@type\":\"Person\",\"@id\":\"https:\/\/aeronoticias.com.pe\/noticiero\/#\/schema\/person\/fc1e5d578f4b62ba1cf7ac2bba1170a0\",\"name\":\"Redacci\u00f3n Aeronoticias\",\"url\":\"https:\/\/aeronoticias.com.pe\/noticiero\/author\/piloto\/\"}]}<\/script>\n<!-- \/ Yoast SEO plugin. -->","yoast_head_json":{"title":"Mandatario presidir\u00e1 Consejo de Ministros Descentralizado en regi\u00f3n La Libertad","description":"Portal de noticias del Per\u00fa sobre el transporte a\u00e9reo, aviaci\u00f3n, turismo, hoteleria, actualidad.","robots":{"index":"index","follow":"follow","max-snippet":"max-snippet:-1","max-image-preview":"max-image-preview:large","max-video-preview":"max-video-preview:-1"},"canonical":"https:\/\/aeronoticias.com.pe\/noticiero\/politica\/mandatario-presidira-consejo-de-ministros-descentralizado-en-region-la-libertad\/","og_locale":"es_ES","og_type":"article","og_title":"Mandatario presidir\u00e1 Consejo de Ministros Descentralizado en regi\u00f3n La Libertad","og_description":"Portal de noticias del Per\u00fa sobre el transporte a\u00e9reo, aviaci\u00f3n, turismo, hoteleria, actualidad.","og_url":"https:\/\/aeronoticias.com.pe\/noticiero\/politica\/mandatario-presidira-consejo-de-ministros-descentralizado-en-region-la-libertad\/","og_site_name":"Aeronoticias.com.pe","article_publisher":"https:\/\/www.facebook.com\/Aeronoticias.com.pe\/","article_published_time":"2014-05-09T16:16:27+00:00","author":"Redacci\u00f3n Aeronoticias","twitter_card":"summary_large_image","twitter_creator":"@aeronoticias","twitter_site":"@aeronoticias","twitter_misc":{"Escrito por":"Redacci\u00f3n Aeronoticias","Tiempo de lectura":"1 minuto"},"schema":{"@context":"https:\/\/schema.org","@graph":[{"@type":"WebPage","@id":"https:\/\/aeronoticias.com.pe\/noticiero\/politica\/mandatario-presidira-consejo-de-ministros-descentralizado-en-region-la-libertad\/","url":"https:\/\/aeronoticias.com.pe\/noticiero\/politica\/mandatario-presidira-consejo-de-ministros-descentralizado-en-region-la-libertad\/","name":"Mandatario presidir\u00e1 Consejo de Ministros Descentralizado en regi\u00f3n La Libertad","isPartOf":{"@id":"https:\/\/aeronoticias.com.pe\/noticiero\/#website"},"datePublished":"2014-05-09T16:16:27+00:00","author":{"@id":"https:\/\/aeronoticias.com.pe\/noticiero\/#\/schema\/person\/fc1e5d578f4b62ba1cf7ac2bba1170a0"},"description":"Portal de noticias del Per\u00fa sobre el transporte a\u00e9reo, aviaci\u00f3n, turismo, hoteleria, actualidad.","breadcrumb":{"@id":"https:\/\/aeronoticias.com.pe\/noticiero\/politica\/mandatario-presidira-consejo-de-ministros-descentralizado-en-region-la-libertad\/#breadcrumb"},"inLanguage":"es","potentialAction":[{"@type":"ReadAction","target":["https:\/\/aeronoticias.com.pe\/noticiero\/politica\/mandatario-presidira-consejo-de-ministros-descentralizado-en-region-la-libertad\/"]}]},{"@type":"BreadcrumbList","@id":"https:\/\/aeronoticias.com.pe\/noticiero\/politica\/mandatario-presidira-consejo-de-ministros-descentralizado-en-region-la-libertad\/#breadcrumb","itemListElement":[{"@type":"ListItem","position":1,"name":"Portada","item":"https:\/\/aeronoticias.com.pe\/noticiero\/"},{"@type":"ListItem","position":2,"name":"Mandatario presidir\u00e1 Consejo de Ministros Descentralizado en regi\u00f3n La Libertad"}]},{"@type":"WebSite","@id":"https:\/\/aeronoticias.com.pe\/noticiero\/#website","url":"https:\/\/aeronoticias.com.pe\/noticiero\/","name":"Aeronoticias.com.pe","description":"Noticias de tranporte aereo, turismo, hoteles, gastronomia, actualidad, internacional","potentialAction":[{"@type":"SearchAction","target":{"@type":"EntryPoint","urlTemplate":"https:\/\/aeronoticias.com.pe\/noticiero\/?s={search_term_string}"},"query-input":{"@type":"PropertyValueSpecification","valueRequired":true,"valueName":"search_term_string"}}],"inLanguage":"es"},{"@type":"Person","@id":"https:\/\/aeronoticias.com.pe\/noticiero\/#\/schema\/person\/fc1e5d578f4b62ba1cf7ac2bba1170a0","name":"Redacci\u00f3n Aeronoticias","url":"https:\/\/aeronoticias.com.pe\/noticiero\/author\/piloto\/"}]}},"_links":{"self":[{"href":"https:\/\/aeronoticias.com.pe\/noticiero\/wp-json\/wp\/v2\/posts\/45672","targetHints":{"allow":["GET"]}}],"collection":[{"href":"https:\/\/aeronoticias.com.pe\/noticiero\/wp-json\/wp\/v2\/posts"}],"about":[{"href":"https:\/\/aeronoticias.com.pe\/noticiero\/wp-json\/wp\/v2\/types\/post"}],"author":[{"embeddable":true,"href":"https:\/\/aeronoticias.com.pe\/noticiero\/wp-json\/wp\/v2\/users\/1"}],"replies":[{"embeddable":true,"href":"https:\/\/aeronoticias.com.pe\/noticiero\/wp-json\/wp\/v2\/comments?post=45672"}],"version-history":[{"count":0,"href":"https:\/\/aeronoticias.com.pe\/noticiero\/wp-json\/wp\/v2\/posts\/45672\/revisions"}],"wp:attachment":[{"href":"https:\/\/aeronoticias.com.pe\/noticiero\/wp-json\/wp\/v2\/media?parent=45672"}],"wp:term":[{"taxonomy":"category","embeddable":true,"href":"https:\/\/aeronoticias.com.pe\/noticiero\/wp-json\/wp\/v2\/categories?post=45672"},{"taxonomy":"post_tag","embeddable":true,"href":"https:\/\/aeronoticias.com.pe\/noticiero\/wp-json\/wp\/v2\/tags?post=45672"}],"curies":[{"name":"wp","href":"https:\/\/api.w.org\/{rel}","templated":true}]}}