{"id":45674,"date":"2014-05-09T16:23:29","date_gmt":"2014-05-09T16:23:29","guid":{"rendered":"http:\/\/desarrollo.mcvicious.com\/aero2020\/2014\/05\/09\/mujica-quiere-acoger-a-50-ninos-sirios-refugiados-en-una-residencia-oficial\/"},"modified":"2014-05-09T16:23:29","modified_gmt":"2014-05-09T16:23:29","slug":"mujica-quiere-acoger-a-50-ninos-sirios-refugiados-en-una-residencia-oficial","status":"publish","type":"post","link":"https:\/\/aeronoticias.com.pe\/noticiero\/internacionales\/mujica-quiere-acoger-a-50-ninos-sirios-refugiados-en-una-residencia-oficial\/","title":{"rendered":"Mujica quiere acoger a 50 ni\u00f1os sirios refugiados en una residencia oficial"},"content":{"rendered":"<p style=\"text-align: justify;\"><img decoding=\"async\" src=\"images\/stories\/14\/05\/090514\/a7.jpg\" border=\"0\" \/><\/p>\n<p style=\"text-align: justify;\"><strong>(Aeronoticias).-<\/strong> <em>El presidente uruguayo, Jos\u00e9 Mujica, quiere alojar a unos 50 ni\u00f1os sirios refugiados en la estancia presidencial de San Juan de Anchorena, ubicada en el departamento de Colonia y a unos 200 kil\u00f3metros de Montevideo, informan medios charr\u00faas.<\/em><\/p>\n<p style=\"text-align: justify;\">El mandatario envi\u00f3 una carta al secretario general de Naciones Unidas, Ban Ki-moon, con su propuesta, seg\u00fan publica el semanario &#8216;B\u00fasqueda&#8217; citando fuentes oficiales.<\/p>\n<p style=\"text-align: justify;\">La estancia ocupa un \u00e1rea de 1.369 hect\u00e1reas que fueron donadas al Estado uruguayo por el argentino Aar\u00f3n de Anchorena, fallecido en 1965, y en ella funciona un parque nacional como reserva de fauna y flora, informa Efe.<\/p>\n<p style=\"text-align: justify;\">La residencia es adem\u00e1s la casa de descanso de los presidentes de Uruguay y ha sido sede de cumbres con mandatarios de varios pa\u00edses.<\/p>\n<p style=\"text-align: justify;\">Esta idea de acoger a ni\u00f1os sirios refugiados fue expuesta a finales de abril por el ministro de Exteriores, Luis Almagro, que d\u00edas antes hab\u00eda realizado una visita oficial por Oriente Medio y en Jordania visit\u00f3 un campamento de refugiados.<\/p>\n<p style=\"text-align: justify;\">Siria es escenario de un conflicto que desde marzo de 2011 ha dejado un saldo de m\u00e1s de 150.000 muertos y millones de desplazados y refugiados, entre ellos una gran cantidad de ni\u00f1os.<\/p>\n<p style=\"text-align: justify;\">La iniciativa del presidente es \u00abbrindar opciones de salida a los ni\u00f1os y viudas con hijos, aplicando los principios artiguistas (del libertador uruguayo Jos\u00e9 Gervasio Artigas) para que tengan una mejor condici\u00f3n de vida\u00bb, destac\u00f3 entonces Almagro.<\/p>\n<p style=\"text-align: justify;\">De ser aceptada la propuesta, Mujica planea solicitar el apoyo de la presidenta de Brasil, Dilma Rousseff, para hacer uso de un avi\u00f3n en el que trasladar a los ni\u00f1os refugiados desde Jordania a Montevideo.<\/p>\n<p style=\"text-align: justify;\">\u00a0<\/p>\n<p style=\"text-align: justify;\">Fuente:<strong><em>Andina<\/em><\/strong><\/p>\n<p style=\"text-align: justify;\">Foto:<strong><em>Andina<\/em><\/strong><\/p>\n<p>\u00a0<\/p>\n","protected":false},"excerpt":{"rendered":"<p>(Aeronoticias).- El presidente uruguayo, Jos\u00e9 Mujica, quiere alojar a unos 50 ni\u00f1os sirios refugiados en la estancia presidencial de San Juan de Anchorena, ubicada en el departamento de Colonia y a unos 200 kil\u00f3metros de Montevideo, informan medios charr\u00faas. El mandatario envi\u00f3 una carta al secretario general de Naciones Unidas, Ban Ki-moon, con su propuesta, [&hellip;]<\/p>\n","protected":false},"author":1,"featured_media":0,"comment_status":"open","ping_status":"open","sticky":false,"template":"","format":"standard","meta":{"tdm_status":"","tdm_grid_status":"","footnotes":""},"categories":[34],"tags":[],"class_list":{"0":"post-45674","1":"post","2":"type-post","3":"status-publish","4":"format-standard","6":"category-internacionales"},"yoast_head":"<!-- This site is optimized with the Yoast SEO plugin v25.1 - https:\/\/yoast.com\/wordpress\/plugins\/seo\/ -->\n<title>Mujica quiere acoger a 50 ni\u00f1os sirios refugiados en una residencia oficial<\/title>\n<meta name=\"description\" content=\"Portal de noticias del Per\u00fa sobre el transporte a\u00e9reo, aviaci\u00f3n, turismo, hoteleria, actualidad.\" \/>\n<meta name=\"robots\" content=\"index, follow, max-snippet:-1, max-image-preview:large, max-video-preview:-1\" \/>\n<link rel=\"canonical\" href=\"https:\/\/aeronoticias.com.pe\/noticiero\/internacionales\/mujica-quiere-acoger-a-50-ninos-sirios-refugiados-en-una-residencia-oficial\/\" \/>\n<meta property=\"og:locale\" content=\"es_ES\" \/>\n<meta property=\"og:type\" content=\"article\" \/>\n<meta property=\"og:title\" content=\"Mujica quiere acoger a 50 ni\u00f1os sirios refugiados en una residencia oficial\" \/>\n<meta property=\"og:description\" content=\"Portal de noticias del Per\u00fa sobre el transporte a\u00e9reo, aviaci\u00f3n, turismo, hoteleria, actualidad.\" \/>\n<meta property=\"og:url\" content=\"https:\/\/aeronoticias.com.pe\/noticiero\/internacionales\/mujica-quiere-acoger-a-50-ninos-sirios-refugiados-en-una-residencia-oficial\/\" \/>\n<meta property=\"og:site_name\" content=\"Aeronoticias.com.pe\" \/>\n<meta property=\"article:publisher\" content=\"https:\/\/www.facebook.com\/Aeronoticias.com.pe\/\" \/>\n<meta property=\"article:published_time\" content=\"2014-05-09T16:23:29+00:00\" \/>\n<meta name=\"author\" content=\"Redacci\u00f3n Aeronoticias\" \/>\n<meta name=\"twitter:card\" content=\"summary_large_image\" \/>\n<meta name=\"twitter:creator\" content=\"@aeronoticias\" \/>\n<meta name=\"twitter:site\" content=\"@aeronoticias\" \/>\n<meta name=\"twitter:label1\" content=\"Escrito por\" \/>\n\t<meta name=\"twitter:data1\" content=\"Redacci\u00f3n Aeronoticias\" \/>\n\t<meta name=\"twitter:label2\" content=\"Tiempo de lectura\" \/>\n\t<meta name=\"twitter:data2\" content=\"1 minuto\" \/>\n<script type=\"application\/ld+json\" class=\"yoast-schema-graph\">{\"@context\":\"https:\/\/schema.org\",\"@graph\":[{\"@type\":\"WebPage\",\"@id\":\"https:\/\/aeronoticias.com.pe\/noticiero\/internacionales\/mujica-quiere-acoger-a-50-ninos-sirios-refugiados-en-una-residencia-oficial\/\",\"url\":\"https:\/\/aeronoticias.com.pe\/noticiero\/internacionales\/mujica-quiere-acoger-a-50-ninos-sirios-refugiados-en-una-residencia-oficial\/\",\"name\":\"Mujica quiere acoger a 50 ni\u00f1os sirios refugiados en una residencia oficial\",\"isPartOf\":{\"@id\":\"https:\/\/aeronoticias.com.pe\/noticiero\/#website\"},\"datePublished\":\"2014-05-09T16:23:29+00:00\",\"author\":{\"@id\":\"https:\/\/aeronoticias.com.pe\/noticiero\/#\/schema\/person\/fc1e5d578f4b62ba1cf7ac2bba1170a0\"},\"description\":\"Portal de noticias del Per\u00fa sobre el transporte a\u00e9reo, aviaci\u00f3n, turismo, hoteleria, actualidad.\",\"breadcrumb\":{\"@id\":\"https:\/\/aeronoticias.com.pe\/noticiero\/internacionales\/mujica-quiere-acoger-a-50-ninos-sirios-refugiados-en-una-residencia-oficial\/#breadcrumb\"},\"inLanguage\":\"es\",\"potentialAction\":[{\"@type\":\"ReadAction\",\"target\":[\"https:\/\/aeronoticias.com.pe\/noticiero\/internacionales\/mujica-quiere-acoger-a-50-ninos-sirios-refugiados-en-una-residencia-oficial\/\"]}]},{\"@type\":\"BreadcrumbList\",\"@id\":\"https:\/\/aeronoticias.com.pe\/noticiero\/internacionales\/mujica-quiere-acoger-a-50-ninos-sirios-refugiados-en-una-residencia-oficial\/#breadcrumb\",\"itemListElement\":[{\"@type\":\"ListItem\",\"position\":1,\"name\":\"Portada\",\"item\":\"https:\/\/aeronoticias.com.pe\/noticiero\/\"},{\"@type\":\"ListItem\",\"position\":2,\"name\":\"Mujica quiere acoger a 50 ni\u00f1os sirios refugiados en una residencia oficial\"}]},{\"@type\":\"WebSite\",\"@id\":\"https:\/\/aeronoticias.com.pe\/noticiero\/#website\",\"url\":\"https:\/\/aeronoticias.com.pe\/noticiero\/\",\"name\":\"Aeronoticias.com.pe\",\"description\":\"Noticias de tranporte aereo, turismo, hoteles, gastronomia, actualidad, internacional\",\"potentialAction\":[{\"@type\":\"SearchAction\",\"target\":{\"@type\":\"EntryPoint\",\"urlTemplate\":\"https:\/\/aeronoticias.com.pe\/noticiero\/?s={search_term_string}\"},\"query-input\":{\"@type\":\"PropertyValueSpecification\",\"valueRequired\":true,\"valueName\":\"search_term_string\"}}],\"inLanguage\":\"es\"},{\"@type\":\"Person\",\"@id\":\"https:\/\/aeronoticias.com.pe\/noticiero\/#\/schema\/person\/fc1e5d578f4b62ba1cf7ac2bba1170a0\",\"name\":\"Redacci\u00f3n Aeronoticias\",\"url\":\"https:\/\/aeronoticias.com.pe\/noticiero\/author\/piloto\/\"}]}<\/script>\n<!-- \/ Yoast SEO plugin. -->","yoast_head_json":{"title":"Mujica quiere acoger a 50 ni\u00f1os sirios refugiados en una residencia oficial","description":"Portal de noticias del Per\u00fa sobre el transporte a\u00e9reo, aviaci\u00f3n, turismo, hoteleria, actualidad.","robots":{"index":"index","follow":"follow","max-snippet":"max-snippet:-1","max-image-preview":"max-image-preview:large","max-video-preview":"max-video-preview:-1"},"canonical":"https:\/\/aeronoticias.com.pe\/noticiero\/internacionales\/mujica-quiere-acoger-a-50-ninos-sirios-refugiados-en-una-residencia-oficial\/","og_locale":"es_ES","og_type":"article","og_title":"Mujica quiere acoger a 50 ni\u00f1os sirios refugiados en una residencia oficial","og_description":"Portal de noticias del Per\u00fa sobre el transporte a\u00e9reo, aviaci\u00f3n, turismo, hoteleria, actualidad.","og_url":"https:\/\/aeronoticias.com.pe\/noticiero\/internacionales\/mujica-quiere-acoger-a-50-ninos-sirios-refugiados-en-una-residencia-oficial\/","og_site_name":"Aeronoticias.com.pe","article_publisher":"https:\/\/www.facebook.com\/Aeronoticias.com.pe\/","article_published_time":"2014-05-09T16:23:29+00:00","author":"Redacci\u00f3n Aeronoticias","twitter_card":"summary_large_image","twitter_creator":"@aeronoticias","twitter_site":"@aeronoticias","twitter_misc":{"Escrito por":"Redacci\u00f3n Aeronoticias","Tiempo de lectura":"1 minuto"},"schema":{"@context":"https:\/\/schema.org","@graph":[{"@type":"WebPage","@id":"https:\/\/aeronoticias.com.pe\/noticiero\/internacionales\/mujica-quiere-acoger-a-50-ninos-sirios-refugiados-en-una-residencia-oficial\/","url":"https:\/\/aeronoticias.com.pe\/noticiero\/internacionales\/mujica-quiere-acoger-a-50-ninos-sirios-refugiados-en-una-residencia-oficial\/","name":"Mujica quiere acoger a 50 ni\u00f1os sirios refugiados en una residencia oficial","isPartOf":{"@id":"https:\/\/aeronoticias.com.pe\/noticiero\/#website"},"datePublished":"2014-05-09T16:23:29+00:00","author":{"@id":"https:\/\/aeronoticias.com.pe\/noticiero\/#\/schema\/person\/fc1e5d578f4b62ba1cf7ac2bba1170a0"},"description":"Portal de noticias del Per\u00fa sobre el transporte a\u00e9reo, aviaci\u00f3n, turismo, hoteleria, actualidad.","breadcrumb":{"@id":"https:\/\/aeronoticias.com.pe\/noticiero\/internacionales\/mujica-quiere-acoger-a-50-ninos-sirios-refugiados-en-una-residencia-oficial\/#breadcrumb"},"inLanguage":"es","potentialAction":[{"@type":"ReadAction","target":["https:\/\/aeronoticias.com.pe\/noticiero\/internacionales\/mujica-quiere-acoger-a-50-ninos-sirios-refugiados-en-una-residencia-oficial\/"]}]},{"@type":"BreadcrumbList","@id":"https:\/\/aeronoticias.com.pe\/noticiero\/internacionales\/mujica-quiere-acoger-a-50-ninos-sirios-refugiados-en-una-residencia-oficial\/#breadcrumb","itemListElement":[{"@type":"ListItem","position":1,"name":"Portada","item":"https:\/\/aeronoticias.com.pe\/noticiero\/"},{"@type":"ListItem","position":2,"name":"Mujica quiere acoger a 50 ni\u00f1os sirios refugiados en una residencia oficial"}]},{"@type":"WebSite","@id":"https:\/\/aeronoticias.com.pe\/noticiero\/#website","url":"https:\/\/aeronoticias.com.pe\/noticiero\/","name":"Aeronoticias.com.pe","description":"Noticias de tranporte aereo, turismo, hoteles, gastronomia, actualidad, internacional","potentialAction":[{"@type":"SearchAction","target":{"@type":"EntryPoint","urlTemplate":"https:\/\/aeronoticias.com.pe\/noticiero\/?s={search_term_string}"},"query-input":{"@type":"PropertyValueSpecification","valueRequired":true,"valueName":"search_term_string"}}],"inLanguage":"es"},{"@type":"Person","@id":"https:\/\/aeronoticias.com.pe\/noticiero\/#\/schema\/person\/fc1e5d578f4b62ba1cf7ac2bba1170a0","name":"Redacci\u00f3n Aeronoticias","url":"https:\/\/aeronoticias.com.pe\/noticiero\/author\/piloto\/"}]}},"_links":{"self":[{"href":"https:\/\/aeronoticias.com.pe\/noticiero\/wp-json\/wp\/v2\/posts\/45674","targetHints":{"allow":["GET"]}}],"collection":[{"href":"https:\/\/aeronoticias.com.pe\/noticiero\/wp-json\/wp\/v2\/posts"}],"about":[{"href":"https:\/\/aeronoticias.com.pe\/noticiero\/wp-json\/wp\/v2\/types\/post"}],"author":[{"embeddable":true,"href":"https:\/\/aeronoticias.com.pe\/noticiero\/wp-json\/wp\/v2\/users\/1"}],"replies":[{"embeddable":true,"href":"https:\/\/aeronoticias.com.pe\/noticiero\/wp-json\/wp\/v2\/comments?post=45674"}],"version-history":[{"count":0,"href":"https:\/\/aeronoticias.com.pe\/noticiero\/wp-json\/wp\/v2\/posts\/45674\/revisions"}],"wp:attachment":[{"href":"https:\/\/aeronoticias.com.pe\/noticiero\/wp-json\/wp\/v2\/media?parent=45674"}],"wp:term":[{"taxonomy":"category","embeddable":true,"href":"https:\/\/aeronoticias.com.pe\/noticiero\/wp-json\/wp\/v2\/categories?post=45674"},{"taxonomy":"post_tag","embeddable":true,"href":"https:\/\/aeronoticias.com.pe\/noticiero\/wp-json\/wp\/v2\/tags?post=45674"}],"curies":[{"name":"wp","href":"https:\/\/api.w.org\/{rel}","templated":true}]}}