{"id":457,"date":"2008-09-09T13:03:33","date_gmt":"2008-09-09T13:03:33","guid":{"rendered":"http:\/\/desarrollo.mcvicious.com\/aero2020\/2008\/09\/09\/mincetur-meta-es-posicionar-al-peru-como-destino-turistico-internacional\/"},"modified":"2008-09-09T13:03:33","modified_gmt":"2008-09-09T13:03:33","slug":"mincetur-meta-es-posicionar-al-peru-como-destino-turistico-internacional","status":"publish","type":"post","link":"https:\/\/aeronoticias.com.pe\/noticiero\/ultimas\/1\/mincetur-meta-es-posicionar-al-peru-como-destino-turistico-internacional\/","title":{"rendered":"MINCETUR: META ES POSICIONAR AL PERU COMO DESTINO TURISTICO INTERNACIONAL"},"content":{"rendered":"<div align=\"justify\">La titular del Mincetur, Mercedes Ar&aacute;oz, dijo que su sector tiene como visi&oacute;n de pa&iacute;s el convertir al Per&uacute; en exportador de bienes y servicios con valor agregado, posicion&aacute;ndolo como un destino tur&iacute;stico a nivel internacional.<\/p>\n<p>Asegur&oacute; que en esta orientaci&oacute;n se ha prorrogado el Acuerdo de Complementaci&oacute;n Econ&oacute;mica N&ordm; 8 con M&eacute;xico hasta diciembre del 2009.<\/p>\n<p>&ldquo;Esta pr&oacute;rroga acaba de acordarse, pues la vigencia de este Acuerdo culminaba en diciembre de este a&ntilde;o, y lo que hemos logrado es darle tranquilidad a los agentes econ&oacute;micos que realizan operaciones con operadores de dicho pa&iacute;s&rdquo;, explic&oacute;.<\/div>\n<p><strong><br \/><\/strong><\/p>\n<div align=\"center\"><strong>Acuerdo de Promoci&oacute;n Comercial con EE.UU. <\/strong><\/div>\n<p>&nbsp;<\/p>\n<div align=\"justify\">Del mismo modo, destac&oacute; el avance significativo en el proceso de implementaci&oacute;n del Acuerdo de Promoci&oacute;n Comercial con EE.UU. que permitir&iacute;a que su vigencia sea a partir del 01 de enero del 2009. &ldquo;Estamos trabajando en los reglamentos de los decretos legislativos emitidos&rdquo;, precis&oacute;.<\/div>\n<div align=\"justify\">&nbsp;<\/p>\n<div style=\"text-align: center\"><img loading=\"lazy\" decoding=\"async\" src=\"http:\/\/aeronoticias.com.pe\/fotonoticias\/setiembre\/araoz8sep.JPG\" alt=\" \" title=\"MINISTRA MERCEDES AR&Aacute;OZ (AL CENTRO) DIJO QUE LA META DE SU SECTOR ES POSICIONAR AL PERU COMO DESTINO TURISTICO INTERNACIONAL. (Foto: Mincetur)\" hspace=\"5\" vspace=\"5\" width=\"400\" height=\"266\" \/><\/div>\n<\/div>\n<p> <!--more--> <\/p>\n<p><\/p>\n<div align=\"center\"><strong>TLC con Canad&aacute; y Singapur<\/strong><\/div>\n<p>&nbsp;<\/p>\n<div align=\"justify\">&ldquo;En la agenda pendiente tenemos la implementaci&oacute;n de los TLC con Canad&aacute; y Singapur; la realizaci&oacute;n de la Reuni&oacute;n Ministerial conjunta de Ministros de Relaciones Exterior y Comercio y la Cumbre de L&iacute;deres en el 2009; concluir la negociaci&oacute;n de los tratados con China, M&eacute;xico, los pa&iacute;ses del EFTA y el Acuerdo de Asociaci&oacute;n UE-CAN, as&iacute; como en el lanzamiento de las negociaciones para un TLC con Corea del Sur&rdquo;, mencion&oacute;.<\/div>\n<p><\/p>\n<div align=\"center\"><strong>Facilitaci&oacute;n de comercio<\/strong><\/div>\n<p>&nbsp;<\/p>\n<div align=\"justify\">En materia de facilitaci&oacute;n de comercio se&ntilde;al&oacute; que se trabajar&aacute; los Planes Operativos de Mercado para Canad&aacute;, Chile, Corea del Sur y UE2 &ndash;que agrupa a Italia, los Pa&iacute;ses Bajos y Reino Unido-; tambi&eacute;n la implementaci&oacute;n de la ZEEDEPUNO; la implementaci&oacute;n de proyecto de comercio sostenible que consiste en el aprovechamiento de la biodiversidad del Per&uacute; y segmentos de mercado que pagan mejores precios.<\/div>\n<p><\/p>\n<div align=\"center\"><strong>En el &aacute;mbito de artesan&iacute;a<\/strong><\/div>\n<p>&nbsp;<br \/>&ldquo;En el &aacute;mbito de Artesan&iacute;a hemos logrado la implementaci&oacute;n de la ley 29073 que impulsa el Registro Nacional del Artesano; se ha realizado el Encuentro Anual Promoartesan&iacute;a con la participaci&oacute;n de 928 artesanos&rdquo;, inform&oacute;. A trav&eacute;s de los Centros de Innovaci&oacute;n Tecnol&oacute;gica (CITES) se ha beneficiado a 44,288 artesanos y se ha mejorado el ingreso per capita en 6.2%, dijo.<\/p>\n<p>Estas palabras las dijo ayer durante su presentaci&oacute;n ante la Comisi&oacute;n de Comercio Exterior y Turismo del Congreso de la Rep&uacute;blica, donde expuso la pol&iacute;tica de su sector.<\/p>\n<p>&nbsp;<\/p>\n<div style=\"text-align: center\"><img loading=\"lazy\" decoding=\"async\" src=\"http:\/\/aeronoticias.com.pe\/fotonoticias\/setiembre\/araoz8sepcongreo.JPG\" alt=\" \" title=\"MERCEDES AR&Aacute;OZ DURANTE SU PRESENTACION ANTE LA COMISION DE COMERCIO EXTERIOR Y TURISMO DEL PARLAMENTO PERUANO. (Foto: Mincetur)\" hspace=\"5\" vspace=\"5\" width=\"400\" height=\"266\" \/><\/div>\n","protected":false},"excerpt":{"rendered":"<p>La titular del Mincetur, Mercedes Ar&aacute;oz, dijo que su sector tiene como visi&oacute;n de pa&iacute;s el convertir al Per&uacute; en exportador de bienes y servicios con valor agregado, posicion&aacute;ndolo como un destino tur&iacute;stico a nivel internacional. Asegur&oacute; que en esta orientaci&oacute;n se ha prorrogado el Acuerdo de Complementaci&oacute;n Econ&oacute;mica N&ordm; 8 con M&eacute;xico hasta diciembre [&hellip;]<\/p>\n","protected":false},"author":1,"featured_media":0,"comment_status":"open","ping_status":"open","sticky":false,"template":"","format":"standard","meta":{"tdm_status":"","tdm_grid_status":"","footnotes":""},"categories":[30],"tags":[],"class_list":{"0":"post-457","1":"post","2":"type-post","3":"status-publish","4":"format-standard","6":"category-30"},"yoast_head":"<!-- This site is optimized with the Yoast SEO plugin v25.1 - https:\/\/yoast.com\/wordpress\/plugins\/seo\/ -->\n<title>MINCETUR: META ES POSICIONAR AL PERU COMO DESTINO TURISTICO INTERNACIONAL<\/title>\n<meta name=\"description\" content=\"Portal de noticias del Per\u00fa sobre el transporte a\u00e9reo, aviaci\u00f3n, turismo, hoteleria, actualidad.\" \/>\n<meta name=\"robots\" content=\"index, follow, max-snippet:-1, max-image-preview:large, max-video-preview:-1\" \/>\n<link rel=\"canonical\" href=\"https:\/\/aeronoticias.com.pe\/noticiero\/ultimas\/1\/mincetur-meta-es-posicionar-al-peru-como-destino-turistico-internacional\/\" \/>\n<meta property=\"og:locale\" content=\"es_ES\" \/>\n<meta property=\"og:type\" content=\"article\" \/>\n<meta property=\"og:title\" content=\"MINCETUR: META ES POSICIONAR AL PERU COMO DESTINO TURISTICO INTERNACIONAL\" \/>\n<meta property=\"og:description\" content=\"Portal de noticias del Per\u00fa sobre el transporte a\u00e9reo, aviaci\u00f3n, turismo, hoteleria, actualidad.\" \/>\n<meta property=\"og:url\" content=\"https:\/\/aeronoticias.com.pe\/noticiero\/ultimas\/1\/mincetur-meta-es-posicionar-al-peru-como-destino-turistico-internacional\/\" \/>\n<meta property=\"og:site_name\" content=\"Aeronoticias.com.pe\" \/>\n<meta property=\"article:publisher\" content=\"https:\/\/www.facebook.com\/Aeronoticias.com.pe\/\" \/>\n<meta property=\"article:published_time\" content=\"2008-09-09T13:03:33+00:00\" \/>\n<meta property=\"og:image\" content=\"http:\/\/aeronoticias.com.pe\/fotonoticias\/setiembre\/araoz8sep.JPG\" \/>\n<meta name=\"author\" content=\"Redacci\u00f3n Aeronoticias\" \/>\n<meta name=\"twitter:card\" content=\"summary_large_image\" \/>\n<meta name=\"twitter:creator\" content=\"@aeronoticias\" \/>\n<meta name=\"twitter:site\" content=\"@aeronoticias\" \/>\n<meta name=\"twitter:label1\" content=\"Escrito por\" \/>\n\t<meta name=\"twitter:data1\" content=\"Redacci\u00f3n Aeronoticias\" \/>\n\t<meta name=\"twitter:label2\" content=\"Tiempo de lectura\" \/>\n\t<meta name=\"twitter:data2\" content=\"2 minutos\" \/>\n<script type=\"application\/ld+json\" class=\"yoast-schema-graph\">{\"@context\":\"https:\/\/schema.org\",\"@graph\":[{\"@type\":\"WebPage\",\"@id\":\"https:\/\/aeronoticias.com.pe\/noticiero\/ultimas\/1\/mincetur-meta-es-posicionar-al-peru-como-destino-turistico-internacional\/\",\"url\":\"https:\/\/aeronoticias.com.pe\/noticiero\/ultimas\/1\/mincetur-meta-es-posicionar-al-peru-como-destino-turistico-internacional\/\",\"name\":\"MINCETUR: META ES POSICIONAR AL PERU COMO DESTINO TURISTICO INTERNACIONAL\",\"isPartOf\":{\"@id\":\"https:\/\/aeronoticias.com.pe\/noticiero\/#website\"},\"primaryImageOfPage\":{\"@id\":\"https:\/\/aeronoticias.com.pe\/noticiero\/ultimas\/1\/mincetur-meta-es-posicionar-al-peru-como-destino-turistico-internacional\/#primaryimage\"},\"image\":{\"@id\":\"https:\/\/aeronoticias.com.pe\/noticiero\/ultimas\/1\/mincetur-meta-es-posicionar-al-peru-como-destino-turistico-internacional\/#primaryimage\"},\"thumbnailUrl\":\"http:\/\/aeronoticias.com.pe\/fotonoticias\/setiembre\/araoz8sep.JPG\",\"datePublished\":\"2008-09-09T13:03:33+00:00\",\"author\":{\"@id\":\"https:\/\/aeronoticias.com.pe\/noticiero\/#\/schema\/person\/fc1e5d578f4b62ba1cf7ac2bba1170a0\"},\"description\":\"Portal de noticias del Per\u00fa sobre el transporte a\u00e9reo, aviaci\u00f3n, turismo, hoteleria, actualidad.\",\"breadcrumb\":{\"@id\":\"https:\/\/aeronoticias.com.pe\/noticiero\/ultimas\/1\/mincetur-meta-es-posicionar-al-peru-como-destino-turistico-internacional\/#breadcrumb\"},\"inLanguage\":\"es\",\"potentialAction\":[{\"@type\":\"ReadAction\",\"target\":[\"https:\/\/aeronoticias.com.pe\/noticiero\/ultimas\/1\/mincetur-meta-es-posicionar-al-peru-como-destino-turistico-internacional\/\"]}]},{\"@type\":\"ImageObject\",\"inLanguage\":\"es\",\"@id\":\"https:\/\/aeronoticias.com.pe\/noticiero\/ultimas\/1\/mincetur-meta-es-posicionar-al-peru-como-destino-turistico-internacional\/#primaryimage\",\"url\":\"http:\/\/aeronoticias.com.pe\/fotonoticias\/setiembre\/araoz8sep.JPG\",\"contentUrl\":\"http:\/\/aeronoticias.com.pe\/fotonoticias\/setiembre\/araoz8sep.JPG\"},{\"@type\":\"BreadcrumbList\",\"@id\":\"https:\/\/aeronoticias.com.pe\/noticiero\/ultimas\/1\/mincetur-meta-es-posicionar-al-peru-como-destino-turistico-internacional\/#breadcrumb\",\"itemListElement\":[{\"@type\":\"ListItem\",\"position\":1,\"name\":\"Portada\",\"item\":\"https:\/\/aeronoticias.com.pe\/noticiero\/\"},{\"@type\":\"ListItem\",\"position\":2,\"name\":\"MINCETUR: META ES POSICIONAR AL PERU COMO DESTINO TURISTICO INTERNACIONAL\"}]},{\"@type\":\"WebSite\",\"@id\":\"https:\/\/aeronoticias.com.pe\/noticiero\/#website\",\"url\":\"https:\/\/aeronoticias.com.pe\/noticiero\/\",\"name\":\"Aeronoticias.com.pe\",\"description\":\"Noticias de tranporte aereo, turismo, hoteles, gastronomia, actualidad, internacional\",\"potentialAction\":[{\"@type\":\"SearchAction\",\"target\":{\"@type\":\"EntryPoint\",\"urlTemplate\":\"https:\/\/aeronoticias.com.pe\/noticiero\/?s={search_term_string}\"},\"query-input\":{\"@type\":\"PropertyValueSpecification\",\"valueRequired\":true,\"valueName\":\"search_term_string\"}}],\"inLanguage\":\"es\"},{\"@type\":\"Person\",\"@id\":\"https:\/\/aeronoticias.com.pe\/noticiero\/#\/schema\/person\/fc1e5d578f4b62ba1cf7ac2bba1170a0\",\"name\":\"Redacci\u00f3n Aeronoticias\",\"url\":\"https:\/\/aeronoticias.com.pe\/noticiero\/author\/piloto\/\"}]}<\/script>\n<!-- \/ Yoast SEO plugin. -->","yoast_head_json":{"title":"MINCETUR: META ES POSICIONAR AL PERU COMO DESTINO TURISTICO INTERNACIONAL","description":"Portal de noticias del Per\u00fa sobre el transporte a\u00e9reo, aviaci\u00f3n, turismo, hoteleria, actualidad.","robots":{"index":"index","follow":"follow","max-snippet":"max-snippet:-1","max-image-preview":"max-image-preview:large","max-video-preview":"max-video-preview:-1"},"canonical":"https:\/\/aeronoticias.com.pe\/noticiero\/ultimas\/1\/mincetur-meta-es-posicionar-al-peru-como-destino-turistico-internacional\/","og_locale":"es_ES","og_type":"article","og_title":"MINCETUR: META ES POSICIONAR AL PERU COMO DESTINO TURISTICO INTERNACIONAL","og_description":"Portal de noticias del Per\u00fa sobre el transporte a\u00e9reo, aviaci\u00f3n, turismo, hoteleria, actualidad.","og_url":"https:\/\/aeronoticias.com.pe\/noticiero\/ultimas\/1\/mincetur-meta-es-posicionar-al-peru-como-destino-turistico-internacional\/","og_site_name":"Aeronoticias.com.pe","article_publisher":"https:\/\/www.facebook.com\/Aeronoticias.com.pe\/","article_published_time":"2008-09-09T13:03:33+00:00","og_image":[{"url":"http:\/\/aeronoticias.com.pe\/fotonoticias\/setiembre\/araoz8sep.JPG","type":"","width":"","height":""}],"author":"Redacci\u00f3n Aeronoticias","twitter_card":"summary_large_image","twitter_creator":"@aeronoticias","twitter_site":"@aeronoticias","twitter_misc":{"Escrito por":"Redacci\u00f3n Aeronoticias","Tiempo de lectura":"2 minutos"},"schema":{"@context":"https:\/\/schema.org","@graph":[{"@type":"WebPage","@id":"https:\/\/aeronoticias.com.pe\/noticiero\/ultimas\/1\/mincetur-meta-es-posicionar-al-peru-como-destino-turistico-internacional\/","url":"https:\/\/aeronoticias.com.pe\/noticiero\/ultimas\/1\/mincetur-meta-es-posicionar-al-peru-como-destino-turistico-internacional\/","name":"MINCETUR: META ES POSICIONAR AL PERU COMO DESTINO TURISTICO INTERNACIONAL","isPartOf":{"@id":"https:\/\/aeronoticias.com.pe\/noticiero\/#website"},"primaryImageOfPage":{"@id":"https:\/\/aeronoticias.com.pe\/noticiero\/ultimas\/1\/mincetur-meta-es-posicionar-al-peru-como-destino-turistico-internacional\/#primaryimage"},"image":{"@id":"https:\/\/aeronoticias.com.pe\/noticiero\/ultimas\/1\/mincetur-meta-es-posicionar-al-peru-como-destino-turistico-internacional\/#primaryimage"},"thumbnailUrl":"http:\/\/aeronoticias.com.pe\/fotonoticias\/setiembre\/araoz8sep.JPG","datePublished":"2008-09-09T13:03:33+00:00","author":{"@id":"https:\/\/aeronoticias.com.pe\/noticiero\/#\/schema\/person\/fc1e5d578f4b62ba1cf7ac2bba1170a0"},"description":"Portal de noticias del Per\u00fa sobre el transporte a\u00e9reo, aviaci\u00f3n, turismo, hoteleria, actualidad.","breadcrumb":{"@id":"https:\/\/aeronoticias.com.pe\/noticiero\/ultimas\/1\/mincetur-meta-es-posicionar-al-peru-como-destino-turistico-internacional\/#breadcrumb"},"inLanguage":"es","potentialAction":[{"@type":"ReadAction","target":["https:\/\/aeronoticias.com.pe\/noticiero\/ultimas\/1\/mincetur-meta-es-posicionar-al-peru-como-destino-turistico-internacional\/"]}]},{"@type":"ImageObject","inLanguage":"es","@id":"https:\/\/aeronoticias.com.pe\/noticiero\/ultimas\/1\/mincetur-meta-es-posicionar-al-peru-como-destino-turistico-internacional\/#primaryimage","url":"http:\/\/aeronoticias.com.pe\/fotonoticias\/setiembre\/araoz8sep.JPG","contentUrl":"http:\/\/aeronoticias.com.pe\/fotonoticias\/setiembre\/araoz8sep.JPG"},{"@type":"BreadcrumbList","@id":"https:\/\/aeronoticias.com.pe\/noticiero\/ultimas\/1\/mincetur-meta-es-posicionar-al-peru-como-destino-turistico-internacional\/#breadcrumb","itemListElement":[{"@type":"ListItem","position":1,"name":"Portada","item":"https:\/\/aeronoticias.com.pe\/noticiero\/"},{"@type":"ListItem","position":2,"name":"MINCETUR: META ES POSICIONAR AL PERU COMO DESTINO TURISTICO INTERNACIONAL"}]},{"@type":"WebSite","@id":"https:\/\/aeronoticias.com.pe\/noticiero\/#website","url":"https:\/\/aeronoticias.com.pe\/noticiero\/","name":"Aeronoticias.com.pe","description":"Noticias de tranporte aereo, turismo, hoteles, gastronomia, actualidad, internacional","potentialAction":[{"@type":"SearchAction","target":{"@type":"EntryPoint","urlTemplate":"https:\/\/aeronoticias.com.pe\/noticiero\/?s={search_term_string}"},"query-input":{"@type":"PropertyValueSpecification","valueRequired":true,"valueName":"search_term_string"}}],"inLanguage":"es"},{"@type":"Person","@id":"https:\/\/aeronoticias.com.pe\/noticiero\/#\/schema\/person\/fc1e5d578f4b62ba1cf7ac2bba1170a0","name":"Redacci\u00f3n Aeronoticias","url":"https:\/\/aeronoticias.com.pe\/noticiero\/author\/piloto\/"}]}},"_links":{"self":[{"href":"https:\/\/aeronoticias.com.pe\/noticiero\/wp-json\/wp\/v2\/posts\/457","targetHints":{"allow":["GET"]}}],"collection":[{"href":"https:\/\/aeronoticias.com.pe\/noticiero\/wp-json\/wp\/v2\/posts"}],"about":[{"href":"https:\/\/aeronoticias.com.pe\/noticiero\/wp-json\/wp\/v2\/types\/post"}],"author":[{"embeddable":true,"href":"https:\/\/aeronoticias.com.pe\/noticiero\/wp-json\/wp\/v2\/users\/1"}],"replies":[{"embeddable":true,"href":"https:\/\/aeronoticias.com.pe\/noticiero\/wp-json\/wp\/v2\/comments?post=457"}],"version-history":[{"count":0,"href":"https:\/\/aeronoticias.com.pe\/noticiero\/wp-json\/wp\/v2\/posts\/457\/revisions"}],"wp:attachment":[{"href":"https:\/\/aeronoticias.com.pe\/noticiero\/wp-json\/wp\/v2\/media?parent=457"}],"wp:term":[{"taxonomy":"category","embeddable":true,"href":"https:\/\/aeronoticias.com.pe\/noticiero\/wp-json\/wp\/v2\/categories?post=457"},{"taxonomy":"post_tag","embeddable":true,"href":"https:\/\/aeronoticias.com.pe\/noticiero\/wp-json\/wp\/v2\/tags?post=457"}],"curies":[{"name":"wp","href":"https:\/\/api.w.org\/{rel}","templated":true}]}}