{"id":45724,"date":"2014-05-13T04:36:02","date_gmt":"2014-05-13T04:36:02","guid":{"rendered":"http:\/\/desarrollo.mcvicious.com\/aero2020\/2014\/05\/13\/fallece-director-general-de-la-mexicana-cemex-en-madrid\/"},"modified":"2014-05-13T04:36:02","modified_gmt":"2014-05-13T04:36:02","slug":"fallece-director-general-de-la-mexicana-cemex-en-madrid","status":"publish","type":"post","link":"https:\/\/aeronoticias.com.pe\/noticiero\/economia\/fallece-director-general-de-la-mexicana-cemex-en-madrid\/","title":{"rendered":"Fallece director general de la mexicana Cemex en Madrid"},"content":{"rendered":"<p style=\"text-align: justify;\"><strong>(Aeronoticias)<\/strong>.-\u00a0Lorenzo Zambrano, director general de la cementera mexicana Cemex, una de las m\u00e1s grandes del mundo, muri\u00f3 el lunes en Madrid a los 70 a\u00f1os.<\/p>\n<p style=\"text-align: justify;\">La empresa, que no dio mayores detalles del sorpresivo deceso, dijo en un comunicado enviado a la Bolsa Mexicana de Valores que la operaci\u00f3n y administraci\u00f3n del grupo continuar\u00e1 normalmente.<\/p>\n<p style=\"text-align: justify;\">\u00abEl Consejo de Administraci\u00f3n se reunir\u00e1 en los pr\u00f3ximos d\u00edas para tomar las decisiones que procedan\u00bb, dijo Cemex en el breve comunicado.<\/p>\n<p style=\"text-align: justify;\">Zambrano, un ingeniero nacido en Monterrey y nieto del fundador de la compa\u00f1\u00eda, llevaba las riendas de Cemex desde 1985 y en dos d\u00e9cadas la convirti\u00f3 en un gigante mundial.<\/p>\n<p style=\"text-align: justify;\">A fines de abril, el ejecutivo ofreci\u00f3 una entrevista a Milenio TV en la que, con buen semblante y luciendo un traje impecable, habl\u00f3 de sus planes de inversi\u00f3n para el resto del a\u00f1o y deline\u00f3 con entusiasmo la posibilidad de nuevas compras.<\/p>\n<p style=\"text-align: justify;\">Zambrano era uno de los hombres de negocios m\u00e1s respetados de M\u00e9xico, un pa\u00eds donde muchas grandes empresas son manejadas por familias y encabezadas por maduros patriarcas.Era tambi\u00e9n una persona muy celosa de su vida privada.<\/p>\n<p style=\"text-align: justify;\">Los secretarios de Hacienda, Luis Videgaray, y de Gobernaci\u00f3n, Miguel Angel Osorio, externaron su condolencias en sus cuentas de Twitter.<\/p>\n<p style=\"text-align: justify;\">\u00abM\u00e9xico ha perdido a un extraordinario empresario y a un gran mexicano. Un abrazo solidario a la familia de Don Lorenzo Zambrano\u00bb, escribi\u00f3 el secretario Videgaray.<\/p>\n<p style=\"text-align: justify;\">Analistas del sector no esperaban turbulencias en las acciones de Cemex por el fallecimiento de quien tambi\u00e9n fuera el presidente del Consejo de Administraci\u00f3n.<\/p>\n<p style=\"text-align: justify;\">\u00abYo creo que en esa situaci\u00f3n se mantendr\u00e1n las cosas normales, pero en lo que se da el anuncio de qui\u00e9n podr\u00eda ser su sucesor podr\u00eda haber un poco de volatilidad\u00bb, en las acciones dijo Fernando Bola\u00f1os, analista de la firma Monex.<\/p>\n<p style=\"text-align: justify;\">\u00abJam\u00e1s dir\u00eda que es f\u00e1cilmente reemplazable, pero al final de cuentas las empresas tienen qu\u00e9 continuar\u00bb, agreg\u00f3.<\/p>\n<p style=\"text-align: justify;\">Con informaci\u00f3n de <span style=\"text-decoration: underline;\"><em><strong>El Comercio<\/strong><\/em><\/span>.<\/p>\n<p style=\"text-align: justify;\"><img decoding=\"async\" src=\"images\/stories\/14\/05\/110514\/bg.jpg\" border=\"0\" \/><\/p>\n","protected":false},"excerpt":{"rendered":"<p>(Aeronoticias).-\u00a0Lorenzo Zambrano, director general de la cementera mexicana Cemex, una de las m\u00e1s grandes del mundo, muri\u00f3 el lunes en Madrid a los 70 a\u00f1os. La empresa, que no dio mayores detalles del sorpresivo deceso, dijo en un comunicado enviado a la Bolsa Mexicana de Valores que la operaci\u00f3n y administraci\u00f3n del grupo continuar\u00e1 normalmente. [&hellip;]<\/p>\n","protected":false},"author":1,"featured_media":0,"comment_status":"open","ping_status":"open","sticky":false,"template":"","format":"standard","meta":{"tdm_status":"","tdm_grid_status":"","footnotes":""},"categories":[33],"tags":[],"class_list":{"0":"post-45724","1":"post","2":"type-post","3":"status-publish","4":"format-standard","6":"category-economia"},"yoast_head":"<!-- This site is optimized with the Yoast SEO plugin v25.1 - https:\/\/yoast.com\/wordpress\/plugins\/seo\/ -->\n<title>Fallece director general de la mexicana Cemex en Madrid<\/title>\n<meta name=\"description\" content=\"Portal de noticias del Per\u00fa sobre el transporte a\u00e9reo, aviaci\u00f3n, turismo, hoteleria, actualidad.\" \/>\n<meta name=\"robots\" content=\"index, follow, max-snippet:-1, max-image-preview:large, max-video-preview:-1\" \/>\n<link rel=\"canonical\" href=\"https:\/\/aeronoticias.com.pe\/noticiero\/economia\/fallece-director-general-de-la-mexicana-cemex-en-madrid\/\" \/>\n<meta property=\"og:locale\" content=\"es_ES\" \/>\n<meta property=\"og:type\" content=\"article\" \/>\n<meta property=\"og:title\" content=\"Fallece director general de la mexicana Cemex en Madrid\" \/>\n<meta property=\"og:description\" content=\"Portal de noticias del Per\u00fa sobre el transporte a\u00e9reo, aviaci\u00f3n, turismo, hoteleria, actualidad.\" \/>\n<meta property=\"og:url\" content=\"https:\/\/aeronoticias.com.pe\/noticiero\/economia\/fallece-director-general-de-la-mexicana-cemex-en-madrid\/\" \/>\n<meta property=\"og:site_name\" content=\"Aeronoticias.com.pe\" \/>\n<meta property=\"article:publisher\" content=\"https:\/\/www.facebook.com\/Aeronoticias.com.pe\/\" \/>\n<meta property=\"article:published_time\" content=\"2014-05-13T04:36:02+00:00\" \/>\n<meta name=\"author\" content=\"Redacci\u00f3n Aeronoticias\" \/>\n<meta name=\"twitter:card\" content=\"summary_large_image\" \/>\n<meta name=\"twitter:creator\" content=\"@aeronoticias\" \/>\n<meta name=\"twitter:site\" content=\"@aeronoticias\" \/>\n<meta name=\"twitter:label1\" content=\"Escrito por\" \/>\n\t<meta name=\"twitter:data1\" content=\"Redacci\u00f3n Aeronoticias\" \/>\n\t<meta name=\"twitter:label2\" content=\"Tiempo de lectura\" \/>\n\t<meta name=\"twitter:data2\" content=\"2 minutos\" \/>\n<script type=\"application\/ld+json\" class=\"yoast-schema-graph\">{\"@context\":\"https:\/\/schema.org\",\"@graph\":[{\"@type\":\"WebPage\",\"@id\":\"https:\/\/aeronoticias.com.pe\/noticiero\/economia\/fallece-director-general-de-la-mexicana-cemex-en-madrid\/\",\"url\":\"https:\/\/aeronoticias.com.pe\/noticiero\/economia\/fallece-director-general-de-la-mexicana-cemex-en-madrid\/\",\"name\":\"Fallece director general de la mexicana Cemex en Madrid\",\"isPartOf\":{\"@id\":\"https:\/\/aeronoticias.com.pe\/noticiero\/#website\"},\"datePublished\":\"2014-05-13T04:36:02+00:00\",\"author\":{\"@id\":\"https:\/\/aeronoticias.com.pe\/noticiero\/#\/schema\/person\/fc1e5d578f4b62ba1cf7ac2bba1170a0\"},\"description\":\"Portal de noticias del Per\u00fa sobre el transporte a\u00e9reo, aviaci\u00f3n, turismo, hoteleria, actualidad.\",\"breadcrumb\":{\"@id\":\"https:\/\/aeronoticias.com.pe\/noticiero\/economia\/fallece-director-general-de-la-mexicana-cemex-en-madrid\/#breadcrumb\"},\"inLanguage\":\"es\",\"potentialAction\":[{\"@type\":\"ReadAction\",\"target\":[\"https:\/\/aeronoticias.com.pe\/noticiero\/economia\/fallece-director-general-de-la-mexicana-cemex-en-madrid\/\"]}]},{\"@type\":\"BreadcrumbList\",\"@id\":\"https:\/\/aeronoticias.com.pe\/noticiero\/economia\/fallece-director-general-de-la-mexicana-cemex-en-madrid\/#breadcrumb\",\"itemListElement\":[{\"@type\":\"ListItem\",\"position\":1,\"name\":\"Portada\",\"item\":\"https:\/\/aeronoticias.com.pe\/noticiero\/\"},{\"@type\":\"ListItem\",\"position\":2,\"name\":\"Fallece director general de la mexicana Cemex en Madrid\"}]},{\"@type\":\"WebSite\",\"@id\":\"https:\/\/aeronoticias.com.pe\/noticiero\/#website\",\"url\":\"https:\/\/aeronoticias.com.pe\/noticiero\/\",\"name\":\"Aeronoticias.com.pe\",\"description\":\"Noticias de tranporte aereo, turismo, hoteles, gastronomia, actualidad, internacional\",\"potentialAction\":[{\"@type\":\"SearchAction\",\"target\":{\"@type\":\"EntryPoint\",\"urlTemplate\":\"https:\/\/aeronoticias.com.pe\/noticiero\/?s={search_term_string}\"},\"query-input\":{\"@type\":\"PropertyValueSpecification\",\"valueRequired\":true,\"valueName\":\"search_term_string\"}}],\"inLanguage\":\"es\"},{\"@type\":\"Person\",\"@id\":\"https:\/\/aeronoticias.com.pe\/noticiero\/#\/schema\/person\/fc1e5d578f4b62ba1cf7ac2bba1170a0\",\"name\":\"Redacci\u00f3n Aeronoticias\",\"url\":\"https:\/\/aeronoticias.com.pe\/noticiero\/author\/piloto\/\"}]}<\/script>\n<!-- \/ Yoast SEO plugin. -->","yoast_head_json":{"title":"Fallece director general de la mexicana Cemex en Madrid","description":"Portal de noticias del Per\u00fa sobre el transporte a\u00e9reo, aviaci\u00f3n, turismo, hoteleria, actualidad.","robots":{"index":"index","follow":"follow","max-snippet":"max-snippet:-1","max-image-preview":"max-image-preview:large","max-video-preview":"max-video-preview:-1"},"canonical":"https:\/\/aeronoticias.com.pe\/noticiero\/economia\/fallece-director-general-de-la-mexicana-cemex-en-madrid\/","og_locale":"es_ES","og_type":"article","og_title":"Fallece director general de la mexicana Cemex en Madrid","og_description":"Portal de noticias del Per\u00fa sobre el transporte a\u00e9reo, aviaci\u00f3n, turismo, hoteleria, actualidad.","og_url":"https:\/\/aeronoticias.com.pe\/noticiero\/economia\/fallece-director-general-de-la-mexicana-cemex-en-madrid\/","og_site_name":"Aeronoticias.com.pe","article_publisher":"https:\/\/www.facebook.com\/Aeronoticias.com.pe\/","article_published_time":"2014-05-13T04:36:02+00:00","author":"Redacci\u00f3n Aeronoticias","twitter_card":"summary_large_image","twitter_creator":"@aeronoticias","twitter_site":"@aeronoticias","twitter_misc":{"Escrito por":"Redacci\u00f3n Aeronoticias","Tiempo de lectura":"2 minutos"},"schema":{"@context":"https:\/\/schema.org","@graph":[{"@type":"WebPage","@id":"https:\/\/aeronoticias.com.pe\/noticiero\/economia\/fallece-director-general-de-la-mexicana-cemex-en-madrid\/","url":"https:\/\/aeronoticias.com.pe\/noticiero\/economia\/fallece-director-general-de-la-mexicana-cemex-en-madrid\/","name":"Fallece director general de la mexicana Cemex en Madrid","isPartOf":{"@id":"https:\/\/aeronoticias.com.pe\/noticiero\/#website"},"datePublished":"2014-05-13T04:36:02+00:00","author":{"@id":"https:\/\/aeronoticias.com.pe\/noticiero\/#\/schema\/person\/fc1e5d578f4b62ba1cf7ac2bba1170a0"},"description":"Portal de noticias del Per\u00fa sobre el transporte a\u00e9reo, aviaci\u00f3n, turismo, hoteleria, actualidad.","breadcrumb":{"@id":"https:\/\/aeronoticias.com.pe\/noticiero\/economia\/fallece-director-general-de-la-mexicana-cemex-en-madrid\/#breadcrumb"},"inLanguage":"es","potentialAction":[{"@type":"ReadAction","target":["https:\/\/aeronoticias.com.pe\/noticiero\/economia\/fallece-director-general-de-la-mexicana-cemex-en-madrid\/"]}]},{"@type":"BreadcrumbList","@id":"https:\/\/aeronoticias.com.pe\/noticiero\/economia\/fallece-director-general-de-la-mexicana-cemex-en-madrid\/#breadcrumb","itemListElement":[{"@type":"ListItem","position":1,"name":"Portada","item":"https:\/\/aeronoticias.com.pe\/noticiero\/"},{"@type":"ListItem","position":2,"name":"Fallece director general de la mexicana Cemex en Madrid"}]},{"@type":"WebSite","@id":"https:\/\/aeronoticias.com.pe\/noticiero\/#website","url":"https:\/\/aeronoticias.com.pe\/noticiero\/","name":"Aeronoticias.com.pe","description":"Noticias de tranporte aereo, turismo, hoteles, gastronomia, actualidad, internacional","potentialAction":[{"@type":"SearchAction","target":{"@type":"EntryPoint","urlTemplate":"https:\/\/aeronoticias.com.pe\/noticiero\/?s={search_term_string}"},"query-input":{"@type":"PropertyValueSpecification","valueRequired":true,"valueName":"search_term_string"}}],"inLanguage":"es"},{"@type":"Person","@id":"https:\/\/aeronoticias.com.pe\/noticiero\/#\/schema\/person\/fc1e5d578f4b62ba1cf7ac2bba1170a0","name":"Redacci\u00f3n Aeronoticias","url":"https:\/\/aeronoticias.com.pe\/noticiero\/author\/piloto\/"}]}},"_links":{"self":[{"href":"https:\/\/aeronoticias.com.pe\/noticiero\/wp-json\/wp\/v2\/posts\/45724","targetHints":{"allow":["GET"]}}],"collection":[{"href":"https:\/\/aeronoticias.com.pe\/noticiero\/wp-json\/wp\/v2\/posts"}],"about":[{"href":"https:\/\/aeronoticias.com.pe\/noticiero\/wp-json\/wp\/v2\/types\/post"}],"author":[{"embeddable":true,"href":"https:\/\/aeronoticias.com.pe\/noticiero\/wp-json\/wp\/v2\/users\/1"}],"replies":[{"embeddable":true,"href":"https:\/\/aeronoticias.com.pe\/noticiero\/wp-json\/wp\/v2\/comments?post=45724"}],"version-history":[{"count":0,"href":"https:\/\/aeronoticias.com.pe\/noticiero\/wp-json\/wp\/v2\/posts\/45724\/revisions"}],"wp:attachment":[{"href":"https:\/\/aeronoticias.com.pe\/noticiero\/wp-json\/wp\/v2\/media?parent=45724"}],"wp:term":[{"taxonomy":"category","embeddable":true,"href":"https:\/\/aeronoticias.com.pe\/noticiero\/wp-json\/wp\/v2\/categories?post=45724"},{"taxonomy":"post_tag","embeddable":true,"href":"https:\/\/aeronoticias.com.pe\/noticiero\/wp-json\/wp\/v2\/tags?post=45724"}],"curies":[{"name":"wp","href":"https:\/\/api.w.org\/{rel}","templated":true}]}}