{"id":45726,"date":"2014-05-13T04:43:58","date_gmt":"2014-05-13T04:43:58","guid":{"rendered":"http:\/\/desarrollo.mcvicious.com\/aero2020\/2014\/05\/13\/temperatura-minima-en-puno-descendera-a-partir-del-jueves-15\/"},"modified":"2014-05-13T04:43:58","modified_gmt":"2014-05-13T04:43:58","slug":"temperatura-minima-en-puno-descendera-a-partir-del-jueves-15","status":"publish","type":"post","link":"https:\/\/aeronoticias.com.pe\/noticiero\/nacionales\/temperatura-minima-en-puno-descendera-a-partir-del-jueves-15\/","title":{"rendered":"Temperatura m\u00ednima en Puno descender\u00e1 a partir del jueves 15"},"content":{"rendered":"<p style=\"text-align: justify;\"><strong>(Aeronoticias)<\/strong>.-\u00a0A partir del jueves 15 se espera que la temperatura m\u00ednima en la regi\u00f3n Puno descienda paulatinamente en la mayor parte de la zona altipl\u00e1nica, pero las heladas a\u00fan no ser\u00e1n intensas, afirm\u00f3 el director del Servicio Nacional de Meteorolog\u00eda e Hidrolog\u00eda (Senamhi)- Puno, Sixto Flores.<\/p>\n<p style=\"text-align: justify;\">A\u00f1adi\u00f3 que desde el mi\u00e9rcoles 14 en las provincias del sur de la citada regi\u00f3n, las heladas ser\u00e1n moderadas y las temperaturas m\u00ednimas podr\u00edan alcanzar en los distritos de Desaguadero y Pisacoma, en la provincia de Chucuito, hasta -5 grados y -9 grados, respectivamente. Asimismo, en el distrito de Capazo y la localidad de Mazocruz, en la provincia de El Collao, hasta -12 grados y -13 grados.<\/p>\n<p style=\"text-align: justify;\">El experto refiri\u00f3 que en las provincias del norte de Puno puede tenerse un comportamiento oscilante, de ligera a moderada intensidad, sobre todo en Puno, San Rom\u00e1n, Huancan\u00e9, Moho, Lampa, Melgar, \u00a0Az\u00e1ngaro, San Antonio de Putina y Sandia.<\/p>\n<p style=\"text-align: justify;\">\u00abLas temperaturas m\u00ednimas oscilar\u00e1n en Puno entre 0 a 2 grados celsius positivo, en Juliaca entre 0 a -4 grados, Az\u00e1ngaro 0 a -5 grados a igual que en San Antonio de Putina, \u00a0Ayaviri \u00a0entre 0 a -6 grados como tambi\u00e9n en Macuzani y zonas altas del distrito de Ananea\u00bb, puntualiz\u00f3 el experto.<\/p>\n<p style=\"text-align: justify;\">Mencion\u00f3 que cuando ocurran heladas fuertes, Macuzani y Juliaca soportar\u00eda hasta -8 grados.<\/p>\n<p style=\"text-align: justify;\">Con informaci\u00f3n de <strong><em><span style=\"text-decoration: underline;\">El Comercio<\/span><\/em><\/strong>.<\/p>\n<p style=\"text-align: justify;\"><img decoding=\"async\" src=\"images\/stories\/14\/05\/110514\/bus.jpg\" border=\"0\" \/><\/p>\n","protected":false},"excerpt":{"rendered":"<p>(Aeronoticias).-\u00a0A partir del jueves 15 se espera que la temperatura m\u00ednima en la regi\u00f3n Puno descienda paulatinamente en la mayor parte de la zona altipl\u00e1nica, pero las heladas a\u00fan no ser\u00e1n intensas, afirm\u00f3 el director del Servicio Nacional de Meteorolog\u00eda e Hidrolog\u00eda (Senamhi)- Puno, Sixto Flores. A\u00f1adi\u00f3 que desde el mi\u00e9rcoles 14 en las provincias [&hellip;]<\/p>\n","protected":false},"author":1,"featured_media":0,"comment_status":"open","ping_status":"open","sticky":false,"template":"","format":"standard","meta":{"tdm_status":"","tdm_grid_status":"","footnotes":""},"categories":[38],"tags":[],"class_list":{"0":"post-45726","1":"post","2":"type-post","3":"status-publish","4":"format-standard","6":"category-nacionales"},"yoast_head":"<!-- This site is optimized with the Yoast SEO plugin v25.1 - https:\/\/yoast.com\/wordpress\/plugins\/seo\/ -->\n<title>Temperatura m\u00ednima en Puno descender\u00e1 a partir del jueves 15<\/title>\n<meta name=\"description\" content=\"Portal de noticias del Per\u00fa sobre el transporte a\u00e9reo, aviaci\u00f3n, turismo, hoteleria, actualidad.\" \/>\n<meta name=\"robots\" content=\"index, follow, max-snippet:-1, max-image-preview:large, max-video-preview:-1\" \/>\n<link rel=\"canonical\" href=\"https:\/\/aeronoticias.com.pe\/noticiero\/nacionales\/temperatura-minima-en-puno-descendera-a-partir-del-jueves-15\/\" \/>\n<meta property=\"og:locale\" content=\"es_ES\" \/>\n<meta property=\"og:type\" content=\"article\" \/>\n<meta property=\"og:title\" content=\"Temperatura m\u00ednima en Puno descender\u00e1 a partir del jueves 15\" \/>\n<meta property=\"og:description\" content=\"Portal de noticias del Per\u00fa sobre el transporte a\u00e9reo, aviaci\u00f3n, turismo, hoteleria, actualidad.\" \/>\n<meta property=\"og:url\" content=\"https:\/\/aeronoticias.com.pe\/noticiero\/nacionales\/temperatura-minima-en-puno-descendera-a-partir-del-jueves-15\/\" \/>\n<meta property=\"og:site_name\" content=\"Aeronoticias.com.pe\" \/>\n<meta property=\"article:publisher\" content=\"https:\/\/www.facebook.com\/Aeronoticias.com.pe\/\" \/>\n<meta property=\"article:published_time\" content=\"2014-05-13T04:43:58+00:00\" \/>\n<meta name=\"author\" content=\"Redacci\u00f3n Aeronoticias\" \/>\n<meta name=\"twitter:card\" content=\"summary_large_image\" \/>\n<meta name=\"twitter:creator\" content=\"@aeronoticias\" \/>\n<meta name=\"twitter:site\" content=\"@aeronoticias\" \/>\n<meta name=\"twitter:label1\" content=\"Escrito por\" \/>\n\t<meta name=\"twitter:data1\" content=\"Redacci\u00f3n Aeronoticias\" \/>\n\t<meta name=\"twitter:label2\" content=\"Tiempo de lectura\" \/>\n\t<meta name=\"twitter:data2\" content=\"1 minuto\" \/>\n<script type=\"application\/ld+json\" class=\"yoast-schema-graph\">{\"@context\":\"https:\/\/schema.org\",\"@graph\":[{\"@type\":\"WebPage\",\"@id\":\"https:\/\/aeronoticias.com.pe\/noticiero\/nacionales\/temperatura-minima-en-puno-descendera-a-partir-del-jueves-15\/\",\"url\":\"https:\/\/aeronoticias.com.pe\/noticiero\/nacionales\/temperatura-minima-en-puno-descendera-a-partir-del-jueves-15\/\",\"name\":\"Temperatura m\u00ednima en Puno descender\u00e1 a partir del jueves 15\",\"isPartOf\":{\"@id\":\"https:\/\/aeronoticias.com.pe\/noticiero\/#website\"},\"datePublished\":\"2014-05-13T04:43:58+00:00\",\"author\":{\"@id\":\"https:\/\/aeronoticias.com.pe\/noticiero\/#\/schema\/person\/fc1e5d578f4b62ba1cf7ac2bba1170a0\"},\"description\":\"Portal de noticias del Per\u00fa sobre el transporte a\u00e9reo, aviaci\u00f3n, turismo, hoteleria, actualidad.\",\"breadcrumb\":{\"@id\":\"https:\/\/aeronoticias.com.pe\/noticiero\/nacionales\/temperatura-minima-en-puno-descendera-a-partir-del-jueves-15\/#breadcrumb\"},\"inLanguage\":\"es\",\"potentialAction\":[{\"@type\":\"ReadAction\",\"target\":[\"https:\/\/aeronoticias.com.pe\/noticiero\/nacionales\/temperatura-minima-en-puno-descendera-a-partir-del-jueves-15\/\"]}]},{\"@type\":\"BreadcrumbList\",\"@id\":\"https:\/\/aeronoticias.com.pe\/noticiero\/nacionales\/temperatura-minima-en-puno-descendera-a-partir-del-jueves-15\/#breadcrumb\",\"itemListElement\":[{\"@type\":\"ListItem\",\"position\":1,\"name\":\"Portada\",\"item\":\"https:\/\/aeronoticias.com.pe\/noticiero\/\"},{\"@type\":\"ListItem\",\"position\":2,\"name\":\"Temperatura m\u00ednima en Puno descender\u00e1 a partir del jueves 15\"}]},{\"@type\":\"WebSite\",\"@id\":\"https:\/\/aeronoticias.com.pe\/noticiero\/#website\",\"url\":\"https:\/\/aeronoticias.com.pe\/noticiero\/\",\"name\":\"Aeronoticias.com.pe\",\"description\":\"Noticias de tranporte aereo, turismo, hoteles, gastronomia, actualidad, internacional\",\"potentialAction\":[{\"@type\":\"SearchAction\",\"target\":{\"@type\":\"EntryPoint\",\"urlTemplate\":\"https:\/\/aeronoticias.com.pe\/noticiero\/?s={search_term_string}\"},\"query-input\":{\"@type\":\"PropertyValueSpecification\",\"valueRequired\":true,\"valueName\":\"search_term_string\"}}],\"inLanguage\":\"es\"},{\"@type\":\"Person\",\"@id\":\"https:\/\/aeronoticias.com.pe\/noticiero\/#\/schema\/person\/fc1e5d578f4b62ba1cf7ac2bba1170a0\",\"name\":\"Redacci\u00f3n Aeronoticias\",\"url\":\"https:\/\/aeronoticias.com.pe\/noticiero\/author\/piloto\/\"}]}<\/script>\n<!-- \/ Yoast SEO plugin. -->","yoast_head_json":{"title":"Temperatura m\u00ednima en Puno descender\u00e1 a partir del jueves 15","description":"Portal de noticias del Per\u00fa sobre el transporte a\u00e9reo, aviaci\u00f3n, turismo, hoteleria, actualidad.","robots":{"index":"index","follow":"follow","max-snippet":"max-snippet:-1","max-image-preview":"max-image-preview:large","max-video-preview":"max-video-preview:-1"},"canonical":"https:\/\/aeronoticias.com.pe\/noticiero\/nacionales\/temperatura-minima-en-puno-descendera-a-partir-del-jueves-15\/","og_locale":"es_ES","og_type":"article","og_title":"Temperatura m\u00ednima en Puno descender\u00e1 a partir del jueves 15","og_description":"Portal de noticias del Per\u00fa sobre el transporte a\u00e9reo, aviaci\u00f3n, turismo, hoteleria, actualidad.","og_url":"https:\/\/aeronoticias.com.pe\/noticiero\/nacionales\/temperatura-minima-en-puno-descendera-a-partir-del-jueves-15\/","og_site_name":"Aeronoticias.com.pe","article_publisher":"https:\/\/www.facebook.com\/Aeronoticias.com.pe\/","article_published_time":"2014-05-13T04:43:58+00:00","author":"Redacci\u00f3n Aeronoticias","twitter_card":"summary_large_image","twitter_creator":"@aeronoticias","twitter_site":"@aeronoticias","twitter_misc":{"Escrito por":"Redacci\u00f3n Aeronoticias","Tiempo de lectura":"1 minuto"},"schema":{"@context":"https:\/\/schema.org","@graph":[{"@type":"WebPage","@id":"https:\/\/aeronoticias.com.pe\/noticiero\/nacionales\/temperatura-minima-en-puno-descendera-a-partir-del-jueves-15\/","url":"https:\/\/aeronoticias.com.pe\/noticiero\/nacionales\/temperatura-minima-en-puno-descendera-a-partir-del-jueves-15\/","name":"Temperatura m\u00ednima en Puno descender\u00e1 a partir del jueves 15","isPartOf":{"@id":"https:\/\/aeronoticias.com.pe\/noticiero\/#website"},"datePublished":"2014-05-13T04:43:58+00:00","author":{"@id":"https:\/\/aeronoticias.com.pe\/noticiero\/#\/schema\/person\/fc1e5d578f4b62ba1cf7ac2bba1170a0"},"description":"Portal de noticias del Per\u00fa sobre el transporte a\u00e9reo, aviaci\u00f3n, turismo, hoteleria, actualidad.","breadcrumb":{"@id":"https:\/\/aeronoticias.com.pe\/noticiero\/nacionales\/temperatura-minima-en-puno-descendera-a-partir-del-jueves-15\/#breadcrumb"},"inLanguage":"es","potentialAction":[{"@type":"ReadAction","target":["https:\/\/aeronoticias.com.pe\/noticiero\/nacionales\/temperatura-minima-en-puno-descendera-a-partir-del-jueves-15\/"]}]},{"@type":"BreadcrumbList","@id":"https:\/\/aeronoticias.com.pe\/noticiero\/nacionales\/temperatura-minima-en-puno-descendera-a-partir-del-jueves-15\/#breadcrumb","itemListElement":[{"@type":"ListItem","position":1,"name":"Portada","item":"https:\/\/aeronoticias.com.pe\/noticiero\/"},{"@type":"ListItem","position":2,"name":"Temperatura m\u00ednima en Puno descender\u00e1 a partir del jueves 15"}]},{"@type":"WebSite","@id":"https:\/\/aeronoticias.com.pe\/noticiero\/#website","url":"https:\/\/aeronoticias.com.pe\/noticiero\/","name":"Aeronoticias.com.pe","description":"Noticias de tranporte aereo, turismo, hoteles, gastronomia, actualidad, internacional","potentialAction":[{"@type":"SearchAction","target":{"@type":"EntryPoint","urlTemplate":"https:\/\/aeronoticias.com.pe\/noticiero\/?s={search_term_string}"},"query-input":{"@type":"PropertyValueSpecification","valueRequired":true,"valueName":"search_term_string"}}],"inLanguage":"es"},{"@type":"Person","@id":"https:\/\/aeronoticias.com.pe\/noticiero\/#\/schema\/person\/fc1e5d578f4b62ba1cf7ac2bba1170a0","name":"Redacci\u00f3n Aeronoticias","url":"https:\/\/aeronoticias.com.pe\/noticiero\/author\/piloto\/"}]}},"_links":{"self":[{"href":"https:\/\/aeronoticias.com.pe\/noticiero\/wp-json\/wp\/v2\/posts\/45726","targetHints":{"allow":["GET"]}}],"collection":[{"href":"https:\/\/aeronoticias.com.pe\/noticiero\/wp-json\/wp\/v2\/posts"}],"about":[{"href":"https:\/\/aeronoticias.com.pe\/noticiero\/wp-json\/wp\/v2\/types\/post"}],"author":[{"embeddable":true,"href":"https:\/\/aeronoticias.com.pe\/noticiero\/wp-json\/wp\/v2\/users\/1"}],"replies":[{"embeddable":true,"href":"https:\/\/aeronoticias.com.pe\/noticiero\/wp-json\/wp\/v2\/comments?post=45726"}],"version-history":[{"count":0,"href":"https:\/\/aeronoticias.com.pe\/noticiero\/wp-json\/wp\/v2\/posts\/45726\/revisions"}],"wp:attachment":[{"href":"https:\/\/aeronoticias.com.pe\/noticiero\/wp-json\/wp\/v2\/media?parent=45726"}],"wp:term":[{"taxonomy":"category","embeddable":true,"href":"https:\/\/aeronoticias.com.pe\/noticiero\/wp-json\/wp\/v2\/categories?post=45726"},{"taxonomy":"post_tag","embeddable":true,"href":"https:\/\/aeronoticias.com.pe\/noticiero\/wp-json\/wp\/v2\/tags?post=45726"}],"curies":[{"name":"wp","href":"https:\/\/api.w.org\/{rel}","templated":true}]}}