{"id":45728,"date":"2014-05-13T04:50:11","date_gmt":"2014-05-13T04:50:11","guid":{"rendered":"http:\/\/desarrollo.mcvicious.com\/aero2020\/2014\/05\/13\/bachelet-nombra-embajador-a-implicado-en-dictadura-de-pinochet\/"},"modified":"2014-05-13T04:50:11","modified_gmt":"2014-05-13T04:50:11","slug":"bachelet-nombra-embajador-a-implicado-en-dictadura-de-pinochet","status":"publish","type":"post","link":"https:\/\/aeronoticias.com.pe\/noticiero\/internacionales\/bachelet-nombra-embajador-a-implicado-en-dictadura-de-pinochet\/","title":{"rendered":"Bachelet nombra embajador a implicado en dictadura de Pinochet"},"content":{"rendered":"<p style=\"text-align: justify;\"><strong>(Aeronoticias)<\/strong>.-\u00a0La presidenta chilena Michelle Bachelet nombr\u00f3 hoy sorpresivamente como embajador en Australia al diplom\u00e1tico James Sinclair, uno de los hombres a cargo de destruir archivos secretos de la dictadura militar de Augusto Pinochet.<\/p>\n<p style=\"text-align: justify;\">\u00abMe parece que hay muchas formas de ser c\u00f3mplices de las violaciones a los derechos humanos y una de ellas es la destrucci\u00f3n de documentos que nos habr\u00edan permitido conocer la verdad de lo sucedido\u00bb, dijo a dpa la presidenta de la Agrupaci\u00f3n de Detenidos Desaparecidos, Lorena Pizarro.<\/p>\n<p style=\"text-align: justify;\">La activista, quien hizo campa\u00f1a para la llegada de Bachelet al poder este a\u00f1o, consider\u00f3 grave que el destino de Sinclair sea Australia.<\/p>\n<p style=\"text-align: justify;\">\u00abEs preocupante que se env\u00ede a Sinclair a Australia, siendo \u00e9l un ex funcionario de la dictadura\u00bb, ahond\u00f3 la defensora de los derechos humanos.<\/p>\n<p style=\"text-align: justify;\">\u00abExiste una petici\u00f3n de extradici\u00f3n a Australia de Adriana Rivas, la secretaria de Manuel Contreras\u00bb, el m\u00e1s temido de los jefes de la pol\u00edcia secreta, agreg\u00f3 Pizarro.<\/p>\n<p style=\"text-align: justify;\">Adriana Rivas, quien integr\u00f3 la Brigada Lautaro, est\u00e1 acusada por el asesinato en 1976 de la c\u00fapula del Partido Comunista chileno, agrupaci\u00f3n hoy en el poder. En virtud de los cargos, la Corte Suprema solicit\u00f3 su extradici\u00f3n en enero.<\/p>\n<p style=\"text-align: justify;\">Sinclair, seg\u00fan documentaci\u00f3n revelada por DPA en el 2012, elimin\u00f3 a fines del r\u00e9gimen militar (1988) parte de las comunicaciones oficiales entre la polic\u00eda secreta y la Canciller\u00eda.<\/p>\n<p style=\"text-align: justify;\">La operaci\u00f3n, mantenida en reserva durante d\u00e9cadas, consta en el oficio secreto 03146 de abril de 1988, en el que el canciller Ricardo Garc\u00eda inform\u00f3 la destrucci\u00f3n de los documentos a la Central Nacional de Informaciones, principal \u00f3rgano represivo del r\u00e9gimen.<\/p>\n<p style=\"text-align: justify;\">Sinclair, quien en aquel momento era miembro del gabinete del ministro y con el tiempo fue adem\u00e1s jefe de Protocolo del presidente Sebasti\u00e1n Pi\u00f1era, jam\u00e1s neg\u00f3 o explic\u00f3 los hechos.<\/p>\n<p style=\"text-align: justify;\">Durante la dictadura militar (1973-1990) la Canciller\u00eda chilena oper\u00f3 en acciones represivas. Sus diplom\u00e1ticos infiltraron y delataron movimientos de los exiliados. Tambi\u00e9n ejecutaron acciones de guerra psicol\u00f3gica, seg\u00fan consta en los archivos revelados por dpa.<\/p>\n<p style=\"text-align: justify;\">Numerosos diplom\u00e1ticos que participaron en esas acciones siguen ocupando hoy cargos en la Canciller\u00eda chilena.<\/p>\n<p style=\"text-align: justify;\">Los documentos, que llevan timbres, folios y firmas oficiales, muestran incluso que las autoridades de la Canciller\u00eda conoc\u00edan el detalle del Plan C\u00f3ndor, la coordinaci\u00f3n represiva de las dictaduras del Cono Sur.<\/p>\n<p style=\"text-align: justify;\">Los diplom\u00e1ticos en esos a\u00f1os adem\u00e1s suger\u00edan a la polic\u00eda secreta qu\u00e9 preguntas hacer a los hombres que eran torturados en sus calabozos, algo que consta por escrito en documentos oficiales.<\/p>\n<p style=\"text-align: justify;\">El gobierno de Bachelet no detall\u00f3 hasta ahora las razones del nombramiento de Sinclair.<\/p>\n<p style=\"text-align: justify;\">Durante la dictadura militar unas 38.000 personas fueron torturadas, desaparecidas o ejecutadas, seg\u00fan informes oficiales emitidos en democracia.<\/p>\n<p style=\"text-align: justify;\">Con informaci\u00f3n de <span style=\"text-decoration: underline;\"><strong><em>El Comercio<\/em><\/strong><\/span>.<\/p>\n<p style=\"text-align: justify;\"><img decoding=\"async\" src=\"images\/stories\/14\/05\/110514\/chi.jpg\" border=\"0\" \/><\/p>\n","protected":false},"excerpt":{"rendered":"<p>(Aeronoticias).-\u00a0La presidenta chilena Michelle Bachelet nombr\u00f3 hoy sorpresivamente como embajador en Australia al diplom\u00e1tico James Sinclair, uno de los hombres a cargo de destruir archivos secretos de la dictadura militar de Augusto Pinochet. \u00abMe parece que hay muchas formas de ser c\u00f3mplices de las violaciones a los derechos humanos y una de ellas es la [&hellip;]<\/p>\n","protected":false},"author":1,"featured_media":0,"comment_status":"open","ping_status":"open","sticky":false,"template":"","format":"standard","meta":{"tdm_status":"","tdm_grid_status":"","footnotes":""},"categories":[34],"tags":[],"class_list":{"0":"post-45728","1":"post","2":"type-post","3":"status-publish","4":"format-standard","6":"category-internacionales"},"yoast_head":"<!-- This site is optimized with the Yoast SEO plugin v25.1 - https:\/\/yoast.com\/wordpress\/plugins\/seo\/ -->\n<title>Bachelet nombra embajador a implicado en dictadura de Pinochet<\/title>\n<meta name=\"description\" content=\"Portal de noticias del Per\u00fa sobre el transporte a\u00e9reo, aviaci\u00f3n, turismo, hoteleria, actualidad.\" \/>\n<meta name=\"robots\" content=\"index, follow, max-snippet:-1, max-image-preview:large, max-video-preview:-1\" \/>\n<link rel=\"canonical\" href=\"https:\/\/aeronoticias.com.pe\/noticiero\/internacionales\/bachelet-nombra-embajador-a-implicado-en-dictadura-de-pinochet\/\" \/>\n<meta property=\"og:locale\" content=\"es_ES\" \/>\n<meta property=\"og:type\" content=\"article\" \/>\n<meta property=\"og:title\" content=\"Bachelet nombra embajador a implicado en dictadura de Pinochet\" \/>\n<meta property=\"og:description\" content=\"Portal de noticias del Per\u00fa sobre el transporte a\u00e9reo, aviaci\u00f3n, turismo, hoteleria, actualidad.\" \/>\n<meta property=\"og:url\" content=\"https:\/\/aeronoticias.com.pe\/noticiero\/internacionales\/bachelet-nombra-embajador-a-implicado-en-dictadura-de-pinochet\/\" \/>\n<meta property=\"og:site_name\" content=\"Aeronoticias.com.pe\" \/>\n<meta property=\"article:publisher\" content=\"https:\/\/www.facebook.com\/Aeronoticias.com.pe\/\" \/>\n<meta property=\"article:published_time\" content=\"2014-05-13T04:50:11+00:00\" \/>\n<meta name=\"author\" content=\"Redacci\u00f3n Aeronoticias\" \/>\n<meta name=\"twitter:card\" content=\"summary_large_image\" \/>\n<meta name=\"twitter:creator\" content=\"@aeronoticias\" \/>\n<meta name=\"twitter:site\" content=\"@aeronoticias\" \/>\n<meta name=\"twitter:label1\" content=\"Escrito por\" \/>\n\t<meta name=\"twitter:data1\" content=\"Redacci\u00f3n Aeronoticias\" \/>\n\t<meta name=\"twitter:label2\" content=\"Tiempo de lectura\" \/>\n\t<meta name=\"twitter:data2\" content=\"2 minutos\" \/>\n<script type=\"application\/ld+json\" class=\"yoast-schema-graph\">{\"@context\":\"https:\/\/schema.org\",\"@graph\":[{\"@type\":\"WebPage\",\"@id\":\"https:\/\/aeronoticias.com.pe\/noticiero\/internacionales\/bachelet-nombra-embajador-a-implicado-en-dictadura-de-pinochet\/\",\"url\":\"https:\/\/aeronoticias.com.pe\/noticiero\/internacionales\/bachelet-nombra-embajador-a-implicado-en-dictadura-de-pinochet\/\",\"name\":\"Bachelet nombra embajador a implicado en dictadura de Pinochet\",\"isPartOf\":{\"@id\":\"https:\/\/aeronoticias.com.pe\/noticiero\/#website\"},\"datePublished\":\"2014-05-13T04:50:11+00:00\",\"author\":{\"@id\":\"https:\/\/aeronoticias.com.pe\/noticiero\/#\/schema\/person\/fc1e5d578f4b62ba1cf7ac2bba1170a0\"},\"description\":\"Portal de noticias del Per\u00fa sobre el transporte a\u00e9reo, aviaci\u00f3n, turismo, hoteleria, actualidad.\",\"breadcrumb\":{\"@id\":\"https:\/\/aeronoticias.com.pe\/noticiero\/internacionales\/bachelet-nombra-embajador-a-implicado-en-dictadura-de-pinochet\/#breadcrumb\"},\"inLanguage\":\"es\",\"potentialAction\":[{\"@type\":\"ReadAction\",\"target\":[\"https:\/\/aeronoticias.com.pe\/noticiero\/internacionales\/bachelet-nombra-embajador-a-implicado-en-dictadura-de-pinochet\/\"]}]},{\"@type\":\"BreadcrumbList\",\"@id\":\"https:\/\/aeronoticias.com.pe\/noticiero\/internacionales\/bachelet-nombra-embajador-a-implicado-en-dictadura-de-pinochet\/#breadcrumb\",\"itemListElement\":[{\"@type\":\"ListItem\",\"position\":1,\"name\":\"Portada\",\"item\":\"https:\/\/aeronoticias.com.pe\/noticiero\/\"},{\"@type\":\"ListItem\",\"position\":2,\"name\":\"Bachelet nombra embajador a implicado en dictadura de Pinochet\"}]},{\"@type\":\"WebSite\",\"@id\":\"https:\/\/aeronoticias.com.pe\/noticiero\/#website\",\"url\":\"https:\/\/aeronoticias.com.pe\/noticiero\/\",\"name\":\"Aeronoticias.com.pe\",\"description\":\"Noticias de tranporte aereo, turismo, hoteles, gastronomia, actualidad, internacional\",\"potentialAction\":[{\"@type\":\"SearchAction\",\"target\":{\"@type\":\"EntryPoint\",\"urlTemplate\":\"https:\/\/aeronoticias.com.pe\/noticiero\/?s={search_term_string}\"},\"query-input\":{\"@type\":\"PropertyValueSpecification\",\"valueRequired\":true,\"valueName\":\"search_term_string\"}}],\"inLanguage\":\"es\"},{\"@type\":\"Person\",\"@id\":\"https:\/\/aeronoticias.com.pe\/noticiero\/#\/schema\/person\/fc1e5d578f4b62ba1cf7ac2bba1170a0\",\"name\":\"Redacci\u00f3n Aeronoticias\",\"url\":\"https:\/\/aeronoticias.com.pe\/noticiero\/author\/piloto\/\"}]}<\/script>\n<!-- \/ Yoast SEO plugin. -->","yoast_head_json":{"title":"Bachelet nombra embajador a implicado en dictadura de Pinochet","description":"Portal de noticias del Per\u00fa sobre el transporte a\u00e9reo, aviaci\u00f3n, turismo, hoteleria, actualidad.","robots":{"index":"index","follow":"follow","max-snippet":"max-snippet:-1","max-image-preview":"max-image-preview:large","max-video-preview":"max-video-preview:-1"},"canonical":"https:\/\/aeronoticias.com.pe\/noticiero\/internacionales\/bachelet-nombra-embajador-a-implicado-en-dictadura-de-pinochet\/","og_locale":"es_ES","og_type":"article","og_title":"Bachelet nombra embajador a implicado en dictadura de Pinochet","og_description":"Portal de noticias del Per\u00fa sobre el transporte a\u00e9reo, aviaci\u00f3n, turismo, hoteleria, actualidad.","og_url":"https:\/\/aeronoticias.com.pe\/noticiero\/internacionales\/bachelet-nombra-embajador-a-implicado-en-dictadura-de-pinochet\/","og_site_name":"Aeronoticias.com.pe","article_publisher":"https:\/\/www.facebook.com\/Aeronoticias.com.pe\/","article_published_time":"2014-05-13T04:50:11+00:00","author":"Redacci\u00f3n Aeronoticias","twitter_card":"summary_large_image","twitter_creator":"@aeronoticias","twitter_site":"@aeronoticias","twitter_misc":{"Escrito por":"Redacci\u00f3n Aeronoticias","Tiempo de lectura":"2 minutos"},"schema":{"@context":"https:\/\/schema.org","@graph":[{"@type":"WebPage","@id":"https:\/\/aeronoticias.com.pe\/noticiero\/internacionales\/bachelet-nombra-embajador-a-implicado-en-dictadura-de-pinochet\/","url":"https:\/\/aeronoticias.com.pe\/noticiero\/internacionales\/bachelet-nombra-embajador-a-implicado-en-dictadura-de-pinochet\/","name":"Bachelet nombra embajador a implicado en dictadura de Pinochet","isPartOf":{"@id":"https:\/\/aeronoticias.com.pe\/noticiero\/#website"},"datePublished":"2014-05-13T04:50:11+00:00","author":{"@id":"https:\/\/aeronoticias.com.pe\/noticiero\/#\/schema\/person\/fc1e5d578f4b62ba1cf7ac2bba1170a0"},"description":"Portal de noticias del Per\u00fa sobre el transporte a\u00e9reo, aviaci\u00f3n, turismo, hoteleria, actualidad.","breadcrumb":{"@id":"https:\/\/aeronoticias.com.pe\/noticiero\/internacionales\/bachelet-nombra-embajador-a-implicado-en-dictadura-de-pinochet\/#breadcrumb"},"inLanguage":"es","potentialAction":[{"@type":"ReadAction","target":["https:\/\/aeronoticias.com.pe\/noticiero\/internacionales\/bachelet-nombra-embajador-a-implicado-en-dictadura-de-pinochet\/"]}]},{"@type":"BreadcrumbList","@id":"https:\/\/aeronoticias.com.pe\/noticiero\/internacionales\/bachelet-nombra-embajador-a-implicado-en-dictadura-de-pinochet\/#breadcrumb","itemListElement":[{"@type":"ListItem","position":1,"name":"Portada","item":"https:\/\/aeronoticias.com.pe\/noticiero\/"},{"@type":"ListItem","position":2,"name":"Bachelet nombra embajador a implicado en dictadura de Pinochet"}]},{"@type":"WebSite","@id":"https:\/\/aeronoticias.com.pe\/noticiero\/#website","url":"https:\/\/aeronoticias.com.pe\/noticiero\/","name":"Aeronoticias.com.pe","description":"Noticias de tranporte aereo, turismo, hoteles, gastronomia, actualidad, internacional","potentialAction":[{"@type":"SearchAction","target":{"@type":"EntryPoint","urlTemplate":"https:\/\/aeronoticias.com.pe\/noticiero\/?s={search_term_string}"},"query-input":{"@type":"PropertyValueSpecification","valueRequired":true,"valueName":"search_term_string"}}],"inLanguage":"es"},{"@type":"Person","@id":"https:\/\/aeronoticias.com.pe\/noticiero\/#\/schema\/person\/fc1e5d578f4b62ba1cf7ac2bba1170a0","name":"Redacci\u00f3n Aeronoticias","url":"https:\/\/aeronoticias.com.pe\/noticiero\/author\/piloto\/"}]}},"_links":{"self":[{"href":"https:\/\/aeronoticias.com.pe\/noticiero\/wp-json\/wp\/v2\/posts\/45728","targetHints":{"allow":["GET"]}}],"collection":[{"href":"https:\/\/aeronoticias.com.pe\/noticiero\/wp-json\/wp\/v2\/posts"}],"about":[{"href":"https:\/\/aeronoticias.com.pe\/noticiero\/wp-json\/wp\/v2\/types\/post"}],"author":[{"embeddable":true,"href":"https:\/\/aeronoticias.com.pe\/noticiero\/wp-json\/wp\/v2\/users\/1"}],"replies":[{"embeddable":true,"href":"https:\/\/aeronoticias.com.pe\/noticiero\/wp-json\/wp\/v2\/comments?post=45728"}],"version-history":[{"count":0,"href":"https:\/\/aeronoticias.com.pe\/noticiero\/wp-json\/wp\/v2\/posts\/45728\/revisions"}],"wp:attachment":[{"href":"https:\/\/aeronoticias.com.pe\/noticiero\/wp-json\/wp\/v2\/media?parent=45728"}],"wp:term":[{"taxonomy":"category","embeddable":true,"href":"https:\/\/aeronoticias.com.pe\/noticiero\/wp-json\/wp\/v2\/categories?post=45728"},{"taxonomy":"post_tag","embeddable":true,"href":"https:\/\/aeronoticias.com.pe\/noticiero\/wp-json\/wp\/v2\/tags?post=45728"}],"curies":[{"name":"wp","href":"https:\/\/api.w.org\/{rel}","templated":true}]}}