{"id":45731,"date":"2014-05-13T14:42:08","date_gmt":"2014-05-13T14:42:08","guid":{"rendered":"http:\/\/desarrollo.mcvicious.com\/aero2020\/2014\/05\/13\/informaran-medidas-sobre-pueblos-indigenas-ubicados-cerca-de-proyectos-extractivos\/"},"modified":"2014-05-13T14:42:08","modified_gmt":"2014-05-13T14:42:08","slug":"informaran-medidas-sobre-pueblos-indigenas-ubicados-cerca-de-proyectos-extractivos","status":"publish","type":"post","link":"https:\/\/aeronoticias.com.pe\/noticiero\/politica\/informaran-medidas-sobre-pueblos-indigenas-ubicados-cerca-de-proyectos-extractivos\/","title":{"rendered":"Informar\u00e1n medidas sobre pueblos ind\u00edgenas ubicados cerca de proyectos extractivos"},"content":{"rendered":"<p style=\"text-align: justify;\"><img decoding=\"async\" src=\"images\/stories\/14\/05\/130514\/a2.jpg\" border=\"0\" \/><\/p>\n<p style=\"text-align: justify;\"><strong>(Aeronoticias).-<\/strong> <em>Ministra de Cultura tiene previsto acudir a comisi\u00f3n del Congreso.<\/em><\/p>\n<p style=\"text-align: justify;\">La ministra de Cultura, Diana \u00c1lvarez-Calder\u00f3n, tiene previsto presentarse hoy ante la Comisi\u00f3n de Pueblos Andinos, Amaz\u00f3nicos y Afroperuanos del Parlamento para exponer sobre las medidas adoptadas por el gobierno respecto a los pueblos ind\u00edgenas asentados en zonas de proyectos extractivos.<\/p>\n<p style=\"text-align: justify;\">Seg\u00fan adelant\u00f3 la Oficina de Prensa del Parlamento, \u00c1lvarez-Calder\u00f3n informar\u00e1 sobre las medidas dadas en relaci\u00f3n a la problem\u00e1tica de los pueblos en aislamiento del lote 88.<\/p>\n<p style=\"text-align: justify;\">Asimismo, dar\u00e1 a conocer el avance de la implementaci\u00f3n de la consulta previa a los pueblos ind\u00edgenas del lote 192.<\/p>\n<p style=\"text-align: justify;\">Otro punto que abordar\u00e1 ser\u00e1n las medidas para resolver el problema del grupo social de las comunidades nativas en los territorios ubicados en las cuencas de los r\u00edos Pastaza, Tigre, Corrientes y Mara\u00f1\u00f3n, ubicadas en Loreto.<\/p>\n<p style=\"text-align: justify;\">Finalmente, expondr\u00e1 sobre la titulaci\u00f3n de tierras y los problemas de conflicto causados por la actividad de explotaci\u00f3n de la empresa Pluspetrol Norte S.A.<\/p>\n<p style=\"text-align: justify;\">De acuerdo a la agenda, la sesi\u00f3n de este grupo de trabajo legislativo comenzar\u00e1 a partir de las 8.00 horas.<\/p>\n<p style=\"text-align: justify;\">\u00a0<\/p>\n<p style=\"text-align: justify;\">Fuente:<strong><em>Andina<\/em><\/strong><\/p>\n<p style=\"text-align: justify;\">Foto:<strong><em>Andina<\/em><\/strong><\/p>\n","protected":false},"excerpt":{"rendered":"<p>(Aeronoticias).- Ministra de Cultura tiene previsto acudir a comisi\u00f3n del Congreso. La ministra de Cultura, Diana \u00c1lvarez-Calder\u00f3n, tiene previsto presentarse hoy ante la Comisi\u00f3n de Pueblos Andinos, Amaz\u00f3nicos y Afroperuanos del Parlamento para exponer sobre las medidas adoptadas por el gobierno respecto a los pueblos ind\u00edgenas asentados en zonas de proyectos extractivos. Seg\u00fan adelant\u00f3 la [&hellip;]<\/p>\n","protected":false},"author":1,"featured_media":0,"comment_status":"open","ping_status":"open","sticky":false,"template":"","format":"standard","meta":{"tdm_status":"","tdm_grid_status":"","footnotes":""},"categories":[36],"tags":[],"class_list":{"0":"post-45731","1":"post","2":"type-post","3":"status-publish","4":"format-standard","6":"category-politica"},"yoast_head":"<!-- This site is optimized with the Yoast SEO plugin v25.1 - https:\/\/yoast.com\/wordpress\/plugins\/seo\/ -->\n<title>Informar\u00e1n medidas sobre pueblos ind\u00edgenas ubicados cerca de proyectos extractivos<\/title>\n<meta name=\"description\" content=\"Portal de noticias del Per\u00fa sobre el transporte a\u00e9reo, aviaci\u00f3n, turismo, hoteleria, actualidad.\" \/>\n<meta name=\"robots\" content=\"index, follow, max-snippet:-1, max-image-preview:large, max-video-preview:-1\" \/>\n<link rel=\"canonical\" href=\"https:\/\/aeronoticias.com.pe\/noticiero\/politica\/informaran-medidas-sobre-pueblos-indigenas-ubicados-cerca-de-proyectos-extractivos\/\" \/>\n<meta property=\"og:locale\" content=\"es_ES\" \/>\n<meta property=\"og:type\" content=\"article\" \/>\n<meta property=\"og:title\" content=\"Informar\u00e1n medidas sobre pueblos ind\u00edgenas ubicados cerca de proyectos extractivos\" \/>\n<meta property=\"og:description\" content=\"Portal de noticias del Per\u00fa sobre el transporte a\u00e9reo, aviaci\u00f3n, turismo, hoteleria, actualidad.\" \/>\n<meta property=\"og:url\" content=\"https:\/\/aeronoticias.com.pe\/noticiero\/politica\/informaran-medidas-sobre-pueblos-indigenas-ubicados-cerca-de-proyectos-extractivos\/\" \/>\n<meta property=\"og:site_name\" content=\"Aeronoticias.com.pe\" \/>\n<meta property=\"article:publisher\" content=\"https:\/\/www.facebook.com\/Aeronoticias.com.pe\/\" \/>\n<meta property=\"article:published_time\" content=\"2014-05-13T14:42:08+00:00\" \/>\n<meta name=\"author\" content=\"Redacci\u00f3n Aeronoticias\" \/>\n<meta name=\"twitter:card\" content=\"summary_large_image\" \/>\n<meta name=\"twitter:creator\" content=\"@aeronoticias\" \/>\n<meta name=\"twitter:site\" content=\"@aeronoticias\" \/>\n<meta name=\"twitter:label1\" content=\"Escrito por\" \/>\n\t<meta name=\"twitter:data1\" content=\"Redacci\u00f3n Aeronoticias\" \/>\n\t<meta name=\"twitter:label2\" content=\"Tiempo de lectura\" \/>\n\t<meta name=\"twitter:data2\" content=\"1 minuto\" \/>\n<script type=\"application\/ld+json\" class=\"yoast-schema-graph\">{\"@context\":\"https:\/\/schema.org\",\"@graph\":[{\"@type\":\"WebPage\",\"@id\":\"https:\/\/aeronoticias.com.pe\/noticiero\/politica\/informaran-medidas-sobre-pueblos-indigenas-ubicados-cerca-de-proyectos-extractivos\/\",\"url\":\"https:\/\/aeronoticias.com.pe\/noticiero\/politica\/informaran-medidas-sobre-pueblos-indigenas-ubicados-cerca-de-proyectos-extractivos\/\",\"name\":\"Informar\u00e1n medidas sobre pueblos ind\u00edgenas ubicados cerca de proyectos extractivos\",\"isPartOf\":{\"@id\":\"https:\/\/aeronoticias.com.pe\/noticiero\/#website\"},\"datePublished\":\"2014-05-13T14:42:08+00:00\",\"author\":{\"@id\":\"https:\/\/aeronoticias.com.pe\/noticiero\/#\/schema\/person\/fc1e5d578f4b62ba1cf7ac2bba1170a0\"},\"description\":\"Portal de noticias del Per\u00fa sobre el transporte a\u00e9reo, aviaci\u00f3n, turismo, hoteleria, actualidad.\",\"breadcrumb\":{\"@id\":\"https:\/\/aeronoticias.com.pe\/noticiero\/politica\/informaran-medidas-sobre-pueblos-indigenas-ubicados-cerca-de-proyectos-extractivos\/#breadcrumb\"},\"inLanguage\":\"es\",\"potentialAction\":[{\"@type\":\"ReadAction\",\"target\":[\"https:\/\/aeronoticias.com.pe\/noticiero\/politica\/informaran-medidas-sobre-pueblos-indigenas-ubicados-cerca-de-proyectos-extractivos\/\"]}]},{\"@type\":\"BreadcrumbList\",\"@id\":\"https:\/\/aeronoticias.com.pe\/noticiero\/politica\/informaran-medidas-sobre-pueblos-indigenas-ubicados-cerca-de-proyectos-extractivos\/#breadcrumb\",\"itemListElement\":[{\"@type\":\"ListItem\",\"position\":1,\"name\":\"Portada\",\"item\":\"https:\/\/aeronoticias.com.pe\/noticiero\/\"},{\"@type\":\"ListItem\",\"position\":2,\"name\":\"Informar\u00e1n medidas sobre pueblos ind\u00edgenas ubicados cerca de proyectos extractivos\"}]},{\"@type\":\"WebSite\",\"@id\":\"https:\/\/aeronoticias.com.pe\/noticiero\/#website\",\"url\":\"https:\/\/aeronoticias.com.pe\/noticiero\/\",\"name\":\"Aeronoticias.com.pe\",\"description\":\"Noticias de tranporte aereo, turismo, hoteles, gastronomia, actualidad, internacional\",\"potentialAction\":[{\"@type\":\"SearchAction\",\"target\":{\"@type\":\"EntryPoint\",\"urlTemplate\":\"https:\/\/aeronoticias.com.pe\/noticiero\/?s={search_term_string}\"},\"query-input\":{\"@type\":\"PropertyValueSpecification\",\"valueRequired\":true,\"valueName\":\"search_term_string\"}}],\"inLanguage\":\"es\"},{\"@type\":\"Person\",\"@id\":\"https:\/\/aeronoticias.com.pe\/noticiero\/#\/schema\/person\/fc1e5d578f4b62ba1cf7ac2bba1170a0\",\"name\":\"Redacci\u00f3n Aeronoticias\",\"url\":\"https:\/\/aeronoticias.com.pe\/noticiero\/author\/piloto\/\"}]}<\/script>\n<!-- \/ Yoast SEO plugin. -->","yoast_head_json":{"title":"Informar\u00e1n medidas sobre pueblos ind\u00edgenas ubicados cerca de proyectos extractivos","description":"Portal de noticias del Per\u00fa sobre el transporte a\u00e9reo, aviaci\u00f3n, turismo, hoteleria, actualidad.","robots":{"index":"index","follow":"follow","max-snippet":"max-snippet:-1","max-image-preview":"max-image-preview:large","max-video-preview":"max-video-preview:-1"},"canonical":"https:\/\/aeronoticias.com.pe\/noticiero\/politica\/informaran-medidas-sobre-pueblos-indigenas-ubicados-cerca-de-proyectos-extractivos\/","og_locale":"es_ES","og_type":"article","og_title":"Informar\u00e1n medidas sobre pueblos ind\u00edgenas ubicados cerca de proyectos extractivos","og_description":"Portal de noticias del Per\u00fa sobre el transporte a\u00e9reo, aviaci\u00f3n, turismo, hoteleria, actualidad.","og_url":"https:\/\/aeronoticias.com.pe\/noticiero\/politica\/informaran-medidas-sobre-pueblos-indigenas-ubicados-cerca-de-proyectos-extractivos\/","og_site_name":"Aeronoticias.com.pe","article_publisher":"https:\/\/www.facebook.com\/Aeronoticias.com.pe\/","article_published_time":"2014-05-13T14:42:08+00:00","author":"Redacci\u00f3n Aeronoticias","twitter_card":"summary_large_image","twitter_creator":"@aeronoticias","twitter_site":"@aeronoticias","twitter_misc":{"Escrito por":"Redacci\u00f3n Aeronoticias","Tiempo de lectura":"1 minuto"},"schema":{"@context":"https:\/\/schema.org","@graph":[{"@type":"WebPage","@id":"https:\/\/aeronoticias.com.pe\/noticiero\/politica\/informaran-medidas-sobre-pueblos-indigenas-ubicados-cerca-de-proyectos-extractivos\/","url":"https:\/\/aeronoticias.com.pe\/noticiero\/politica\/informaran-medidas-sobre-pueblos-indigenas-ubicados-cerca-de-proyectos-extractivos\/","name":"Informar\u00e1n medidas sobre pueblos ind\u00edgenas ubicados cerca de proyectos extractivos","isPartOf":{"@id":"https:\/\/aeronoticias.com.pe\/noticiero\/#website"},"datePublished":"2014-05-13T14:42:08+00:00","author":{"@id":"https:\/\/aeronoticias.com.pe\/noticiero\/#\/schema\/person\/fc1e5d578f4b62ba1cf7ac2bba1170a0"},"description":"Portal de noticias del Per\u00fa sobre el transporte a\u00e9reo, aviaci\u00f3n, turismo, hoteleria, actualidad.","breadcrumb":{"@id":"https:\/\/aeronoticias.com.pe\/noticiero\/politica\/informaran-medidas-sobre-pueblos-indigenas-ubicados-cerca-de-proyectos-extractivos\/#breadcrumb"},"inLanguage":"es","potentialAction":[{"@type":"ReadAction","target":["https:\/\/aeronoticias.com.pe\/noticiero\/politica\/informaran-medidas-sobre-pueblos-indigenas-ubicados-cerca-de-proyectos-extractivos\/"]}]},{"@type":"BreadcrumbList","@id":"https:\/\/aeronoticias.com.pe\/noticiero\/politica\/informaran-medidas-sobre-pueblos-indigenas-ubicados-cerca-de-proyectos-extractivos\/#breadcrumb","itemListElement":[{"@type":"ListItem","position":1,"name":"Portada","item":"https:\/\/aeronoticias.com.pe\/noticiero\/"},{"@type":"ListItem","position":2,"name":"Informar\u00e1n medidas sobre pueblos ind\u00edgenas ubicados cerca de proyectos extractivos"}]},{"@type":"WebSite","@id":"https:\/\/aeronoticias.com.pe\/noticiero\/#website","url":"https:\/\/aeronoticias.com.pe\/noticiero\/","name":"Aeronoticias.com.pe","description":"Noticias de tranporte aereo, turismo, hoteles, gastronomia, actualidad, internacional","potentialAction":[{"@type":"SearchAction","target":{"@type":"EntryPoint","urlTemplate":"https:\/\/aeronoticias.com.pe\/noticiero\/?s={search_term_string}"},"query-input":{"@type":"PropertyValueSpecification","valueRequired":true,"valueName":"search_term_string"}}],"inLanguage":"es"},{"@type":"Person","@id":"https:\/\/aeronoticias.com.pe\/noticiero\/#\/schema\/person\/fc1e5d578f4b62ba1cf7ac2bba1170a0","name":"Redacci\u00f3n Aeronoticias","url":"https:\/\/aeronoticias.com.pe\/noticiero\/author\/piloto\/"}]}},"_links":{"self":[{"href":"https:\/\/aeronoticias.com.pe\/noticiero\/wp-json\/wp\/v2\/posts\/45731","targetHints":{"allow":["GET"]}}],"collection":[{"href":"https:\/\/aeronoticias.com.pe\/noticiero\/wp-json\/wp\/v2\/posts"}],"about":[{"href":"https:\/\/aeronoticias.com.pe\/noticiero\/wp-json\/wp\/v2\/types\/post"}],"author":[{"embeddable":true,"href":"https:\/\/aeronoticias.com.pe\/noticiero\/wp-json\/wp\/v2\/users\/1"}],"replies":[{"embeddable":true,"href":"https:\/\/aeronoticias.com.pe\/noticiero\/wp-json\/wp\/v2\/comments?post=45731"}],"version-history":[{"count":0,"href":"https:\/\/aeronoticias.com.pe\/noticiero\/wp-json\/wp\/v2\/posts\/45731\/revisions"}],"wp:attachment":[{"href":"https:\/\/aeronoticias.com.pe\/noticiero\/wp-json\/wp\/v2\/media?parent=45731"}],"wp:term":[{"taxonomy":"category","embeddable":true,"href":"https:\/\/aeronoticias.com.pe\/noticiero\/wp-json\/wp\/v2\/categories?post=45731"},{"taxonomy":"post_tag","embeddable":true,"href":"https:\/\/aeronoticias.com.pe\/noticiero\/wp-json\/wp\/v2\/tags?post=45731"}],"curies":[{"name":"wp","href":"https:\/\/api.w.org\/{rel}","templated":true}]}}