{"id":45732,"date":"2014-05-13T14:44:56","date_gmt":"2014-05-13T14:44:56","guid":{"rendered":"http:\/\/desarrollo.mcvicious.com\/aero2020\/2014\/05\/13\/plan-maestro-del-parque-arqueologico-machu-picchu-se-aprobaria-en-agosto\/"},"modified":"2014-05-13T14:44:56","modified_gmt":"2014-05-13T14:44:56","slug":"plan-maestro-del-parque-arqueologico-machu-picchu-se-aprobaria-en-agosto","status":"publish","type":"post","link":"https:\/\/aeronoticias.com.pe\/noticiero\/nacionales\/plan-maestro-del-parque-arqueologico-machu-picchu-se-aprobaria-en-agosto\/","title":{"rendered":"Plan maestro del parque arqueol\u00f3gico Machu Picchu se aprobar\u00eda en agosto"},"content":{"rendered":"<p style=\"text-align: justify;\"><img decoding=\"async\" src=\"images\/stories\/14\/05\/130514\/a3.jpg\" border=\"0\" \/><\/p>\n<p style=\"text-align: justify;\"><strong>(Aeronoticias)<\/strong>.- Entre agosto y setiembre se aprobar\u00e1 el Plan Maestro del parque arqueol\u00f3gico de Machu Picchu, instrumento de gesti\u00f3n que permitir\u00e1 su protecci\u00f3n, conservaci\u00f3n y preservaci\u00f3n; as\u00ed lo inform\u00f3 Ricardo Ruiz Caro Villagarc\u00eda, director de la Direcci\u00f3n Desconcentrada de Cultura de Cusco.<\/p>\n<p style=\"text-align: justify;\">El valioso documento comprender\u00e1 los resultados del estudio t\u00e9cnico de una consultor\u00eda que analizar\u00e1 la capacidad de carga, n\u00famero de visitantes que ingresan al santuario; uno de los aspectos que fue advertido por la Unesco.<\/p>\n<p style=\"text-align: justify;\">\u201cEste estudio nos dir\u00e1 en la situaci\u00f3n actual de cuanta gente puede venir. Ser\u00e1 un documento real que nos indique la capacidad\u201d, destac\u00f3 Ruiz Caro y afirm\u00f3 que dentro de un mes y medio se contar\u00eda con los especialistas y t\u00e9cnicos, que incluso ser\u00edan de la recomendaci\u00f3n de la Unesco.<\/p>\n<p style=\"text-align: justify;\">Otra de las problem\u00e1ticas que preocupa y deber\u00e1 ser absuelta en el Plan Maestro es la ubicaci\u00f3n de Machu Picchu pueblo o Aguas Calientes, entre otras observaciones, las cuales son materia de socializaci\u00f3n bajo cuatro programas, de medio ambiente, cultura, gobernanza y gesti\u00f3n de uso p\u00fablico.<\/p>\n<p style=\"text-align: justify;\">Este proceso, que se lleva a cabo con el Sernanp, se realizar\u00e1 con talleres de consulta a la sociedad civil, instituciones p\u00fablicas y privadas, universidades, colegios profesionales y entidades especializadas con el fin de recibir aportes e ideas, coment\u00f3 Ruiz Caro Villagarc\u00eda.<\/p>\n<p style=\"text-align: justify;\">De los talleres<\/p>\n<p style=\"text-align: justify;\">La actualizaci\u00f3n del Plan Maestro de Machu Picchu contiene un diagn\u00f3stico actualizado de la problem\u00e1tica del \u00e1rea protegida y un plan estrat\u00e9gico, que, a su vez, contiene programas de trabajo para la preservaci\u00f3n del patrimonio arqueol\u00f3gico, la conservaci\u00f3n del patrimonio natural, programa de uso p\u00fablico y el programa de gesti\u00f3n participativa.<\/p>\n<p style=\"text-align: justify;\">El proceso de socializaci\u00f3n y talleres que ser\u00e1n en la ciudad de Cusco y en Machu Picchu Pueblo, de acuerdo a un cronograma desde el lunes 19 de este mes en la Casa Garcilaso, con el sector acad\u00e9mico, que incluye universidades, colegios profesionales y departamentos acad\u00e9micos vinculados al tema.<\/p>\n<p style=\"text-align: justify;\">Para el martes 20 de mayo se contar\u00e1 con las principales empresas prestadoras de servicios en Machu Picchu como, Egemsa, Per\u00fa Rail, Ferrocaril Trasandino, Consettur y otras. El taller ser\u00e1 en el centro de interpretaci\u00f3n de Sernanp en la ciudad del Cusco.<\/p>\n<p style=\"text-align: justify;\">El tercer taller de consulta ser\u00e1 con las entidades del sector p\u00fablico como gobiernos locales, tanto provinciales como distritales, Gobierno Regional Cusco y direcciones regionales. Ser\u00e1 en el Auditorio del Gobierno Regional Cusco.<\/p>\n<p style=\"text-align: justify;\">De igual modo se ha programado el taller de consulta con las entidades p\u00fablicas y privadas del sector Turismo, entre ellas, Dircetur, Plan Copesco, CARTUC, C\u00e1mara de Comercio, AATC, AOTEC y otros organismos. Este taller se cumplir\u00e1 en el auditorio de Dircetur, el 27 de mayo.<\/p>\n<p style=\"text-align: justify;\">Por \u00faltimo, se llevar\u00e1n a cabo talleres de consulta con la poblaci\u00f3n rural del Santuario Hist\u00f3rico de Machu Picchu del 1 al 22 de junio en las comunidades de Choquelluska, Torontoy, Intiwatana y en Machu Picchu Pueblo.<\/p>\n<p style=\"text-align: justify;\">\u00a0<\/p>\n<p style=\"text-align: justify;\">Fuente:<strong><em>Andina<\/em><\/strong><\/p>\n<p style=\"text-align: justify;\">Foto:<strong><em>Andina<\/em><\/strong><\/p>\n","protected":false},"excerpt":{"rendered":"<p>(Aeronoticias).- Entre agosto y setiembre se aprobar\u00e1 el Plan Maestro del parque arqueol\u00f3gico de Machu Picchu, instrumento de gesti\u00f3n que permitir\u00e1 su protecci\u00f3n, conservaci\u00f3n y preservaci\u00f3n; as\u00ed lo inform\u00f3 Ricardo Ruiz Caro Villagarc\u00eda, director de la Direcci\u00f3n Desconcentrada de Cultura de Cusco. El valioso documento comprender\u00e1 los resultados del estudio t\u00e9cnico de una consultor\u00eda que [&hellip;]<\/p>\n","protected":false},"author":1,"featured_media":0,"comment_status":"open","ping_status":"open","sticky":false,"template":"","format":"standard","meta":{"tdm_status":"","tdm_grid_status":"","footnotes":""},"categories":[38],"tags":[],"class_list":{"0":"post-45732","1":"post","2":"type-post","3":"status-publish","4":"format-standard","6":"category-nacionales"},"yoast_head":"<!-- This site is optimized with the Yoast SEO plugin v25.1 - https:\/\/yoast.com\/wordpress\/plugins\/seo\/ -->\n<title>Plan maestro del parque arqueol\u00f3gico Machu Picchu se aprobar\u00eda en agosto<\/title>\n<meta name=\"description\" content=\"Portal de noticias del Per\u00fa sobre el transporte a\u00e9reo, aviaci\u00f3n, turismo, hoteleria, actualidad.\" \/>\n<meta name=\"robots\" content=\"index, follow, max-snippet:-1, max-image-preview:large, max-video-preview:-1\" \/>\n<link rel=\"canonical\" href=\"https:\/\/aeronoticias.com.pe\/noticiero\/nacionales\/plan-maestro-del-parque-arqueologico-machu-picchu-se-aprobaria-en-agosto\/\" \/>\n<meta property=\"og:locale\" content=\"es_ES\" \/>\n<meta property=\"og:type\" content=\"article\" \/>\n<meta property=\"og:title\" content=\"Plan maestro del parque arqueol\u00f3gico Machu Picchu se aprobar\u00eda en agosto\" \/>\n<meta property=\"og:description\" content=\"Portal de noticias del Per\u00fa sobre el transporte a\u00e9reo, aviaci\u00f3n, turismo, hoteleria, actualidad.\" \/>\n<meta property=\"og:url\" content=\"https:\/\/aeronoticias.com.pe\/noticiero\/nacionales\/plan-maestro-del-parque-arqueologico-machu-picchu-se-aprobaria-en-agosto\/\" \/>\n<meta property=\"og:site_name\" content=\"Aeronoticias.com.pe\" \/>\n<meta property=\"article:publisher\" content=\"https:\/\/www.facebook.com\/Aeronoticias.com.pe\/\" \/>\n<meta property=\"article:published_time\" content=\"2014-05-13T14:44:56+00:00\" \/>\n<meta name=\"author\" content=\"Redacci\u00f3n Aeronoticias\" \/>\n<meta name=\"twitter:card\" content=\"summary_large_image\" \/>\n<meta name=\"twitter:creator\" content=\"@aeronoticias\" \/>\n<meta name=\"twitter:site\" content=\"@aeronoticias\" \/>\n<meta name=\"twitter:label1\" content=\"Escrito por\" \/>\n\t<meta name=\"twitter:data1\" content=\"Redacci\u00f3n Aeronoticias\" \/>\n\t<meta name=\"twitter:label2\" content=\"Tiempo de lectura\" \/>\n\t<meta name=\"twitter:data2\" content=\"3 minutos\" \/>\n<script type=\"application\/ld+json\" class=\"yoast-schema-graph\">{\"@context\":\"https:\/\/schema.org\",\"@graph\":[{\"@type\":\"WebPage\",\"@id\":\"https:\/\/aeronoticias.com.pe\/noticiero\/nacionales\/plan-maestro-del-parque-arqueologico-machu-picchu-se-aprobaria-en-agosto\/\",\"url\":\"https:\/\/aeronoticias.com.pe\/noticiero\/nacionales\/plan-maestro-del-parque-arqueologico-machu-picchu-se-aprobaria-en-agosto\/\",\"name\":\"Plan maestro del parque arqueol\u00f3gico Machu Picchu se aprobar\u00eda en agosto\",\"isPartOf\":{\"@id\":\"https:\/\/aeronoticias.com.pe\/noticiero\/#website\"},\"datePublished\":\"2014-05-13T14:44:56+00:00\",\"author\":{\"@id\":\"https:\/\/aeronoticias.com.pe\/noticiero\/#\/schema\/person\/fc1e5d578f4b62ba1cf7ac2bba1170a0\"},\"description\":\"Portal de noticias del Per\u00fa sobre el transporte a\u00e9reo, aviaci\u00f3n, turismo, hoteleria, actualidad.\",\"breadcrumb\":{\"@id\":\"https:\/\/aeronoticias.com.pe\/noticiero\/nacionales\/plan-maestro-del-parque-arqueologico-machu-picchu-se-aprobaria-en-agosto\/#breadcrumb\"},\"inLanguage\":\"es\",\"potentialAction\":[{\"@type\":\"ReadAction\",\"target\":[\"https:\/\/aeronoticias.com.pe\/noticiero\/nacionales\/plan-maestro-del-parque-arqueologico-machu-picchu-se-aprobaria-en-agosto\/\"]}]},{\"@type\":\"BreadcrumbList\",\"@id\":\"https:\/\/aeronoticias.com.pe\/noticiero\/nacionales\/plan-maestro-del-parque-arqueologico-machu-picchu-se-aprobaria-en-agosto\/#breadcrumb\",\"itemListElement\":[{\"@type\":\"ListItem\",\"position\":1,\"name\":\"Portada\",\"item\":\"https:\/\/aeronoticias.com.pe\/noticiero\/\"},{\"@type\":\"ListItem\",\"position\":2,\"name\":\"Plan maestro del parque arqueol\u00f3gico Machu Picchu se aprobar\u00eda en agosto\"}]},{\"@type\":\"WebSite\",\"@id\":\"https:\/\/aeronoticias.com.pe\/noticiero\/#website\",\"url\":\"https:\/\/aeronoticias.com.pe\/noticiero\/\",\"name\":\"Aeronoticias.com.pe\",\"description\":\"Noticias de tranporte aereo, turismo, hoteles, gastronomia, actualidad, internacional\",\"potentialAction\":[{\"@type\":\"SearchAction\",\"target\":{\"@type\":\"EntryPoint\",\"urlTemplate\":\"https:\/\/aeronoticias.com.pe\/noticiero\/?s={search_term_string}\"},\"query-input\":{\"@type\":\"PropertyValueSpecification\",\"valueRequired\":true,\"valueName\":\"search_term_string\"}}],\"inLanguage\":\"es\"},{\"@type\":\"Person\",\"@id\":\"https:\/\/aeronoticias.com.pe\/noticiero\/#\/schema\/person\/fc1e5d578f4b62ba1cf7ac2bba1170a0\",\"name\":\"Redacci\u00f3n Aeronoticias\",\"url\":\"https:\/\/aeronoticias.com.pe\/noticiero\/author\/piloto\/\"}]}<\/script>\n<!-- \/ Yoast SEO plugin. -->","yoast_head_json":{"title":"Plan maestro del parque arqueol\u00f3gico Machu Picchu se aprobar\u00eda en agosto","description":"Portal de noticias del Per\u00fa sobre el transporte a\u00e9reo, aviaci\u00f3n, turismo, hoteleria, actualidad.","robots":{"index":"index","follow":"follow","max-snippet":"max-snippet:-1","max-image-preview":"max-image-preview:large","max-video-preview":"max-video-preview:-1"},"canonical":"https:\/\/aeronoticias.com.pe\/noticiero\/nacionales\/plan-maestro-del-parque-arqueologico-machu-picchu-se-aprobaria-en-agosto\/","og_locale":"es_ES","og_type":"article","og_title":"Plan maestro del parque arqueol\u00f3gico Machu Picchu se aprobar\u00eda en agosto","og_description":"Portal de noticias del Per\u00fa sobre el transporte a\u00e9reo, aviaci\u00f3n, turismo, hoteleria, actualidad.","og_url":"https:\/\/aeronoticias.com.pe\/noticiero\/nacionales\/plan-maestro-del-parque-arqueologico-machu-picchu-se-aprobaria-en-agosto\/","og_site_name":"Aeronoticias.com.pe","article_publisher":"https:\/\/www.facebook.com\/Aeronoticias.com.pe\/","article_published_time":"2014-05-13T14:44:56+00:00","author":"Redacci\u00f3n Aeronoticias","twitter_card":"summary_large_image","twitter_creator":"@aeronoticias","twitter_site":"@aeronoticias","twitter_misc":{"Escrito por":"Redacci\u00f3n Aeronoticias","Tiempo de lectura":"3 minutos"},"schema":{"@context":"https:\/\/schema.org","@graph":[{"@type":"WebPage","@id":"https:\/\/aeronoticias.com.pe\/noticiero\/nacionales\/plan-maestro-del-parque-arqueologico-machu-picchu-se-aprobaria-en-agosto\/","url":"https:\/\/aeronoticias.com.pe\/noticiero\/nacionales\/plan-maestro-del-parque-arqueologico-machu-picchu-se-aprobaria-en-agosto\/","name":"Plan maestro del parque arqueol\u00f3gico Machu Picchu se aprobar\u00eda en agosto","isPartOf":{"@id":"https:\/\/aeronoticias.com.pe\/noticiero\/#website"},"datePublished":"2014-05-13T14:44:56+00:00","author":{"@id":"https:\/\/aeronoticias.com.pe\/noticiero\/#\/schema\/person\/fc1e5d578f4b62ba1cf7ac2bba1170a0"},"description":"Portal de noticias del Per\u00fa sobre el transporte a\u00e9reo, aviaci\u00f3n, turismo, hoteleria, actualidad.","breadcrumb":{"@id":"https:\/\/aeronoticias.com.pe\/noticiero\/nacionales\/plan-maestro-del-parque-arqueologico-machu-picchu-se-aprobaria-en-agosto\/#breadcrumb"},"inLanguage":"es","potentialAction":[{"@type":"ReadAction","target":["https:\/\/aeronoticias.com.pe\/noticiero\/nacionales\/plan-maestro-del-parque-arqueologico-machu-picchu-se-aprobaria-en-agosto\/"]}]},{"@type":"BreadcrumbList","@id":"https:\/\/aeronoticias.com.pe\/noticiero\/nacionales\/plan-maestro-del-parque-arqueologico-machu-picchu-se-aprobaria-en-agosto\/#breadcrumb","itemListElement":[{"@type":"ListItem","position":1,"name":"Portada","item":"https:\/\/aeronoticias.com.pe\/noticiero\/"},{"@type":"ListItem","position":2,"name":"Plan maestro del parque arqueol\u00f3gico Machu Picchu se aprobar\u00eda en agosto"}]},{"@type":"WebSite","@id":"https:\/\/aeronoticias.com.pe\/noticiero\/#website","url":"https:\/\/aeronoticias.com.pe\/noticiero\/","name":"Aeronoticias.com.pe","description":"Noticias de tranporte aereo, turismo, hoteles, gastronomia, actualidad, internacional","potentialAction":[{"@type":"SearchAction","target":{"@type":"EntryPoint","urlTemplate":"https:\/\/aeronoticias.com.pe\/noticiero\/?s={search_term_string}"},"query-input":{"@type":"PropertyValueSpecification","valueRequired":true,"valueName":"search_term_string"}}],"inLanguage":"es"},{"@type":"Person","@id":"https:\/\/aeronoticias.com.pe\/noticiero\/#\/schema\/person\/fc1e5d578f4b62ba1cf7ac2bba1170a0","name":"Redacci\u00f3n Aeronoticias","url":"https:\/\/aeronoticias.com.pe\/noticiero\/author\/piloto\/"}]}},"_links":{"self":[{"href":"https:\/\/aeronoticias.com.pe\/noticiero\/wp-json\/wp\/v2\/posts\/45732","targetHints":{"allow":["GET"]}}],"collection":[{"href":"https:\/\/aeronoticias.com.pe\/noticiero\/wp-json\/wp\/v2\/posts"}],"about":[{"href":"https:\/\/aeronoticias.com.pe\/noticiero\/wp-json\/wp\/v2\/types\/post"}],"author":[{"embeddable":true,"href":"https:\/\/aeronoticias.com.pe\/noticiero\/wp-json\/wp\/v2\/users\/1"}],"replies":[{"embeddable":true,"href":"https:\/\/aeronoticias.com.pe\/noticiero\/wp-json\/wp\/v2\/comments?post=45732"}],"version-history":[{"count":0,"href":"https:\/\/aeronoticias.com.pe\/noticiero\/wp-json\/wp\/v2\/posts\/45732\/revisions"}],"wp:attachment":[{"href":"https:\/\/aeronoticias.com.pe\/noticiero\/wp-json\/wp\/v2\/media?parent=45732"}],"wp:term":[{"taxonomy":"category","embeddable":true,"href":"https:\/\/aeronoticias.com.pe\/noticiero\/wp-json\/wp\/v2\/categories?post=45732"},{"taxonomy":"post_tag","embeddable":true,"href":"https:\/\/aeronoticias.com.pe\/noticiero\/wp-json\/wp\/v2\/tags?post=45732"}],"curies":[{"name":"wp","href":"https:\/\/api.w.org\/{rel}","templated":true}]}}