{"id":45771,"date":"2014-05-14T16:23:57","date_gmt":"2014-05-14T16:23:57","guid":{"rendered":"http:\/\/desarrollo.mcvicious.com\/aero2020\/2014\/05\/14\/uso-intensivo-del-movil-aumenta-riesgo-de-sufrir-cancer-cerebral\/"},"modified":"2014-05-14T16:23:57","modified_gmt":"2014-05-14T16:23:57","slug":"uso-intensivo-del-movil-aumenta-riesgo-de-sufrir-cancer-cerebral","status":"publish","type":"post","link":"https:\/\/aeronoticias.com.pe\/noticiero\/salud\/uso-intensivo-del-movil-aumenta-riesgo-de-sufrir-cancer-cerebral\/","title":{"rendered":"Uso intensivo de celular aumenta riesgo de sufrir c\u00e1ncer cerebral"},"content":{"rendered":"<p style=\"text-align: justify;\"><strong>(Aeronoticias) <\/strong><span style=\"line-height: 1.3em;\">El uso intensivo del tel\u00e9fono m\u00f3vil conlleva un incremento del riesgo de sufrir un tipo c\u00e1ncer cerebral agresivo, seg\u00fan el estudio publicado por investigadores de la universidad de Burdeos en la revista especializada \u00abOccupational &amp; Environmental Medicine\u00bb.<\/span><\/p>\n<p style=\"text-align: justify;\"><span style=\"line-height: 1.3em;\">El equipo dirigido por Ga\u00eblle Coureau demuestra que existen dos tipos de tumores asociados a una prolongada exposici\u00f3n a las radiofrecuencias de estos aparatos: los gliomas, de car\u00e1cter agresivo, y los meningiomas, m\u00e1s f\u00e1ciles de operar.<\/span><\/p>\n<p style=\"text-align: justify;\"><span style=\"line-height: 1.3em;\">Las personas que utilizan el tel\u00e9fono port\u00e1til m\u00e1s de 15 horas por semana, lo que supone 30 minutos al d\u00eda, tienen un mayor riesgo de que se desarrollen esos tumores.<\/span><\/p>\n<p style=\"text-align: justify;\"><span style=\"line-height: 1.3em;\">Los investigadores analizaron el perfil de 450 enfermos de c\u00e1ncer y usuarios de tel\u00e9fono m\u00f3vil mayores de 15 a\u00f1os entre junio de 2004 y mayo de 2006 en cuatro departamentos franceses y lo compararon con 900 usuarios de dicho aparato en perfecto estado de salud.<\/span><\/p>\n<p style=\"text-align: justify;\"><span style=\"line-height: 1.3em;\">El estudio \u00abCerenat\u00bb confirma las conclusiones del Centro Internacional de Investigaciones sobre el C\u00e1ncer (CIIC), que el pasado a\u00f1o estableci\u00f3 que \u00abexiste una posible conexi\u00f3n entre el uso del tel\u00e9fono port\u00e1til y la aparici\u00f3n de gliomas\u00bb.<\/span><\/p>\n<p style=\"text-align: justify;\"><span style=\"line-height: 1.3em;\">Para reducir los riesgos, organizaciones como el Instituto Nacional de Prevenci\u00f3n y Educaci\u00f3n para la Salud de Francia recomiendan alejar todo lo posible el tel\u00e9fono de la cabeza, usar el dispositivo de manos libres o evitar llamadas demasiado largas, con el objetivo de impedir un exceso de exposici\u00f3n a las ondas electromagn\u00e9ticas. Fuente: EFE<\/span><\/p>\n<p style=\"text-align: justify;\"><span style=\"line-height: 1.3em;\"><img decoding=\"async\" src=\"images\/stories\/14\/05\/140514\/celular.jpg\" border=\"0\" \/><br \/><\/span><\/p>\n","protected":false},"excerpt":{"rendered":"<p>(Aeronoticias) El uso intensivo del tel\u00e9fono m\u00f3vil conlleva un incremento del riesgo de sufrir un tipo c\u00e1ncer cerebral agresivo, seg\u00fan el estudio publicado por investigadores de la universidad de Burdeos en la revista especializada \u00abOccupational &amp; Environmental Medicine\u00bb. El equipo dirigido por Ga\u00eblle Coureau demuestra que existen dos tipos de tumores asociados a una prolongada [&hellip;]<\/p>\n","protected":false},"author":1,"featured_media":0,"comment_status":"open","ping_status":"open","sticky":false,"template":"","format":"standard","meta":{"tdm_status":"","tdm_grid_status":"","footnotes":""},"categories":[37],"tags":[],"class_list":{"0":"post-45771","1":"post","2":"type-post","3":"status-publish","4":"format-standard","6":"category-salud"},"yoast_head":"<!-- This site is optimized with the Yoast SEO plugin v25.1 - https:\/\/yoast.com\/wordpress\/plugins\/seo\/ -->\n<title>Uso intensivo de celular aumenta riesgo de sufrir c\u00e1ncer cerebral<\/title>\n<meta name=\"description\" content=\"Portal de noticias del Per\u00fa sobre el transporte a\u00e9reo, aviaci\u00f3n, turismo, hoteleria, actualidad.\" \/>\n<meta name=\"robots\" content=\"index, follow, max-snippet:-1, max-image-preview:large, max-video-preview:-1\" \/>\n<link rel=\"canonical\" href=\"https:\/\/aeronoticias.com.pe\/noticiero\/salud\/uso-intensivo-del-movil-aumenta-riesgo-de-sufrir-cancer-cerebral\/\" \/>\n<meta property=\"og:locale\" content=\"es_ES\" \/>\n<meta property=\"og:type\" content=\"article\" \/>\n<meta property=\"og:title\" content=\"Uso intensivo de celular aumenta riesgo de sufrir c\u00e1ncer cerebral\" \/>\n<meta property=\"og:description\" content=\"Portal de noticias del Per\u00fa sobre el transporte a\u00e9reo, aviaci\u00f3n, turismo, hoteleria, actualidad.\" \/>\n<meta property=\"og:url\" content=\"https:\/\/aeronoticias.com.pe\/noticiero\/salud\/uso-intensivo-del-movil-aumenta-riesgo-de-sufrir-cancer-cerebral\/\" \/>\n<meta property=\"og:site_name\" content=\"Aeronoticias.com.pe\" \/>\n<meta property=\"article:publisher\" content=\"https:\/\/www.facebook.com\/Aeronoticias.com.pe\/\" \/>\n<meta property=\"article:published_time\" content=\"2014-05-14T16:23:57+00:00\" \/>\n<meta name=\"author\" content=\"Redacci\u00f3n Aeronoticias\" \/>\n<meta name=\"twitter:card\" content=\"summary_large_image\" \/>\n<meta name=\"twitter:creator\" content=\"@aeronoticias\" \/>\n<meta name=\"twitter:site\" content=\"@aeronoticias\" \/>\n<meta name=\"twitter:label1\" content=\"Escrito por\" \/>\n\t<meta name=\"twitter:data1\" content=\"Redacci\u00f3n Aeronoticias\" \/>\n\t<meta name=\"twitter:label2\" content=\"Tiempo de lectura\" \/>\n\t<meta name=\"twitter:data2\" content=\"1 minuto\" \/>\n<script type=\"application\/ld+json\" class=\"yoast-schema-graph\">{\"@context\":\"https:\/\/schema.org\",\"@graph\":[{\"@type\":\"WebPage\",\"@id\":\"https:\/\/aeronoticias.com.pe\/noticiero\/salud\/uso-intensivo-del-movil-aumenta-riesgo-de-sufrir-cancer-cerebral\/\",\"url\":\"https:\/\/aeronoticias.com.pe\/noticiero\/salud\/uso-intensivo-del-movil-aumenta-riesgo-de-sufrir-cancer-cerebral\/\",\"name\":\"Uso intensivo de celular aumenta riesgo de sufrir c\u00e1ncer cerebral\",\"isPartOf\":{\"@id\":\"https:\/\/aeronoticias.com.pe\/noticiero\/#website\"},\"datePublished\":\"2014-05-14T16:23:57+00:00\",\"author\":{\"@id\":\"https:\/\/aeronoticias.com.pe\/noticiero\/#\/schema\/person\/fc1e5d578f4b62ba1cf7ac2bba1170a0\"},\"description\":\"Portal de noticias del Per\u00fa sobre el transporte a\u00e9reo, aviaci\u00f3n, turismo, hoteleria, actualidad.\",\"breadcrumb\":{\"@id\":\"https:\/\/aeronoticias.com.pe\/noticiero\/salud\/uso-intensivo-del-movil-aumenta-riesgo-de-sufrir-cancer-cerebral\/#breadcrumb\"},\"inLanguage\":\"es\",\"potentialAction\":[{\"@type\":\"ReadAction\",\"target\":[\"https:\/\/aeronoticias.com.pe\/noticiero\/salud\/uso-intensivo-del-movil-aumenta-riesgo-de-sufrir-cancer-cerebral\/\"]}]},{\"@type\":\"BreadcrumbList\",\"@id\":\"https:\/\/aeronoticias.com.pe\/noticiero\/salud\/uso-intensivo-del-movil-aumenta-riesgo-de-sufrir-cancer-cerebral\/#breadcrumb\",\"itemListElement\":[{\"@type\":\"ListItem\",\"position\":1,\"name\":\"Portada\",\"item\":\"https:\/\/aeronoticias.com.pe\/noticiero\/\"},{\"@type\":\"ListItem\",\"position\":2,\"name\":\"Uso intensivo de celular aumenta riesgo de sufrir c\u00e1ncer cerebral\"}]},{\"@type\":\"WebSite\",\"@id\":\"https:\/\/aeronoticias.com.pe\/noticiero\/#website\",\"url\":\"https:\/\/aeronoticias.com.pe\/noticiero\/\",\"name\":\"Aeronoticias.com.pe\",\"description\":\"Noticias de tranporte aereo, turismo, hoteles, gastronomia, actualidad, internacional\",\"potentialAction\":[{\"@type\":\"SearchAction\",\"target\":{\"@type\":\"EntryPoint\",\"urlTemplate\":\"https:\/\/aeronoticias.com.pe\/noticiero\/?s={search_term_string}\"},\"query-input\":{\"@type\":\"PropertyValueSpecification\",\"valueRequired\":true,\"valueName\":\"search_term_string\"}}],\"inLanguage\":\"es\"},{\"@type\":\"Person\",\"@id\":\"https:\/\/aeronoticias.com.pe\/noticiero\/#\/schema\/person\/fc1e5d578f4b62ba1cf7ac2bba1170a0\",\"name\":\"Redacci\u00f3n Aeronoticias\",\"url\":\"https:\/\/aeronoticias.com.pe\/noticiero\/author\/piloto\/\"}]}<\/script>\n<!-- \/ Yoast SEO plugin. -->","yoast_head_json":{"title":"Uso intensivo de celular aumenta riesgo de sufrir c\u00e1ncer cerebral","description":"Portal de noticias del Per\u00fa sobre el transporte a\u00e9reo, aviaci\u00f3n, turismo, hoteleria, actualidad.","robots":{"index":"index","follow":"follow","max-snippet":"max-snippet:-1","max-image-preview":"max-image-preview:large","max-video-preview":"max-video-preview:-1"},"canonical":"https:\/\/aeronoticias.com.pe\/noticiero\/salud\/uso-intensivo-del-movil-aumenta-riesgo-de-sufrir-cancer-cerebral\/","og_locale":"es_ES","og_type":"article","og_title":"Uso intensivo de celular aumenta riesgo de sufrir c\u00e1ncer cerebral","og_description":"Portal de noticias del Per\u00fa sobre el transporte a\u00e9reo, aviaci\u00f3n, turismo, hoteleria, actualidad.","og_url":"https:\/\/aeronoticias.com.pe\/noticiero\/salud\/uso-intensivo-del-movil-aumenta-riesgo-de-sufrir-cancer-cerebral\/","og_site_name":"Aeronoticias.com.pe","article_publisher":"https:\/\/www.facebook.com\/Aeronoticias.com.pe\/","article_published_time":"2014-05-14T16:23:57+00:00","author":"Redacci\u00f3n Aeronoticias","twitter_card":"summary_large_image","twitter_creator":"@aeronoticias","twitter_site":"@aeronoticias","twitter_misc":{"Escrito por":"Redacci\u00f3n Aeronoticias","Tiempo de lectura":"1 minuto"},"schema":{"@context":"https:\/\/schema.org","@graph":[{"@type":"WebPage","@id":"https:\/\/aeronoticias.com.pe\/noticiero\/salud\/uso-intensivo-del-movil-aumenta-riesgo-de-sufrir-cancer-cerebral\/","url":"https:\/\/aeronoticias.com.pe\/noticiero\/salud\/uso-intensivo-del-movil-aumenta-riesgo-de-sufrir-cancer-cerebral\/","name":"Uso intensivo de celular aumenta riesgo de sufrir c\u00e1ncer cerebral","isPartOf":{"@id":"https:\/\/aeronoticias.com.pe\/noticiero\/#website"},"datePublished":"2014-05-14T16:23:57+00:00","author":{"@id":"https:\/\/aeronoticias.com.pe\/noticiero\/#\/schema\/person\/fc1e5d578f4b62ba1cf7ac2bba1170a0"},"description":"Portal de noticias del Per\u00fa sobre el transporte a\u00e9reo, aviaci\u00f3n, turismo, hoteleria, actualidad.","breadcrumb":{"@id":"https:\/\/aeronoticias.com.pe\/noticiero\/salud\/uso-intensivo-del-movil-aumenta-riesgo-de-sufrir-cancer-cerebral\/#breadcrumb"},"inLanguage":"es","potentialAction":[{"@type":"ReadAction","target":["https:\/\/aeronoticias.com.pe\/noticiero\/salud\/uso-intensivo-del-movil-aumenta-riesgo-de-sufrir-cancer-cerebral\/"]}]},{"@type":"BreadcrumbList","@id":"https:\/\/aeronoticias.com.pe\/noticiero\/salud\/uso-intensivo-del-movil-aumenta-riesgo-de-sufrir-cancer-cerebral\/#breadcrumb","itemListElement":[{"@type":"ListItem","position":1,"name":"Portada","item":"https:\/\/aeronoticias.com.pe\/noticiero\/"},{"@type":"ListItem","position":2,"name":"Uso intensivo de celular aumenta riesgo de sufrir c\u00e1ncer cerebral"}]},{"@type":"WebSite","@id":"https:\/\/aeronoticias.com.pe\/noticiero\/#website","url":"https:\/\/aeronoticias.com.pe\/noticiero\/","name":"Aeronoticias.com.pe","description":"Noticias de tranporte aereo, turismo, hoteles, gastronomia, actualidad, internacional","potentialAction":[{"@type":"SearchAction","target":{"@type":"EntryPoint","urlTemplate":"https:\/\/aeronoticias.com.pe\/noticiero\/?s={search_term_string}"},"query-input":{"@type":"PropertyValueSpecification","valueRequired":true,"valueName":"search_term_string"}}],"inLanguage":"es"},{"@type":"Person","@id":"https:\/\/aeronoticias.com.pe\/noticiero\/#\/schema\/person\/fc1e5d578f4b62ba1cf7ac2bba1170a0","name":"Redacci\u00f3n Aeronoticias","url":"https:\/\/aeronoticias.com.pe\/noticiero\/author\/piloto\/"}]}},"_links":{"self":[{"href":"https:\/\/aeronoticias.com.pe\/noticiero\/wp-json\/wp\/v2\/posts\/45771","targetHints":{"allow":["GET"]}}],"collection":[{"href":"https:\/\/aeronoticias.com.pe\/noticiero\/wp-json\/wp\/v2\/posts"}],"about":[{"href":"https:\/\/aeronoticias.com.pe\/noticiero\/wp-json\/wp\/v2\/types\/post"}],"author":[{"embeddable":true,"href":"https:\/\/aeronoticias.com.pe\/noticiero\/wp-json\/wp\/v2\/users\/1"}],"replies":[{"embeddable":true,"href":"https:\/\/aeronoticias.com.pe\/noticiero\/wp-json\/wp\/v2\/comments?post=45771"}],"version-history":[{"count":0,"href":"https:\/\/aeronoticias.com.pe\/noticiero\/wp-json\/wp\/v2\/posts\/45771\/revisions"}],"wp:attachment":[{"href":"https:\/\/aeronoticias.com.pe\/noticiero\/wp-json\/wp\/v2\/media?parent=45771"}],"wp:term":[{"taxonomy":"category","embeddable":true,"href":"https:\/\/aeronoticias.com.pe\/noticiero\/wp-json\/wp\/v2\/categories?post=45771"},{"taxonomy":"post_tag","embeddable":true,"href":"https:\/\/aeronoticias.com.pe\/noticiero\/wp-json\/wp\/v2\/tags?post=45771"}],"curies":[{"name":"wp","href":"https:\/\/api.w.org\/{rel}","templated":true}]}}