{"id":45817,"date":"2014-05-15T21:35:34","date_gmt":"2014-05-15T21:35:34","guid":{"rendered":"http:\/\/desarrollo.mcvicious.com\/aero2020\/2014\/05\/15\/el-ejercito-de-ucrania-no-esta-dispuesto-a-luchar-contra-su-propio-pueblo-y-deserta\/"},"modified":"2014-05-15T21:35:34","modified_gmt":"2014-05-15T21:35:34","slug":"el-ejercito-de-ucrania-no-esta-dispuesto-a-luchar-contra-su-propio-pueblo-y-deserta","status":"publish","type":"post","link":"https:\/\/aeronoticias.com.pe\/noticiero\/internacionales\/el-ejercito-de-ucrania-no-esta-dispuesto-a-luchar-contra-su-propio-pueblo-y-deserta\/","title":{"rendered":"El Ej\u00e9rcito de Ucrania no est\u00e1 dispuesto a luchar contra su propio pueblo y\u2026 deserta"},"content":{"rendered":"<p style=\"text-align: justify;\"><img decoding=\"async\" src=\"images\/stories\/14\/05\/150514\/a15.jpg\" border=\"0\" \/><\/p>\n<p style=\"text-align: justify;\"><strong>(Aeronoticias).-<\/strong> <em>\u00abLas deserciones en el Ej\u00e9rcito son masivas y las autoridades actuales de Ucrania no pueden hacer nada\u00bb, opina el excandidato a la presidencia ucraniana Oleg Tsariov.<\/em><\/p>\n<p style=\"text-align: justify;\">El 12 de mayo el Ministerio de Defensa de Ucrania public\u00f3 una lista de soldados que hab\u00edan desertado del Ej\u00e9rcito nacional en las \u00faltimas tres semanas. 69 personas hab\u00edan abandonado las unidades desplegadas en la regi\u00f3n de Novograd-Volynski y otras 33, de Berdychiv, ambas en la provincia de Zhyt\u00f3myr, en el noroeste del pa\u00eds. Los 102 desertores son reservistas movilizados a inicios de marzo durante la campa\u00f1a lanzada por orden del presidente autoproclamado del pa\u00eds, Alex\u00e1nder Turch\u00ednov, que desde entonces ha llamado a filas a unas 20.000 personas.<\/p>\n<p style=\"text-align: justify;\">\u00abSe\u00f1or Yatseniuk y compa\u00f1\u00eda: \u00a1Much\u00edsimas gracias por un salario de 1.300 grivnas (110 d\u00f3lares) por dos meses! Les deseo o\u00edr un d\u00eda las mismas palabras que he escuchado yo de mis hermanos. Puede tenerlo muy claro: me da mucha verg\u00fcenza. \u00bfMe oye? Pi\u00e9nselo bien, porque un d\u00eda podemos redirigir la columna contra ustedes\u00bb, ha sido el mensaje de un reservista al primer ministro ucraniano, Arseni Yatseniuk, a trav\u00e9s del diario ruso &#8216;Komsom\u00f3lskaya Pravda&#8217;.<\/p>\n<p style=\"text-align: justify;\">Mientras tanto, medios de comunicaci\u00f3n informan tambi\u00e9n de deserciones puntuales en las unidades desplazadas en Odesa, Kramatorsk y Slaviansk, detallando que algunos militares optan por incorporarse a los grupos que protagonizan la resistencia a las tropas gubernamentales. Los casos m\u00e1s destacados tuvieron lugar a mediados de abril, cuando tripulantes de seis carros blindados tomaron parte por las autodefensas de Kramatorsk y otros 60 militares se unieron a las fuerzas opositoras de Slaviansk. Este 14 de mayo Donetsk, la provincia ucraniana que vot\u00f3 el pasado 11 de domingo en un referendo por la independencia, ha comunicado oficialmente que toda la Polic\u00eda en la regi\u00f3n se ha puesto del lado de los lugare\u00f1os y ha jurado lealtad a las autoridades de la reci\u00e9n formada Rep\u00fablica Popular de Donetsk.<\/p>\n<p style=\"text-align: justify;\">Seg\u00fan Oleg Tsariov, las cirfas oficiales son mucho m\u00e1s bajas que las reales y no reflejan la escala del problema. \u00abLos soldados se niegan a atacar a los civiles. A\u00fan m\u00e1s: no quieren morir en nombre de ideas de un Gobierno temporal que tom\u00f3 el poder ileg\u00edtimamente. En la situaci\u00f3n actual, en la que las autoridades antinacionales est\u00e1n en guerra contra la poblaci\u00f3n, las deserciones no pueden considerarse un crimen\u00bb, declar\u00f3 el excandidato a la presidencia ucraniana en una rueda de prensa el 13 de mayo.<\/p>\n<p style=\"text-align: justify;\">Los reservistas lamentan tanto los salarios bajos como las condiciones p\u00e9simas y la incertidumbre total. Seg\u00fan la televisi\u00f3n ucraniana, suelen cobrar unas 500 grivnas al mes (42 d\u00f3lares) en vez de las 2.000 grivnas (170 d\u00f3lares) prometidas oficialmente, o no cobrar nada. Se ven obligados a pedir de sus familiares que les lleven colchones, s\u00e1banas y almohadas, porque las unidades donde deben servir no los pueden proveer con esto. Se oyen tambi\u00e9n muchas lamentaciones acerca de la comida: una dieta habitual es pan seco y cereales cocidos. Nadie sabe cu\u00e1ndo podr\u00e1 volver a casa: en teor\u00eda, la legislaci\u00f3n ucraniana estipula que un reservista no puede estar en las filas del Ej\u00e9rcito durante m\u00e1s de 10 d\u00edas, pero muchos llevan ya 45 y los altos cargos militares adelantan que no ser\u00e1n desmovilizados hasta que llegue una orden especial.<\/p>\n<p style=\"text-align: justify;\">Pero el detalle m\u00e1s importante es que una gran parte de los reservistas fue llamada al servicio ilegalmente, ya que pertenecen a categor\u00edas especiales como, por ejemplo, padres de familia numerosa, por lo que muchos han presentado reclamaciones oficiales. El ministro interino de Defensa, Mija\u00edl Koval, ya adelant\u00f3 que se est\u00e1n procesando los documentos de unas 6.000 personas que deben volver a casa porque su movilizaci\u00f3n fue err\u00f3nea. Mientras tanto, el pa\u00eds vive una segunda ola de movilizaci\u00f3n a gran escala que durar\u00e1 hasta mediados de junio.<\/p>\n<p style=\"text-align: justify;\">\u00a0<\/p>\n<p style=\"text-align: justify;\">Fuente:<strong><em>RT<\/em><\/strong><\/p>\n<p style=\"text-align: justify;\">Foto:<strong><em>RT<\/em><\/strong><\/p>\n<p style=\"text-align: justify;\">\u00a0<\/p>\n","protected":false},"excerpt":{"rendered":"<p>(Aeronoticias).- \u00abLas deserciones en el Ej\u00e9rcito son masivas y las autoridades actuales de Ucrania no pueden hacer nada\u00bb, opina el excandidato a la presidencia ucraniana Oleg Tsariov. El 12 de mayo el Ministerio de Defensa de Ucrania public\u00f3 una lista de soldados que hab\u00edan desertado del Ej\u00e9rcito nacional en las \u00faltimas tres semanas. 69 personas [&hellip;]<\/p>\n","protected":false},"author":1,"featured_media":0,"comment_status":"open","ping_status":"open","sticky":false,"template":"","format":"standard","meta":{"tdm_status":"","tdm_grid_status":"","footnotes":""},"categories":[34],"tags":[],"class_list":{"0":"post-45817","1":"post","2":"type-post","3":"status-publish","4":"format-standard","6":"category-internacionales"},"yoast_head":"<!-- This site is optimized with the Yoast SEO plugin v25.1 - https:\/\/yoast.com\/wordpress\/plugins\/seo\/ -->\n<title>El Ej\u00e9rcito de Ucrania no est\u00e1 dispuesto a luchar contra su propio pueblo y\u2026 deserta<\/title>\n<meta name=\"description\" content=\"Portal de noticias del Per\u00fa sobre el transporte a\u00e9reo, aviaci\u00f3n, turismo, hoteleria, actualidad.\" \/>\n<meta name=\"robots\" content=\"index, follow, max-snippet:-1, max-image-preview:large, max-video-preview:-1\" \/>\n<link rel=\"canonical\" href=\"https:\/\/aeronoticias.com.pe\/noticiero\/internacionales\/el-ejercito-de-ucrania-no-esta-dispuesto-a-luchar-contra-su-propio-pueblo-y-deserta\/\" \/>\n<meta property=\"og:locale\" content=\"es_ES\" \/>\n<meta property=\"og:type\" content=\"article\" \/>\n<meta property=\"og:title\" content=\"El Ej\u00e9rcito de Ucrania no est\u00e1 dispuesto a luchar contra su propio pueblo y\u2026 deserta\" \/>\n<meta property=\"og:description\" content=\"Portal de noticias del Per\u00fa sobre el transporte a\u00e9reo, aviaci\u00f3n, turismo, hoteleria, actualidad.\" \/>\n<meta property=\"og:url\" content=\"https:\/\/aeronoticias.com.pe\/noticiero\/internacionales\/el-ejercito-de-ucrania-no-esta-dispuesto-a-luchar-contra-su-propio-pueblo-y-deserta\/\" \/>\n<meta property=\"og:site_name\" content=\"Aeronoticias.com.pe\" \/>\n<meta property=\"article:publisher\" content=\"https:\/\/www.facebook.com\/Aeronoticias.com.pe\/\" \/>\n<meta property=\"article:published_time\" content=\"2014-05-15T21:35:34+00:00\" \/>\n<meta name=\"author\" content=\"Redacci\u00f3n Aeronoticias\" \/>\n<meta name=\"twitter:card\" content=\"summary_large_image\" \/>\n<meta name=\"twitter:creator\" content=\"@aeronoticias\" \/>\n<meta name=\"twitter:site\" content=\"@aeronoticias\" \/>\n<meta name=\"twitter:label1\" content=\"Escrito por\" \/>\n\t<meta name=\"twitter:data1\" content=\"Redacci\u00f3n Aeronoticias\" \/>\n\t<meta name=\"twitter:label2\" content=\"Tiempo de lectura\" \/>\n\t<meta name=\"twitter:data2\" content=\"3 minutos\" \/>\n<script type=\"application\/ld+json\" class=\"yoast-schema-graph\">{\"@context\":\"https:\/\/schema.org\",\"@graph\":[{\"@type\":\"WebPage\",\"@id\":\"https:\/\/aeronoticias.com.pe\/noticiero\/internacionales\/el-ejercito-de-ucrania-no-esta-dispuesto-a-luchar-contra-su-propio-pueblo-y-deserta\/\",\"url\":\"https:\/\/aeronoticias.com.pe\/noticiero\/internacionales\/el-ejercito-de-ucrania-no-esta-dispuesto-a-luchar-contra-su-propio-pueblo-y-deserta\/\",\"name\":\"El Ej\u00e9rcito de Ucrania no est\u00e1 dispuesto a luchar contra su propio pueblo y\u2026 deserta\",\"isPartOf\":{\"@id\":\"https:\/\/aeronoticias.com.pe\/noticiero\/#website\"},\"datePublished\":\"2014-05-15T21:35:34+00:00\",\"author\":{\"@id\":\"https:\/\/aeronoticias.com.pe\/noticiero\/#\/schema\/person\/fc1e5d578f4b62ba1cf7ac2bba1170a0\"},\"description\":\"Portal de noticias del Per\u00fa sobre el transporte a\u00e9reo, aviaci\u00f3n, turismo, hoteleria, actualidad.\",\"breadcrumb\":{\"@id\":\"https:\/\/aeronoticias.com.pe\/noticiero\/internacionales\/el-ejercito-de-ucrania-no-esta-dispuesto-a-luchar-contra-su-propio-pueblo-y-deserta\/#breadcrumb\"},\"inLanguage\":\"es\",\"potentialAction\":[{\"@type\":\"ReadAction\",\"target\":[\"https:\/\/aeronoticias.com.pe\/noticiero\/internacionales\/el-ejercito-de-ucrania-no-esta-dispuesto-a-luchar-contra-su-propio-pueblo-y-deserta\/\"]}]},{\"@type\":\"BreadcrumbList\",\"@id\":\"https:\/\/aeronoticias.com.pe\/noticiero\/internacionales\/el-ejercito-de-ucrania-no-esta-dispuesto-a-luchar-contra-su-propio-pueblo-y-deserta\/#breadcrumb\",\"itemListElement\":[{\"@type\":\"ListItem\",\"position\":1,\"name\":\"Portada\",\"item\":\"https:\/\/aeronoticias.com.pe\/noticiero\/\"},{\"@type\":\"ListItem\",\"position\":2,\"name\":\"El Ej\u00e9rcito de Ucrania no est\u00e1 dispuesto a luchar contra su propio pueblo y\u2026 deserta\"}]},{\"@type\":\"WebSite\",\"@id\":\"https:\/\/aeronoticias.com.pe\/noticiero\/#website\",\"url\":\"https:\/\/aeronoticias.com.pe\/noticiero\/\",\"name\":\"Aeronoticias.com.pe\",\"description\":\"Noticias de tranporte aereo, turismo, hoteles, gastronomia, actualidad, internacional\",\"potentialAction\":[{\"@type\":\"SearchAction\",\"target\":{\"@type\":\"EntryPoint\",\"urlTemplate\":\"https:\/\/aeronoticias.com.pe\/noticiero\/?s={search_term_string}\"},\"query-input\":{\"@type\":\"PropertyValueSpecification\",\"valueRequired\":true,\"valueName\":\"search_term_string\"}}],\"inLanguage\":\"es\"},{\"@type\":\"Person\",\"@id\":\"https:\/\/aeronoticias.com.pe\/noticiero\/#\/schema\/person\/fc1e5d578f4b62ba1cf7ac2bba1170a0\",\"name\":\"Redacci\u00f3n Aeronoticias\",\"url\":\"https:\/\/aeronoticias.com.pe\/noticiero\/author\/piloto\/\"}]}<\/script>\n<!-- \/ Yoast SEO plugin. -->","yoast_head_json":{"title":"El Ej\u00e9rcito de Ucrania no est\u00e1 dispuesto a luchar contra su propio pueblo y\u2026 deserta","description":"Portal de noticias del Per\u00fa sobre el transporte a\u00e9reo, aviaci\u00f3n, turismo, hoteleria, actualidad.","robots":{"index":"index","follow":"follow","max-snippet":"max-snippet:-1","max-image-preview":"max-image-preview:large","max-video-preview":"max-video-preview:-1"},"canonical":"https:\/\/aeronoticias.com.pe\/noticiero\/internacionales\/el-ejercito-de-ucrania-no-esta-dispuesto-a-luchar-contra-su-propio-pueblo-y-deserta\/","og_locale":"es_ES","og_type":"article","og_title":"El Ej\u00e9rcito de Ucrania no est\u00e1 dispuesto a luchar contra su propio pueblo y\u2026 deserta","og_description":"Portal de noticias del Per\u00fa sobre el transporte a\u00e9reo, aviaci\u00f3n, turismo, hoteleria, actualidad.","og_url":"https:\/\/aeronoticias.com.pe\/noticiero\/internacionales\/el-ejercito-de-ucrania-no-esta-dispuesto-a-luchar-contra-su-propio-pueblo-y-deserta\/","og_site_name":"Aeronoticias.com.pe","article_publisher":"https:\/\/www.facebook.com\/Aeronoticias.com.pe\/","article_published_time":"2014-05-15T21:35:34+00:00","author":"Redacci\u00f3n Aeronoticias","twitter_card":"summary_large_image","twitter_creator":"@aeronoticias","twitter_site":"@aeronoticias","twitter_misc":{"Escrito por":"Redacci\u00f3n Aeronoticias","Tiempo de lectura":"3 minutos"},"schema":{"@context":"https:\/\/schema.org","@graph":[{"@type":"WebPage","@id":"https:\/\/aeronoticias.com.pe\/noticiero\/internacionales\/el-ejercito-de-ucrania-no-esta-dispuesto-a-luchar-contra-su-propio-pueblo-y-deserta\/","url":"https:\/\/aeronoticias.com.pe\/noticiero\/internacionales\/el-ejercito-de-ucrania-no-esta-dispuesto-a-luchar-contra-su-propio-pueblo-y-deserta\/","name":"El Ej\u00e9rcito de Ucrania no est\u00e1 dispuesto a luchar contra su propio pueblo y\u2026 deserta","isPartOf":{"@id":"https:\/\/aeronoticias.com.pe\/noticiero\/#website"},"datePublished":"2014-05-15T21:35:34+00:00","author":{"@id":"https:\/\/aeronoticias.com.pe\/noticiero\/#\/schema\/person\/fc1e5d578f4b62ba1cf7ac2bba1170a0"},"description":"Portal de noticias del Per\u00fa sobre el transporte a\u00e9reo, aviaci\u00f3n, turismo, hoteleria, actualidad.","breadcrumb":{"@id":"https:\/\/aeronoticias.com.pe\/noticiero\/internacionales\/el-ejercito-de-ucrania-no-esta-dispuesto-a-luchar-contra-su-propio-pueblo-y-deserta\/#breadcrumb"},"inLanguage":"es","potentialAction":[{"@type":"ReadAction","target":["https:\/\/aeronoticias.com.pe\/noticiero\/internacionales\/el-ejercito-de-ucrania-no-esta-dispuesto-a-luchar-contra-su-propio-pueblo-y-deserta\/"]}]},{"@type":"BreadcrumbList","@id":"https:\/\/aeronoticias.com.pe\/noticiero\/internacionales\/el-ejercito-de-ucrania-no-esta-dispuesto-a-luchar-contra-su-propio-pueblo-y-deserta\/#breadcrumb","itemListElement":[{"@type":"ListItem","position":1,"name":"Portada","item":"https:\/\/aeronoticias.com.pe\/noticiero\/"},{"@type":"ListItem","position":2,"name":"El Ej\u00e9rcito de Ucrania no est\u00e1 dispuesto a luchar contra su propio pueblo y\u2026 deserta"}]},{"@type":"WebSite","@id":"https:\/\/aeronoticias.com.pe\/noticiero\/#website","url":"https:\/\/aeronoticias.com.pe\/noticiero\/","name":"Aeronoticias.com.pe","description":"Noticias de tranporte aereo, turismo, hoteles, gastronomia, actualidad, internacional","potentialAction":[{"@type":"SearchAction","target":{"@type":"EntryPoint","urlTemplate":"https:\/\/aeronoticias.com.pe\/noticiero\/?s={search_term_string}"},"query-input":{"@type":"PropertyValueSpecification","valueRequired":true,"valueName":"search_term_string"}}],"inLanguage":"es"},{"@type":"Person","@id":"https:\/\/aeronoticias.com.pe\/noticiero\/#\/schema\/person\/fc1e5d578f4b62ba1cf7ac2bba1170a0","name":"Redacci\u00f3n Aeronoticias","url":"https:\/\/aeronoticias.com.pe\/noticiero\/author\/piloto\/"}]}},"_links":{"self":[{"href":"https:\/\/aeronoticias.com.pe\/noticiero\/wp-json\/wp\/v2\/posts\/45817","targetHints":{"allow":["GET"]}}],"collection":[{"href":"https:\/\/aeronoticias.com.pe\/noticiero\/wp-json\/wp\/v2\/posts"}],"about":[{"href":"https:\/\/aeronoticias.com.pe\/noticiero\/wp-json\/wp\/v2\/types\/post"}],"author":[{"embeddable":true,"href":"https:\/\/aeronoticias.com.pe\/noticiero\/wp-json\/wp\/v2\/users\/1"}],"replies":[{"embeddable":true,"href":"https:\/\/aeronoticias.com.pe\/noticiero\/wp-json\/wp\/v2\/comments?post=45817"}],"version-history":[{"count":0,"href":"https:\/\/aeronoticias.com.pe\/noticiero\/wp-json\/wp\/v2\/posts\/45817\/revisions"}],"wp:attachment":[{"href":"https:\/\/aeronoticias.com.pe\/noticiero\/wp-json\/wp\/v2\/media?parent=45817"}],"wp:term":[{"taxonomy":"category","embeddable":true,"href":"https:\/\/aeronoticias.com.pe\/noticiero\/wp-json\/wp\/v2\/categories?post=45817"},{"taxonomy":"post_tag","embeddable":true,"href":"https:\/\/aeronoticias.com.pe\/noticiero\/wp-json\/wp\/v2\/tags?post=45817"}],"curies":[{"name":"wp","href":"https:\/\/api.w.org\/{rel}","templated":true}]}}