{"id":45822,"date":"2014-05-16T14:40:00","date_gmt":"2014-05-16T14:40:00","guid":{"rendered":"http:\/\/desarrollo.mcvicious.com\/aero2020\/2014\/05\/16\/salon-aeronautico-ila-berlin-2014-airbus-presentara-sus-innovaciones-y-productos-de-vanguardia\/"},"modified":"2014-05-16T14:40:00","modified_gmt":"2014-05-16T14:40:00","slug":"salon-aeronautico-ila-berlin-2014-airbus-presentara-sus-innovaciones-y-productos-de-vanguardia","status":"publish","type":"post","link":"https:\/\/aeronoticias.com.pe\/noticiero\/mundo\/mundo-mundo-2\/salon-aeronautico-ila-berlin-2014-airbus-presentara-sus-innovaciones-y-productos-de-vanguardia\/","title":{"rendered":"Sal\u00f3n aeron\u00e1utico ILA Berl\u00edn 2014: Airbus presentar\u00e1 sus innovaciones y productos de vanguardia"},"content":{"rendered":"<p style=\"text-align: justify;\"><strong>(Aeronoticias)<\/strong> Airbus demostrar\u00e1 la posici\u00f3n de liderazgo de su amplia familia de productos en el ILA de Berl\u00edn de este a\u00f1o, con especial \u00e9nfasis en su altamente eficiente y popular gama aviones de doble pasillo y largo recorrido. El punto culminante el d\u00eda de la inauguraci\u00f3n ser\u00e1 la primera exhibici\u00f3n realizada por un A350 XWB de ensayos (MSN 4) en un sal\u00f3n aeron\u00e1utico alem\u00e1n.<\/p>\n<p>Comparado con la generaci\u00f3n actual de aviones bimotores de largo alcance, el A350 XWB es hasta un 25 por ciento m\u00e1s eficiente en t\u00e9rminos de consumo de combustible gracias al uso inteligente de materiales punteros, una aerodin\u00e1mica vanguardista, sistemas avanzados y motores de nueva generaci\u00f3n. Su fuselaje ultra ancho proporciona un espacio generoso para los pasajeros de todas las clases, con nueve asientos de 18 pulgadas (45,7 cm) de ancho por fila como est\u00e1ndar en clase turista. Su entrada en servicio se prev\u00e9 para el cuarto trimestre de 2014.<\/p>\n<p>Subrayando su liderazgo en el mercado de cabina ancha, se expondr\u00e1 tambi\u00e9n un Airbus A380 de un cliente, as\u00ed como un A400M que estar\u00e1 en exhibici\u00f3n est\u00e1tica y de vuelo durante los primeros d\u00edas del sal\u00f3n.<\/p>\n<p>La incomparable l\u00ednea de productos de cabina ancha de bajo consumo y eficiencia econ\u00f3mica de Airbus ofrece a las compa\u00f1\u00edas a\u00e9reas oportunidades de crecimiento personalizadas y eficientes, mientras que el A400M constituye una verdadera revoluci\u00f3n entre los aviones de transporte a\u00e9reo modernos para misiones militares y humanitarias.<\/p>\n<p>La innovaci\u00f3n continua es un factor fundamental para Airbus. Nuestro compromiso en este aspecto va desde mejoras continuas en las l\u00edneas de productos en serie, aumentando el valor a\u00f1adido y la productividad para los clientes, a actividades en toda la industria para reducir la huella medioambiental de la aviaci\u00f3n. Durante el sal\u00f3n tendr\u00e1n lugar otros anuncios a este respecto.<\/p>\n<p>La exposici\u00f3n est\u00e1tica externa se complementa con el pabell\u00f3n de Airbus Group, localizado en la Western Chalet Row (8-14). En \u00e9l se exponen grandes maquetas vistas en corte (escala 1\/20) de los A330, A350 XWB y A380 de Airbus. Adem\u00e1s, se expondr\u00e1n cuatro proyectos de investigaci\u00f3n alemanes en el stand del Ministerio Federal alem\u00e1n de Asuntos Econ\u00f3micos y Energ\u00eda (BMWi) en la Sala 2, stands 2219.<\/p>\n<p>Los medios est\u00e1n invitados a la rueda de prensa de Airbus, que se celebrar\u00e1 a las 10:00 horas del martes 20 de mayo en el centro de prensa ILA, en el Hall 3. Cualquier anuncio que se produzca durante la semana se dar\u00e1 a conocer desde el centro de prensa ILA y la zona de prensa del pabell\u00f3n de Airbus Group. Fuente: www.airbus.com<\/p>\n<p style=\"text-align: justify;\"><img decoding=\"async\" src=\"images\/stories\/14\/05\/160514\/airbusa350.jpg\" border=\"0\" alt=\"Sal\u00f3n aeron\u00e1utico ILA Berl\u00edn 2014: Airbus presentar\u00e1 sus innovaciones y productos de vanguardia\" \/><\/p>\n","protected":false},"excerpt":{"rendered":"<p>(Aeronoticias) Airbus demostrar\u00e1 la posici\u00f3n de liderazgo de su amplia familia de productos en el ILA de Berl\u00edn de este a\u00f1o, con especial \u00e9nfasis en su altamente eficiente y popular gama aviones de doble pasillo y largo recorrido. El punto culminante el d\u00eda de la inauguraci\u00f3n ser\u00e1 la primera exhibici\u00f3n realizada por un A350 XWB [&hellip;]<\/p>\n","protected":false},"author":1,"featured_media":0,"comment_status":"open","ping_status":"open","sticky":false,"template":"","format":"standard","meta":{"tdm_status":"","tdm_grid_status":"","footnotes":""},"categories":[65],"tags":[],"class_list":{"0":"post-45822","1":"post","2":"type-post","3":"status-publish","4":"format-standard","6":"category-mundo-mundo-2"},"yoast_head":"<!-- This site is optimized with the Yoast SEO plugin v25.1 - https:\/\/yoast.com\/wordpress\/plugins\/seo\/ -->\n<title>Sal\u00f3n aeron\u00e1utico ILA Berl\u00edn 2014: Airbus presentar\u00e1 sus innovaciones y productos de vanguardia<\/title>\n<meta name=\"description\" content=\"Portal de noticias del Per\u00fa sobre el transporte a\u00e9reo, aviaci\u00f3n, turismo, hoteleria, actualidad.\" \/>\n<meta name=\"robots\" content=\"index, follow, max-snippet:-1, max-image-preview:large, max-video-preview:-1\" \/>\n<link rel=\"canonical\" href=\"https:\/\/aeronoticias.com.pe\/noticiero\/mundo\/mundo-mundo-2\/salon-aeronautico-ila-berlin-2014-airbus-presentara-sus-innovaciones-y-productos-de-vanguardia\/\" \/>\n<meta property=\"og:locale\" content=\"es_ES\" \/>\n<meta property=\"og:type\" content=\"article\" \/>\n<meta property=\"og:title\" content=\"Sal\u00f3n aeron\u00e1utico ILA Berl\u00edn 2014: Airbus presentar\u00e1 sus innovaciones y productos de vanguardia\" \/>\n<meta property=\"og:description\" content=\"Portal de noticias del Per\u00fa sobre el transporte a\u00e9reo, aviaci\u00f3n, turismo, hoteleria, actualidad.\" \/>\n<meta property=\"og:url\" content=\"https:\/\/aeronoticias.com.pe\/noticiero\/mundo\/mundo-mundo-2\/salon-aeronautico-ila-berlin-2014-airbus-presentara-sus-innovaciones-y-productos-de-vanguardia\/\" \/>\n<meta property=\"og:site_name\" content=\"Aeronoticias.com.pe\" \/>\n<meta property=\"article:publisher\" content=\"https:\/\/www.facebook.com\/Aeronoticias.com.pe\/\" \/>\n<meta property=\"article:published_time\" content=\"2014-05-16T14:40:00+00:00\" \/>\n<meta name=\"author\" content=\"Redacci\u00f3n Aeronoticias\" \/>\n<meta name=\"twitter:card\" content=\"summary_large_image\" \/>\n<meta name=\"twitter:creator\" content=\"@aeronoticias\" \/>\n<meta name=\"twitter:site\" content=\"@aeronoticias\" \/>\n<meta name=\"twitter:label1\" content=\"Escrito por\" \/>\n\t<meta name=\"twitter:data1\" content=\"Redacci\u00f3n Aeronoticias\" \/>\n\t<meta name=\"twitter:label2\" content=\"Tiempo de lectura\" \/>\n\t<meta name=\"twitter:data2\" content=\"2 minutos\" \/>\n<script type=\"application\/ld+json\" class=\"yoast-schema-graph\">{\"@context\":\"https:\/\/schema.org\",\"@graph\":[{\"@type\":\"WebPage\",\"@id\":\"https:\/\/aeronoticias.com.pe\/noticiero\/mundo\/mundo-mundo-2\/salon-aeronautico-ila-berlin-2014-airbus-presentara-sus-innovaciones-y-productos-de-vanguardia\/\",\"url\":\"https:\/\/aeronoticias.com.pe\/noticiero\/mundo\/mundo-mundo-2\/salon-aeronautico-ila-berlin-2014-airbus-presentara-sus-innovaciones-y-productos-de-vanguardia\/\",\"name\":\"Sal\u00f3n aeron\u00e1utico ILA Berl\u00edn 2014: Airbus presentar\u00e1 sus innovaciones y productos de vanguardia\",\"isPartOf\":{\"@id\":\"https:\/\/aeronoticias.com.pe\/noticiero\/#website\"},\"datePublished\":\"2014-05-16T14:40:00+00:00\",\"author\":{\"@id\":\"https:\/\/aeronoticias.com.pe\/noticiero\/#\/schema\/person\/fc1e5d578f4b62ba1cf7ac2bba1170a0\"},\"description\":\"Portal de noticias del Per\u00fa sobre el transporte a\u00e9reo, aviaci\u00f3n, turismo, hoteleria, actualidad.\",\"breadcrumb\":{\"@id\":\"https:\/\/aeronoticias.com.pe\/noticiero\/mundo\/mundo-mundo-2\/salon-aeronautico-ila-berlin-2014-airbus-presentara-sus-innovaciones-y-productos-de-vanguardia\/#breadcrumb\"},\"inLanguage\":\"es\",\"potentialAction\":[{\"@type\":\"ReadAction\",\"target\":[\"https:\/\/aeronoticias.com.pe\/noticiero\/mundo\/mundo-mundo-2\/salon-aeronautico-ila-berlin-2014-airbus-presentara-sus-innovaciones-y-productos-de-vanguardia\/\"]}]},{\"@type\":\"BreadcrumbList\",\"@id\":\"https:\/\/aeronoticias.com.pe\/noticiero\/mundo\/mundo-mundo-2\/salon-aeronautico-ila-berlin-2014-airbus-presentara-sus-innovaciones-y-productos-de-vanguardia\/#breadcrumb\",\"itemListElement\":[{\"@type\":\"ListItem\",\"position\":1,\"name\":\"Portada\",\"item\":\"https:\/\/aeronoticias.com.pe\/noticiero\/\"},{\"@type\":\"ListItem\",\"position\":2,\"name\":\"Sal\u00f3n aeron\u00e1utico ILA Berl\u00edn 2014: Airbus presentar\u00e1 sus innovaciones y productos de vanguardia\"}]},{\"@type\":\"WebSite\",\"@id\":\"https:\/\/aeronoticias.com.pe\/noticiero\/#website\",\"url\":\"https:\/\/aeronoticias.com.pe\/noticiero\/\",\"name\":\"Aeronoticias.com.pe\",\"description\":\"Noticias de tranporte aereo, turismo, hoteles, gastronomia, actualidad, internacional\",\"potentialAction\":[{\"@type\":\"SearchAction\",\"target\":{\"@type\":\"EntryPoint\",\"urlTemplate\":\"https:\/\/aeronoticias.com.pe\/noticiero\/?s={search_term_string}\"},\"query-input\":{\"@type\":\"PropertyValueSpecification\",\"valueRequired\":true,\"valueName\":\"search_term_string\"}}],\"inLanguage\":\"es\"},{\"@type\":\"Person\",\"@id\":\"https:\/\/aeronoticias.com.pe\/noticiero\/#\/schema\/person\/fc1e5d578f4b62ba1cf7ac2bba1170a0\",\"name\":\"Redacci\u00f3n Aeronoticias\",\"url\":\"https:\/\/aeronoticias.com.pe\/noticiero\/author\/piloto\/\"}]}<\/script>\n<!-- \/ Yoast SEO plugin. -->","yoast_head_json":{"title":"Sal\u00f3n aeron\u00e1utico ILA Berl\u00edn 2014: Airbus presentar\u00e1 sus innovaciones y productos de vanguardia","description":"Portal de noticias del Per\u00fa sobre el transporte a\u00e9reo, aviaci\u00f3n, turismo, hoteleria, actualidad.","robots":{"index":"index","follow":"follow","max-snippet":"max-snippet:-1","max-image-preview":"max-image-preview:large","max-video-preview":"max-video-preview:-1"},"canonical":"https:\/\/aeronoticias.com.pe\/noticiero\/mundo\/mundo-mundo-2\/salon-aeronautico-ila-berlin-2014-airbus-presentara-sus-innovaciones-y-productos-de-vanguardia\/","og_locale":"es_ES","og_type":"article","og_title":"Sal\u00f3n aeron\u00e1utico ILA Berl\u00edn 2014: Airbus presentar\u00e1 sus innovaciones y productos de vanguardia","og_description":"Portal de noticias del Per\u00fa sobre el transporte a\u00e9reo, aviaci\u00f3n, turismo, hoteleria, actualidad.","og_url":"https:\/\/aeronoticias.com.pe\/noticiero\/mundo\/mundo-mundo-2\/salon-aeronautico-ila-berlin-2014-airbus-presentara-sus-innovaciones-y-productos-de-vanguardia\/","og_site_name":"Aeronoticias.com.pe","article_publisher":"https:\/\/www.facebook.com\/Aeronoticias.com.pe\/","article_published_time":"2014-05-16T14:40:00+00:00","author":"Redacci\u00f3n Aeronoticias","twitter_card":"summary_large_image","twitter_creator":"@aeronoticias","twitter_site":"@aeronoticias","twitter_misc":{"Escrito por":"Redacci\u00f3n Aeronoticias","Tiempo de lectura":"2 minutos"},"schema":{"@context":"https:\/\/schema.org","@graph":[{"@type":"WebPage","@id":"https:\/\/aeronoticias.com.pe\/noticiero\/mundo\/mundo-mundo-2\/salon-aeronautico-ila-berlin-2014-airbus-presentara-sus-innovaciones-y-productos-de-vanguardia\/","url":"https:\/\/aeronoticias.com.pe\/noticiero\/mundo\/mundo-mundo-2\/salon-aeronautico-ila-berlin-2014-airbus-presentara-sus-innovaciones-y-productos-de-vanguardia\/","name":"Sal\u00f3n aeron\u00e1utico ILA Berl\u00edn 2014: Airbus presentar\u00e1 sus innovaciones y productos de vanguardia","isPartOf":{"@id":"https:\/\/aeronoticias.com.pe\/noticiero\/#website"},"datePublished":"2014-05-16T14:40:00+00:00","author":{"@id":"https:\/\/aeronoticias.com.pe\/noticiero\/#\/schema\/person\/fc1e5d578f4b62ba1cf7ac2bba1170a0"},"description":"Portal de noticias del Per\u00fa sobre el transporte a\u00e9reo, aviaci\u00f3n, turismo, hoteleria, actualidad.","breadcrumb":{"@id":"https:\/\/aeronoticias.com.pe\/noticiero\/mundo\/mundo-mundo-2\/salon-aeronautico-ila-berlin-2014-airbus-presentara-sus-innovaciones-y-productos-de-vanguardia\/#breadcrumb"},"inLanguage":"es","potentialAction":[{"@type":"ReadAction","target":["https:\/\/aeronoticias.com.pe\/noticiero\/mundo\/mundo-mundo-2\/salon-aeronautico-ila-berlin-2014-airbus-presentara-sus-innovaciones-y-productos-de-vanguardia\/"]}]},{"@type":"BreadcrumbList","@id":"https:\/\/aeronoticias.com.pe\/noticiero\/mundo\/mundo-mundo-2\/salon-aeronautico-ila-berlin-2014-airbus-presentara-sus-innovaciones-y-productos-de-vanguardia\/#breadcrumb","itemListElement":[{"@type":"ListItem","position":1,"name":"Portada","item":"https:\/\/aeronoticias.com.pe\/noticiero\/"},{"@type":"ListItem","position":2,"name":"Sal\u00f3n aeron\u00e1utico ILA Berl\u00edn 2014: Airbus presentar\u00e1 sus innovaciones y productos de vanguardia"}]},{"@type":"WebSite","@id":"https:\/\/aeronoticias.com.pe\/noticiero\/#website","url":"https:\/\/aeronoticias.com.pe\/noticiero\/","name":"Aeronoticias.com.pe","description":"Noticias de tranporte aereo, turismo, hoteles, gastronomia, actualidad, internacional","potentialAction":[{"@type":"SearchAction","target":{"@type":"EntryPoint","urlTemplate":"https:\/\/aeronoticias.com.pe\/noticiero\/?s={search_term_string}"},"query-input":{"@type":"PropertyValueSpecification","valueRequired":true,"valueName":"search_term_string"}}],"inLanguage":"es"},{"@type":"Person","@id":"https:\/\/aeronoticias.com.pe\/noticiero\/#\/schema\/person\/fc1e5d578f4b62ba1cf7ac2bba1170a0","name":"Redacci\u00f3n Aeronoticias","url":"https:\/\/aeronoticias.com.pe\/noticiero\/author\/piloto\/"}]}},"_links":{"self":[{"href":"https:\/\/aeronoticias.com.pe\/noticiero\/wp-json\/wp\/v2\/posts\/45822","targetHints":{"allow":["GET"]}}],"collection":[{"href":"https:\/\/aeronoticias.com.pe\/noticiero\/wp-json\/wp\/v2\/posts"}],"about":[{"href":"https:\/\/aeronoticias.com.pe\/noticiero\/wp-json\/wp\/v2\/types\/post"}],"author":[{"embeddable":true,"href":"https:\/\/aeronoticias.com.pe\/noticiero\/wp-json\/wp\/v2\/users\/1"}],"replies":[{"embeddable":true,"href":"https:\/\/aeronoticias.com.pe\/noticiero\/wp-json\/wp\/v2\/comments?post=45822"}],"version-history":[{"count":0,"href":"https:\/\/aeronoticias.com.pe\/noticiero\/wp-json\/wp\/v2\/posts\/45822\/revisions"}],"wp:attachment":[{"href":"https:\/\/aeronoticias.com.pe\/noticiero\/wp-json\/wp\/v2\/media?parent=45822"}],"wp:term":[{"taxonomy":"category","embeddable":true,"href":"https:\/\/aeronoticias.com.pe\/noticiero\/wp-json\/wp\/v2\/categories?post=45822"},{"taxonomy":"post_tag","embeddable":true,"href":"https:\/\/aeronoticias.com.pe\/noticiero\/wp-json\/wp\/v2\/tags?post=45822"}],"curies":[{"name":"wp","href":"https:\/\/api.w.org\/{rel}","templated":true}]}}