{"id":45827,"date":"2014-05-16T14:50:30","date_gmt":"2014-05-16T14:50:30","guid":{"rendered":"http:\/\/desarrollo.mcvicious.com\/aero2020\/2014\/05\/16\/espana-atr-ya-cuenta-con-mas-pedidos-en-firme-en-el-primer-cuatrimestre-que-en-2013\/"},"modified":"2014-05-16T14:50:30","modified_gmt":"2014-05-16T14:50:30","slug":"espana-atr-ya-cuenta-con-mas-pedidos-en-firme-en-el-primer-cuatrimestre-que-en-2013","status":"publish","type":"post","link":"https:\/\/aeronoticias.com.pe\/noticiero\/transporte-aereo\/internacional\/espana-atr-ya-cuenta-con-mas-pedidos-en-firme-en-el-primer-cuatrimestre-que-en-2013\/","title":{"rendered":"Espa\u00f1a: ATR ya cuenta con m\u00e1s pedidos en firme en el primer cuatrimestre que en 2013"},"content":{"rendered":"<p style=\"text-align: justify;\"><strong>(Aeronoticias)<\/strong>.-\u00a0El fabricante de aviones ATR regional europea se enorgullece evidentemente, al anunciar una destacada cartera de pedidos de m\u00e1s de 100 aviones ATR en firme en los primeros cuatro meses de 2014 .<\/p>\n<p style=\"text-align: justify;\"><span style=\"line-height: 1.3em;\">El avi\u00f3n ATR- serie 600 est\u00e1 a la vanguardia entre todos los aviones regionales . Desde el comienzo del a\u00f1o , las ventas de los nuevos ATR -600 representan m\u00e1s del 80 % de los pedidos totales para las aeronaves regionales por debajo de 90 asientos anunciados hasta ahora. Los resultados comerciales de ATR alcanzados en los primeros cuatro meses del a\u00f1o ya superaron los resultados del conjunto de 2013, con pedidos en firme de 89 ATR -600 . <\/span><\/p>\n<p style=\"text-align: justify;\"><span style=\"line-height: 1.3em;\">El \u00e9xito comercial sobresaliente destaca el atractivo de los informes t\u00e9cnicos anuales sobre m\u00e1s posibilidades para el desarrollo y la expansi\u00f3n de las flotas de aviones regionales en todo el mundo . Con estos resultados se demuestra que es el avi\u00f3n regional preferido entre las aerol\u00edneas que operan las redes regionales.<\/span><\/p>\n<p style=\"text-align: justify;\">Hasta la fecha, ATR ya ha dado a conocer los pedidos de empresa de arrendamiento de los Emiratos \u00c1rabes Unidos DAE ( 20 ATR 72 -600 y 20 opciones ) y 6 en firme ATR 72 &#8211; 600s para Binter Canarias con sede en Islas Canarias , ambos anunciados en el Singapore Airshow a principios de este a\u00f1o . M\u00e1s all\u00e1 de estos pedidos en firme de 26 ATR 72 -600 y 20 opciones ya anunciadas , ATR ha reservado 8 contratos adicionales para la firma de 81 aviones , m\u00e1s 41 opciones. La mayor\u00eda de estos nuevos pedidos se dar\u00e1n a conocer en las pr\u00f3ximas semanas .<\/p>\n<p style=\"text-align: justify;\">\u00bb Este ya es un a\u00f1o muy din\u00e1mico en t\u00e9rminos de ventas y esperamos que nuestro consumo para crecer a\u00fan m\u00e1s muy pronto\u00bb , dice Filippo Bagnato, consejero delegado de ATR . \u00bb Estos resultados sobresalientes destacan el fuerte trabajo que se realiza diariamente por cada empleado ATR \u00ab, y agreg\u00f3 : \u00abEn base a estos resultados positivos, la cartera de pedidos actual supera en gran medida los 300 aviones \u00bb .<\/p>\n<div style=\"text-align: justify;\">Fuente: <strong><em><span style=\"text-decoration: underline;\">Aviaci\u00f3n Digital<\/span><\/em><\/strong><\/div>\n<div style=\"text-align: justify;\"><\/div>\n<div style=\"text-align: justify;\"><strong><em><span style=\"text-decoration: underline;\"><img decoding=\"async\" src=\"images\/stories\/14\/05\/160514\/atr.jpg\" border=\"0\" \/><br \/><\/span><\/em><\/strong><\/div>\n","protected":false},"excerpt":{"rendered":"<p>(Aeronoticias).-\u00a0El fabricante de aviones ATR regional europea se enorgullece evidentemente, al anunciar una destacada cartera de pedidos de m\u00e1s de 100 aviones ATR en firme en los primeros cuatro meses de 2014 . El avi\u00f3n ATR- serie 600 est\u00e1 a la vanguardia entre todos los aviones regionales . Desde el comienzo del a\u00f1o , las [&hellip;]<\/p>\n","protected":false},"author":1,"featured_media":0,"comment_status":"open","ping_status":"open","sticky":false,"template":"","format":"standard","meta":{"tdm_status":"","tdm_grid_status":"","footnotes":""},"categories":[32],"tags":[],"class_list":{"0":"post-45827","1":"post","2":"type-post","3":"status-publish","4":"format-standard","6":"category-internacional"},"yoast_head":"<!-- This site is optimized with the Yoast SEO plugin v25.1 - https:\/\/yoast.com\/wordpress\/plugins\/seo\/ -->\n<title>Espa\u00f1a: ATR ya cuenta con m\u00e1s pedidos en firme en el primer cuatrimestre que en 2013<\/title>\n<meta name=\"description\" content=\"Portal de noticias del Per\u00fa sobre el transporte a\u00e9reo, aviaci\u00f3n, turismo, hoteleria, actualidad.\" \/>\n<meta name=\"robots\" content=\"index, follow, max-snippet:-1, max-image-preview:large, max-video-preview:-1\" \/>\n<link rel=\"canonical\" href=\"https:\/\/aeronoticias.com.pe\/noticiero\/transporte-aereo\/internacional\/espana-atr-ya-cuenta-con-mas-pedidos-en-firme-en-el-primer-cuatrimestre-que-en-2013\/\" \/>\n<meta property=\"og:locale\" content=\"es_ES\" \/>\n<meta property=\"og:type\" content=\"article\" \/>\n<meta property=\"og:title\" content=\"Espa\u00f1a: ATR ya cuenta con m\u00e1s pedidos en firme en el primer cuatrimestre que en 2013\" \/>\n<meta property=\"og:description\" content=\"Portal de noticias del Per\u00fa sobre el transporte a\u00e9reo, aviaci\u00f3n, turismo, hoteleria, actualidad.\" \/>\n<meta property=\"og:url\" content=\"https:\/\/aeronoticias.com.pe\/noticiero\/transporte-aereo\/internacional\/espana-atr-ya-cuenta-con-mas-pedidos-en-firme-en-el-primer-cuatrimestre-que-en-2013\/\" \/>\n<meta property=\"og:site_name\" content=\"Aeronoticias.com.pe\" \/>\n<meta property=\"article:publisher\" content=\"https:\/\/www.facebook.com\/Aeronoticias.com.pe\/\" \/>\n<meta property=\"article:published_time\" content=\"2014-05-16T14:50:30+00:00\" \/>\n<meta name=\"author\" content=\"Redacci\u00f3n Aeronoticias\" \/>\n<meta name=\"twitter:card\" content=\"summary_large_image\" \/>\n<meta name=\"twitter:creator\" content=\"@aeronoticias\" \/>\n<meta name=\"twitter:site\" content=\"@aeronoticias\" \/>\n<meta name=\"twitter:label1\" content=\"Escrito por\" \/>\n\t<meta name=\"twitter:data1\" content=\"Redacci\u00f3n Aeronoticias\" \/>\n\t<meta name=\"twitter:label2\" content=\"Tiempo de lectura\" \/>\n\t<meta name=\"twitter:data2\" content=\"2 minutos\" \/>\n<script type=\"application\/ld+json\" class=\"yoast-schema-graph\">{\"@context\":\"https:\/\/schema.org\",\"@graph\":[{\"@type\":\"WebPage\",\"@id\":\"https:\/\/aeronoticias.com.pe\/noticiero\/transporte-aereo\/internacional\/espana-atr-ya-cuenta-con-mas-pedidos-en-firme-en-el-primer-cuatrimestre-que-en-2013\/\",\"url\":\"https:\/\/aeronoticias.com.pe\/noticiero\/transporte-aereo\/internacional\/espana-atr-ya-cuenta-con-mas-pedidos-en-firme-en-el-primer-cuatrimestre-que-en-2013\/\",\"name\":\"Espa\u00f1a: ATR ya cuenta con m\u00e1s pedidos en firme en el primer cuatrimestre que en 2013\",\"isPartOf\":{\"@id\":\"https:\/\/aeronoticias.com.pe\/noticiero\/#website\"},\"datePublished\":\"2014-05-16T14:50:30+00:00\",\"author\":{\"@id\":\"https:\/\/aeronoticias.com.pe\/noticiero\/#\/schema\/person\/fc1e5d578f4b62ba1cf7ac2bba1170a0\"},\"description\":\"Portal de noticias del Per\u00fa sobre el transporte a\u00e9reo, aviaci\u00f3n, turismo, hoteleria, actualidad.\",\"breadcrumb\":{\"@id\":\"https:\/\/aeronoticias.com.pe\/noticiero\/transporte-aereo\/internacional\/espana-atr-ya-cuenta-con-mas-pedidos-en-firme-en-el-primer-cuatrimestre-que-en-2013\/#breadcrumb\"},\"inLanguage\":\"es\",\"potentialAction\":[{\"@type\":\"ReadAction\",\"target\":[\"https:\/\/aeronoticias.com.pe\/noticiero\/transporte-aereo\/internacional\/espana-atr-ya-cuenta-con-mas-pedidos-en-firme-en-el-primer-cuatrimestre-que-en-2013\/\"]}]},{\"@type\":\"BreadcrumbList\",\"@id\":\"https:\/\/aeronoticias.com.pe\/noticiero\/transporte-aereo\/internacional\/espana-atr-ya-cuenta-con-mas-pedidos-en-firme-en-el-primer-cuatrimestre-que-en-2013\/#breadcrumb\",\"itemListElement\":[{\"@type\":\"ListItem\",\"position\":1,\"name\":\"Portada\",\"item\":\"https:\/\/aeronoticias.com.pe\/noticiero\/\"},{\"@type\":\"ListItem\",\"position\":2,\"name\":\"Espa\u00f1a: ATR ya cuenta con m\u00e1s pedidos en firme en el primer cuatrimestre que en 2013\"}]},{\"@type\":\"WebSite\",\"@id\":\"https:\/\/aeronoticias.com.pe\/noticiero\/#website\",\"url\":\"https:\/\/aeronoticias.com.pe\/noticiero\/\",\"name\":\"Aeronoticias.com.pe\",\"description\":\"Noticias de tranporte aereo, turismo, hoteles, gastronomia, actualidad, internacional\",\"potentialAction\":[{\"@type\":\"SearchAction\",\"target\":{\"@type\":\"EntryPoint\",\"urlTemplate\":\"https:\/\/aeronoticias.com.pe\/noticiero\/?s={search_term_string}\"},\"query-input\":{\"@type\":\"PropertyValueSpecification\",\"valueRequired\":true,\"valueName\":\"search_term_string\"}}],\"inLanguage\":\"es\"},{\"@type\":\"Person\",\"@id\":\"https:\/\/aeronoticias.com.pe\/noticiero\/#\/schema\/person\/fc1e5d578f4b62ba1cf7ac2bba1170a0\",\"name\":\"Redacci\u00f3n Aeronoticias\",\"url\":\"https:\/\/aeronoticias.com.pe\/noticiero\/author\/piloto\/\"}]}<\/script>\n<!-- \/ Yoast SEO plugin. -->","yoast_head_json":{"title":"Espa\u00f1a: ATR ya cuenta con m\u00e1s pedidos en firme en el primer cuatrimestre que en 2013","description":"Portal de noticias del Per\u00fa sobre el transporte a\u00e9reo, aviaci\u00f3n, turismo, hoteleria, actualidad.","robots":{"index":"index","follow":"follow","max-snippet":"max-snippet:-1","max-image-preview":"max-image-preview:large","max-video-preview":"max-video-preview:-1"},"canonical":"https:\/\/aeronoticias.com.pe\/noticiero\/transporte-aereo\/internacional\/espana-atr-ya-cuenta-con-mas-pedidos-en-firme-en-el-primer-cuatrimestre-que-en-2013\/","og_locale":"es_ES","og_type":"article","og_title":"Espa\u00f1a: ATR ya cuenta con m\u00e1s pedidos en firme en el primer cuatrimestre que en 2013","og_description":"Portal de noticias del Per\u00fa sobre el transporte a\u00e9reo, aviaci\u00f3n, turismo, hoteleria, actualidad.","og_url":"https:\/\/aeronoticias.com.pe\/noticiero\/transporte-aereo\/internacional\/espana-atr-ya-cuenta-con-mas-pedidos-en-firme-en-el-primer-cuatrimestre-que-en-2013\/","og_site_name":"Aeronoticias.com.pe","article_publisher":"https:\/\/www.facebook.com\/Aeronoticias.com.pe\/","article_published_time":"2014-05-16T14:50:30+00:00","author":"Redacci\u00f3n Aeronoticias","twitter_card":"summary_large_image","twitter_creator":"@aeronoticias","twitter_site":"@aeronoticias","twitter_misc":{"Escrito por":"Redacci\u00f3n Aeronoticias","Tiempo de lectura":"2 minutos"},"schema":{"@context":"https:\/\/schema.org","@graph":[{"@type":"WebPage","@id":"https:\/\/aeronoticias.com.pe\/noticiero\/transporte-aereo\/internacional\/espana-atr-ya-cuenta-con-mas-pedidos-en-firme-en-el-primer-cuatrimestre-que-en-2013\/","url":"https:\/\/aeronoticias.com.pe\/noticiero\/transporte-aereo\/internacional\/espana-atr-ya-cuenta-con-mas-pedidos-en-firme-en-el-primer-cuatrimestre-que-en-2013\/","name":"Espa\u00f1a: ATR ya cuenta con m\u00e1s pedidos en firme en el primer cuatrimestre que en 2013","isPartOf":{"@id":"https:\/\/aeronoticias.com.pe\/noticiero\/#website"},"datePublished":"2014-05-16T14:50:30+00:00","author":{"@id":"https:\/\/aeronoticias.com.pe\/noticiero\/#\/schema\/person\/fc1e5d578f4b62ba1cf7ac2bba1170a0"},"description":"Portal de noticias del Per\u00fa sobre el transporte a\u00e9reo, aviaci\u00f3n, turismo, hoteleria, actualidad.","breadcrumb":{"@id":"https:\/\/aeronoticias.com.pe\/noticiero\/transporte-aereo\/internacional\/espana-atr-ya-cuenta-con-mas-pedidos-en-firme-en-el-primer-cuatrimestre-que-en-2013\/#breadcrumb"},"inLanguage":"es","potentialAction":[{"@type":"ReadAction","target":["https:\/\/aeronoticias.com.pe\/noticiero\/transporte-aereo\/internacional\/espana-atr-ya-cuenta-con-mas-pedidos-en-firme-en-el-primer-cuatrimestre-que-en-2013\/"]}]},{"@type":"BreadcrumbList","@id":"https:\/\/aeronoticias.com.pe\/noticiero\/transporte-aereo\/internacional\/espana-atr-ya-cuenta-con-mas-pedidos-en-firme-en-el-primer-cuatrimestre-que-en-2013\/#breadcrumb","itemListElement":[{"@type":"ListItem","position":1,"name":"Portada","item":"https:\/\/aeronoticias.com.pe\/noticiero\/"},{"@type":"ListItem","position":2,"name":"Espa\u00f1a: ATR ya cuenta con m\u00e1s pedidos en firme en el primer cuatrimestre que en 2013"}]},{"@type":"WebSite","@id":"https:\/\/aeronoticias.com.pe\/noticiero\/#website","url":"https:\/\/aeronoticias.com.pe\/noticiero\/","name":"Aeronoticias.com.pe","description":"Noticias de tranporte aereo, turismo, hoteles, gastronomia, actualidad, internacional","potentialAction":[{"@type":"SearchAction","target":{"@type":"EntryPoint","urlTemplate":"https:\/\/aeronoticias.com.pe\/noticiero\/?s={search_term_string}"},"query-input":{"@type":"PropertyValueSpecification","valueRequired":true,"valueName":"search_term_string"}}],"inLanguage":"es"},{"@type":"Person","@id":"https:\/\/aeronoticias.com.pe\/noticiero\/#\/schema\/person\/fc1e5d578f4b62ba1cf7ac2bba1170a0","name":"Redacci\u00f3n Aeronoticias","url":"https:\/\/aeronoticias.com.pe\/noticiero\/author\/piloto\/"}]}},"_links":{"self":[{"href":"https:\/\/aeronoticias.com.pe\/noticiero\/wp-json\/wp\/v2\/posts\/45827","targetHints":{"allow":["GET"]}}],"collection":[{"href":"https:\/\/aeronoticias.com.pe\/noticiero\/wp-json\/wp\/v2\/posts"}],"about":[{"href":"https:\/\/aeronoticias.com.pe\/noticiero\/wp-json\/wp\/v2\/types\/post"}],"author":[{"embeddable":true,"href":"https:\/\/aeronoticias.com.pe\/noticiero\/wp-json\/wp\/v2\/users\/1"}],"replies":[{"embeddable":true,"href":"https:\/\/aeronoticias.com.pe\/noticiero\/wp-json\/wp\/v2\/comments?post=45827"}],"version-history":[{"count":0,"href":"https:\/\/aeronoticias.com.pe\/noticiero\/wp-json\/wp\/v2\/posts\/45827\/revisions"}],"wp:attachment":[{"href":"https:\/\/aeronoticias.com.pe\/noticiero\/wp-json\/wp\/v2\/media?parent=45827"}],"wp:term":[{"taxonomy":"category","embeddable":true,"href":"https:\/\/aeronoticias.com.pe\/noticiero\/wp-json\/wp\/v2\/categories?post=45827"},{"taxonomy":"post_tag","embeddable":true,"href":"https:\/\/aeronoticias.com.pe\/noticiero\/wp-json\/wp\/v2\/tags?post=45827"}],"curies":[{"name":"wp","href":"https:\/\/api.w.org\/{rel}","templated":true}]}}