{"id":45828,"date":"2014-05-16T14:53:25","date_gmt":"2014-05-16T14:53:25","guid":{"rendered":"http:\/\/desarrollo.mcvicious.com\/aero2020\/2014\/05\/16\/espana-la-campana-mediatica-de-fomento-de-los-drones-choca-frontalmente-con-copac\/"},"modified":"2014-05-16T14:53:25","modified_gmt":"2014-05-16T14:53:25","slug":"espana-la-campana-mediatica-de-fomento-de-los-drones-choca-frontalmente-con-copac","status":"publish","type":"post","link":"https:\/\/aeronoticias.com.pe\/noticiero\/transporte-aereo\/internacional\/espana-la-campana-mediatica-de-fomento-de-los-drones-choca-frontalmente-con-copac\/","title":{"rendered":"Espa\u00f1a: La campa\u00f1a medi\u00e1tica de Fomento de los drones choca frontalmente con COPAC"},"content":{"rendered":"<p style=\"text-align: justify;\"><strong>(Aeronoticias)<\/strong>.-\u00a0El Colegio Oficial de Pilotos de la Aviaci\u00f3n Comercial (COPAC) considera necesario que el Ministerio de Fomento regule de forma adecuada el uso de las aeronaves pilotadas por control remoto -denominados drones o RPA\u00b4s (Remotely Piloted Aircraft Systems, en sus siglas en ingl\u00e9s)-, para garantizar la seguridad de estas operaciones.<\/p>\n<p style=\"text-align: justify;\">COPAC ha transmitido su malestar a la Agencia Estatal de Seguridad A\u00e9rea (AESA) respecto a la tramitaci\u00f3n del Real Decreto para la regulaci\u00f3n de las operaciones a\u00e9reas con drones, ya que considera insuficiente el plazo, de apenas veinticuatro horas, para la presentaci\u00f3n de alegaciones a la propuesta presentada recientemente por AESA sobre este asunto.<\/p>\n<p style=\"text-align: justify;\">Para el COPAC la regulaci\u00f3n de esta actividad es necesaria para no frenar su expansi\u00f3n empresarial, pero siempre garantizando la seguridad de las operaciones y la preparaci\u00f3n de los pilotos que operen este tipo de aeronaves, para lo que es preciso contar con las aportaciones de profesionales y organizaciones implicadas.<\/p>\n<p style=\"text-align: justify;\">En los \u00faltimos meses, el Ministerio de Fomento, a trav\u00e9s de la Agencia Estatal de Seguridad A\u00e9rea (AESA), ha emitido gu\u00edas respecto al uso de los drones que han resultado insuficientes, ya que no contemplan muchos de los aspectos que es necesario regular para un desarrollo seguro y con garant\u00edas de estas aeronaves. En este sentido, el COPAC considera que la legislaci\u00f3n que se apruebe debe ser \u00e1gil en cuanto a certificaci\u00f3n y validaci\u00f3n de este tipo de aeronaves, de manera similar a otras aeronaves.<\/p>\n<p style=\"text-align: justify;\">Para el COPAC, el desarrollo comercial de los drones en todos sus posibles \u00e1mbitos de aplicaci\u00f3n debe hacerse de acuerdo a unas normas y siguiendo unos criterios operacionales y de seguridad que eviten un uso descontrolado, por los riesgos que ello implicar\u00eda para la seguridad a\u00e9rea y para las personas. En este sentido, los drones deben cumplir los mismos requisitos de seguridad que cualquier otra aeronave tripulada, como la redundancia de los sistemas de manejo remoto, la preparaci\u00f3n del piloto que lo opera, la certificaci\u00f3n de las aeronaves o los procedimientos aprobados y supervisados por parte de AESA, como responsable \u00faltima de la seguridad a\u00e9rea.<\/p>\n<p style=\"text-align: justify;\">Fuente: <strong><em><span style=\"text-decoration: underline;\">Aviaci\u00f3n Digital<\/span><\/em><\/strong>.<\/p>\n<p style=\"text-align: justify;\"><img decoding=\"async\" src=\"images\/stories\/14\/05\/160514\/dron.jpg\" border=\"0\" \/><\/p>\n","protected":false},"excerpt":{"rendered":"<p>(Aeronoticias).-\u00a0El Colegio Oficial de Pilotos de la Aviaci\u00f3n Comercial (COPAC) considera necesario que el Ministerio de Fomento regule de forma adecuada el uso de las aeronaves pilotadas por control remoto -denominados drones o RPA\u00b4s (Remotely Piloted Aircraft Systems, en sus siglas en ingl\u00e9s)-, para garantizar la seguridad de estas operaciones. COPAC ha transmitido su malestar [&hellip;]<\/p>\n","protected":false},"author":1,"featured_media":0,"comment_status":"open","ping_status":"open","sticky":false,"template":"","format":"standard","meta":{"tdm_status":"","tdm_grid_status":"","footnotes":""},"categories":[32],"tags":[],"class_list":{"0":"post-45828","1":"post","2":"type-post","3":"status-publish","4":"format-standard","6":"category-internacional"},"yoast_head":"<!-- This site is optimized with the Yoast SEO plugin v25.1 - https:\/\/yoast.com\/wordpress\/plugins\/seo\/ -->\n<title>Espa\u00f1a: La campa\u00f1a medi\u00e1tica de Fomento de los drones choca frontalmente con COPAC<\/title>\n<meta name=\"description\" content=\"Portal de noticias del Per\u00fa sobre el transporte a\u00e9reo, aviaci\u00f3n, turismo, hoteleria, actualidad.\" \/>\n<meta name=\"robots\" content=\"index, follow, max-snippet:-1, max-image-preview:large, max-video-preview:-1\" \/>\n<link rel=\"canonical\" href=\"https:\/\/aeronoticias.com.pe\/noticiero\/transporte-aereo\/internacional\/espana-la-campana-mediatica-de-fomento-de-los-drones-choca-frontalmente-con-copac\/\" \/>\n<meta property=\"og:locale\" content=\"es_ES\" \/>\n<meta property=\"og:type\" content=\"article\" \/>\n<meta property=\"og:title\" content=\"Espa\u00f1a: La campa\u00f1a medi\u00e1tica de Fomento de los drones choca frontalmente con COPAC\" \/>\n<meta property=\"og:description\" content=\"Portal de noticias del Per\u00fa sobre el transporte a\u00e9reo, aviaci\u00f3n, turismo, hoteleria, actualidad.\" \/>\n<meta property=\"og:url\" content=\"https:\/\/aeronoticias.com.pe\/noticiero\/transporte-aereo\/internacional\/espana-la-campana-mediatica-de-fomento-de-los-drones-choca-frontalmente-con-copac\/\" \/>\n<meta property=\"og:site_name\" content=\"Aeronoticias.com.pe\" \/>\n<meta property=\"article:publisher\" content=\"https:\/\/www.facebook.com\/Aeronoticias.com.pe\/\" \/>\n<meta property=\"article:published_time\" content=\"2014-05-16T14:53:25+00:00\" \/>\n<meta name=\"author\" content=\"Redacci\u00f3n Aeronoticias\" \/>\n<meta name=\"twitter:card\" content=\"summary_large_image\" \/>\n<meta name=\"twitter:creator\" content=\"@aeronoticias\" \/>\n<meta name=\"twitter:site\" content=\"@aeronoticias\" \/>\n<meta name=\"twitter:label1\" content=\"Escrito por\" \/>\n\t<meta name=\"twitter:data1\" content=\"Redacci\u00f3n Aeronoticias\" \/>\n\t<meta name=\"twitter:label2\" content=\"Tiempo de lectura\" \/>\n\t<meta name=\"twitter:data2\" content=\"2 minutos\" \/>\n<script type=\"application\/ld+json\" class=\"yoast-schema-graph\">{\"@context\":\"https:\/\/schema.org\",\"@graph\":[{\"@type\":\"WebPage\",\"@id\":\"https:\/\/aeronoticias.com.pe\/noticiero\/transporte-aereo\/internacional\/espana-la-campana-mediatica-de-fomento-de-los-drones-choca-frontalmente-con-copac\/\",\"url\":\"https:\/\/aeronoticias.com.pe\/noticiero\/transporte-aereo\/internacional\/espana-la-campana-mediatica-de-fomento-de-los-drones-choca-frontalmente-con-copac\/\",\"name\":\"Espa\u00f1a: La campa\u00f1a medi\u00e1tica de Fomento de los drones choca frontalmente con COPAC\",\"isPartOf\":{\"@id\":\"https:\/\/aeronoticias.com.pe\/noticiero\/#website\"},\"datePublished\":\"2014-05-16T14:53:25+00:00\",\"author\":{\"@id\":\"https:\/\/aeronoticias.com.pe\/noticiero\/#\/schema\/person\/fc1e5d578f4b62ba1cf7ac2bba1170a0\"},\"description\":\"Portal de noticias del Per\u00fa sobre el transporte a\u00e9reo, aviaci\u00f3n, turismo, hoteleria, actualidad.\",\"breadcrumb\":{\"@id\":\"https:\/\/aeronoticias.com.pe\/noticiero\/transporte-aereo\/internacional\/espana-la-campana-mediatica-de-fomento-de-los-drones-choca-frontalmente-con-copac\/#breadcrumb\"},\"inLanguage\":\"es\",\"potentialAction\":[{\"@type\":\"ReadAction\",\"target\":[\"https:\/\/aeronoticias.com.pe\/noticiero\/transporte-aereo\/internacional\/espana-la-campana-mediatica-de-fomento-de-los-drones-choca-frontalmente-con-copac\/\"]}]},{\"@type\":\"BreadcrumbList\",\"@id\":\"https:\/\/aeronoticias.com.pe\/noticiero\/transporte-aereo\/internacional\/espana-la-campana-mediatica-de-fomento-de-los-drones-choca-frontalmente-con-copac\/#breadcrumb\",\"itemListElement\":[{\"@type\":\"ListItem\",\"position\":1,\"name\":\"Portada\",\"item\":\"https:\/\/aeronoticias.com.pe\/noticiero\/\"},{\"@type\":\"ListItem\",\"position\":2,\"name\":\"Espa\u00f1a: La campa\u00f1a medi\u00e1tica de Fomento de los drones choca frontalmente con COPAC\"}]},{\"@type\":\"WebSite\",\"@id\":\"https:\/\/aeronoticias.com.pe\/noticiero\/#website\",\"url\":\"https:\/\/aeronoticias.com.pe\/noticiero\/\",\"name\":\"Aeronoticias.com.pe\",\"description\":\"Noticias de tranporte aereo, turismo, hoteles, gastronomia, actualidad, internacional\",\"potentialAction\":[{\"@type\":\"SearchAction\",\"target\":{\"@type\":\"EntryPoint\",\"urlTemplate\":\"https:\/\/aeronoticias.com.pe\/noticiero\/?s={search_term_string}\"},\"query-input\":{\"@type\":\"PropertyValueSpecification\",\"valueRequired\":true,\"valueName\":\"search_term_string\"}}],\"inLanguage\":\"es\"},{\"@type\":\"Person\",\"@id\":\"https:\/\/aeronoticias.com.pe\/noticiero\/#\/schema\/person\/fc1e5d578f4b62ba1cf7ac2bba1170a0\",\"name\":\"Redacci\u00f3n Aeronoticias\",\"url\":\"https:\/\/aeronoticias.com.pe\/noticiero\/author\/piloto\/\"}]}<\/script>\n<!-- \/ Yoast SEO plugin. -->","yoast_head_json":{"title":"Espa\u00f1a: La campa\u00f1a medi\u00e1tica de Fomento de los drones choca frontalmente con COPAC","description":"Portal de noticias del Per\u00fa sobre el transporte a\u00e9reo, aviaci\u00f3n, turismo, hoteleria, actualidad.","robots":{"index":"index","follow":"follow","max-snippet":"max-snippet:-1","max-image-preview":"max-image-preview:large","max-video-preview":"max-video-preview:-1"},"canonical":"https:\/\/aeronoticias.com.pe\/noticiero\/transporte-aereo\/internacional\/espana-la-campana-mediatica-de-fomento-de-los-drones-choca-frontalmente-con-copac\/","og_locale":"es_ES","og_type":"article","og_title":"Espa\u00f1a: La campa\u00f1a medi\u00e1tica de Fomento de los drones choca frontalmente con COPAC","og_description":"Portal de noticias del Per\u00fa sobre el transporte a\u00e9reo, aviaci\u00f3n, turismo, hoteleria, actualidad.","og_url":"https:\/\/aeronoticias.com.pe\/noticiero\/transporte-aereo\/internacional\/espana-la-campana-mediatica-de-fomento-de-los-drones-choca-frontalmente-con-copac\/","og_site_name":"Aeronoticias.com.pe","article_publisher":"https:\/\/www.facebook.com\/Aeronoticias.com.pe\/","article_published_time":"2014-05-16T14:53:25+00:00","author":"Redacci\u00f3n Aeronoticias","twitter_card":"summary_large_image","twitter_creator":"@aeronoticias","twitter_site":"@aeronoticias","twitter_misc":{"Escrito por":"Redacci\u00f3n Aeronoticias","Tiempo de lectura":"2 minutos"},"schema":{"@context":"https:\/\/schema.org","@graph":[{"@type":"WebPage","@id":"https:\/\/aeronoticias.com.pe\/noticiero\/transporte-aereo\/internacional\/espana-la-campana-mediatica-de-fomento-de-los-drones-choca-frontalmente-con-copac\/","url":"https:\/\/aeronoticias.com.pe\/noticiero\/transporte-aereo\/internacional\/espana-la-campana-mediatica-de-fomento-de-los-drones-choca-frontalmente-con-copac\/","name":"Espa\u00f1a: La campa\u00f1a medi\u00e1tica de Fomento de los drones choca frontalmente con COPAC","isPartOf":{"@id":"https:\/\/aeronoticias.com.pe\/noticiero\/#website"},"datePublished":"2014-05-16T14:53:25+00:00","author":{"@id":"https:\/\/aeronoticias.com.pe\/noticiero\/#\/schema\/person\/fc1e5d578f4b62ba1cf7ac2bba1170a0"},"description":"Portal de noticias del Per\u00fa sobre el transporte a\u00e9reo, aviaci\u00f3n, turismo, hoteleria, actualidad.","breadcrumb":{"@id":"https:\/\/aeronoticias.com.pe\/noticiero\/transporte-aereo\/internacional\/espana-la-campana-mediatica-de-fomento-de-los-drones-choca-frontalmente-con-copac\/#breadcrumb"},"inLanguage":"es","potentialAction":[{"@type":"ReadAction","target":["https:\/\/aeronoticias.com.pe\/noticiero\/transporte-aereo\/internacional\/espana-la-campana-mediatica-de-fomento-de-los-drones-choca-frontalmente-con-copac\/"]}]},{"@type":"BreadcrumbList","@id":"https:\/\/aeronoticias.com.pe\/noticiero\/transporte-aereo\/internacional\/espana-la-campana-mediatica-de-fomento-de-los-drones-choca-frontalmente-con-copac\/#breadcrumb","itemListElement":[{"@type":"ListItem","position":1,"name":"Portada","item":"https:\/\/aeronoticias.com.pe\/noticiero\/"},{"@type":"ListItem","position":2,"name":"Espa\u00f1a: La campa\u00f1a medi\u00e1tica de Fomento de los drones choca frontalmente con COPAC"}]},{"@type":"WebSite","@id":"https:\/\/aeronoticias.com.pe\/noticiero\/#website","url":"https:\/\/aeronoticias.com.pe\/noticiero\/","name":"Aeronoticias.com.pe","description":"Noticias de tranporte aereo, turismo, hoteles, gastronomia, actualidad, internacional","potentialAction":[{"@type":"SearchAction","target":{"@type":"EntryPoint","urlTemplate":"https:\/\/aeronoticias.com.pe\/noticiero\/?s={search_term_string}"},"query-input":{"@type":"PropertyValueSpecification","valueRequired":true,"valueName":"search_term_string"}}],"inLanguage":"es"},{"@type":"Person","@id":"https:\/\/aeronoticias.com.pe\/noticiero\/#\/schema\/person\/fc1e5d578f4b62ba1cf7ac2bba1170a0","name":"Redacci\u00f3n Aeronoticias","url":"https:\/\/aeronoticias.com.pe\/noticiero\/author\/piloto\/"}]}},"_links":{"self":[{"href":"https:\/\/aeronoticias.com.pe\/noticiero\/wp-json\/wp\/v2\/posts\/45828","targetHints":{"allow":["GET"]}}],"collection":[{"href":"https:\/\/aeronoticias.com.pe\/noticiero\/wp-json\/wp\/v2\/posts"}],"about":[{"href":"https:\/\/aeronoticias.com.pe\/noticiero\/wp-json\/wp\/v2\/types\/post"}],"author":[{"embeddable":true,"href":"https:\/\/aeronoticias.com.pe\/noticiero\/wp-json\/wp\/v2\/users\/1"}],"replies":[{"embeddable":true,"href":"https:\/\/aeronoticias.com.pe\/noticiero\/wp-json\/wp\/v2\/comments?post=45828"}],"version-history":[{"count":0,"href":"https:\/\/aeronoticias.com.pe\/noticiero\/wp-json\/wp\/v2\/posts\/45828\/revisions"}],"wp:attachment":[{"href":"https:\/\/aeronoticias.com.pe\/noticiero\/wp-json\/wp\/v2\/media?parent=45828"}],"wp:term":[{"taxonomy":"category","embeddable":true,"href":"https:\/\/aeronoticias.com.pe\/noticiero\/wp-json\/wp\/v2\/categories?post=45828"},{"taxonomy":"post_tag","embeddable":true,"href":"https:\/\/aeronoticias.com.pe\/noticiero\/wp-json\/wp\/v2\/tags?post=45828"}],"curies":[{"name":"wp","href":"https:\/\/api.w.org\/{rel}","templated":true}]}}