{"id":45829,"date":"2014-05-16T14:58:24","date_gmt":"2014-05-16T14:58:24","guid":{"rendered":"http:\/\/desarrollo.mcvicious.com\/aero2020\/2014\/05\/16\/la-desaparicion-del-avion-ahonda-las-perdidas-de-malaysia-airlines\/"},"modified":"2014-05-16T14:58:24","modified_gmt":"2014-05-16T14:58:24","slug":"la-desaparicion-del-avion-ahonda-las-perdidas-de-malaysia-airlines","status":"publish","type":"post","link":"https:\/\/aeronoticias.com.pe\/noticiero\/transporte-aereo\/internacional\/la-desaparicion-del-avion-ahonda-las-perdidas-de-malaysia-airlines\/","title":{"rendered":"La desaparici\u00f3n del avi\u00f3n ahonda las p\u00e9rdidas de Malaysia Airlines"},"content":{"rendered":"<p style=\"text-align: justify;\"><strong>(Aeronoticias)<\/strong>.-\u00a0La aerol\u00ednea Malaysia Airlines anunci\u00f3 este jueves p\u00e9rdidas de 443,4 millones de ringit (100,4 millones de euros) durante el primer trimestre de 2014, agravadas tras la desaparici\u00f3n de uno de sus aviones el 8 de marzo con 239 personas a bordo. La compa\u00f1\u00eda, que se enfrenta a los elevados costes operativos y del carburante, registr\u00f3 un aumento de un 40% en sus p\u00e9rdidas con respecto al mismo per\u00edodo del a\u00f1o anterior, cuando \u00e9stas fueron de 279 millones de ringit (63,2 millones de euros).<\/p>\n<p style=\"text-align: justify;\">El director ejecutivo de Malaysia Airlines, Ahmad Jauhari Yahya, atribuy\u00f3 los resultados a la presi\u00f3n a\u00f1adida por el operativo de b\u00fasqueda del avi\u00f3n, aunque asegur\u00f3 que la mayor parte de estos costes quedar\u00e1n cubiertos por las compa\u00f1\u00edas de seguros. \u00abMientras sigue la b\u00fasqueda del (vuelo) MH370 m\u00e1s de dos meses despu\u00e9s de su desaparici\u00f3n, nuestro grupo necesita acelerar los esfuerzos para mejorar los ingresos y la gesti\u00f3n de los elevados costes que han aumentado junto a nuestra mayor capacidad\u00bb, dijo Ahmad Jauhari.<\/p>\n<p style=\"text-align: justify;\">Se analizar\u00e1n de nuevo todos los datos disponibles para redefinir la zona de una b\u00fasqueda \u00abEsta necesidad se ha vuelto aun m\u00e1s urgente para la sostenibilidad y supervivencia futura de Malaysia Airlines en un mercado que no da muestras de aflojar la competici\u00f3n\u00bb, a\u00f1adi\u00f3, en declaraciones recogidas por la agencia Bernama. Mientras, las autoridades malasias anunciaron hoy que la b\u00fasqueda del avi\u00f3n entra en una nueva fase en la que se abandona por completo el rastreo en superficie, tanto por v\u00eda a\u00e9rea como mar\u00edtima, para centrarse en la exploraci\u00f3n submarina en el Oc\u00e9ano \u00cdndico.<\/p>\n<p style=\"text-align: justify;\">El ministro de Transporte, Hishammuddin Hussein, dijo que se analizar\u00e1n de nuevo todos los datos disponibles para redefinir la zona de una b\u00fasqueda que seguir\u00e1 realiz\u00e1ndose con el sumergible Bluefin-21.<\/p>\n<p style=\"text-align: justify;\">Las autoridades que coordinan la operaci\u00f3n han iniciado contactos con empresas privadas especializadas en b\u00fasquedas submarinas para ampliar el rango de las misiones. El vuelo MH370 de Malaysian Airlines despeg\u00f3 de Kuala Lumpur en la madrugada del 8 de marzo con 239 personas a bordo y ten\u00eda previsto llegar a Pek\u00edn seis horas m\u00e1s tarde.<\/p>\n<p style=\"text-align: justify;\">Fuente: <strong><em><span style=\"text-decoration: underline;\">20 minutos<\/span><\/em><\/strong>.<\/p>\n<p style=\"text-align: justify;\"><img decoding=\"async\" src=\"images\/stories\/14\/05\/160514\/malay.jpg\" border=\"0\" \/><\/p>\n","protected":false},"excerpt":{"rendered":"<p>(Aeronoticias).-\u00a0La aerol\u00ednea Malaysia Airlines anunci\u00f3 este jueves p\u00e9rdidas de 443,4 millones de ringit (100,4 millones de euros) durante el primer trimestre de 2014, agravadas tras la desaparici\u00f3n de uno de sus aviones el 8 de marzo con 239 personas a bordo. La compa\u00f1\u00eda, que se enfrenta a los elevados costes operativos y del carburante, registr\u00f3 [&hellip;]<\/p>\n","protected":false},"author":1,"featured_media":0,"comment_status":"open","ping_status":"open","sticky":false,"template":"","format":"standard","meta":{"tdm_status":"","tdm_grid_status":"","footnotes":""},"categories":[32],"tags":[],"class_list":{"0":"post-45829","1":"post","2":"type-post","3":"status-publish","4":"format-standard","6":"category-internacional"},"yoast_head":"<!-- This site is optimized with the Yoast SEO plugin v25.1 - https:\/\/yoast.com\/wordpress\/plugins\/seo\/ -->\n<title>La desaparici\u00f3n del avi\u00f3n ahonda las p\u00e9rdidas de Malaysia Airlines<\/title>\n<meta name=\"description\" content=\"Portal de noticias del Per\u00fa sobre el transporte a\u00e9reo, aviaci\u00f3n, turismo, hoteleria, actualidad.\" \/>\n<meta name=\"robots\" content=\"index, follow, max-snippet:-1, max-image-preview:large, max-video-preview:-1\" \/>\n<link rel=\"canonical\" href=\"https:\/\/aeronoticias.com.pe\/noticiero\/transporte-aereo\/internacional\/la-desaparicion-del-avion-ahonda-las-perdidas-de-malaysia-airlines\/\" \/>\n<meta property=\"og:locale\" content=\"es_ES\" \/>\n<meta property=\"og:type\" content=\"article\" \/>\n<meta property=\"og:title\" content=\"La desaparici\u00f3n del avi\u00f3n ahonda las p\u00e9rdidas de Malaysia Airlines\" \/>\n<meta property=\"og:description\" content=\"Portal de noticias del Per\u00fa sobre el transporte a\u00e9reo, aviaci\u00f3n, turismo, hoteleria, actualidad.\" \/>\n<meta property=\"og:url\" content=\"https:\/\/aeronoticias.com.pe\/noticiero\/transporte-aereo\/internacional\/la-desaparicion-del-avion-ahonda-las-perdidas-de-malaysia-airlines\/\" \/>\n<meta property=\"og:site_name\" content=\"Aeronoticias.com.pe\" \/>\n<meta property=\"article:publisher\" content=\"https:\/\/www.facebook.com\/Aeronoticias.com.pe\/\" \/>\n<meta property=\"article:published_time\" content=\"2014-05-16T14:58:24+00:00\" \/>\n<meta name=\"author\" content=\"Redacci\u00f3n Aeronoticias\" \/>\n<meta name=\"twitter:card\" content=\"summary_large_image\" \/>\n<meta name=\"twitter:creator\" content=\"@aeronoticias\" \/>\n<meta name=\"twitter:site\" content=\"@aeronoticias\" \/>\n<meta name=\"twitter:label1\" content=\"Escrito por\" \/>\n\t<meta name=\"twitter:data1\" content=\"Redacci\u00f3n Aeronoticias\" \/>\n\t<meta name=\"twitter:label2\" content=\"Tiempo de lectura\" \/>\n\t<meta name=\"twitter:data2\" content=\"2 minutos\" \/>\n<script type=\"application\/ld+json\" class=\"yoast-schema-graph\">{\"@context\":\"https:\/\/schema.org\",\"@graph\":[{\"@type\":\"WebPage\",\"@id\":\"https:\/\/aeronoticias.com.pe\/noticiero\/transporte-aereo\/internacional\/la-desaparicion-del-avion-ahonda-las-perdidas-de-malaysia-airlines\/\",\"url\":\"https:\/\/aeronoticias.com.pe\/noticiero\/transporte-aereo\/internacional\/la-desaparicion-del-avion-ahonda-las-perdidas-de-malaysia-airlines\/\",\"name\":\"La desaparici\u00f3n del avi\u00f3n ahonda las p\u00e9rdidas de Malaysia Airlines\",\"isPartOf\":{\"@id\":\"https:\/\/aeronoticias.com.pe\/noticiero\/#website\"},\"datePublished\":\"2014-05-16T14:58:24+00:00\",\"author\":{\"@id\":\"https:\/\/aeronoticias.com.pe\/noticiero\/#\/schema\/person\/fc1e5d578f4b62ba1cf7ac2bba1170a0\"},\"description\":\"Portal de noticias del Per\u00fa sobre el transporte a\u00e9reo, aviaci\u00f3n, turismo, hoteleria, actualidad.\",\"breadcrumb\":{\"@id\":\"https:\/\/aeronoticias.com.pe\/noticiero\/transporte-aereo\/internacional\/la-desaparicion-del-avion-ahonda-las-perdidas-de-malaysia-airlines\/#breadcrumb\"},\"inLanguage\":\"es\",\"potentialAction\":[{\"@type\":\"ReadAction\",\"target\":[\"https:\/\/aeronoticias.com.pe\/noticiero\/transporte-aereo\/internacional\/la-desaparicion-del-avion-ahonda-las-perdidas-de-malaysia-airlines\/\"]}]},{\"@type\":\"BreadcrumbList\",\"@id\":\"https:\/\/aeronoticias.com.pe\/noticiero\/transporte-aereo\/internacional\/la-desaparicion-del-avion-ahonda-las-perdidas-de-malaysia-airlines\/#breadcrumb\",\"itemListElement\":[{\"@type\":\"ListItem\",\"position\":1,\"name\":\"Portada\",\"item\":\"https:\/\/aeronoticias.com.pe\/noticiero\/\"},{\"@type\":\"ListItem\",\"position\":2,\"name\":\"La desaparici\u00f3n del avi\u00f3n ahonda las p\u00e9rdidas de Malaysia Airlines\"}]},{\"@type\":\"WebSite\",\"@id\":\"https:\/\/aeronoticias.com.pe\/noticiero\/#website\",\"url\":\"https:\/\/aeronoticias.com.pe\/noticiero\/\",\"name\":\"Aeronoticias.com.pe\",\"description\":\"Noticias de tranporte aereo, turismo, hoteles, gastronomia, actualidad, internacional\",\"potentialAction\":[{\"@type\":\"SearchAction\",\"target\":{\"@type\":\"EntryPoint\",\"urlTemplate\":\"https:\/\/aeronoticias.com.pe\/noticiero\/?s={search_term_string}\"},\"query-input\":{\"@type\":\"PropertyValueSpecification\",\"valueRequired\":true,\"valueName\":\"search_term_string\"}}],\"inLanguage\":\"es\"},{\"@type\":\"Person\",\"@id\":\"https:\/\/aeronoticias.com.pe\/noticiero\/#\/schema\/person\/fc1e5d578f4b62ba1cf7ac2bba1170a0\",\"name\":\"Redacci\u00f3n Aeronoticias\",\"url\":\"https:\/\/aeronoticias.com.pe\/noticiero\/author\/piloto\/\"}]}<\/script>\n<!-- \/ Yoast SEO plugin. -->","yoast_head_json":{"title":"La desaparici\u00f3n del avi\u00f3n ahonda las p\u00e9rdidas de Malaysia Airlines","description":"Portal de noticias del Per\u00fa sobre el transporte a\u00e9reo, aviaci\u00f3n, turismo, hoteleria, actualidad.","robots":{"index":"index","follow":"follow","max-snippet":"max-snippet:-1","max-image-preview":"max-image-preview:large","max-video-preview":"max-video-preview:-1"},"canonical":"https:\/\/aeronoticias.com.pe\/noticiero\/transporte-aereo\/internacional\/la-desaparicion-del-avion-ahonda-las-perdidas-de-malaysia-airlines\/","og_locale":"es_ES","og_type":"article","og_title":"La desaparici\u00f3n del avi\u00f3n ahonda las p\u00e9rdidas de Malaysia Airlines","og_description":"Portal de noticias del Per\u00fa sobre el transporte a\u00e9reo, aviaci\u00f3n, turismo, hoteleria, actualidad.","og_url":"https:\/\/aeronoticias.com.pe\/noticiero\/transporte-aereo\/internacional\/la-desaparicion-del-avion-ahonda-las-perdidas-de-malaysia-airlines\/","og_site_name":"Aeronoticias.com.pe","article_publisher":"https:\/\/www.facebook.com\/Aeronoticias.com.pe\/","article_published_time":"2014-05-16T14:58:24+00:00","author":"Redacci\u00f3n Aeronoticias","twitter_card":"summary_large_image","twitter_creator":"@aeronoticias","twitter_site":"@aeronoticias","twitter_misc":{"Escrito por":"Redacci\u00f3n Aeronoticias","Tiempo de lectura":"2 minutos"},"schema":{"@context":"https:\/\/schema.org","@graph":[{"@type":"WebPage","@id":"https:\/\/aeronoticias.com.pe\/noticiero\/transporte-aereo\/internacional\/la-desaparicion-del-avion-ahonda-las-perdidas-de-malaysia-airlines\/","url":"https:\/\/aeronoticias.com.pe\/noticiero\/transporte-aereo\/internacional\/la-desaparicion-del-avion-ahonda-las-perdidas-de-malaysia-airlines\/","name":"La desaparici\u00f3n del avi\u00f3n ahonda las p\u00e9rdidas de Malaysia Airlines","isPartOf":{"@id":"https:\/\/aeronoticias.com.pe\/noticiero\/#website"},"datePublished":"2014-05-16T14:58:24+00:00","author":{"@id":"https:\/\/aeronoticias.com.pe\/noticiero\/#\/schema\/person\/fc1e5d578f4b62ba1cf7ac2bba1170a0"},"description":"Portal de noticias del Per\u00fa sobre el transporte a\u00e9reo, aviaci\u00f3n, turismo, hoteleria, actualidad.","breadcrumb":{"@id":"https:\/\/aeronoticias.com.pe\/noticiero\/transporte-aereo\/internacional\/la-desaparicion-del-avion-ahonda-las-perdidas-de-malaysia-airlines\/#breadcrumb"},"inLanguage":"es","potentialAction":[{"@type":"ReadAction","target":["https:\/\/aeronoticias.com.pe\/noticiero\/transporte-aereo\/internacional\/la-desaparicion-del-avion-ahonda-las-perdidas-de-malaysia-airlines\/"]}]},{"@type":"BreadcrumbList","@id":"https:\/\/aeronoticias.com.pe\/noticiero\/transporte-aereo\/internacional\/la-desaparicion-del-avion-ahonda-las-perdidas-de-malaysia-airlines\/#breadcrumb","itemListElement":[{"@type":"ListItem","position":1,"name":"Portada","item":"https:\/\/aeronoticias.com.pe\/noticiero\/"},{"@type":"ListItem","position":2,"name":"La desaparici\u00f3n del avi\u00f3n ahonda las p\u00e9rdidas de Malaysia Airlines"}]},{"@type":"WebSite","@id":"https:\/\/aeronoticias.com.pe\/noticiero\/#website","url":"https:\/\/aeronoticias.com.pe\/noticiero\/","name":"Aeronoticias.com.pe","description":"Noticias de tranporte aereo, turismo, hoteles, gastronomia, actualidad, internacional","potentialAction":[{"@type":"SearchAction","target":{"@type":"EntryPoint","urlTemplate":"https:\/\/aeronoticias.com.pe\/noticiero\/?s={search_term_string}"},"query-input":{"@type":"PropertyValueSpecification","valueRequired":true,"valueName":"search_term_string"}}],"inLanguage":"es"},{"@type":"Person","@id":"https:\/\/aeronoticias.com.pe\/noticiero\/#\/schema\/person\/fc1e5d578f4b62ba1cf7ac2bba1170a0","name":"Redacci\u00f3n Aeronoticias","url":"https:\/\/aeronoticias.com.pe\/noticiero\/author\/piloto\/"}]}},"_links":{"self":[{"href":"https:\/\/aeronoticias.com.pe\/noticiero\/wp-json\/wp\/v2\/posts\/45829","targetHints":{"allow":["GET"]}}],"collection":[{"href":"https:\/\/aeronoticias.com.pe\/noticiero\/wp-json\/wp\/v2\/posts"}],"about":[{"href":"https:\/\/aeronoticias.com.pe\/noticiero\/wp-json\/wp\/v2\/types\/post"}],"author":[{"embeddable":true,"href":"https:\/\/aeronoticias.com.pe\/noticiero\/wp-json\/wp\/v2\/users\/1"}],"replies":[{"embeddable":true,"href":"https:\/\/aeronoticias.com.pe\/noticiero\/wp-json\/wp\/v2\/comments?post=45829"}],"version-history":[{"count":0,"href":"https:\/\/aeronoticias.com.pe\/noticiero\/wp-json\/wp\/v2\/posts\/45829\/revisions"}],"wp:attachment":[{"href":"https:\/\/aeronoticias.com.pe\/noticiero\/wp-json\/wp\/v2\/media?parent=45829"}],"wp:term":[{"taxonomy":"category","embeddable":true,"href":"https:\/\/aeronoticias.com.pe\/noticiero\/wp-json\/wp\/v2\/categories?post=45829"},{"taxonomy":"post_tag","embeddable":true,"href":"https:\/\/aeronoticias.com.pe\/noticiero\/wp-json\/wp\/v2\/tags?post=45829"}],"curies":[{"name":"wp","href":"https:\/\/api.w.org\/{rel}","templated":true}]}}