{"id":45830,"date":"2014-05-16T15:12:37","date_gmt":"2014-05-16T15:12:37","guid":{"rendered":"http:\/\/desarrollo.mcvicious.com\/aero2020\/2014\/05\/16\/patricio-parodi-es-el-mejor-guerrero-de-la-quinta-temporada\/"},"modified":"2014-05-16T15:12:37","modified_gmt":"2014-05-16T15:12:37","slug":"patricio-parodi-es-el-mejor-guerrero-de-la-quinta-temporada","status":"publish","type":"post","link":"https:\/\/aeronoticias.com.pe\/noticiero\/espectaculos\/patricio-parodi-es-el-mejor-guerrero-de-la-quinta-temporada\/","title":{"rendered":"Patricio Parodi se coron\u00f3 como mejor guerrero en &#8216;EEG&#8217;"},"content":{"rendered":"<p style=\"text-align: justify;\"><strong>(Aeronoticias)<\/strong> Patricio Parodi, del equipo de Los Leones, result\u00f3 ser el Mejor guerrero de la quinta temporada de \u00abEsto es guerra\u00bb (EEG) por m\u00e9ritos propios al derrotar a Nicola Porcella en un agotador reto\u00a0 con lo cual gan\u00f3 no solo el t\u00edtulo sino S\/.5.000. De acuerdo al escrutinio que se hizo de las votaciones de los seguidores del reality Nicola Porcella result\u00f3 ser el m\u00e1s votado con m\u00e1s de 1.600.000 votos y el segundo m\u00e1s votado fue Patricio Parodi con 988.000 votos. Ambos se enfrentaron en un circuito que gan\u00f3 el guerrero del equipo amarillo.<\/p>\n<p>La jornada empez\u00f3 con el reto Chapa tu mascota que ganaron Los Leones 10 a 6 que obtuvieron Las Cobras. El equipo amarillo consigui\u00f3 15 puntos del dado gigante.<\/p>\n<p>La siguiente prueba fue Circuito de cubos de guerra y contrapeso, un juego realmente extenuante. La prueba qued\u00f3 en empate y ambos equipos tiraron el dado. Las Cobras lograron 15 puntos y Los Leones, 20.<\/p>\n<p>Continu\u00f3 el reto Fuerza extrema en el que los contendientes deben hacer fuerza uno contra el otro. Ganaron Las Cobras que lograron 15 puntos adicionales sumando un total de 30. Los Leones fueron los ganadores de la jornada con 35 puntos y el premio de S\/.1.500.<\/p>\n<p>El d\u00fao mexicano R\u00edo Roma, integrado por los hermanos Jos\u00e9 Luis y Ra\u00fal Ortega Castro, invitado al programa, interpret\u00f3 el tema \u201cT\u00fa me cambiaste la vida\u201d. Los cantantes dijeron que gracias al romance de Melissa Loza y Guty Carrera su m\u00fasica se hab\u00eda hecho conocida en el Per\u00fa donde tienen muchos seguidores. Los hermanos Ortega cerraron el programa con la interpretaci\u00f3n de \u201cAs\u00ed me dec\u00eda\u201d e invitando a la presentaci\u00f3n que realizar\u00e1n ma\u00f1ana a partir de las 8 p.m. en el Jockey Club del Per\u00fa. Fuente: RPP<\/p>\n<p style=\"text-align: justify;\"><img decoding=\"async\" src=\"images\/stories\/14\/05\/160514\/patricioparodi.jpg\" border=\"0\" alt=\"Patricio Parodi se coron\u00f3 como mejor guerrero de la quinta temporada\" \/><\/p>\n","protected":false},"excerpt":{"rendered":"<p>(Aeronoticias) Patricio Parodi, del equipo de Los Leones, result\u00f3 ser el Mejor guerrero de la quinta temporada de \u00abEsto es guerra\u00bb (EEG) por m\u00e9ritos propios al derrotar a Nicola Porcella en un agotador reto\u00a0 con lo cual gan\u00f3 no solo el t\u00edtulo sino S\/.5.000. De acuerdo al escrutinio que se hizo de las votaciones de [&hellip;]<\/p>\n","protected":false},"author":1,"featured_media":0,"comment_status":"open","ping_status":"open","sticky":false,"template":"","format":"standard","meta":{"tdm_status":"","tdm_grid_status":"","footnotes":""},"categories":[41],"tags":[],"class_list":{"0":"post-45830","1":"post","2":"type-post","3":"status-publish","4":"format-standard","6":"category-espectaculos"},"yoast_head":"<!-- This site is optimized with the Yoast SEO plugin v25.1 - https:\/\/yoast.com\/wordpress\/plugins\/seo\/ -->\n<title>Patricio Parodi se coron\u00f3 como mejor guerrero en &#039;EEG&#039;<\/title>\n<meta name=\"description\" content=\"Portal de noticias del Per\u00fa sobre el transporte a\u00e9reo, aviaci\u00f3n, turismo, hoteleria, actualidad.\" \/>\n<meta name=\"robots\" content=\"index, follow, max-snippet:-1, max-image-preview:large, max-video-preview:-1\" \/>\n<link rel=\"canonical\" href=\"https:\/\/aeronoticias.com.pe\/noticiero\/espectaculos\/patricio-parodi-es-el-mejor-guerrero-de-la-quinta-temporada\/\" \/>\n<meta property=\"og:locale\" content=\"es_ES\" \/>\n<meta property=\"og:type\" content=\"article\" \/>\n<meta property=\"og:title\" content=\"Patricio Parodi se coron\u00f3 como mejor guerrero en &#039;EEG&#039;\" \/>\n<meta property=\"og:description\" content=\"Portal de noticias del Per\u00fa sobre el transporte a\u00e9reo, aviaci\u00f3n, turismo, hoteleria, actualidad.\" \/>\n<meta property=\"og:url\" content=\"https:\/\/aeronoticias.com.pe\/noticiero\/espectaculos\/patricio-parodi-es-el-mejor-guerrero-de-la-quinta-temporada\/\" \/>\n<meta property=\"og:site_name\" content=\"Aeronoticias.com.pe\" \/>\n<meta property=\"article:publisher\" content=\"https:\/\/www.facebook.com\/Aeronoticias.com.pe\/\" \/>\n<meta property=\"article:published_time\" content=\"2014-05-16T15:12:37+00:00\" \/>\n<meta name=\"author\" content=\"Redacci\u00f3n Aeronoticias\" \/>\n<meta name=\"twitter:card\" content=\"summary_large_image\" \/>\n<meta name=\"twitter:creator\" content=\"@aeronoticias\" \/>\n<meta name=\"twitter:site\" content=\"@aeronoticias\" \/>\n<meta name=\"twitter:label1\" content=\"Escrito por\" \/>\n\t<meta name=\"twitter:data1\" content=\"Redacci\u00f3n Aeronoticias\" \/>\n\t<meta name=\"twitter:label2\" content=\"Tiempo de lectura\" \/>\n\t<meta name=\"twitter:data2\" content=\"1 minuto\" \/>\n<script type=\"application\/ld+json\" class=\"yoast-schema-graph\">{\"@context\":\"https:\/\/schema.org\",\"@graph\":[{\"@type\":\"WebPage\",\"@id\":\"https:\/\/aeronoticias.com.pe\/noticiero\/espectaculos\/patricio-parodi-es-el-mejor-guerrero-de-la-quinta-temporada\/\",\"url\":\"https:\/\/aeronoticias.com.pe\/noticiero\/espectaculos\/patricio-parodi-es-el-mejor-guerrero-de-la-quinta-temporada\/\",\"name\":\"Patricio Parodi se coron\u00f3 como mejor guerrero en 'EEG'\",\"isPartOf\":{\"@id\":\"https:\/\/aeronoticias.com.pe\/noticiero\/#website\"},\"datePublished\":\"2014-05-16T15:12:37+00:00\",\"author\":{\"@id\":\"https:\/\/aeronoticias.com.pe\/noticiero\/#\/schema\/person\/fc1e5d578f4b62ba1cf7ac2bba1170a0\"},\"description\":\"Portal de noticias del Per\u00fa sobre el transporte a\u00e9reo, aviaci\u00f3n, turismo, hoteleria, actualidad.\",\"breadcrumb\":{\"@id\":\"https:\/\/aeronoticias.com.pe\/noticiero\/espectaculos\/patricio-parodi-es-el-mejor-guerrero-de-la-quinta-temporada\/#breadcrumb\"},\"inLanguage\":\"es\",\"potentialAction\":[{\"@type\":\"ReadAction\",\"target\":[\"https:\/\/aeronoticias.com.pe\/noticiero\/espectaculos\/patricio-parodi-es-el-mejor-guerrero-de-la-quinta-temporada\/\"]}]},{\"@type\":\"BreadcrumbList\",\"@id\":\"https:\/\/aeronoticias.com.pe\/noticiero\/espectaculos\/patricio-parodi-es-el-mejor-guerrero-de-la-quinta-temporada\/#breadcrumb\",\"itemListElement\":[{\"@type\":\"ListItem\",\"position\":1,\"name\":\"Portada\",\"item\":\"https:\/\/aeronoticias.com.pe\/noticiero\/\"},{\"@type\":\"ListItem\",\"position\":2,\"name\":\"Patricio Parodi se coron\u00f3 como mejor guerrero en &#8216;EEG&#8217;\"}]},{\"@type\":\"WebSite\",\"@id\":\"https:\/\/aeronoticias.com.pe\/noticiero\/#website\",\"url\":\"https:\/\/aeronoticias.com.pe\/noticiero\/\",\"name\":\"Aeronoticias.com.pe\",\"description\":\"Noticias de tranporte aereo, turismo, hoteles, gastronomia, actualidad, internacional\",\"potentialAction\":[{\"@type\":\"SearchAction\",\"target\":{\"@type\":\"EntryPoint\",\"urlTemplate\":\"https:\/\/aeronoticias.com.pe\/noticiero\/?s={search_term_string}\"},\"query-input\":{\"@type\":\"PropertyValueSpecification\",\"valueRequired\":true,\"valueName\":\"search_term_string\"}}],\"inLanguage\":\"es\"},{\"@type\":\"Person\",\"@id\":\"https:\/\/aeronoticias.com.pe\/noticiero\/#\/schema\/person\/fc1e5d578f4b62ba1cf7ac2bba1170a0\",\"name\":\"Redacci\u00f3n Aeronoticias\",\"url\":\"https:\/\/aeronoticias.com.pe\/noticiero\/author\/piloto\/\"}]}<\/script>\n<!-- \/ Yoast SEO plugin. -->","yoast_head_json":{"title":"Patricio Parodi se coron\u00f3 como mejor guerrero en 'EEG'","description":"Portal de noticias del Per\u00fa sobre el transporte a\u00e9reo, aviaci\u00f3n, turismo, hoteleria, actualidad.","robots":{"index":"index","follow":"follow","max-snippet":"max-snippet:-1","max-image-preview":"max-image-preview:large","max-video-preview":"max-video-preview:-1"},"canonical":"https:\/\/aeronoticias.com.pe\/noticiero\/espectaculos\/patricio-parodi-es-el-mejor-guerrero-de-la-quinta-temporada\/","og_locale":"es_ES","og_type":"article","og_title":"Patricio Parodi se coron\u00f3 como mejor guerrero en 'EEG'","og_description":"Portal de noticias del Per\u00fa sobre el transporte a\u00e9reo, aviaci\u00f3n, turismo, hoteleria, actualidad.","og_url":"https:\/\/aeronoticias.com.pe\/noticiero\/espectaculos\/patricio-parodi-es-el-mejor-guerrero-de-la-quinta-temporada\/","og_site_name":"Aeronoticias.com.pe","article_publisher":"https:\/\/www.facebook.com\/Aeronoticias.com.pe\/","article_published_time":"2014-05-16T15:12:37+00:00","author":"Redacci\u00f3n Aeronoticias","twitter_card":"summary_large_image","twitter_creator":"@aeronoticias","twitter_site":"@aeronoticias","twitter_misc":{"Escrito por":"Redacci\u00f3n Aeronoticias","Tiempo de lectura":"1 minuto"},"schema":{"@context":"https:\/\/schema.org","@graph":[{"@type":"WebPage","@id":"https:\/\/aeronoticias.com.pe\/noticiero\/espectaculos\/patricio-parodi-es-el-mejor-guerrero-de-la-quinta-temporada\/","url":"https:\/\/aeronoticias.com.pe\/noticiero\/espectaculos\/patricio-parodi-es-el-mejor-guerrero-de-la-quinta-temporada\/","name":"Patricio Parodi se coron\u00f3 como mejor guerrero en 'EEG'","isPartOf":{"@id":"https:\/\/aeronoticias.com.pe\/noticiero\/#website"},"datePublished":"2014-05-16T15:12:37+00:00","author":{"@id":"https:\/\/aeronoticias.com.pe\/noticiero\/#\/schema\/person\/fc1e5d578f4b62ba1cf7ac2bba1170a0"},"description":"Portal de noticias del Per\u00fa sobre el transporte a\u00e9reo, aviaci\u00f3n, turismo, hoteleria, actualidad.","breadcrumb":{"@id":"https:\/\/aeronoticias.com.pe\/noticiero\/espectaculos\/patricio-parodi-es-el-mejor-guerrero-de-la-quinta-temporada\/#breadcrumb"},"inLanguage":"es","potentialAction":[{"@type":"ReadAction","target":["https:\/\/aeronoticias.com.pe\/noticiero\/espectaculos\/patricio-parodi-es-el-mejor-guerrero-de-la-quinta-temporada\/"]}]},{"@type":"BreadcrumbList","@id":"https:\/\/aeronoticias.com.pe\/noticiero\/espectaculos\/patricio-parodi-es-el-mejor-guerrero-de-la-quinta-temporada\/#breadcrumb","itemListElement":[{"@type":"ListItem","position":1,"name":"Portada","item":"https:\/\/aeronoticias.com.pe\/noticiero\/"},{"@type":"ListItem","position":2,"name":"Patricio Parodi se coron\u00f3 como mejor guerrero en &#8216;EEG&#8217;"}]},{"@type":"WebSite","@id":"https:\/\/aeronoticias.com.pe\/noticiero\/#website","url":"https:\/\/aeronoticias.com.pe\/noticiero\/","name":"Aeronoticias.com.pe","description":"Noticias de tranporte aereo, turismo, hoteles, gastronomia, actualidad, internacional","potentialAction":[{"@type":"SearchAction","target":{"@type":"EntryPoint","urlTemplate":"https:\/\/aeronoticias.com.pe\/noticiero\/?s={search_term_string}"},"query-input":{"@type":"PropertyValueSpecification","valueRequired":true,"valueName":"search_term_string"}}],"inLanguage":"es"},{"@type":"Person","@id":"https:\/\/aeronoticias.com.pe\/noticiero\/#\/schema\/person\/fc1e5d578f4b62ba1cf7ac2bba1170a0","name":"Redacci\u00f3n Aeronoticias","url":"https:\/\/aeronoticias.com.pe\/noticiero\/author\/piloto\/"}]}},"_links":{"self":[{"href":"https:\/\/aeronoticias.com.pe\/noticiero\/wp-json\/wp\/v2\/posts\/45830","targetHints":{"allow":["GET"]}}],"collection":[{"href":"https:\/\/aeronoticias.com.pe\/noticiero\/wp-json\/wp\/v2\/posts"}],"about":[{"href":"https:\/\/aeronoticias.com.pe\/noticiero\/wp-json\/wp\/v2\/types\/post"}],"author":[{"embeddable":true,"href":"https:\/\/aeronoticias.com.pe\/noticiero\/wp-json\/wp\/v2\/users\/1"}],"replies":[{"embeddable":true,"href":"https:\/\/aeronoticias.com.pe\/noticiero\/wp-json\/wp\/v2\/comments?post=45830"}],"version-history":[{"count":0,"href":"https:\/\/aeronoticias.com.pe\/noticiero\/wp-json\/wp\/v2\/posts\/45830\/revisions"}],"wp:attachment":[{"href":"https:\/\/aeronoticias.com.pe\/noticiero\/wp-json\/wp\/v2\/media?parent=45830"}],"wp:term":[{"taxonomy":"category","embeddable":true,"href":"https:\/\/aeronoticias.com.pe\/noticiero\/wp-json\/wp\/v2\/categories?post=45830"},{"taxonomy":"post_tag","embeddable":true,"href":"https:\/\/aeronoticias.com.pe\/noticiero\/wp-json\/wp\/v2\/tags?post=45830"}],"curies":[{"name":"wp","href":"https:\/\/api.w.org\/{rel}","templated":true}]}}