{"id":45833,"date":"2014-05-16T15:17:33","date_gmt":"2014-05-16T15:17:33","guid":{"rendered":"http:\/\/desarrollo.mcvicious.com\/aero2020\/2014\/05\/16\/estiman-en-300-victimas-de-accidente-minero-en-turquia\/"},"modified":"2014-05-16T15:17:33","modified_gmt":"2014-05-16T15:17:33","slug":"estiman-en-300-victimas-de-accidente-minero-en-turquia","status":"publish","type":"post","link":"https:\/\/aeronoticias.com.pe\/noticiero\/internacionales\/estiman-en-300-victimas-de-accidente-minero-en-turquia\/","title":{"rendered":"Ascienden a 300 las v\u00edctimas del accidente minero en Turqu\u00eda"},"content":{"rendered":"<p style=\"text-align: justify;\"><strong>(Aeronoticias)<\/strong> A 300 asciende la cifra de fallecidos por la explosi\u00f3n ocurrida el martes \u00faltimo en la mina de carb\u00f3n de Soma, en el oeste del pa\u00eds, inform\u00f3 hoy el ministro turco de Energ\u00eda, Taner Yildiz.<\/p>\n<p>Dijo que a\u00fan quedan atrapadas unas 18 personas y no hay posibilidades de salvarlas. Con estas, la cifra de 284 fallecidos confirmada hasta el momento sobrepasar\u00eda los 300.<\/p>\n<p>Sin embargo, el funcionario turco se\u00f1al\u00f3 que el total pudiera quedar en 299, pues se trata de c\u00e1lculos realizados a partir de datos previos provistos por las familias de los trabajadores.<\/p>\n<p>En la mina se encontraban casi 790 personas en el momento de la explosi\u00f3n y la cifra de muertos es la mayor registrada en Turqu\u00eda en un accidente minero.<\/p>\n<p>De acuerdo con la versi\u00f3n digital del diario Hurriyet, la empresa minera Soma Holding rechaz\u00f3 toda responsabilidad en el accidente, aunque admiti\u00f3 que todav\u00eda desconoce las causas de la explosi\u00f3n.<\/p>\n<p>Soma Holding neg\u00f3 que el fuego ocurri\u00f3 por desperfectos el\u00e9ctricos en un generador, como indicaron anteriormente las versiones oficiales.<\/p>\n<p>No se cometieron errores, recalc\u00f3 el director general de la empresa, Ramazan Dogru.<\/p>\n<p>En cambio, los sindicatos turcos atribuyen lo ocurrido a los recortes del presupuesto destinado a la seguridad y las irregularidades en el cumplimiento de las normas de protecci\u00f3n tras la privatizaci\u00f3n de las instalaciones.<\/p>\n<p>La compa\u00f1\u00eda reconoci\u00f3 que la mina dispon\u00eda de una c\u00e1mara de supervivencia con capacidad para 500 personas, pero fue desmontada para colocarla en otra secci\u00f3n del pozo.<\/p>\n<p>No obstante, la ley turca no obliga a las instalaciones mineras a disponer de este tipo de precauciones.<\/p>\n<p>Miles de ciudadanos se manifestaron el jueves en Esmirna, a unos 100 kil\u00f3metros de Soma, para denunciar las condiciones de trabajo en las minas turcas y la responsabilidad del Gobierno en el incidente.<\/p>\n<p>En Estambul y Ankara los ciudadanos se sumaron a las protestas.<\/p>\n<p>Los residentes de Soma atacaron las oficinas de las autoridades locales y exigieron la dimisi\u00f3n del primer ministro Recep Tayyip Erdogan, cuyos pronunciamientos sobre la tragedia provocaron gran indignaci\u00f3n.<\/p>\n<p style=\"text-align: justify;\"><img decoding=\"async\" src=\"images\/stories\/14\/05\/160514\/minerosturquia.jpg\" border=\"0\" alt=\"Ascienden a 300 las v\u00edctimas del accidente minero en Turqu\u00eda\" \/><\/p>\n","protected":false},"excerpt":{"rendered":"<p>(Aeronoticias) A 300 asciende la cifra de fallecidos por la explosi\u00f3n ocurrida el martes \u00faltimo en la mina de carb\u00f3n de Soma, en el oeste del pa\u00eds, inform\u00f3 hoy el ministro turco de Energ\u00eda, Taner Yildiz. Dijo que a\u00fan quedan atrapadas unas 18 personas y no hay posibilidades de salvarlas. Con estas, la cifra de [&hellip;]<\/p>\n","protected":false},"author":1,"featured_media":0,"comment_status":"open","ping_status":"open","sticky":false,"template":"","format":"standard","meta":{"tdm_status":"","tdm_grid_status":"","footnotes":""},"categories":[34],"tags":[],"class_list":{"0":"post-45833","1":"post","2":"type-post","3":"status-publish","4":"format-standard","6":"category-internacionales"},"yoast_head":"<!-- This site is optimized with the Yoast SEO plugin v25.1 - https:\/\/yoast.com\/wordpress\/plugins\/seo\/ -->\n<title>Ascienden a 300 las v\u00edctimas del accidente minero en Turqu\u00eda<\/title>\n<meta name=\"description\" content=\"Portal de noticias del Per\u00fa sobre el transporte a\u00e9reo, aviaci\u00f3n, turismo, hoteleria, actualidad.\" \/>\n<meta name=\"robots\" content=\"index, follow, max-snippet:-1, max-image-preview:large, max-video-preview:-1\" \/>\n<link rel=\"canonical\" href=\"https:\/\/aeronoticias.com.pe\/noticiero\/internacionales\/estiman-en-300-victimas-de-accidente-minero-en-turquia\/\" \/>\n<meta property=\"og:locale\" content=\"es_ES\" \/>\n<meta property=\"og:type\" content=\"article\" \/>\n<meta property=\"og:title\" content=\"Ascienden a 300 las v\u00edctimas del accidente minero en Turqu\u00eda\" \/>\n<meta property=\"og:description\" content=\"Portal de noticias del Per\u00fa sobre el transporte a\u00e9reo, aviaci\u00f3n, turismo, hoteleria, actualidad.\" \/>\n<meta property=\"og:url\" content=\"https:\/\/aeronoticias.com.pe\/noticiero\/internacionales\/estiman-en-300-victimas-de-accidente-minero-en-turquia\/\" \/>\n<meta property=\"og:site_name\" content=\"Aeronoticias.com.pe\" \/>\n<meta property=\"article:publisher\" content=\"https:\/\/www.facebook.com\/Aeronoticias.com.pe\/\" \/>\n<meta property=\"article:published_time\" content=\"2014-05-16T15:17:33+00:00\" \/>\n<meta name=\"author\" content=\"Redacci\u00f3n Aeronoticias\" \/>\n<meta name=\"twitter:card\" content=\"summary_large_image\" \/>\n<meta name=\"twitter:creator\" content=\"@aeronoticias\" \/>\n<meta name=\"twitter:site\" content=\"@aeronoticias\" \/>\n<meta name=\"twitter:label1\" content=\"Escrito por\" \/>\n\t<meta name=\"twitter:data1\" content=\"Redacci\u00f3n Aeronoticias\" \/>\n\t<meta name=\"twitter:label2\" content=\"Tiempo de lectura\" \/>\n\t<meta name=\"twitter:data2\" content=\"2 minutos\" \/>\n<script type=\"application\/ld+json\" class=\"yoast-schema-graph\">{\"@context\":\"https:\/\/schema.org\",\"@graph\":[{\"@type\":\"WebPage\",\"@id\":\"https:\/\/aeronoticias.com.pe\/noticiero\/internacionales\/estiman-en-300-victimas-de-accidente-minero-en-turquia\/\",\"url\":\"https:\/\/aeronoticias.com.pe\/noticiero\/internacionales\/estiman-en-300-victimas-de-accidente-minero-en-turquia\/\",\"name\":\"Ascienden a 300 las v\u00edctimas del accidente minero en Turqu\u00eda\",\"isPartOf\":{\"@id\":\"https:\/\/aeronoticias.com.pe\/noticiero\/#website\"},\"datePublished\":\"2014-05-16T15:17:33+00:00\",\"author\":{\"@id\":\"https:\/\/aeronoticias.com.pe\/noticiero\/#\/schema\/person\/fc1e5d578f4b62ba1cf7ac2bba1170a0\"},\"description\":\"Portal de noticias del Per\u00fa sobre el transporte a\u00e9reo, aviaci\u00f3n, turismo, hoteleria, actualidad.\",\"breadcrumb\":{\"@id\":\"https:\/\/aeronoticias.com.pe\/noticiero\/internacionales\/estiman-en-300-victimas-de-accidente-minero-en-turquia\/#breadcrumb\"},\"inLanguage\":\"es\",\"potentialAction\":[{\"@type\":\"ReadAction\",\"target\":[\"https:\/\/aeronoticias.com.pe\/noticiero\/internacionales\/estiman-en-300-victimas-de-accidente-minero-en-turquia\/\"]}]},{\"@type\":\"BreadcrumbList\",\"@id\":\"https:\/\/aeronoticias.com.pe\/noticiero\/internacionales\/estiman-en-300-victimas-de-accidente-minero-en-turquia\/#breadcrumb\",\"itemListElement\":[{\"@type\":\"ListItem\",\"position\":1,\"name\":\"Portada\",\"item\":\"https:\/\/aeronoticias.com.pe\/noticiero\/\"},{\"@type\":\"ListItem\",\"position\":2,\"name\":\"Ascienden a 300 las v\u00edctimas del accidente minero en Turqu\u00eda\"}]},{\"@type\":\"WebSite\",\"@id\":\"https:\/\/aeronoticias.com.pe\/noticiero\/#website\",\"url\":\"https:\/\/aeronoticias.com.pe\/noticiero\/\",\"name\":\"Aeronoticias.com.pe\",\"description\":\"Noticias de tranporte aereo, turismo, hoteles, gastronomia, actualidad, internacional\",\"potentialAction\":[{\"@type\":\"SearchAction\",\"target\":{\"@type\":\"EntryPoint\",\"urlTemplate\":\"https:\/\/aeronoticias.com.pe\/noticiero\/?s={search_term_string}\"},\"query-input\":{\"@type\":\"PropertyValueSpecification\",\"valueRequired\":true,\"valueName\":\"search_term_string\"}}],\"inLanguage\":\"es\"},{\"@type\":\"Person\",\"@id\":\"https:\/\/aeronoticias.com.pe\/noticiero\/#\/schema\/person\/fc1e5d578f4b62ba1cf7ac2bba1170a0\",\"name\":\"Redacci\u00f3n Aeronoticias\",\"url\":\"https:\/\/aeronoticias.com.pe\/noticiero\/author\/piloto\/\"}]}<\/script>\n<!-- \/ Yoast SEO plugin. -->","yoast_head_json":{"title":"Ascienden a 300 las v\u00edctimas del accidente minero en Turqu\u00eda","description":"Portal de noticias del Per\u00fa sobre el transporte a\u00e9reo, aviaci\u00f3n, turismo, hoteleria, actualidad.","robots":{"index":"index","follow":"follow","max-snippet":"max-snippet:-1","max-image-preview":"max-image-preview:large","max-video-preview":"max-video-preview:-1"},"canonical":"https:\/\/aeronoticias.com.pe\/noticiero\/internacionales\/estiman-en-300-victimas-de-accidente-minero-en-turquia\/","og_locale":"es_ES","og_type":"article","og_title":"Ascienden a 300 las v\u00edctimas del accidente minero en Turqu\u00eda","og_description":"Portal de noticias del Per\u00fa sobre el transporte a\u00e9reo, aviaci\u00f3n, turismo, hoteleria, actualidad.","og_url":"https:\/\/aeronoticias.com.pe\/noticiero\/internacionales\/estiman-en-300-victimas-de-accidente-minero-en-turquia\/","og_site_name":"Aeronoticias.com.pe","article_publisher":"https:\/\/www.facebook.com\/Aeronoticias.com.pe\/","article_published_time":"2014-05-16T15:17:33+00:00","author":"Redacci\u00f3n Aeronoticias","twitter_card":"summary_large_image","twitter_creator":"@aeronoticias","twitter_site":"@aeronoticias","twitter_misc":{"Escrito por":"Redacci\u00f3n Aeronoticias","Tiempo de lectura":"2 minutos"},"schema":{"@context":"https:\/\/schema.org","@graph":[{"@type":"WebPage","@id":"https:\/\/aeronoticias.com.pe\/noticiero\/internacionales\/estiman-en-300-victimas-de-accidente-minero-en-turquia\/","url":"https:\/\/aeronoticias.com.pe\/noticiero\/internacionales\/estiman-en-300-victimas-de-accidente-minero-en-turquia\/","name":"Ascienden a 300 las v\u00edctimas del accidente minero en Turqu\u00eda","isPartOf":{"@id":"https:\/\/aeronoticias.com.pe\/noticiero\/#website"},"datePublished":"2014-05-16T15:17:33+00:00","author":{"@id":"https:\/\/aeronoticias.com.pe\/noticiero\/#\/schema\/person\/fc1e5d578f4b62ba1cf7ac2bba1170a0"},"description":"Portal de noticias del Per\u00fa sobre el transporte a\u00e9reo, aviaci\u00f3n, turismo, hoteleria, actualidad.","breadcrumb":{"@id":"https:\/\/aeronoticias.com.pe\/noticiero\/internacionales\/estiman-en-300-victimas-de-accidente-minero-en-turquia\/#breadcrumb"},"inLanguage":"es","potentialAction":[{"@type":"ReadAction","target":["https:\/\/aeronoticias.com.pe\/noticiero\/internacionales\/estiman-en-300-victimas-de-accidente-minero-en-turquia\/"]}]},{"@type":"BreadcrumbList","@id":"https:\/\/aeronoticias.com.pe\/noticiero\/internacionales\/estiman-en-300-victimas-de-accidente-minero-en-turquia\/#breadcrumb","itemListElement":[{"@type":"ListItem","position":1,"name":"Portada","item":"https:\/\/aeronoticias.com.pe\/noticiero\/"},{"@type":"ListItem","position":2,"name":"Ascienden a 300 las v\u00edctimas del accidente minero en Turqu\u00eda"}]},{"@type":"WebSite","@id":"https:\/\/aeronoticias.com.pe\/noticiero\/#website","url":"https:\/\/aeronoticias.com.pe\/noticiero\/","name":"Aeronoticias.com.pe","description":"Noticias de tranporte aereo, turismo, hoteles, gastronomia, actualidad, internacional","potentialAction":[{"@type":"SearchAction","target":{"@type":"EntryPoint","urlTemplate":"https:\/\/aeronoticias.com.pe\/noticiero\/?s={search_term_string}"},"query-input":{"@type":"PropertyValueSpecification","valueRequired":true,"valueName":"search_term_string"}}],"inLanguage":"es"},{"@type":"Person","@id":"https:\/\/aeronoticias.com.pe\/noticiero\/#\/schema\/person\/fc1e5d578f4b62ba1cf7ac2bba1170a0","name":"Redacci\u00f3n Aeronoticias","url":"https:\/\/aeronoticias.com.pe\/noticiero\/author\/piloto\/"}]}},"_links":{"self":[{"href":"https:\/\/aeronoticias.com.pe\/noticiero\/wp-json\/wp\/v2\/posts\/45833","targetHints":{"allow":["GET"]}}],"collection":[{"href":"https:\/\/aeronoticias.com.pe\/noticiero\/wp-json\/wp\/v2\/posts"}],"about":[{"href":"https:\/\/aeronoticias.com.pe\/noticiero\/wp-json\/wp\/v2\/types\/post"}],"author":[{"embeddable":true,"href":"https:\/\/aeronoticias.com.pe\/noticiero\/wp-json\/wp\/v2\/users\/1"}],"replies":[{"embeddable":true,"href":"https:\/\/aeronoticias.com.pe\/noticiero\/wp-json\/wp\/v2\/comments?post=45833"}],"version-history":[{"count":0,"href":"https:\/\/aeronoticias.com.pe\/noticiero\/wp-json\/wp\/v2\/posts\/45833\/revisions"}],"wp:attachment":[{"href":"https:\/\/aeronoticias.com.pe\/noticiero\/wp-json\/wp\/v2\/media?parent=45833"}],"wp:term":[{"taxonomy":"category","embeddable":true,"href":"https:\/\/aeronoticias.com.pe\/noticiero\/wp-json\/wp\/v2\/categories?post=45833"},{"taxonomy":"post_tag","embeddable":true,"href":"https:\/\/aeronoticias.com.pe\/noticiero\/wp-json\/wp\/v2\/tags?post=45833"}],"curies":[{"name":"wp","href":"https:\/\/api.w.org\/{rel}","templated":true}]}}