{"id":45835,"date":"2014-05-17T04:31:45","date_gmt":"2014-05-17T04:31:45","guid":{"rendered":"http:\/\/desarrollo.mcvicious.com\/aero2020\/2014\/05\/17\/uruguay-mas-cerca-de-conseguir-exencion-de-visas-para-eeuu\/"},"modified":"2014-05-17T04:31:45","modified_gmt":"2014-05-17T04:31:45","slug":"uruguay-mas-cerca-de-conseguir-exencion-de-visas-para-eeuu","status":"publish","type":"post","link":"https:\/\/aeronoticias.com.pe\/noticiero\/internacionales\/uruguay-mas-cerca-de-conseguir-exencion-de-visas-para-eeuu\/","title":{"rendered":"Uruguay m\u00e1s cerca de conseguir exenci\u00f3n de visas para EE.UU."},"content":{"rendered":"<p style=\"text-align: justify;\"><strong>(Aeronoticias)<\/strong>.- Los Gobiernos de Estados Unidos y de Uruguay acordaron crear dos comisiones t\u00e9cnicas para avanzar hacia la exenci\u00f3n de visados para el turismo entre ambos pa\u00edses, seg\u00fan anunci\u00f3 la comitiva ministerial que acompa\u00f1\u00f3 esta semana al presidente uruguayo, Jos\u00e9 Mujica, en su visita oficial a Washington.<\/p>\n<p style=\"text-align: justify;\">\u00abSe acord\u00f3 la creaci\u00f3n de una comisi\u00f3n para seguir trabajando el programa de exenci\u00f3n de visados\u00bb, dijo el canciller de Uruguay, Luis Almagro.<\/p>\n<p style=\"text-align: justify;\">Por su parte, el ministro del Interior de Uruguay, Eduardo Bonomi, precis\u00f3 que se instalar\u00e1n dos comisiones que estudien el intercambio de informaci\u00f3n entre las polic\u00edas de Uruguay y Estados Unidos.<\/p>\n<p style=\"text-align: justify;\">\u00abUruguay ya est\u00e1 en condiciones de cumplir con los pasos requeridos para concretar la exenci\u00f3n de visas entre ambos pa\u00edses, que permitir\u00e1 el ingreso de ciudadanos sin ese requisito\u00bb, inform\u00f3 Bonomi, tras la serie de encuentros realizados en Washington. Los siguientes pasos son integrar comisiones t\u00e9cnico-pol\u00edticas para que ambos parlamentos ratifiquen el acuerdo.<\/p>\n<p style=\"text-align: justify;\">Bonomi inform\u00f3 que el ingreso de Uruguay al programa de exenci\u00f3n de visados tiene tres etapas. La primera, pr\u00e1cticamente cumplida, es que sea rec\u00edproca, es decir que no solo los uruguayos puedan ingresar sin visa a Estados Unidos, sino que tambi\u00e9n ocurra a la inversa.<\/p>\n<p style=\"text-align: justify;\">La siguiente consiste en que el nivel de rechazo de solicitudes de visa sea inferior a 3% y esto Uruguay ya lo tiene. La \u00faltima es que ya se haya iniciado el proceso de compra de los pasaportes biom\u00e9tricos. Al respecto, el pa\u00eds sudamericano llam\u00f3 a licitaci\u00f3n hace tres semanas.<\/p>\n<p style=\"text-align: justify;\">Con informaci\u00f3n de <strong><span style=\"text-decoration: underline;\"><em>El Comercio<\/em><\/span><\/strong>.<\/p>\n<p style=\"text-align: justify;\"><img decoding=\"async\" src=\"images\/stories\/14\/05\/160514\/vis.jpg\" border=\"0\" \/><\/p>\n","protected":false},"excerpt":{"rendered":"<p>(Aeronoticias).- Los Gobiernos de Estados Unidos y de Uruguay acordaron crear dos comisiones t\u00e9cnicas para avanzar hacia la exenci\u00f3n de visados para el turismo entre ambos pa\u00edses, seg\u00fan anunci\u00f3 la comitiva ministerial que acompa\u00f1\u00f3 esta semana al presidente uruguayo, Jos\u00e9 Mujica, en su visita oficial a Washington. \u00abSe acord\u00f3 la creaci\u00f3n de una comisi\u00f3n para [&hellip;]<\/p>\n","protected":false},"author":1,"featured_media":0,"comment_status":"open","ping_status":"open","sticky":false,"template":"","format":"standard","meta":{"tdm_status":"","tdm_grid_status":"","footnotes":""},"categories":[34],"tags":[],"class_list":{"0":"post-45835","1":"post","2":"type-post","3":"status-publish","4":"format-standard","6":"category-internacionales"},"yoast_head":"<!-- This site is optimized with the Yoast SEO plugin v25.1 - https:\/\/yoast.com\/wordpress\/plugins\/seo\/ -->\n<title>Uruguay m\u00e1s cerca de conseguir exenci\u00f3n de visas para EE.UU.<\/title>\n<meta name=\"description\" content=\"Portal de noticias del Per\u00fa sobre el transporte a\u00e9reo, aviaci\u00f3n, turismo, hoteleria, actualidad.\" \/>\n<meta name=\"robots\" content=\"index, follow, max-snippet:-1, max-image-preview:large, max-video-preview:-1\" \/>\n<link rel=\"canonical\" href=\"https:\/\/aeronoticias.com.pe\/noticiero\/internacionales\/uruguay-mas-cerca-de-conseguir-exencion-de-visas-para-eeuu\/\" \/>\n<meta property=\"og:locale\" content=\"es_ES\" \/>\n<meta property=\"og:type\" content=\"article\" \/>\n<meta property=\"og:title\" content=\"Uruguay m\u00e1s cerca de conseguir exenci\u00f3n de visas para EE.UU.\" \/>\n<meta property=\"og:description\" content=\"Portal de noticias del Per\u00fa sobre el transporte a\u00e9reo, aviaci\u00f3n, turismo, hoteleria, actualidad.\" \/>\n<meta property=\"og:url\" content=\"https:\/\/aeronoticias.com.pe\/noticiero\/internacionales\/uruguay-mas-cerca-de-conseguir-exencion-de-visas-para-eeuu\/\" \/>\n<meta property=\"og:site_name\" content=\"Aeronoticias.com.pe\" \/>\n<meta property=\"article:publisher\" content=\"https:\/\/www.facebook.com\/Aeronoticias.com.pe\/\" \/>\n<meta property=\"article:published_time\" content=\"2014-05-17T04:31:45+00:00\" \/>\n<meta name=\"author\" content=\"Redacci\u00f3n Aeronoticias\" \/>\n<meta name=\"twitter:card\" content=\"summary_large_image\" \/>\n<meta name=\"twitter:creator\" content=\"@aeronoticias\" \/>\n<meta name=\"twitter:site\" content=\"@aeronoticias\" \/>\n<meta name=\"twitter:label1\" content=\"Escrito por\" \/>\n\t<meta name=\"twitter:data1\" content=\"Redacci\u00f3n Aeronoticias\" \/>\n\t<meta name=\"twitter:label2\" content=\"Tiempo de lectura\" \/>\n\t<meta name=\"twitter:data2\" content=\"1 minuto\" \/>\n<script type=\"application\/ld+json\" class=\"yoast-schema-graph\">{\"@context\":\"https:\/\/schema.org\",\"@graph\":[{\"@type\":\"WebPage\",\"@id\":\"https:\/\/aeronoticias.com.pe\/noticiero\/internacionales\/uruguay-mas-cerca-de-conseguir-exencion-de-visas-para-eeuu\/\",\"url\":\"https:\/\/aeronoticias.com.pe\/noticiero\/internacionales\/uruguay-mas-cerca-de-conseguir-exencion-de-visas-para-eeuu\/\",\"name\":\"Uruguay m\u00e1s cerca de conseguir exenci\u00f3n de visas para EE.UU.\",\"isPartOf\":{\"@id\":\"https:\/\/aeronoticias.com.pe\/noticiero\/#website\"},\"datePublished\":\"2014-05-17T04:31:45+00:00\",\"author\":{\"@id\":\"https:\/\/aeronoticias.com.pe\/noticiero\/#\/schema\/person\/fc1e5d578f4b62ba1cf7ac2bba1170a0\"},\"description\":\"Portal de noticias del Per\u00fa sobre el transporte a\u00e9reo, aviaci\u00f3n, turismo, hoteleria, actualidad.\",\"breadcrumb\":{\"@id\":\"https:\/\/aeronoticias.com.pe\/noticiero\/internacionales\/uruguay-mas-cerca-de-conseguir-exencion-de-visas-para-eeuu\/#breadcrumb\"},\"inLanguage\":\"es\",\"potentialAction\":[{\"@type\":\"ReadAction\",\"target\":[\"https:\/\/aeronoticias.com.pe\/noticiero\/internacionales\/uruguay-mas-cerca-de-conseguir-exencion-de-visas-para-eeuu\/\"]}]},{\"@type\":\"BreadcrumbList\",\"@id\":\"https:\/\/aeronoticias.com.pe\/noticiero\/internacionales\/uruguay-mas-cerca-de-conseguir-exencion-de-visas-para-eeuu\/#breadcrumb\",\"itemListElement\":[{\"@type\":\"ListItem\",\"position\":1,\"name\":\"Portada\",\"item\":\"https:\/\/aeronoticias.com.pe\/noticiero\/\"},{\"@type\":\"ListItem\",\"position\":2,\"name\":\"Uruguay m\u00e1s cerca de conseguir exenci\u00f3n de visas para EE.UU.\"}]},{\"@type\":\"WebSite\",\"@id\":\"https:\/\/aeronoticias.com.pe\/noticiero\/#website\",\"url\":\"https:\/\/aeronoticias.com.pe\/noticiero\/\",\"name\":\"Aeronoticias.com.pe\",\"description\":\"Noticias de tranporte aereo, turismo, hoteles, gastronomia, actualidad, internacional\",\"potentialAction\":[{\"@type\":\"SearchAction\",\"target\":{\"@type\":\"EntryPoint\",\"urlTemplate\":\"https:\/\/aeronoticias.com.pe\/noticiero\/?s={search_term_string}\"},\"query-input\":{\"@type\":\"PropertyValueSpecification\",\"valueRequired\":true,\"valueName\":\"search_term_string\"}}],\"inLanguage\":\"es\"},{\"@type\":\"Person\",\"@id\":\"https:\/\/aeronoticias.com.pe\/noticiero\/#\/schema\/person\/fc1e5d578f4b62ba1cf7ac2bba1170a0\",\"name\":\"Redacci\u00f3n Aeronoticias\",\"url\":\"https:\/\/aeronoticias.com.pe\/noticiero\/author\/piloto\/\"}]}<\/script>\n<!-- \/ Yoast SEO plugin. -->","yoast_head_json":{"title":"Uruguay m\u00e1s cerca de conseguir exenci\u00f3n de visas para EE.UU.","description":"Portal de noticias del Per\u00fa sobre el transporte a\u00e9reo, aviaci\u00f3n, turismo, hoteleria, actualidad.","robots":{"index":"index","follow":"follow","max-snippet":"max-snippet:-1","max-image-preview":"max-image-preview:large","max-video-preview":"max-video-preview:-1"},"canonical":"https:\/\/aeronoticias.com.pe\/noticiero\/internacionales\/uruguay-mas-cerca-de-conseguir-exencion-de-visas-para-eeuu\/","og_locale":"es_ES","og_type":"article","og_title":"Uruguay m\u00e1s cerca de conseguir exenci\u00f3n de visas para EE.UU.","og_description":"Portal de noticias del Per\u00fa sobre el transporte a\u00e9reo, aviaci\u00f3n, turismo, hoteleria, actualidad.","og_url":"https:\/\/aeronoticias.com.pe\/noticiero\/internacionales\/uruguay-mas-cerca-de-conseguir-exencion-de-visas-para-eeuu\/","og_site_name":"Aeronoticias.com.pe","article_publisher":"https:\/\/www.facebook.com\/Aeronoticias.com.pe\/","article_published_time":"2014-05-17T04:31:45+00:00","author":"Redacci\u00f3n Aeronoticias","twitter_card":"summary_large_image","twitter_creator":"@aeronoticias","twitter_site":"@aeronoticias","twitter_misc":{"Escrito por":"Redacci\u00f3n Aeronoticias","Tiempo de lectura":"1 minuto"},"schema":{"@context":"https:\/\/schema.org","@graph":[{"@type":"WebPage","@id":"https:\/\/aeronoticias.com.pe\/noticiero\/internacionales\/uruguay-mas-cerca-de-conseguir-exencion-de-visas-para-eeuu\/","url":"https:\/\/aeronoticias.com.pe\/noticiero\/internacionales\/uruguay-mas-cerca-de-conseguir-exencion-de-visas-para-eeuu\/","name":"Uruguay m\u00e1s cerca de conseguir exenci\u00f3n de visas para EE.UU.","isPartOf":{"@id":"https:\/\/aeronoticias.com.pe\/noticiero\/#website"},"datePublished":"2014-05-17T04:31:45+00:00","author":{"@id":"https:\/\/aeronoticias.com.pe\/noticiero\/#\/schema\/person\/fc1e5d578f4b62ba1cf7ac2bba1170a0"},"description":"Portal de noticias del Per\u00fa sobre el transporte a\u00e9reo, aviaci\u00f3n, turismo, hoteleria, actualidad.","breadcrumb":{"@id":"https:\/\/aeronoticias.com.pe\/noticiero\/internacionales\/uruguay-mas-cerca-de-conseguir-exencion-de-visas-para-eeuu\/#breadcrumb"},"inLanguage":"es","potentialAction":[{"@type":"ReadAction","target":["https:\/\/aeronoticias.com.pe\/noticiero\/internacionales\/uruguay-mas-cerca-de-conseguir-exencion-de-visas-para-eeuu\/"]}]},{"@type":"BreadcrumbList","@id":"https:\/\/aeronoticias.com.pe\/noticiero\/internacionales\/uruguay-mas-cerca-de-conseguir-exencion-de-visas-para-eeuu\/#breadcrumb","itemListElement":[{"@type":"ListItem","position":1,"name":"Portada","item":"https:\/\/aeronoticias.com.pe\/noticiero\/"},{"@type":"ListItem","position":2,"name":"Uruguay m\u00e1s cerca de conseguir exenci\u00f3n de visas para EE.UU."}]},{"@type":"WebSite","@id":"https:\/\/aeronoticias.com.pe\/noticiero\/#website","url":"https:\/\/aeronoticias.com.pe\/noticiero\/","name":"Aeronoticias.com.pe","description":"Noticias de tranporte aereo, turismo, hoteles, gastronomia, actualidad, internacional","potentialAction":[{"@type":"SearchAction","target":{"@type":"EntryPoint","urlTemplate":"https:\/\/aeronoticias.com.pe\/noticiero\/?s={search_term_string}"},"query-input":{"@type":"PropertyValueSpecification","valueRequired":true,"valueName":"search_term_string"}}],"inLanguage":"es"},{"@type":"Person","@id":"https:\/\/aeronoticias.com.pe\/noticiero\/#\/schema\/person\/fc1e5d578f4b62ba1cf7ac2bba1170a0","name":"Redacci\u00f3n Aeronoticias","url":"https:\/\/aeronoticias.com.pe\/noticiero\/author\/piloto\/"}]}},"_links":{"self":[{"href":"https:\/\/aeronoticias.com.pe\/noticiero\/wp-json\/wp\/v2\/posts\/45835","targetHints":{"allow":["GET"]}}],"collection":[{"href":"https:\/\/aeronoticias.com.pe\/noticiero\/wp-json\/wp\/v2\/posts"}],"about":[{"href":"https:\/\/aeronoticias.com.pe\/noticiero\/wp-json\/wp\/v2\/types\/post"}],"author":[{"embeddable":true,"href":"https:\/\/aeronoticias.com.pe\/noticiero\/wp-json\/wp\/v2\/users\/1"}],"replies":[{"embeddable":true,"href":"https:\/\/aeronoticias.com.pe\/noticiero\/wp-json\/wp\/v2\/comments?post=45835"}],"version-history":[{"count":0,"href":"https:\/\/aeronoticias.com.pe\/noticiero\/wp-json\/wp\/v2\/posts\/45835\/revisions"}],"wp:attachment":[{"href":"https:\/\/aeronoticias.com.pe\/noticiero\/wp-json\/wp\/v2\/media?parent=45835"}],"wp:term":[{"taxonomy":"category","embeddable":true,"href":"https:\/\/aeronoticias.com.pe\/noticiero\/wp-json\/wp\/v2\/categories?post=45835"},{"taxonomy":"post_tag","embeddable":true,"href":"https:\/\/aeronoticias.com.pe\/noticiero\/wp-json\/wp\/v2\/tags?post=45835"}],"curies":[{"name":"wp","href":"https:\/\/api.w.org\/{rel}","templated":true}]}}